{"id":35878,"date":"2024-08-26T09:43:46","date_gmt":"2024-08-26T13:43:46","guid":{"rendered":"http:\/\/blogdalucianaoliveira.com.br\/blog\/?p=35878"},"modified":"2024-08-26T09:43:46","modified_gmt":"2024-08-26T13:43:46","slug":"por-que-governo-suspeita-que-incendios-em-sp-sao-criminosos","status":"publish","type":"post","link":"http:\/\/blogdalucianaoliveira.com.br\/blog\/2024\/08\/26\/por-que-governo-suspeita-que-incendios-em-sp-sao-criminosos\/","title":{"rendered":"Por que governo suspeita que inc\u00eandios em SP s\u00e3o criminosos?"},"content":{"rendered":"<div class=\"bbc-19j92fr ebmt73l0\" dir=\"ltr\">\n<p dir=\"ltr\"><img data-recalc-dims=\"1\" decoding=\"async\" src=\"https:\/\/i0.wp.com\/ichef.bbci.co.uk\/ace\/ws\/640\/cpsprodpb\/6972\/live\/118bad00-6398-11ef-8c32-f3c2bc7494c6.jpg.webp?w=600&#038;ssl=1\" alt=\"Caminh\u00e3o de bombeiro jogando \u00e1gua em fogo no campo\" \/><\/p>\n<p class=\"bbc-hhl7in e17g058b0\" dir=\"ltr\"><strong>BBC<\/strong> &#8211; Uma <a class=\"focusIndicatorReducedWidth bbc-n8oauk e1p3sufg0\" href=\"https:\/\/www.bbc.com\/portuguese\/articles\/c5y8pe2znd0o\">onda de inc\u00eandios no interior de S\u00e3o Paulo<\/a>\u00a0deixou 48 cidades em estado de alerta para queimadas. Os fogos, que come\u00e7aram na sexta-feira (23\/8), j\u00e1 provocaram duas mortes.<\/p>\n<\/div>\n<p><!--more--><\/p>\n<div class=\"bbc-19j92fr ebmt73l0\" dir=\"ltr\">\n<p class=\"bbc-hhl7in e17g058b0\" dir=\"ltr\">O governador do Estado, Tarc\u00edsio de Freitas, decretou situa\u00e7\u00e3o de emerg\u00eancia, por 180 dias nos munic\u00edpios afetados. Segundo o governo estadual, 15.335 pessoas est\u00e3o envolvidas nos trabalhos de\u00a0<a class=\"focusIndicatorReducedWidth bbc-n8oauk e1p3sufg0\" href=\"https:\/\/www.bbc.com\/portuguese\/articles\/cx29n0321k5o\">combate \u00e0s chamas<\/a>\u00a0e orienta\u00e7\u00e3o \u00e0 popula\u00e7\u00e3o. Um gabinete de crise e um posto avan\u00e7ado de emerg\u00eancia foi montado em Ribeir\u00e3o Preto.<\/p>\n<\/div>\n<div class=\"bbc-19j92fr ebmt73l0\" dir=\"ltr\">\n<p class=\"bbc-hhl7in e17g058b0\" dir=\"ltr\">O governador disse \u00e0 Globo que no momento n\u00e3o h\u00e1 mais nenhum foco de inc\u00eandio. Algumas rodovias que haviam sido bloqueadas pela fuma\u00e7a j\u00e1 foram liberadas.<\/p>\n<\/div>\n<div class=\"bbc-19j92fr ebmt73l0\" dir=\"ltr\">\n<p class=\"bbc-hhl7in e17g058b0\" dir=\"ltr\">Autoridades estaduais e federais t\u00eam dito que suspeitam que os\u00a0<a class=\"focusIndicatorReducedWidth bbc-n8oauk e1p3sufg0\" href=\"https:\/\/www.bbc.com\/portuguese\/articles\/c6ppqq9454qo\">inc\u00eandios\u00a0<\/a>est\u00e3o sendo provocados por criminosos. Foram abertos inqu\u00e9ritos para investigar as causas do inc\u00eandio, mas as autoridades n\u00e3o revelaram poss\u00edveis motivos. Tr\u00eas pessoas j\u00e1 foram presas.<\/p>\n<\/div>\n<section class=\"bbc-geybui\" role=\"region\" aria-label=\"Publicidade 2\" aria-hidden=\"true\" data-e2e=\"advertisement\">\n<div id=\"dotcom-mpu\" class=\"dotcom-ad active\" aria-hidden=\"true\">\n<div class=\"dotcom-ad-inner\">\n<div class=\"dotcom-ad-text-wrapper\">\n<div class=\"bbc-19j92fr ebmt73l0\" dir=\"ltr\">\n<p class=\"bbc-hhl7in e17g058b0\" dir=\"ltr\">A suspeita \u00e9 que os inc\u00eandios aconteceram de forma simult\u00e2nea em lugares distintos \u2014 o que s\u00f3 poderia ser provocado por uma a\u00e7\u00e3o organizada, segundo o governo.<\/p>\n<\/div>\n<div class=\"bbc-1n4f7vm ebmt73l0\" dir=\"ltr\">\n<section class=\"bbc-1saxq9t etbfg571\" role=\"region\" data-e2e=\"recommendations-heading\" aria-labelledby=\"recommendations-heading\">\n<div class=\"bbc-bjn8wh eveec6k2\">\n<div class=\"bbc-19j92fr ebmt73l0\" dir=\"ltr\">\n<p class=\"bbc-hhl7in e17g058b0\" dir=\"ltr\">A ministra do Meio Ambiente, Marina Silva, disse que o governo investiga se esses epis\u00f3dios s\u00e3o semelhantes ao &#8220;<a class=\"focusIndicatorReducedWidth bbc-n8oauk e1p3sufg0\" href=\"https:\/\/www.bbc.com\/portuguese\/brasil-49453037\">dia do fogo<\/a>&#8220;, quando inc\u00eandios florestais foram provocados por criminosos em agosto de 2019 nos munic\u00edpios de Altamira e Novo Progresso, no Par\u00e1.<\/p>\n<\/div>\n<div class=\"bbc-19j92fr ebmt73l0\" dir=\"ltr\">\n<p class=\"bbc-hhl7in e17g058b0\" dir=\"ltr\">O presidente Luiz In\u00e1cio Lula da Silva disse em postagem na plataforma X que se reuniu com o presidente do Ibama, Rodrigo Agostinho, e com Marina Silva no domingo (27\/8) e que ouviu de Agostinho que &#8220;n\u00e3o h\u00e1, at\u00e9 agora, nenhum inc\u00eandio detectado por causas naturais&#8221;.<\/p>\n<\/div>\n<div class=\"bbc-19j92fr ebmt73l0\" dir=\"ltr\">\n<p class=\"bbc-hhl7in e17g058b0\" dir=\"ltr\">&#8220;Significa que tem gente colocando fogo de maneira ilegal, uma vez que todos os Estados do pa\u00eds j\u00e1 est\u00e3o avisados e proibiram uso de fogo de manejo. J\u00e1 s\u00e3o cerca de 3 mil brigadistas em todo o Brasil trabalhando para combater os focos de fogo. A Pol\u00edcia Federal vai investigar e o governo vai trabalhar com os estados no combate aos inc\u00eandios&#8221;, disse Lula no X.<\/p>\n<\/div>\n<figure class=\"bbc-1qn0xuy\">\n<div class=\"bbc-18ywsw9\"><img data-recalc-dims=\"1\" loading=\"lazy\" decoding=\"async\" class=\"bbc-139onq\" src=\"https:\/\/i0.wp.com\/ichef.bbci.co.uk\/ace\/ws\/640\/cpsprodpb\/04f9\/live\/79c99e90-6398-11ef-b43e-6916dcba5cbf.jpg.webp?resize=600%2C400&#038;ssl=1\" sizes=\"auto, (min-width: 1008px) 760px, 100vw\" srcset=\"https:\/\/ichef.bbci.co.uk\/ace\/ws\/240\/cpsprodpb\/04f9\/live\/79c99e90-6398-11ef-b43e-6916dcba5cbf.jpg.webp 240w, https:\/\/ichef.bbci.co.uk\/ace\/ws\/320\/cpsprodpb\/04f9\/live\/79c99e90-6398-11ef-b43e-6916dcba5cbf.jpg.webp 320w, https:\/\/ichef.bbci.co.uk\/ace\/ws\/480\/cpsprodpb\/04f9\/live\/79c99e90-6398-11ef-b43e-6916dcba5cbf.jpg.webp 480w, https:\/\/ichef.bbci.co.uk\/ace\/ws\/624\/cpsprodpb\/04f9\/live\/79c99e90-6398-11ef-b43e-6916dcba5cbf.jpg.webp 624w, https:\/\/ichef.bbci.co.uk\/ace\/ws\/800\/cpsprodpb\/04f9\/live\/79c99e90-6398-11ef-b43e-6916dcba5cbf.jpg.webp 800w\" alt=\"Rodovia coberta por fuma\u00e7a\" width=\"600\" height=\"400\" \/><\/p>\n<p class=\"bbc-by8ykd\" role=\"text\"><span class=\"bbc-m04vo2\">Cr\u00e9dito,<\/span><span lang=\"en-GB\">Reuters<\/span><\/p>\n<\/div><figcaption class=\"bbc-1jsyunq e6i104o0\" dir=\"ltr\"><span role=\"text\"><span class=\"bbc-m04vo2\">Legenda da foto,<\/span><span data-testid=\"caption-paragraph\">Rodovias ficaram cobertas por fuma\u00e7a no final de semana<\/span><\/span><\/figcaption><\/figure>\n<div class=\"bbc-4quw3x e1rfboeq7\" dir=\"ltr\">\n<section class=\"e1rfboeq6 bbc-12e4ke4 e1s8ztj50\" role=\"region\" aria-labelledby=\"podcast-promo\">\n<div class=\"bbc-bjn8wh eveec6k2\"><main class=\"bbc-fa0wmp\" role=\"main\"><\/p>\n<div class=\"bbc-19j92fr ebmt73l0\" dir=\"ltr\">\n<p class=\"bbc-hhl7in e17g058b0\" dir=\"ltr\">A ministra Marina Silva tamb\u00e9m disse que suspeita que os inc\u00eandios possam ser criminosos.<\/p>\n<\/div>\n<div class=\"bbc-19j92fr ebmt73l0\" dir=\"ltr\">\n<p class=\"bbc-hhl7in e17g058b0\" dir=\"ltr\">&#8220;Tem uma situa\u00e7\u00e3o at\u00edpica. Voc\u00ea come\u00e7a a ter em uma semana, praticamente em dois dias, v\u00e1rios munic\u00edpios queimando ao mesmo tempo. Isso n\u00e3o faz parte da nossa curva de experi\u00eancia na nossa trajet\u00f3ria de tantos anos de abordagem do fogo&#8221;, disse a ministra.<\/p>\n<\/div>\n<div class=\"bbc-19j92fr ebmt73l0\" dir=\"ltr\">\n<p class=\"bbc-hhl7in e17g058b0\" dir=\"ltr\">&#8220;Em S\u00e3o Paulo n\u00e3o \u00e9 natural, em hip\u00f3tese alguma, que, em poucos dias, voc\u00ea tenha tantas frentes de inc\u00eandio envolvendo concomitantemente v\u00e1rios munic\u00edpios. Mas obviamente isso a\u00ed s\u00e3o as investiga\u00e7\u00f5es que v\u00e3o dizer.&#8221;<\/p>\n<\/div>\n<div class=\"bbc-19j92fr ebmt73l0\" dir=\"ltr\">\n<p class=\"bbc-hhl7in e17g058b0\" dir=\"ltr\">A Pol\u00edcia Federal abriu dois inqu\u00e9ritos para investigar os inc\u00eandios no interior de S\u00e3o Paulo.<\/p>\n<\/div>\n<div class=\"bbc-19j92fr ebmt73l0\" dir=\"ltr\">\n<p class=\"bbc-hhl7in e17g058b0\" dir=\"ltr\">O governo do Estado de S\u00e3o Paulo tamb\u00e9m anunciou que a Pol\u00edcia Civil est\u00e1 mobilizada para investigar todas as ocorr\u00eancias de inc\u00eandio criminoso no estado, especialmente as que ocorrem nas regi\u00f5es afetadas pelas queimadas.<\/p>\n<\/div>\n<div class=\"bbc-19j92fr ebmt73l0\" dir=\"ltr\">\n<p class=\"bbc-hhl7in e17g058b0\" dir=\"ltr\">A pol\u00edcia de S\u00e3o Paulo prendeu tr\u00eas pessoas. Na manh\u00e3 de domingo, um homem de 42 anos foi denunciado por moradores ap\u00f3s atear fogo em uma \u00e1rea de mata em Batatais, na regi\u00e3o de Franca.<\/p>\n<\/div>\n<div class=\"bbc-19j92fr ebmt73l0\" dir=\"ltr\">\n<p class=\"bbc-hhl7in e17g058b0\" dir=\"ltr\">Segundo nota do governo do Estado, a Pol\u00edcia Militar chegou ao local quando as chamas j\u00e1 estavam alastradas e capturaram o criminoso, que havia tentado fugir. O homem tem passagens na pol\u00edcia por roubo, furto, homic\u00eddio e posse de droga.<\/p>\n<\/div>\n<div class=\"bbc-19j92fr ebmt73l0\" dir=\"ltr\">\n<p class=\"bbc-hhl7in e17g058b0\" dir=\"ltr\">J\u00e1 em S\u00e3o Jos\u00e9 do Rio Preto, um idoso de 76 anos foi detido ap\u00f3s atear fogo em lixo, em uma \u00e1rea de mata na manh\u00e3 de s\u00e1bado.<\/p>\n<\/div>\n<div class=\"bbc-19j92fr ebmt73l0\" dir=\"ltr\">\n<p class=\"bbc-hhl7in e17g058b0\" dir=\"ltr\">A pol\u00edcia tamb\u00e9m investiga outro caso no mesmo munic\u00edpio, em que imagens de redes sociais mostram um motociclista que teria ateado fogo em uma \u00e1rea de mata.<\/p>\n<\/div>\n<div class=\"bbc-19j92fr ebmt73l0\" dir=\"ltr\">\n<p class=\"bbc-hhl7in e17g058b0\" dir=\"ltr\">Uma terceira pris\u00e3o, na cidade de Porto Ferreira, foi anunciada pelo governador Tarc\u00edsio de Freitas em entrevista para a Globo.<\/p>\n<\/div>\n<div class=\"bbc-19j92fr ebmt73l0\" dir=\"ltr\">\n<p class=\"bbc-hhl7in e17g058b0\" dir=\"ltr\">&#8220;S\u00e3o pessoas que portavam gasolina e estavam realmente ateando fogo de forma criminosa&#8221;, explicou.<\/p>\n<\/div>\n<p><iframe loading=\"lazy\" id=\"flourish-id-f3065235\" class=\"bbc-axsk9o\" title=\"Interactive or visual content\" src=\"https:\/\/flo.uri.sh\/visualisation\/19183198\/embed?auto=1\" width=\"700\" height=\"575\" frameborder=\"0\" scrolling=\"no\"><\/iframe><\/p>\n<div class=\"bbc-19j92fr ebmt73l0\" dir=\"ltr\">\n<h2 id=\"Fuma\u00e7a-e-ventos\" class=\"bbc-1f03ibc eglt09e0\" tabindex=\"-1\">Fuma\u00e7a e ventos<\/h2>\n<\/div>\n<div class=\"bbc-19j92fr ebmt73l0\" dir=\"ltr\">\n<p class=\"bbc-hhl7in e17g058b0\" dir=\"ltr\">Em S\u00e3o Paulo, a situa\u00e7\u00e3o se agravou na \u00faltima sexta-feira (23\/8), quando o Estado registrou 1.886 focos de queimadas \u2014 mais dos que os 1.666 registrados durante todo o ano passado. Em rela\u00e7\u00e3o ao mesmo m\u00eas no ano passado, o aumento foi de mais de 880%.<\/p>\n<\/div>\n<div class=\"bbc-19j92fr ebmt73l0\" dir=\"ltr\">\n<p class=\"bbc-hhl7in e17g058b0\" dir=\"ltr\">Dois funcion\u00e1rios de uma usina em Urup\u00eas, regi\u00e3o metropolitana de S\u00e3o Jos\u00e9 do Rio Preto, morreram enquanto combatiam as chamas.<\/p>\n<\/div>\n<div class=\"bbc-19j92fr ebmt73l0\" dir=\"ltr\">\n<p class=\"bbc-hhl7in e17g058b0\" dir=\"ltr\">O Instituto Nacional de Pesquisas Espaciais (Inpe) informa que o Brasil registra 4.928 focos de calor.<\/p>\n<\/div>\n<div class=\"bbc-19j92fr ebmt73l0\" dir=\"ltr\">\n<p class=\"bbc-hhl7in e17g058b0\" dir=\"ltr\">Isso significa que apenas o Estado de S\u00e3o Paulo respondeu por 38% de todas as queimadas do pa\u00eds, conforme mostra comparativo feito pela empresa de meteorologia MetSul.<\/p>\n<\/div>\n<div class=\"bbc-19j92fr ebmt73l0\" dir=\"ltr\">\n<p class=\"bbc-hhl7in e17g058b0\" dir=\"ltr\">&#8220;A fuma\u00e7a v\u00eam sendo transportadas pelos ventos. A condi\u00e7\u00e3o de tempo seco nos \u00faltimos dias, somada ao efeito de aproxima\u00e7\u00e3o de uma frente fria, que alinha os ventos de noroeste para sudeste e os deixa mais intensos, t\u00eam favorecido a propaga\u00e7\u00e3o e prolifera\u00e7\u00e3o de queimadas, bem como dificultam qualquer tentativa de combate\u201d, explica Ana Avila, meteorologista e pesquisadora da Universidade Estadual de Campinas (Unicamp).<\/p>\n<\/div>\n<div class=\"bbc-19j92fr ebmt73l0\" dir=\"ltr\">\n<p class=\"bbc-hhl7in e17g058b0\" dir=\"ltr\">&#8220;Estamos em um ano em que as chuvas est\u00e3o abaixo da m\u00e9dia, o que significa que h\u00e1 menos umidade dispon\u00edvel para a vegeta\u00e7\u00e3o, e o clima fica mais quente. Com essas condi\u00e7\u00f5es o fogo se alastra rapidamente, mas o maior respons\u00e1vel por esse expressivo n\u00famero de queimadas \u00e9 o ser humano.&#8221;<\/p>\n<\/div>\n<figure class=\"bbc-1qn0xuy\">\n<div class=\"bbc-18ywsw9\"><img data-recalc-dims=\"1\" loading=\"lazy\" decoding=\"async\" class=\"bbc-139onq\" src=\"https:\/\/i0.wp.com\/ichef.bbci.co.uk\/ace\/ws\/640\/cpsprodpb\/534b\/live\/b9a21240-6398-11ef-b970-9f202720b57a.jpg.webp?resize=600%2C400&#038;ssl=1\" sizes=\"auto, (min-width: 1008px) 760px, 100vw\" srcset=\"https:\/\/ichef.bbci.co.uk\/ace\/ws\/240\/cpsprodpb\/534b\/live\/b9a21240-6398-11ef-b970-9f202720b57a.jpg.webp 240w, https:\/\/ichef.bbci.co.uk\/ace\/ws\/320\/cpsprodpb\/534b\/live\/b9a21240-6398-11ef-b970-9f202720b57a.jpg.webp 320w, https:\/\/ichef.bbci.co.uk\/ace\/ws\/480\/cpsprodpb\/534b\/live\/b9a21240-6398-11ef-b970-9f202720b57a.jpg.webp 480w, https:\/\/ichef.bbci.co.uk\/ace\/ws\/624\/cpsprodpb\/534b\/live\/b9a21240-6398-11ef-b970-9f202720b57a.jpg.webp 624w, https:\/\/ichef.bbci.co.uk\/ace\/ws\/800\/cpsprodpb\/534b\/live\/b9a21240-6398-11ef-b970-9f202720b57a.jpg.webp 800w\" alt=\"Vista a\u00e9rea de planta\u00e7\u00e3o de cana queimando\" width=\"600\" height=\"400\" \/><\/p>\n<p class=\"bbc-by8ykd\" role=\"text\"><span class=\"bbc-m04vo2\">Cr\u00e9dito,<\/span><span lang=\"en-GB\">Reuters<\/span><\/p>\n<\/div><figcaption class=\"bbc-1jsyunq e6i104o0\" dir=\"ltr\"><span role=\"text\"><span class=\"bbc-m04vo2\">Legenda da foto,<\/span><span data-testid=\"caption-paragraph\">Planta\u00e7\u00e3o de cana foi atingida por inc\u00eandios em Dumont (SP)<\/span><\/span><\/figcaption><\/figure>\n<div class=\"bbc-19j92fr ebmt73l0\" dir=\"ltr\">\n<h2 id=\"Efeitos-nocivos-\u00e0-sa\u00fade\" class=\"bbc-1f03ibc eglt09e0\" tabindex=\"-1\">Efeitos nocivos \u00e0 sa\u00fade<\/h2>\n<\/div>\n<div class=\"bbc-19j92fr ebmt73l0\" dir=\"ltr\">\n<p class=\"bbc-hhl7in e17g058b0\" dir=\"ltr\">As queimadas liberam subst\u00e2ncias perigosas para a sa\u00fade humana e animal.<\/p>\n<\/div>\n<div class=\"bbc-19j92fr ebmt73l0\" dir=\"ltr\">\n<p class=\"bbc-hhl7in e17g058b0\" dir=\"ltr\">De acordo com pneumologistas consultados pela BBC News Brasil, a fuma\u00e7a cont\u00e9m materiais t\u00f3xicos, como dioxinas e metais pesados, al\u00e9m de part\u00edculas finas que podem ser inaladas, causando problemas respirat\u00f3rios graves, sobretudo para quem j\u00e1 tem doen\u00e7as pr\u00e9-existentes.<\/p>\n<\/div>\n<div class=\"bbc-19j92fr ebmt73l0\" dir=\"ltr\">\n<p class=\"bbc-hhl7in e17g058b0\" dir=\"ltr\">Gases t\u00f3xicos, como mon\u00f3xido de carbono e \u00f3xidos de nitrog\u00eanio, tamb\u00e9m s\u00e3o liberados, aumentando o risco e agravando doen\u00e7as pulmonares e cardiovasculares.<\/p>\n<\/div>\n<div class=\"bbc-19j92fr ebmt73l0\" dir=\"ltr\">\n<p class=\"bbc-hhl7in e17g058b0\" dir=\"ltr\">Os poluentes podem se espalhar por grandes dist\u00e2ncias, impactando a sa\u00fade em regi\u00f5es distantes de onde os inc\u00eandios ocorreram.<\/p>\n<\/div>\n<div class=\"bbc-19j92fr ebmt73l0\" dir=\"ltr\">\n<p class=\"bbc-hhl7in e17g058b0\" dir=\"ltr\">&#8220;As part\u00edculas finas e os elementos qu\u00edmicos presentes na polui\u00e7\u00e3o ultrapassam as c\u00e9lulas pulmonares [alv\u00e9olos] e entram na circula\u00e7\u00e3o sangu\u00ednea, sendo distribu\u00eddos por todo o corpo. Isso causa inflama\u00e7\u00e3o nos vasos sangu\u00edneos, aumentando o risco de press\u00e3o alta, arritmias e at\u00e9 infarto agudo do mioc\u00e1rdio&#8221;, afirma Mauro Gomes, pneumologista e membro do Departamento de Cl\u00ednica M\u00e9dica da Faculdade de Ci\u00eancias M\u00e9dicas da Santa Casa de S\u00e3o Paulo (FCMSCSP).<\/p>\n<\/div>\n<div class=\"bbc-19j92fr ebmt73l0\" dir=\"ltr\">\n<p class=\"bbc-hhl7in e17g058b0\" dir=\"ltr\">&#8220;Portanto, a polui\u00e7\u00e3o prejudica n\u00e3o apenas os pulm\u00f5es, mas tamb\u00e9m o cora\u00e7\u00e3o e a circula\u00e7\u00e3o&#8221;, segue Gomes.<\/p>\n<\/div>\n<div class=\"bbc-19j92fr ebmt73l0\" dir=\"ltr\">\n<p class=\"bbc-hhl7in e17g058b0\" dir=\"ltr\">Quanto mais pr\u00f3xima de pessoas que estiverem no centro de queima, maior o risco de inala\u00e7\u00e3o.<\/p>\n<\/div>\n<div class=\"bbc-19j92fr ebmt73l0\" dir=\"ltr\">\n<p class=\"bbc-hhl7in e17g058b0\" dir=\"ltr\">&#8220;Pessoas com doen\u00e7as cr\u00f4nicas, como asma, bronquite, enfisema, rinite, rinossinusite ou problemas cardiovasculares, s\u00e3o especialmente vulner\u00e1veis \u00e0 inala\u00e7\u00e3o de fuma\u00e7a. \u00c9 crucial monitorar esses grupos nas semanas e meses seguintes, pois os efeitos inflamat\u00f3rios podem surgir com atraso, agravando outras condi\u00e7\u00f5es cr\u00f4nicas&#8221;, explica Ubiratan Santos, pneumologista e membro da SBPT (Sociedade Brasileira de Pneumologia e Tisiologia).<\/p>\n<\/div>\n<div class=\"bbc-19j92fr ebmt73l0\" dir=\"ltr\">\n<p class=\"bbc-hhl7in e17g058b0\" dir=\"ltr\">Mas quem n\u00e3o tem doen\u00e7as subjacentes tamb\u00e9m pode sofrer os efeitos, que incluem olhos vermelhos e irrita\u00e7\u00e3o nos olhos, nariz e garganta.<\/p>\n<\/div>\n<div class=\"bbc-19j92fr ebmt73l0\" dir=\"ltr\">\n<p class=\"bbc-hhl7in e17g058b0\" dir=\"ltr\">Os especialistas aconselham evitar a exposi\u00e7\u00e3o desnecess\u00e1ria \u00e0 fuma\u00e7a, ficando em ambiente fechado quando poss\u00edvel, e ao sair na rua, usar m\u00e1scara (especialmente o modelo N95, que se tornou popular durante a pandemia de covid, por sua capacidade de filtrar part\u00edculas finas).<\/p>\n<\/div>\n<div class=\"bbc-19j92fr ebmt73l0\" dir=\"ltr\">\n<p class=\"bbc-hhl7in e17g058b0\" dir=\"ltr\">&#8220;Em rela\u00e7\u00e3o \u00e0 prote\u00e7\u00e3o em casa, as janelas e portas devem ficar fechadas, e mesmo assim pode ser dif\u00edcil impedir completamente a entrada de ar polu\u00eddo, especialmente se houver frestas&#8221;, afirma Gomes.<\/p>\n<\/div>\n<div class=\"bbc-19j92fr ebmt73l0\" dir=\"ltr\">\n<p class=\"bbc-hhl7in e17g058b0\" dir=\"ltr\">O m\u00e9dico recomenda usar umidificador, ou, na falta do acess\u00f3rio, bacias de \u00e1gua e panos molhados pela casa. Outras recomenda\u00e7\u00f5es para quem mora em \u00e1reas afetadas est\u00e3o listadas abaixo.<\/p>\n<\/div>\n<p><\/main><\/p>\n<aside class=\"bbc-1l5nxv5 e5jcirq1\" role=\"complementary\" aria-labelledby=\"related-topics\">\n<div class=\"e5jcirq0 bbc-1f2ds04 e1m6nvxw1\">\n<h2 class=\"bbc-1xclg2i e1m6nvxw0\"><\/h2>\n<\/div>\n<\/aside>\n<\/div>\n<\/section>\n<\/div>\n<\/div>\n<\/section>\n<\/div>\n<\/div>\n<\/div>\n<\/div>\n<\/section>\n","protected":false},"excerpt":{"rendered":"<p>BBC &#8211; Uma onda de inc\u00eandios no interior de S\u00e3o Paulo\u00a0deixou 48 cidades em estado de alerta para queimadas. Os fogos, que come\u00e7aram na sexta-feira (23\/8), j\u00e1 provocaram duas mortes.<\/p>\n","protected":false},"author":1,"featured_media":0,"comment_status":"closed","ping_status":"open","sticky":false,"template":"","format":"standard","meta":{"_exactmetrics_skip_tracking":false,"_exactmetrics_sitenote_active":false,"_exactmetrics_sitenote_note":"","_exactmetrics_sitenote_category":0,"jetpack_post_was_ever_published":false,"_jetpack_newsletter_access":"","_jetpack_dont_email_post_to_subs":false,"_jetpack_newsletter_tier_id":0,"_jetpack_memberships_contains_paywalled_content":false,"_jetpack_memberships_contains_paid_content":false,"footnotes":"","jetpack_publicize_message":"","jetpack_publicize_feature_enabled":true,"jetpack_social_post_already_shared":true,"jetpack_social_options":{"image_generator_settings":{"template":"highway","enabled":false},"version":2}},"categories":[1],"tags":[1112,1111,295],"class_list":["post-35878","post","type-post","status-publish","format-standard","hentry","category-notas","tag-criminosos","tag-incendios","tag-queimadas"],"jetpack_publicize_connections":[],"jetpack_sharing_enabled":true,"jetpack_featured_media_url":"","jetpack_shortlink":"https:\/\/wp.me\/p7wKYW-9kG","jetpack-related-posts":[],"_links":{"self":[{"href":"http:\/\/blogdalucianaoliveira.com.br\/blog\/wp-json\/wp\/v2\/posts\/35878","targetHints":{"allow":["GET"]}}],"collection":[{"href":"http:\/\/blogdalucianaoliveira.com.br\/blog\/wp-json\/wp\/v2\/posts"}],"about":[{"href":"http:\/\/blogdalucianaoliveira.com.br\/blog\/wp-json\/wp\/v2\/types\/post"}],"author":[{"embeddable":true,"href":"http:\/\/blogdalucianaoliveira.com.br\/blog\/wp-json\/wp\/v2\/users\/1"}],"replies":[{"embeddable":true,"href":"http:\/\/blogdalucianaoliveira.com.br\/blog\/wp-json\/wp\/v2\/comments?post=35878"}],"version-history":[{"count":2,"href":"http:\/\/blogdalucianaoliveira.com.br\/blog\/wp-json\/wp\/v2\/posts\/35878\/revisions"}],"predecessor-version":[{"id":35880,"href":"http:\/\/blogdalucianaoliveira.com.br\/blog\/wp-json\/wp\/v2\/posts\/35878\/revisions\/35880"}],"wp:attachment":[{"href":"http:\/\/blogdalucianaoliveira.com.br\/blog\/wp-json\/wp\/v2\/media?parent=35878"}],"wp:term":[{"taxonomy":"category","embeddable":true,"href":"http:\/\/blogdalucianaoliveira.com.br\/blog\/wp-json\/wp\/v2\/categories?post=35878"},{"taxonomy":"post_tag","embeddable":true,"href":"http:\/\/blogdalucianaoliveira.com.br\/blog\/wp-json\/wp\/v2\/tags?post=35878"}],"curies":[{"name":"wp","href":"https:\/\/api.w.org\/{rel}","templated":true}]}}