{"id":3588,"date":"2016-08-31T19:25:37","date_gmt":"2016-08-31T23:25:37","guid":{"rendered":"http:\/\/blogdalucianaoliveira.com.br\/blog\/?p=3588"},"modified":"2016-08-31T19:25:37","modified_gmt":"2016-08-31T23:25:37","slug":"temer-nao-menciona-combate-a-corrupcao-em-primeiro-pronunciamento-apos-a-posse","status":"publish","type":"post","link":"http:\/\/blogdalucianaoliveira.com.br\/blog\/2016\/08\/31\/temer-nao-menciona-combate-a-corrupcao-em-primeiro-pronunciamento-apos-a-posse\/","title":{"rendered":"Temer n\u00e3o menciona combate \u00e0 corrup\u00e7\u00e3o em primeiro pronunciamento ap\u00f3s a posse"},"content":{"rendered":"<p><img data-recalc-dims=\"1\" loading=\"lazy\" decoding=\"async\" data-attachment-id=\"3590\" data-permalink=\"http:\/\/blogdalucianaoliveira.com.br\/blog\/2016\/08\/31\/temer-nao-menciona-combate-a-corrupcao-em-primeiro-pronunciamento-apos-a-posse\/image-791\/\" data-orig-file=\"https:\/\/i0.wp.com\/blogdalucianaoliveira.com.br\/blog\/wp-content\/uploads\/2016\/08\/image-158.jpeg?fit=485%2C303\" data-orig-size=\"485,303\" data-comments-opened=\"0\" data-image-meta=\"{&quot;aperture&quot;:&quot;0&quot;,&quot;credit&quot;:&quot;&quot;,&quot;camera&quot;:&quot;&quot;,&quot;caption&quot;:&quot;&quot;,&quot;created_timestamp&quot;:&quot;0&quot;,&quot;copyright&quot;:&quot;&quot;,&quot;focal_length&quot;:&quot;0&quot;,&quot;iso&quot;:&quot;0&quot;,&quot;shutter_speed&quot;:&quot;0&quot;,&quot;title&quot;:&quot;&quot;,&quot;orientation&quot;:&quot;0&quot;}\" data-image-title=\"image\" data-image-description=\"\" data-image-caption=\"\" data-medium-file=\"https:\/\/i0.wp.com\/blogdalucianaoliveira.com.br\/blog\/wp-content\/uploads\/2016\/08\/image-158.jpeg?fit=300%2C187\" data-large-file=\"https:\/\/i0.wp.com\/blogdalucianaoliveira.com.br\/blog\/wp-content\/uploads\/2016\/08\/image-158.jpeg?fit=485%2C303\" src=\"https:\/\/i0.wp.com\/blogdalucianaoliveira.com.br\/blog\/wp-content\/uploads\/2016\/08\/image-158.jpeg?resize=485%2C303\" alt=\"image\" width=\"485\" height=\"303\" class=\"alignnone size-full wp-image-3590\" srcset=\"https:\/\/i0.wp.com\/blogdalucianaoliveira.com.br\/blog\/wp-content\/uploads\/2016\/08\/image-158.jpeg?w=485 485w, https:\/\/i0.wp.com\/blogdalucianaoliveira.com.br\/blog\/wp-content\/uploads\/2016\/08\/image-158.jpeg?resize=300%2C187 300w, https:\/\/i0.wp.com\/blogdalucianaoliveira.com.br\/blog\/wp-content\/uploads\/2016\/08\/image-158.jpeg?resize=480%2C300 480w\" sizes=\"auto, (max-width: 485px) 100vw, 485px\" \/><\/p>\n<p>Veja a \u00edntegra da fala de Temer:<!--more--><\/p>\n<p>BOA NOITE A TODOS!<br \/>\nASSUMO A PRESID\u00caNCIA DO BRASIL, AP\u00d3S DECIS\u00c3O DEMOCR\u00c1TICA E TRANSPARENTE DO CONGRESSO NACIONAL.<br \/>\nO MOMENTO \u00c9 DE ESPERAN\u00c7A E DE RETOMADA DA CONFIAN\u00c7A NO BRASIL.<br \/>\nA INCERTEZA CHEGOU AO FIM.<br \/>\n\u00c9 HORA DE UNIR O PA\u00cdS E COLOCAR OS INTERESSES NACIONAIS ACIMA DOS INTERESSES DE GRUPOS. ESTA \u00c9 A NOSSA BANDEIRA.<br \/>\nTENHO CONSCI\u00caNCIA DO TAMANHO E DO PESO DA RESPONSABILIDADE QUE CARREGO NOS OMBROS. E DIGO ISSO PORQUE RECEBEMOS O PA\u00cdS MERGULHADO EM UMA GRAVE CRISE ECONOMICA:<br \/>\nS\u00c3O QUASE 12 MILH\u00d5ES DE DESEMPREGADOS E MAIS DE 170 BILH\u00d5ES DE D\u00c9FICIT NAS CONTAS P\u00daBLICAS.<br \/>\nMEU COMPROMISSO \u00c9 O DE RESGATAR A FOR\u00c7A DA NOSSA ECONOMIA E RECOLOCAR O BRASIL NOS TRILHOS.<br \/>\nSOB ESSA CREN\u00c7A, DESTACO OS ALICERCES DE NOSSO GOVERNO: EFICI\u00caNCIA ADMINISTRATIVA, RETOMADA DO CRESCIMENTO ECON\u00d4MICO, GERA\u00c7\u00c3O DE EMPREGO, SEGURAN\u00c7A JUR\u00cdDICA, AMPLIA\u00c7\u00c3O DOS PROGRAMAS SOCIAIS E A PACIFICA\u00c7\u00c3O DO PA\u00cdS.<br \/>\nO GOVERNO \u00c9 COMO A SUA FAM\u00cdLIA. SE ESTIVER ENDIVIDADA, PRECISA DIMINUIR DESPESAS PARA PAGAR AS D\u00cdVIDAS. POR ISSO, UMA DE NOSSAS PRIMEIRAS PROVID\u00caNCIAS FOI IMPOR LIMITE PARA OS GASTOS P\u00daBLICOS. ENCAMINHAMOS AO CONGRESSO UMA PROPOSTA DE EMENDA CONSTITUCIONAL COM TETO PARA AS DESPESAS P\u00daBLICAS. NOSSO LEMA \u00c9 GASTAR APENAS O DINHEIRO QUE SE ARRECADA.<br \/>\nREDUZIMOS O N\u00daMERO DE MINIST\u00c9RIOS. DEMOS FIM A MILHARES DE CARGOS DE CONFIAN\u00c7A. ESTAMOS DIMINUINDO OS GASTOS DO GOVERNO.<br \/>\nPARA GARANTIR O PAGAMENTO DAS APOSENTADORIAS, TEREMOS QUE REFORMAR A PREVID\u00caNCIA SOCIAL. SEM REFORMA, EM POUCOS ANOS O GOVERNO N\u00c3O TER\u00c1 COMO PAGAR AOS APOSENTADOS.<br \/>\nNOSSO OBJETIVO \u00c9 GARANTIR UM SISTEMA DE APOSENTADORIAS PAGAS EM DIA, SEM CALOTES E SEM TRUQUES. UM SISTEMA QUE PROTEJA OS IDOSOS, SEM PUNIR OS MAIS JOVENS.<br \/>\nO CAMINHO QUE TEMOS PELA FRENTE \u00c9 DESAFIADOR. CONFORTA NOS SABER QUE O PIOR J\u00c1 PASSOU. INDICADORES DA ECONOMIA SINALIZAM O RESGATE DA CONFIAN\u00c7A NO PA\u00cdS.<br \/>\nNOSSA MISS\u00c3O \u00c9 MOSTRAR A EMPRES\u00c1RIOS E INVESTIDORES DE TODO O MUNDO NOSSA DISPOSI\u00c7\u00c3O PARA PROPORCIONAR BONS NEG\u00d3CIOS QUE V\u00c3O TRAZER EMPREGOS AO BRASIL. TEMOS QUE GARANTIR AOS INVESTIDORES ESTABILIDADE POLITICA E   E SEGURANCA JUR\u00cdDICA.<br \/>\nTEMOS QUE MODERNIZAR A LEGISLA\u00c7\u00c3O TRABALHISTA, PARA GARANTIR OS ATUAIS E GERAR NOVOS EMPREGOS.<br \/>\nO ESTADO BRASILEIRO PRECISA SER \u00c1GIL. PRECISA APOIAR O TRABALHADOR, O EMPREENDEDOR E O PRODUTOR RURAL. TEMOS DE ADOTAR MEDIDAS QUE MELHOREM A QUALIDADE DOS SERVI\u00c7OS P\u00daBLICOS E AGILIZEM SUA ESTRUTURA.<br \/>\nJ\u00c1 AMPLIAMOS OS PROGRAMAS SOCIAIS. AUMENTAMOS O VALOR DO BOLSA FAM\u00cdLIA. O MINHA CASA MINHA VIDA FOI REVITALIZADO. AINDA NA \u00c1REA DE HABITA\u00c7\u00c3O, DOBRAMOS O VALOR DO FINANCIAMENTO PARA A CLASSE M\u00c9DIA.<br \/>\nDECIDIMOS CONCLUIR MAIS DE MIL E QUINHENTAS OBRAS FEDERAIS QUE ENCONTRAMOS INACABADAS.<br \/>\nO BRASIL \u00c9 UM PA\u00cdS EXTRAORDIN\u00c1RIO. POSSU\u00cdMOS RECURSOS NATURAIS EM ABUND\u00c2NCIA.<br \/>\nUM AGRONEG\u00d3CIO EXUBERANTE QUE N\u00c3O CONHECE CRISES. TRABALHAMOS MUITO. SOMOS PESSOAS DISPOSTAS A ACORDAR CEDO E DORMIR TARDE EM BUSCA DE NOSSO SONHO. TEMOS ESP\u00cdRITO EMPREENDEDOR, DOS MICROS EMPRES\u00c1RIOS AOS GRANDES INDUSTRIAIS.<br \/>\nAGORA MESMO, DEMOS AO MUNDO UMA DEMONSTRA\u00c7\u00c3O DE NOSSA CAPACIDADE DE FAZER BEM FEITO.. OS JOGOS OL\u00cdMPICOS RESGATARAM NOSSA<br \/>\nAUTOESTIMA DIANTE DO MUNDO. BILH\u00d5ES DE PESSOAS, AO REDOR DO PLANETA, TESTEMUNHARAM E APLAUDIRAM NOSSA ORGANIZA\u00c7\u00c3O E ENTUSIASMO  COM OQUE  O BRASIL PROMOVEU O MAIOR E MAIS IMPORTANTE EVENTO ESPORTIVO DA TERRA.<br \/>\nE TEREMOS DAQUI A POUCO AS PARALIMP\u00cdADAS QUE CERTAMENTE TER\u00c3O O MESMO SUCESSO.<br \/>\nPRESENTE E FUTURO NOS DESAFIAM. NAO PODEMOS  OLHAR PARA FRENTE, COM OS OLHOS DO PASSADO.<br \/>\nMEU \u00daNICO INTERESSE, E QUE ENCARO COMO QUEST\u00c3O DE HONRA, \u00c9 ENTREGAR AO MEU SUCESSOR UM PA\u00cdS RECONCILIADO, PACIFICADO E EM RITMO DE CRESCIMENTO. UM PA\u00cdS QUE D\u00c1 ORGULHO AOS SEUS CIDAD\u00c3OS.<br \/>\nREITERO MEU COMPROMISSO DE DIALOGAR DEMOCRATICAMENTE COM TODOS OS SETORES DA SOCIEDADE BRASILEIRA. RESPEITAREI TAMB\u00c9M A INDEPEND\u00caNCIA ENTRE OS PODERES EXECUTIVO, LEGISLATIVO E JUDICI\u00c1RIO.<br \/>\nDESPE\u00c7O-ME LEMBRANDO QUE ORDEM E PROGRESSO SEMPRE CAMINHAM JUNTOS. E COM A CERTEZA DE QUE JUNTOS, VAMOS FAZER UM BRASIL MUITO MELHOR. PODEM ACREDITAR:<br \/>\nQUANDO O BRASIL QUER, O BRASIL MUDA.<br \/>\nOBRIGADO, BOA NOITE A TODOS, E QUE DEUS NOS ABEN\u00c7OE NESSA NOSSA CAMINHADA.<\/p>\n","protected":false},"excerpt":{"rendered":"<p>Veja a \u00edntegra da fala de Temer:<\/p>\n","protected":false},"author":1,"featured_media":0,"comment_status":"closed","ping_status":"open","sticky":false,"template":"","format":"standard","meta":{"_exactmetrics_skip_tracking":false,"_exactmetrics_sitenote_active":false,"_exactmetrics_sitenote_note":"","_exactmetrics_sitenote_category":0,"jetpack_post_was_ever_published":false,"_jetpack_newsletter_access":"","_jetpack_dont_email_post_to_subs":false,"_jetpack_newsletter_tier_id":0,"_jetpack_memberships_contains_paywalled_content":false,"_jetpack_memberships_contains_paid_content":false,"footnotes":"","jetpack_publicize_message":"","jetpack_publicize_feature_enabled":true,"jetpack_social_post_already_shared":true,"jetpack_social_options":{"image_generator_settings":{"template":"highway","enabled":false},"version":2}},"categories":[1],"tags":[],"class_list":["post-3588","post","type-post","status-publish","format-standard","hentry","category-notas"],"jetpack_publicize_connections":[],"jetpack_sharing_enabled":true,"jetpack_featured_media_url":"","jetpack_shortlink":"https:\/\/wp.me\/p7wKYW-VS","jetpack-related-posts":[],"_links":{"self":[{"href":"http:\/\/blogdalucianaoliveira.com.br\/blog\/wp-json\/wp\/v2\/posts\/3588","targetHints":{"allow":["GET"]}}],"collection":[{"href":"http:\/\/blogdalucianaoliveira.com.br\/blog\/wp-json\/wp\/v2\/posts"}],"about":[{"href":"http:\/\/blogdalucianaoliveira.com.br\/blog\/wp-json\/wp\/v2\/types\/post"}],"author":[{"embeddable":true,"href":"http:\/\/blogdalucianaoliveira.com.br\/blog\/wp-json\/wp\/v2\/users\/1"}],"replies":[{"embeddable":true,"href":"http:\/\/blogdalucianaoliveira.com.br\/blog\/wp-json\/wp\/v2\/comments?post=3588"}],"version-history":[{"count":2,"href":"http:\/\/blogdalucianaoliveira.com.br\/blog\/wp-json\/wp\/v2\/posts\/3588\/revisions"}],"predecessor-version":[{"id":3591,"href":"http:\/\/blogdalucianaoliveira.com.br\/blog\/wp-json\/wp\/v2\/posts\/3588\/revisions\/3591"}],"wp:attachment":[{"href":"http:\/\/blogdalucianaoliveira.com.br\/blog\/wp-json\/wp\/v2\/media?parent=3588"}],"wp:term":[{"taxonomy":"category","embeddable":true,"href":"http:\/\/blogdalucianaoliveira.com.br\/blog\/wp-json\/wp\/v2\/categories?post=3588"},{"taxonomy":"post_tag","embeddable":true,"href":"http:\/\/blogdalucianaoliveira.com.br\/blog\/wp-json\/wp\/v2\/tags?post=3588"}],"curies":[{"name":"wp","href":"https:\/\/api.w.org\/{rel}","templated":true}]}}