{"id":35881,"date":"2024-08-27T10:21:20","date_gmt":"2024-08-27T14:21:20","guid":{"rendered":"http:\/\/blogdalucianaoliveira.com.br\/blog\/?p=35881"},"modified":"2024-08-27T10:21:20","modified_gmt":"2024-08-27T14:21:20","slug":"infoamazonia-registra-destruicao-em-semana-de-fogo-intenso-em-rondonia-amazonas-e-mato-grosso","status":"publish","type":"post","link":"http:\/\/blogdalucianaoliveira.com.br\/blog\/2024\/08\/27\/infoamazonia-registra-destruicao-em-semana-de-fogo-intenso-em-rondonia-amazonas-e-mato-grosso\/","title":{"rendered":"InfoAmazonia registra destrui\u00e7\u00e3o em semana de fogo intenso em Rond\u00f4nia, Amazonas e Mato Grosso"},"content":{"rendered":"<p><img data-recalc-dims=\"1\" decoding=\"async\" src=\"https:\/\/i0.wp.com\/www.tudorondonia.com\/uploads\/26-08-24-1xldsusqgkosr7h.jpg?w=600&#038;ssl=1\" alt=\" InfoAmazonia registra destrui\u00e7\u00e3o em semana de fogo intenso em Rond\u00f4nia, Amazonas e Mato Grosso \" \/><\/p>\n<div class=\"meta\"><span class=\"author\"><strong>F\u00e1bio Bispo, no\u00a0 InfoAmazonia &#8211; <\/strong><\/span>A fuma\u00e7a na Amaz\u00f4nia, que j\u00e1 se espalhou por 10 estados brasileiros, tem origem em queimadas criminosas em \u00e1reas protegidas, florestas p\u00fablicas e at\u00e9 mesmo em fazendas que receberam cr\u00e9dito rural de bancos p\u00fablicos e privados. A reportagem da\u00a0<strong>InfoAmazonia<\/strong>\u00a0sobrevoou nesta semana, entre segunda-feira (19) e a quarta-feira (21), \u00e1reas com fogo ativo em Rond\u00f4nia, no sul do Amazonas e no norte do Mato Grosso, junto com a equipe do Greenpeace Brasil, para identificar onde a floresta est\u00e1 queimando.<\/div>\n<p><!--more--><\/p>\n<div>\n<p>As cenas mostram como a destrui\u00e7\u00e3o avan\u00e7a rapidamente durante a atual temporada de queimadas, que caminha para ser uma das piores j\u00e1 registradas nos \u00faltimos anos. Dados do\u00a0<a href=\"https:\/\/terrabrasilis.dpi.inpe.br\/queimadas\/portal\/\" target=\"_blank\" rel=\"noopener\">Programa Queimadas<\/a>\u00a0do Instituto Nacional de Pesquisas Espaciais (Inpe) indicam que, em julho,\u00a0<a href=\"https:\/\/infoamazonia.org\/2024\/08\/12\/anestesiados-ou-o-que-a-amazonia-esta-em-chamas\/\" target=\"_blank\" rel=\"noopener\">a Amaz\u00f4nia teve o maior registro de focos de calor<\/a>\u00a0em 19 anos. Em agosto, que ainda n\u00e3o terminou,\u00a0<a href=\"https:\/\/g1.globo.com\/am\/amazonas\/noticia\/2024\/08\/22\/em-20-dias-amazonas-ja-supera-numero-de-queimadas-de-agosto-do-ano-passado-aponta-inpe.ghtml\" target=\"_blank\" rel=\"noopener\">os registros j\u00e1 superaram os de 2023.<\/a><\/p>\n<div>\n<p>No norte de Rond\u00f4nia, a\u00a0<strong>InfoAmazonia<\/strong>\u00a0registrou o fogo em fazendas que receberam cr\u00e9dito rural do Plano Safra, programa do governo federal que oferece linhas de cr\u00e9dito, incentivos e pol\u00edticas agr\u00edcolas para m\u00e9dios e grandes produtores por meio de bancos p\u00fablicos, privados e cooperativas de cr\u00e9dito habilitadas para financiar o agroneg\u00f3cio.<\/p>\n<p>\u201cN\u00f3s sobrevoamos diversas propriedades que est\u00e3o nestas \u00e1reas e que acessaram financiamento de cr\u00e9dito rural. Algumas destas \u00e1reas est\u00e3o embargadas por desmatamento, mas todas fizeram uso do fogo de forma ilegal\u201d, afirmou Tha\u00eds Bannwart, porta-voz de Florestas do Greenpeace Brasil. \u201cAs institui\u00e7\u00f5es financeiras precisam encontrar uma solu\u00e7\u00e3o para quem faz o uso ilegal e criminoso do fogo, para que elas n\u00e3o acessem financiamento\u201d.<\/p>\n<p>O fogo atinge florestas p\u00fablicas n\u00e3o destinadas, terras ind\u00edgenas e unidades de conserva\u00e7\u00e3o em Rond\u00f4nia. Um dos casos registrados foi na Esta\u00e7\u00e3o Ecol\u00f3gica (Esec) Soldado da Borracha, criada em 2008, mas que teve sua prote\u00e7\u00e3o anulada por meio de um decreto do governador de Rond\u00f4nia, Marcos Rocha, em 2022. Esta \u00e9 uma das regi\u00f5es que mais concentrou fogo na Amaz\u00f4nia nos \u00faltimos dias.<\/p>\n<div class=\"entry-post\">\n<p>O fogo tamb\u00e9m \u00e9 registrado no Parque Nacional do Mapinguari, na divisa entre Rond\u00f4nia e Amazonas, e em fazendas pr\u00f3ximas. Outro ponto cr\u00edtico \u00e9 a regi\u00e3o ao redor da BR-319, na divisa dos dois estados, onde a fuma\u00e7a praticamente fez o tra\u00e7ado da rodovia desaparecer no horizonte.<\/p>\n<p>J\u00e1 no norte do Mato Grosso, as queimadas ocorrem no interior da Terra Ind\u00edgena Sarar\u00e9, onde a equipe do Greenpeace identificou uma grande \u00e1rea de garimpo ilegal. Nessa regi\u00e3o, fogo, garimpo e \u00e1reas de pastagem mostram como o ciclo de destrui\u00e7\u00e3o avan\u00e7a sobre o territ\u00f3rio do povo Nambikwara.<\/p>\n<p>Os dados do Inpe mostram focos de calor ativos em muitas das \u00e1reas protegidas nesta regi\u00e3o da Amaz\u00f4nia, principalmente entre Rond\u00f4nia e o sul do Amazonas, como no Parque Estadual do Guajar\u00e1-Mirim, onde h\u00e1 focos ativos h\u00e1 mais de 30 dias, na Resex Jaci-Paran\u00e1 e nas terras ind\u00edgenas Karipuna, Uru-Eu-Wau-Wau e Igarap\u00e9 Lage, todas em Rond\u00f4nia.<\/p>\n<p><strong>Cr\u00e9dito:<\/strong>\u00a0F\u00e1bio Bispo &#8211;\u00a0InfoAmazonia*<br \/>\n<em>*a autoriza\u00e7\u00e3o para republica\u00e7\u00e3o do conte\u00fado se d\u00e1 mediante publica\u00e7\u00e3o na \u00edntegra, com cr\u00e9dito e redirecionamento (<\/em><a href=\"https:\/\/infoamazonia.org\/2024\/07\/24\/fiscalizacao-por-crimes-ambientais-cai-com-paralisacao-dos-servidores-e-impacta-municipios-mais-desmatados-na-amazonia-em-2024\/\" target=\"_blank\" rel=\"noopener\">link<\/a><em>) para a publica\u00e7\u00e3o original. O InfoAmazonia n\u00e3o se responsabiliza por altera\u00e7\u00f5es no conte\u00fado feitas por terceiros.<\/em><\/p>\n<div>\n<div>\n<div data-premium=\"\" data-adunit=\"TUDO_RONDONIA_DESKTOP_MATERIA_1\" data-sizes-desktop=\"[[300,250]]\"><\/div>\n<\/div>\n<div>\n<div data-premium=\"\" data-adunit=\"TUDO_RONDONIA_DESKTOP_MATERIA_2\" data-sizes-desktop=\"[[300,250]]\"><\/div>\n<\/div>\n<div><\/div>\n<\/div>\n<\/div>\n<\/div>\n<\/div>\n","protected":false},"excerpt":{"rendered":"<p>F\u00e1bio Bispo, no\u00a0 InfoAmazonia &#8211; A fuma\u00e7a na Amaz\u00f4nia, que j\u00e1 se espalhou por 10 estados brasileiros, tem origem em queimadas criminosas em \u00e1reas protegidas, florestas p\u00fablicas e at\u00e9 mesmo em fazendas que receberam cr\u00e9dito rural de bancos p\u00fablicos e privados. A reportagem da\u00a0InfoAmazonia\u00a0sobrevoou nesta semana, entre segunda-feira (19) e a quarta-feira (21), \u00e1reas com&#8230;<a class=\"more-link\" href=\"http:\/\/blogdalucianaoliveira.com.br\/blog\/2024\/08\/27\/infoamazonia-registra-destruicao-em-semana-de-fogo-intenso-em-rondonia-amazonas-e-mato-grosso\/\">Continue a leitura <span class=\"meta-nav\">&raquo;<\/span><\/a><\/p>\n","protected":false},"author":1,"featured_media":0,"comment_status":"closed","ping_status":"open","sticky":false,"template":"","format":"standard","meta":{"_exactmetrics_skip_tracking":false,"_exactmetrics_sitenote_active":false,"_exactmetrics_sitenote_note":"","_exactmetrics_sitenote_category":0,"jetpack_post_was_ever_published":false,"_jetpack_newsletter_access":"","_jetpack_dont_email_post_to_subs":false,"_jetpack_newsletter_tier_id":0,"_jetpack_memberships_contains_paywalled_content":false,"_jetpack_memberships_contains_paid_content":false,"footnotes":"","jetpack_publicize_message":"","jetpack_publicize_feature_enabled":true,"jetpack_social_post_already_shared":true,"jetpack_social_options":{"image_generator_settings":{"template":"highway","enabled":false},"version":2}},"categories":[1],"tags":[1113,605,295,7],"class_list":["post-35881","post","type-post","status-publish","format-standard","hentry","category-notas","tag-fogo","tag-fumaca","tag-queimadas","tag-rondonia"],"jetpack_publicize_connections":[],"jetpack_sharing_enabled":true,"jetpack_featured_media_url":"","jetpack_shortlink":"https:\/\/wp.me\/p7wKYW-9kJ","jetpack-related-posts":[],"_links":{"self":[{"href":"http:\/\/blogdalucianaoliveira.com.br\/blog\/wp-json\/wp\/v2\/posts\/35881","targetHints":{"allow":["GET"]}}],"collection":[{"href":"http:\/\/blogdalucianaoliveira.com.br\/blog\/wp-json\/wp\/v2\/posts"}],"about":[{"href":"http:\/\/blogdalucianaoliveira.com.br\/blog\/wp-json\/wp\/v2\/types\/post"}],"author":[{"embeddable":true,"href":"http:\/\/blogdalucianaoliveira.com.br\/blog\/wp-json\/wp\/v2\/users\/1"}],"replies":[{"embeddable":true,"href":"http:\/\/blogdalucianaoliveira.com.br\/blog\/wp-json\/wp\/v2\/comments?post=35881"}],"version-history":[{"count":2,"href":"http:\/\/blogdalucianaoliveira.com.br\/blog\/wp-json\/wp\/v2\/posts\/35881\/revisions"}],"predecessor-version":[{"id":35883,"href":"http:\/\/blogdalucianaoliveira.com.br\/blog\/wp-json\/wp\/v2\/posts\/35881\/revisions\/35883"}],"wp:attachment":[{"href":"http:\/\/blogdalucianaoliveira.com.br\/blog\/wp-json\/wp\/v2\/media?parent=35881"}],"wp:term":[{"taxonomy":"category","embeddable":true,"href":"http:\/\/blogdalucianaoliveira.com.br\/blog\/wp-json\/wp\/v2\/categories?post=35881"},{"taxonomy":"post_tag","embeddable":true,"href":"http:\/\/blogdalucianaoliveira.com.br\/blog\/wp-json\/wp\/v2\/tags?post=35881"}],"curies":[{"name":"wp","href":"https:\/\/api.w.org\/{rel}","templated":true}]}}