{"id":35884,"date":"2024-08-27T15:49:50","date_gmt":"2024-08-27T19:49:50","guid":{"rendered":"http:\/\/blogdalucianaoliveira.com.br\/blog\/?p=35884"},"modified":"2024-08-28T09:19:37","modified_gmt":"2024-08-28T13:19:37","slug":"cryptobera-acontece-neste-sabado-em-porto-velho","status":"publish","type":"post","link":"http:\/\/blogdalucianaoliveira.com.br\/blog\/2024\/08\/27\/cryptobera-acontece-neste-sabado-em-porto-velho\/","title":{"rendered":"Cryptobera acontece neste s\u00e1bado em Porto Velho"},"content":{"rendered":"<p><img data-recalc-dims=\"1\" loading=\"lazy\" decoding=\"async\" data-attachment-id=\"35885\" data-permalink=\"http:\/\/blogdalucianaoliveira.com.br\/blog\/2024\/08\/27\/cryptobera-acontece-neste-sabado-em-porto-velho\/3a67eff8-991b-40a0-ba23-fea57c0dbfac\/\" data-orig-file=\"https:\/\/i0.wp.com\/blogdalucianaoliveira.com.br\/blog\/wp-content\/uploads\/2024\/08\/3a67eff8-991b-40a0-ba23-fea57c0dbfac.jpeg?fit=1080%2C1350\" data-orig-size=\"1080,1350\" data-comments-opened=\"0\" data-image-meta=\"{&quot;aperture&quot;:&quot;0&quot;,&quot;credit&quot;:&quot;&quot;,&quot;camera&quot;:&quot;&quot;,&quot;caption&quot;:&quot;&quot;,&quot;created_timestamp&quot;:&quot;0&quot;,&quot;copyright&quot;:&quot;&quot;,&quot;focal_length&quot;:&quot;0&quot;,&quot;iso&quot;:&quot;0&quot;,&quot;shutter_speed&quot;:&quot;0&quot;,&quot;title&quot;:&quot;&quot;,&quot;orientation&quot;:&quot;0&quot;}\" data-image-title=\"3a67eff8-991b-40a0-ba23-fea57c0dbfac\" data-image-description=\"\" data-image-caption=\"\" data-medium-file=\"https:\/\/i0.wp.com\/blogdalucianaoliveira.com.br\/blog\/wp-content\/uploads\/2024\/08\/3a67eff8-991b-40a0-ba23-fea57c0dbfac.jpeg?fit=240%2C300\" data-large-file=\"https:\/\/i0.wp.com\/blogdalucianaoliveira.com.br\/blog\/wp-content\/uploads\/2024\/08\/3a67eff8-991b-40a0-ba23-fea57c0dbfac.jpeg?fit=600%2C750\" class=\"alignnone size-full wp-image-35885\" src=\"https:\/\/i0.wp.com\/blogdalucianaoliveira.com.br\/blog\/wp-content\/uploads\/2024\/08\/3a67eff8-991b-40a0-ba23-fea57c0dbfac.jpeg?resize=600%2C750\" alt=\"\" width=\"600\" height=\"750\" srcset=\"https:\/\/i0.wp.com\/blogdalucianaoliveira.com.br\/blog\/wp-content\/uploads\/2024\/08\/3a67eff8-991b-40a0-ba23-fea57c0dbfac.jpeg?w=1080 1080w, https:\/\/i0.wp.com\/blogdalucianaoliveira.com.br\/blog\/wp-content\/uploads\/2024\/08\/3a67eff8-991b-40a0-ba23-fea57c0dbfac.jpeg?resize=240%2C300 240w, https:\/\/i0.wp.com\/blogdalucianaoliveira.com.br\/blog\/wp-content\/uploads\/2024\/08\/3a67eff8-991b-40a0-ba23-fea57c0dbfac.jpeg?resize=819%2C1024 819w, https:\/\/i0.wp.com\/blogdalucianaoliveira.com.br\/blog\/wp-content\/uploads\/2024\/08\/3a67eff8-991b-40a0-ba23-fea57c0dbfac.jpeg?resize=768%2C960 768w\" sizes=\"auto, (max-width: 600px) 100vw, 600px\" \/><\/p>\n<p class=\"s2\"><span class=\"s4\"><span class=\"bumpedFont15\">No dia <\/span><\/span><span class=\"s4\"><span class=\"bumpedFont15\">31<\/span><\/span><span class=\"s4\"><span class=\"bumpedFont15\">,<\/span><\/span><span class=\"s4\"><span class=\"bumpedFont15\"> de agosto com in\u00edcio <\/span><\/span><span class=\"s4\"><span class=\"bumpedFont15\">\u00e0s<\/span><\/span><span class=\"s4\"><span class=\"bumpedFont15\"> 09:00 horas,<\/span><\/span> <span class=\"s4\"><span class=\"bumpedFont15\">Porto Velho<\/span><\/span><span class=\"s4\"><span class=\"bumpedFont15\"> se tornar\u00e1 palco de um <\/span><\/span><span class=\"s4\"><span class=\"bumpedFont15\">encontro<\/span><\/span><span class=\"s4\"><span class=\"bumpedFont15\"> inovador que promete conectar tecnologia, cultura, diversidade e direitos humanos em<\/span><\/span><span class=\"s4\"><span class=\"bumpedFont15\"> um<\/span><\/span><span class=\"s4\"><span class=\"bumpedFont15\"> \u00fanico<\/span><\/span> <span class=\"s4\"><span class=\"bumpedFont15\">event<\/span><\/span><span class=\"s4\"><span class=\"bumpedFont15\">o<\/span><\/span><span class=\"s4\"><span class=\"bumpedFont15\">. <\/span><\/span><span class=\"s4\"><span class=\"bumpedFont15\">A<\/span><\/span> <span class=\"s3\"><span class=\"bumpedFont15\">Cryptobera 2024<\/span><\/span><span class=\"s4\"><span class=\"bumpedFont15\"> Idealizada pelo <\/span><\/span><span class=\"s4\"><span class=\"bumpedFont15\">coletivo <\/span><\/span><span class=\"s4\"><span class=\"bumpedFont15\">C-PARTES, <\/span><\/span><span class=\"s4\"><span class=\"bumpedFont15\">\u00e9 a <\/span><\/span><span class=\"s4\"><span class=\"bumpedFont15\">primeira cryptofesta d<\/span><\/span><span class=\"s4\"><span class=\"bumpedFont15\">a regi\u00e3o Norte e vai acontecer aqui em Rond\u00f4nia<\/span><\/span><span class=\"s4\"><span class=\"bumpedFont15\">. D<\/span><\/span><span class=\"s4\"><span class=\"bumpedFont15\">ebates, oficinas<\/span><\/span><span class=\"s4\"><span class=\"bumpedFont15\">, <\/span><\/span><span class=\"s4\"><span class=\"bumpedFont15\">e m\u00fasica<\/span><\/span><span class=\"s4\"><span class=\"bumpedFont15\">, <\/span><\/span><span class=\"s4\"><span class=\"bumpedFont15\">est\u00e3o <\/span><\/span><span class=\"s4\"><span class=\"bumpedFont15\">entre programa\u00e7\u00e3o<\/span><\/span><span class=\"s4\"><span class=\"bumpedFont15\">.<\/span><\/span><br \/>\n<!--more--><\/p>\n<p class=\"s2\"><span class=\"s4\"><span class=\"bumpedFont15\">Sob o tema <\/span><\/span><span class=\"s3\"><span class=\"bumpedFont15\">&#8220;Protegendo Dados, Florestas e Corpos&#8221;<\/span><\/span><span class=\"s4\"><span class=\"bumpedFont15\">, a Cryptobera<\/span><\/span><span class=\"s4\"><span class=\"bumpedFont15\">, ter\u00e1 um olhar<\/span><\/span><span class=\"s4\"><span class=\"bumpedFont15\"> foca<\/span><\/span><span class=\"s4\"><span class=\"bumpedFont15\">do <\/span><\/span><span class=\"s4\"><span class=\"bumpedFont15\">nos desafios enfrentados por Rond\u00f4nia, um estado amaz\u00f4nico que, infelizmente, destaca-se por quest\u00f5es cr\u00edticas como, desmatamento<\/span><\/span><span class=\"s4\"><span class=\"bumpedFont15\">, <\/span><\/span><span class=\"s4\"><span class=\"bumpedFont15\">extrativismo <\/span><\/span><span class=\"s4\"><span class=\"bumpedFont15\">cultural, e<\/span><\/span><span class=\"s4\"><span class=\"bumpedFont15\"> a alarmante viol\u00eancia contra defensores <\/span><\/span><span class=\"s4\"><span class=\"bumpedFont15\">e defensoras <\/span><\/span><span class=\"s4\"><span class=\"bumpedFont15\">ambientais e <\/span><\/span><span class=\"s4\"><span class=\"bumpedFont15\">de direitos humanos. Em resposta a essa realidade, o evento prop\u00f5e <\/span><\/span><span class=\"s4\"><span class=\"bumpedFont15\">ser um espa\u00e7o de<\/span><\/span><span class=\"s4\"><span class=\"bumpedFont15\"> reflex\u00e3o<\/span><\/span><span class=\"s4\"><span class=\"bumpedFont15\">, <\/span><\/span><span class=\"s4\"><span class=\"bumpedFont15\">aliada a a\u00e7\u00f5es pr\u00e1ticas que visam fortalecer a resist\u00eancia e a prote\u00e7\u00e3o dos recursos naturais <\/span><\/span><span class=\"s4\"><span class=\"bumpedFont15\">e <\/span><\/span><span class=\"s4\"><span class=\"bumpedFont15\">de<\/span><\/span><span class=\"s4\"><span class=\"bumpedFont15\"> quem vive na<\/span><\/span><span class=\"s4\"><span class=\"bumpedFont15\"> regi\u00e3o.<\/span><\/span><\/p>\n<p class=\"s2\"><span class=\"s4\"><span class=\"bumpedFont15\">A<\/span><\/span><span class=\"s4\"><span class=\"bumpedFont15\">s atividades da Cryptobera ser\u00e3o divididas em duas trilhas tem\u00e1ticas:<\/span><\/span><\/p>\n<p class=\"s2\"><span class=\"s3\"><span class=\"bumpedFont15\">NICINHA:<\/span><\/span><span class=\"s4\"><span class=\"bumpedFont15\"> Voltada para quest\u00f5es de seguran\u00e7a, vigilantismo e direitos humanos, esta trilha homenageia os defensores que lutam por justi\u00e7a social e prote\u00e7\u00e3o dos direitos em <\/span><\/span><span class=\"s4\"><span class=\"bumpedFont15\">Rond\u00f4nia<\/span><\/span><span class=\"s4\"><span class=\"bumpedFont15\">, <\/span><\/span><span class=\"s4\"><span class=\"bumpedFont15\">tendo como<\/span><\/span> <span class=\"s4\"><span class=\"bumpedFont15\">refer\u00eancia<\/span><\/span><span class=\"s4\"><span class=\"bumpedFont15\"> a <\/span><\/span><span class=\"s4\"><span class=\"bumpedFont15\">ativista ambiental Nicinha (MAB) <\/span><\/span><span class=\"s4\"><span class=\"bumpedFont15\">uma mulher pescadora que lutou pela prote\u00e7\u00e3o <\/span><\/span><span class=\"s4\"><span class=\"bumpedFont15\">dos da<\/span><\/span><span class=\"s4\"><span class=\"bumpedFont15\"> Amaz\u00f4nia e seu territ\u00f3rio. <\/span><\/span><\/p>\n<p class=\"s2\"><span class=\"s3\"><span class=\"bumpedFont15\">SARITA DA SETE:<\/span><\/span><span class=\"s4\"><span class=\"bumpedFont15\"> Esta trilha explora as interse\u00e7\u00f5es entre tecnologia, comunica\u00e7\u00e3o, arte e diversidade, enfatizando a import\u00e2ncia de preservar e celebrar a rica cultura local enquanto se navega pelos desafios contempor\u00e2neos do mundo digital.<\/span><\/span> <span class=\"s4\"><span class=\"bumpedFont15\">Sara para\u00edso<\/span><\/span><span class=\"s4\"><span class=\"bumpedFont15\"> foi uma mulher Trans <\/span><\/span><span class=\"s4\"><span class=\"bumpedFont15\">cujo seu<\/span><\/span><span class=\"s4\"><span class=\"bumpedFont15\"> corpo<\/span><\/span> <span class=\"s4\"><span class=\"bumpedFont15\">nesse territ\u00f3rio nos faz refletir sobre <\/span><\/span><span class=\"s4\"><span class=\"bumpedFont15\">a invisibilidades de pessoas trans na Amaz\u00f4nia. <\/span><\/span><\/p>\n<p class=\"s2\"><span class=\"s4\"><span class=\"bumpedFont15\">A <\/span><\/span><span class=\"s3\"><span class=\"bumpedFont15\">Cryptobera 2024<\/span><\/span><span class=\"s4\"><span class=\"bumpedFont15\"> promete ser um evento marcante, reunindo vozes diversas em um di\u00e1logo <\/span><\/span><span class=\"s4\"><span class=\"bumpedFont15\">importante<\/span><\/span><span class=\"s4\"><span class=\"bumpedFont15\"> sobre como proteger e valorizar Rond\u00f4nia em todos os seus aspectos. O evento n\u00e3o s\u00f3 oferecer\u00e1 conhecimento atrav\u00e9s de debates e oficinas, mas tamb\u00e9m proporcionar\u00e1 momentos de celebra\u00e7\u00e3o e uni\u00e3o, fechando o dia com <\/span><\/span><span class=\"s4\"><span class=\"bumpedFont15\">uma festa <\/span><\/span><span class=\"s4\"><span class=\"bumpedFont15\">que promete ser inesquec\u00edvel.<\/span><\/span><\/p>\n<p class=\"s2\"><span class=\"s3\"><span class=\"bumpedFont15\">O <\/span><\/span><span class=\"s3\"><span class=\"bumpedFont15\">que \u00e9 uma cryptofesta<\/span><\/span><\/p>\n<p class=\"s2\"><span class=\"s4\"><span class=\"bumpedFont15\">Uma CryptoFesta \u00e9 um evento que combina aprendizado e <\/span><\/span><span class=\"s4\"><span class=\"bumpedFont15\">festa eletronica<\/span><\/span><span class=\"s4\"><span class=\"bumpedFont15\">, focando em temas como seguran\u00e7a digital, criptografia, tecnologia e direitos humanos. Durante o evento, os participantes podem participar de oficinas, debates e atividades culturais, al\u00e9m de aprender a proteger seus dados e explorar quest\u00f5es relacionadas \u00e0 privacidade e inclus\u00e3o digital, em um ambiente que tamb\u00e9m promove diversidade e divers\u00e3o.<\/span><\/span><span class=\"s4\"><span class=\"bumpedFont15\"> Em Rond\u00f4nia esse debate vai para al\u00e9m da tecnologia digital, o tema central <\/span><\/span><span class=\"s4\"><span class=\"bumpedFont15\">da Cryptobera 2024 nos convida a refletir sobre os desafios na Amaz\u00f4nia, onde o extrativismo de <\/span><\/span><span class=\"s4\"><span class=\"bumpedFont15\">recursos, o apagamento de culturas e a viol\u00eancia contra defensores de direitos fazem parte do nosso cotidiano.<\/span><\/span><\/p>\n<p><span class=\"s3\"><span class=\"bumpedFont15\">Sobre o<\/span><\/span> <span class=\"s3\"><span class=\"bumpedFont15\">C-PARTES:<\/span><\/span><\/p>\n<p class=\"s2\"><span class=\"s4\"><span class=\"bumpedFont15\">O<\/span><\/span><span class=\"s4\"><span class=\"bumpedFont15\"> Coletivo<\/span><\/span><span class=\"s4\"><span class=\"bumpedFont15\"> C-PARTES \u00e9 uma organiza\u00e7\u00e3o comprometida com a promo\u00e7\u00e3o da cultura, tecnologia e direitos humanos, sempre buscando criar espa\u00e7os de discuss\u00e3o e a\u00e7\u00e3o que promovam a justi\u00e7a social e a diversidade em todas as suas formas. <\/span><\/span><span class=\"s4\"><span class=\"bumpedFont15\">Sua <\/span><\/span><span class=\"s4\"><span class=\"bumpedFont15\">miss\u00e3o \u00e9 estudar e debater quest\u00f5es cruciais nacionais e internacionais sobre tecnologia e <\/span><\/span><span class=\"s4\"><span class=\"bumpedFont15\">governan\u00e7a da <\/span><\/span><span class=\"s4\"><span class=\"bumpedFont15\">internet, com foco nas particularidades das popula\u00e7\u00f5es amaz\u00f4nicas, especialmente as rondonienses. <\/span><\/span><span class=\"s4\"><span class=\"bumpedFont15\">Discutimos e pesquisamos <\/span><\/span><span class=\"s4\"><span class=\"bumpedFont15\">temas como seguran\u00e7a, criptografia, intelig\u00eancia artificial, inclus\u00e3o digital e muito mais, al\u00e9m de forma\u00e7\u00e3o em pesquisa e metodologia cient\u00edfica, independentemente da sua experi\u00eancia. <\/span><\/span><\/p>\n<p class=\"s2\"><span class=\"s4\"><span class=\"bumpedFont15\">Para mais informa\u00e7\u00f5es sobre o evento, entre em contato <\/span><\/span><span class=\"s5\"><span class=\"bumpedFont15\">com <\/span><\/span><span class=\"s5\"><span class=\"bumpedFont15\">Leu<\/span><\/span><span class=\"s5\"><span class=\"bumpedFont15\">ziene Lo<\/span><\/span><span class=\"s5\"><span class=\"bumpedFont15\">p<\/span><\/span><span class=\"s5\"><span class=\"bumpedFont15\">es, Assessora de Impressa, (69) 99600-4384<\/span><\/span> <span class=\"s4\"><span class=\"bumpedFont15\">ou visite <\/span><\/span><span class=\"s4\"><span class=\"bumpedFont15\">nossas redes sociais<\/span><\/span><span class=\"s4\"><span class=\"bumpedFont15\">: <\/span><\/span><span class=\"s4\"><span class=\"bumpedFont15\">@coletivo_partes<\/span><\/span><\/p>\n","protected":false},"excerpt":{"rendered":"<p>No dia 31, de agosto com in\u00edcio \u00e0s 09:00 horas, Porto Velho se tornar\u00e1 palco de um encontro inovador que promete conectar tecnologia, cultura, diversidade e direitos humanos em um \u00fanico evento. A Cryptobera 2024 Idealizada pelo coletivo C-PARTES, \u00e9 a primeira cryptofesta da regi\u00e3o Norte e vai acontecer aqui em Rond\u00f4nia. Debates, oficinas, e&#8230;<a class=\"more-link\" href=\"http:\/\/blogdalucianaoliveira.com.br\/blog\/2024\/08\/27\/cryptobera-acontece-neste-sabado-em-porto-velho\/\">Continue a leitura <span class=\"meta-nav\">&raquo;<\/span><\/a><\/p>\n","protected":false},"author":1,"featured_media":0,"comment_status":"closed","ping_status":"open","sticky":false,"template":"","format":"standard","meta":{"_exactmetrics_skip_tracking":false,"_exactmetrics_sitenote_active":false,"_exactmetrics_sitenote_note":"","_exactmetrics_sitenote_category":0,"jetpack_post_was_ever_published":false,"_jetpack_newsletter_access":"","_jetpack_dont_email_post_to_subs":false,"_jetpack_newsletter_tier_id":0,"_jetpack_memberships_contains_paywalled_content":false,"_jetpack_memberships_contains_paid_content":false,"footnotes":"","jetpack_publicize_message":"","jetpack_publicize_feature_enabled":true,"jetpack_social_post_already_shared":true,"jetpack_social_options":{"image_generator_settings":{"template":"highway","enabled":false},"version":2}},"categories":[1],"tags":[1114,86,915],"class_list":["post-35884","post","type-post","status-publish","format-standard","hentry","category-notas","tag-cryptobera","tag-festa","tag-oficinas"],"jetpack_publicize_connections":[],"jetpack_sharing_enabled":true,"jetpack_featured_media_url":"","jetpack_shortlink":"https:\/\/wp.me\/p7wKYW-9kM","jetpack-related-posts":[],"_links":{"self":[{"href":"http:\/\/blogdalucianaoliveira.com.br\/blog\/wp-json\/wp\/v2\/posts\/35884","targetHints":{"allow":["GET"]}}],"collection":[{"href":"http:\/\/blogdalucianaoliveira.com.br\/blog\/wp-json\/wp\/v2\/posts"}],"about":[{"href":"http:\/\/blogdalucianaoliveira.com.br\/blog\/wp-json\/wp\/v2\/types\/post"}],"author":[{"embeddable":true,"href":"http:\/\/blogdalucianaoliveira.com.br\/blog\/wp-json\/wp\/v2\/users\/1"}],"replies":[{"embeddable":true,"href":"http:\/\/blogdalucianaoliveira.com.br\/blog\/wp-json\/wp\/v2\/comments?post=35884"}],"version-history":[{"count":3,"href":"http:\/\/blogdalucianaoliveira.com.br\/blog\/wp-json\/wp\/v2\/posts\/35884\/revisions"}],"predecessor-version":[{"id":35888,"href":"http:\/\/blogdalucianaoliveira.com.br\/blog\/wp-json\/wp\/v2\/posts\/35884\/revisions\/35888"}],"wp:attachment":[{"href":"http:\/\/blogdalucianaoliveira.com.br\/blog\/wp-json\/wp\/v2\/media?parent=35884"}],"wp:term":[{"taxonomy":"category","embeddable":true,"href":"http:\/\/blogdalucianaoliveira.com.br\/blog\/wp-json\/wp\/v2\/categories?post=35884"},{"taxonomy":"post_tag","embeddable":true,"href":"http:\/\/blogdalucianaoliveira.com.br\/blog\/wp-json\/wp\/v2\/tags?post=35884"}],"curies":[{"name":"wp","href":"https:\/\/api.w.org\/{rel}","templated":true}]}}