{"id":35889,"date":"2024-08-28T09:28:18","date_gmt":"2024-08-28T13:28:18","guid":{"rendered":"http:\/\/blogdalucianaoliveira.com.br\/blog\/?p=35889"},"modified":"2024-08-28T09:28:18","modified_gmt":"2024-08-28T13:28:18","slug":"mais-de-80-dos-focos-de-calor-em-sp-estao-em-areas-de-agropecuaria","status":"publish","type":"post","link":"http:\/\/blogdalucianaoliveira.com.br\/blog\/2024\/08\/28\/mais-de-80-dos-focos-de-calor-em-sp-estao-em-areas-de-agropecuaria\/","title":{"rendered":"Mais de 80% dos focos de calor em SP est\u00e3o em \u00e1reas de agropecu\u00e1ria"},"content":{"rendered":"<p><img data-recalc-dims=\"1\" loading=\"lazy\" decoding=\"async\" data-attachment-id=\"35890\" data-permalink=\"http:\/\/blogdalucianaoliveira.com.br\/blog\/2024\/08\/28\/mais-de-80-dos-focos-de-calor-em-sp-estao-em-areas-de-agropecuaria\/img_8688\/\" data-orig-file=\"https:\/\/i0.wp.com\/blogdalucianaoliveira.com.br\/blog\/wp-content\/uploads\/2024\/08\/IMG_8688.jpeg?fit=1002%2C573\" data-orig-size=\"1002,573\" data-comments-opened=\"0\" data-image-meta=\"{&quot;aperture&quot;:&quot;0&quot;,&quot;credit&quot;:&quot;&quot;,&quot;camera&quot;:&quot;&quot;,&quot;caption&quot;:&quot;&quot;,&quot;created_timestamp&quot;:&quot;0&quot;,&quot;copyright&quot;:&quot;&quot;,&quot;focal_length&quot;:&quot;0&quot;,&quot;iso&quot;:&quot;0&quot;,&quot;shutter_speed&quot;:&quot;0&quot;,&quot;title&quot;:&quot;&quot;,&quot;orientation&quot;:&quot;1&quot;}\" data-image-title=\"IMG_8688\" data-image-description=\"\" data-image-caption=\"\" data-medium-file=\"https:\/\/i0.wp.com\/blogdalucianaoliveira.com.br\/blog\/wp-content\/uploads\/2024\/08\/IMG_8688.jpeg?fit=300%2C172\" data-large-file=\"https:\/\/i0.wp.com\/blogdalucianaoliveira.com.br\/blog\/wp-content\/uploads\/2024\/08\/IMG_8688.jpeg?fit=600%2C343\" class=\"alignnone size-full wp-image-35890\" src=\"https:\/\/i0.wp.com\/blogdalucianaoliveira.com.br\/blog\/wp-content\/uploads\/2024\/08\/IMG_8688.jpeg?resize=600%2C343\" alt=\"\" width=\"600\" height=\"343\" srcset=\"https:\/\/i0.wp.com\/blogdalucianaoliveira.com.br\/blog\/wp-content\/uploads\/2024\/08\/IMG_8688.jpeg?w=1002 1002w, https:\/\/i0.wp.com\/blogdalucianaoliveira.com.br\/blog\/wp-content\/uploads\/2024\/08\/IMG_8688.jpeg?resize=300%2C172 300w, https:\/\/i0.wp.com\/blogdalucianaoliveira.com.br\/blog\/wp-content\/uploads\/2024\/08\/IMG_8688.jpeg?resize=768%2C439 768w, https:\/\/i0.wp.com\/blogdalucianaoliveira.com.br\/blog\/wp-content\/uploads\/2024\/08\/IMG_8688.jpeg?resize=525%2C300 525w\" sizes=\"auto, (max-width: 600px) 100vw, 600px\" \/><\/p>\n<h3 class=\"col-10 offset-1 animated fadeInDown dealy-900 display-8 display-md-8 alt-font font-italic my-1 text-center\">Levantamento \u00e9 do Instituto de Pesquisa Ambiental da Amaz\u00f4nia<\/h3>\n<p><!--more--><\/p>\n<p>Ag\u00eancia Brasil &#8211; Entre os dias 22 e 24 de agosto, foram identificados 2,6 mil focos de calor no estado de S\u00e3o Paulo. De cada dez, oito (81,29%) estavam em \u00e1reas ocupadas pela agropecu\u00e1ria, conforme revela levantamento do Instituto de Pesquisa Ambiental da Amaz\u00f4nia (Ipam), divulgado nesta ter\u00e7a-feira (27). <img data-recalc-dims=\"1\" decoding=\"async\" src=\"https:\/\/i0.wp.com\/agenciabrasil.ebc.com.br\/ebc.png?w=600&#038;ssl=1\" \/><img data-recalc-dims=\"1\" decoding=\"async\" src=\"https:\/\/i0.wp.com\/agenciabrasil.ebc.com.br\/ebc.gif?w=600&#038;ssl=1\" \/><\/p>\n<p>Para fazer o monitoramento e mensurar o alcance do fogo, o \u00f3rg\u00e3o reuniu imagens captadas por sat\u00e9lites e informa\u00e7\u00f5es produzidas em 2023 pela Rede MapBiomas, da qual \u00e9 membro. O Ipam constatou que 1,2 mil focos de calor (44,45%) foram localizadas em per\u00edmetros de cultivo de cana-de-a\u00e7\u00facar e 524 (19,99%) em pontos chamados de \u201cmosaicos de usos\u201d, termo que designa aqueles em que n\u00e3o \u00e9 poss\u00edvel fazer distin\u00e7\u00e3o entre pasto e\/ou agricultura. Outros 247 (9,42%) eram \u00e1reas de pastagem e 195 (7,43%) \u00e1reas de silvicultura, soja, citrus, caf\u00e9 e outros tipos de cultura.<\/p>\n<p>A zona de vegeta\u00e7\u00e3o nativa teve 440 focos de calor (16,77% do total). As forma\u00e7\u00f5es florestais foram o tipo mais atingido, representando 13,57% dos focos.<\/p>\n<p>Cinco cidades concentraram 13,31% dos focos de calor registrados no per\u00edodo: Pitangueiras (3,36%); Altin\u00f3polis (3,28%); Sert\u00e3ozinho (2,4%); Ol\u00edmpia (2,17%) e Cajuru (2,1%). Todas est\u00e3o pr\u00f3ximas a Ribeir\u00e3o Preto, com exce\u00e7\u00e3o de Ol\u00edmpia, que faz parte da Regi\u00e3o Metropolitana de S\u00e3o Jos\u00e9 do Rio Preto.<\/p>\n<p>Na sexta-feira (23), foram contabilizados mais focos de calor do que em todos os estados da Amaz\u00f4nia juntos, o que o Ipam destaca como situa\u00e7\u00e3o cr\u00edtica da unidade federativa.<\/p>\n<p>Tamb\u00e9m na sexta-feira, os especialistas do Ipam notaram o surgimento de colunas de fuma\u00e7a a cada 90 minutos, entre 10h30 e 12h, ao analisar as imagens produzidas pelo sat\u00e9lite geoestacion\u00e1rio, que captura uma nova cena a cada 10 minutos. Al\u00e9m disso, o sat\u00e9lite que capta focos de calor na parte da manh\u00e3 e no final da tarde registrou um aumento de 25 para 1.886 focos em todo o estado.<\/p>\n<p>Segundo a diretora de Ci\u00eancia do Ipam, Ane Alencar, se trata de um quadro at\u00edpico. &#8220;\u00c9 como se fosse um Dia do Fogo exclusivo para a realidade do estado, evidenciado pela cortina de fuma\u00e7a simult\u00e2nea que surge visualmente a oeste&#8221;, observa, em refer\u00eancia ao epis\u00f3dio, em\u00a0 agosto de 2019, quando fazendeiros do Par\u00e1 provocaram inc\u00eandios em diversos pontos da Amaz\u00f4nia, atingindo unidades de Conserva\u00e7\u00e3o e terras ind\u00edgenas.<\/p>\n","protected":false},"excerpt":{"rendered":"<p>Levantamento \u00e9 do Instituto de Pesquisa Ambiental da Amaz\u00f4nia<\/p>\n","protected":false},"author":1,"featured_media":0,"comment_status":"closed","ping_status":"open","sticky":false,"template":"","format":"standard","meta":{"_exactmetrics_skip_tracking":false,"_exactmetrics_sitenote_active":false,"_exactmetrics_sitenote_note":"","_exactmetrics_sitenote_category":0,"jetpack_post_was_ever_published":false,"_jetpack_newsletter_access":"","_jetpack_dont_email_post_to_subs":false,"_jetpack_newsletter_tier_id":0,"_jetpack_memberships_contains_paywalled_content":false,"_jetpack_memberships_contains_paid_content":false,"footnotes":"","jetpack_publicize_message":"","jetpack_publicize_feature_enabled":true,"jetpack_social_post_already_shared":true,"jetpack_social_options":{"image_generator_settings":{"template":"highway","enabled":false},"version":2}},"categories":[1],"tags":[607,1115,295],"class_list":["post-35889","post","type-post","status-publish","format-standard","hentry","category-notas","tag-agro","tag-agropecuaria","tag-queimadas"],"jetpack_publicize_connections":[],"jetpack_sharing_enabled":true,"jetpack_featured_media_url":"","jetpack_shortlink":"https:\/\/wp.me\/p7wKYW-9kR","jetpack-related-posts":[],"_links":{"self":[{"href":"http:\/\/blogdalucianaoliveira.com.br\/blog\/wp-json\/wp\/v2\/posts\/35889","targetHints":{"allow":["GET"]}}],"collection":[{"href":"http:\/\/blogdalucianaoliveira.com.br\/blog\/wp-json\/wp\/v2\/posts"}],"about":[{"href":"http:\/\/blogdalucianaoliveira.com.br\/blog\/wp-json\/wp\/v2\/types\/post"}],"author":[{"embeddable":true,"href":"http:\/\/blogdalucianaoliveira.com.br\/blog\/wp-json\/wp\/v2\/users\/1"}],"replies":[{"embeddable":true,"href":"http:\/\/blogdalucianaoliveira.com.br\/blog\/wp-json\/wp\/v2\/comments?post=35889"}],"version-history":[{"count":1,"href":"http:\/\/blogdalucianaoliveira.com.br\/blog\/wp-json\/wp\/v2\/posts\/35889\/revisions"}],"predecessor-version":[{"id":35891,"href":"http:\/\/blogdalucianaoliveira.com.br\/blog\/wp-json\/wp\/v2\/posts\/35889\/revisions\/35891"}],"wp:attachment":[{"href":"http:\/\/blogdalucianaoliveira.com.br\/blog\/wp-json\/wp\/v2\/media?parent=35889"}],"wp:term":[{"taxonomy":"category","embeddable":true,"href":"http:\/\/blogdalucianaoliveira.com.br\/blog\/wp-json\/wp\/v2\/categories?post=35889"},{"taxonomy":"post_tag","embeddable":true,"href":"http:\/\/blogdalucianaoliveira.com.br\/blog\/wp-json\/wp\/v2\/tags?post=35889"}],"curies":[{"name":"wp","href":"https:\/\/api.w.org\/{rel}","templated":true}]}}