{"id":35892,"date":"2024-08-28T10:15:50","date_gmt":"2024-08-28T14:15:50","guid":{"rendered":"http:\/\/blogdalucianaoliveira.com.br\/blog\/?p=35892"},"modified":"2024-08-28T10:15:50","modified_gmt":"2024-08-28T14:15:50","slug":"desmatamento-e-caro-fogo-e-mais-barato-explica-presidente-do-ibama-sobre-queimadas","status":"publish","type":"post","link":"http:\/\/blogdalucianaoliveira.com.br\/blog\/2024\/08\/28\/desmatamento-e-caro-fogo-e-mais-barato-explica-presidente-do-ibama-sobre-queimadas\/","title":{"rendered":"\u201cDesmatamento \u00e9 caro, fogo \u00e9 mais barato\u201d, explica presidente do Ibama, sobre queimadas"},"content":{"rendered":"<p><img data-recalc-dims=\"1\" loading=\"lazy\" decoding=\"async\" data-attachment-id=\"35893\" data-permalink=\"http:\/\/blogdalucianaoliveira.com.br\/blog\/2024\/08\/28\/desmatamento-e-caro-fogo-e-mais-barato-explica-presidente-do-ibama-sobre-queimadas\/img_8689\/\" data-orig-file=\"https:\/\/i0.wp.com\/blogdalucianaoliveira.com.br\/blog\/wp-content\/uploads\/2024\/08\/IMG_8689.jpeg?fit=1170%2C1255\" data-orig-size=\"1170,1255\" data-comments-opened=\"0\" data-image-meta=\"{&quot;aperture&quot;:&quot;0&quot;,&quot;credit&quot;:&quot;&quot;,&quot;camera&quot;:&quot;&quot;,&quot;caption&quot;:&quot;&quot;,&quot;created_timestamp&quot;:&quot;0&quot;,&quot;copyright&quot;:&quot;&quot;,&quot;focal_length&quot;:&quot;0&quot;,&quot;iso&quot;:&quot;0&quot;,&quot;shutter_speed&quot;:&quot;0&quot;,&quot;title&quot;:&quot;&quot;,&quot;orientation&quot;:&quot;1&quot;}\" data-image-title=\"IMG_8689\" data-image-description=\"\" data-image-caption=\"\" data-medium-file=\"https:\/\/i0.wp.com\/blogdalucianaoliveira.com.br\/blog\/wp-content\/uploads\/2024\/08\/IMG_8689.jpeg?fit=280%2C300\" data-large-file=\"https:\/\/i0.wp.com\/blogdalucianaoliveira.com.br\/blog\/wp-content\/uploads\/2024\/08\/IMG_8689.jpeg?fit=600%2C643\" class=\"alignnone size-full wp-image-35893\" src=\"https:\/\/i0.wp.com\/blogdalucianaoliveira.com.br\/blog\/wp-content\/uploads\/2024\/08\/IMG_8689.jpeg?resize=600%2C644\" alt=\"\" width=\"600\" height=\"644\" srcset=\"https:\/\/i0.wp.com\/blogdalucianaoliveira.com.br\/blog\/wp-content\/uploads\/2024\/08\/IMG_8689.jpeg?w=1170 1170w, https:\/\/i0.wp.com\/blogdalucianaoliveira.com.br\/blog\/wp-content\/uploads\/2024\/08\/IMG_8689.jpeg?resize=280%2C300 280w, https:\/\/i0.wp.com\/blogdalucianaoliveira.com.br\/blog\/wp-content\/uploads\/2024\/08\/IMG_8689.jpeg?resize=955%2C1024 955w, https:\/\/i0.wp.com\/blogdalucianaoliveira.com.br\/blog\/wp-content\/uploads\/2024\/08\/IMG_8689.jpeg?resize=768%2C824 768w\" sizes=\"auto, (max-width: 600px) 100vw, 600px\" \/><\/p>\n<p>Em entrevista, Rodrigo Agostinho detalha o que se sabe dos inc\u00eandios em S\u00e3o Paulo, Pantanal e na Amaz\u00f4nia<\/p>\n<p><!--more--><\/p>\n<p data-pf_style_display=\"block\" data-pf_style_visibility=\"visible\"><span class=\"text-node\">A P\u00fablica &#8211; O cen\u00e1rio de queimadas pelo qual passa o Brasil \u00e9 dram\u00e1tico. Mais de 15% da \u00e1rea do <\/span><a href=\"https:\/\/apublica.org\/tag\/pantanal\/\" target=\"_blank\" rel=\"noreferrer noopener\" data-pf_style_display=\"inline\" data-pf_style_visibility=\"visible\"><span class=\"text-node\">Pantanal<\/span><\/a><span class=\"text-node\"> j\u00e1 queimou neste ano. A Amaz\u00f4nia, em meio ao segundo ano consecutivo de seca, enfrenta um aumento dos focos em rela\u00e7\u00e3o a 2023, apesar da queda do desmatamento. E S\u00e3o Paulo bateu o recorde de focos de calor medidos pelo Instituto Nacional de Pesquisas Espaciais (<\/span><span class=\"glossaryLink\" style=\"box-sizing: border-box; box-shadow: none !important;\" tabindex=\"0\" role=\"link\" aria-describedby=\"tt\" data-cmtooltip=\"&lt;div class=glossaryItemTitle&gt;INPE&lt;\/div&gt;&lt;div class=glossaryItemBody&gt;&amp;lt;!-- wp:paragraph --&amp;gt;Instituto Nacional de Pesquisas Espaciais \u00e9 um instituto federal brasileiro dedicado \u00e0 pesquisa e explora\u00e7\u00e3o espacial, criado em 1961&amp;lt;br\/&amp;gt;&amp;lt;!-- \/wp:paragraph --&amp;gt;&lt;\/div&gt;\" data-gt-translate-attributes=\"[{&quot;attribute&quot;:&quot;data-cmtooltip&quot;, &quot;format&quot;:&quot;html&quot;}]\" data-pf_style_display=\"inline\" data-pf_style_visibility=\"visible\"><span class=\"text-node\">Inpe<\/span><\/span><span class=\"text-node\">) em quase 30 anos.<\/span><\/p>\n<p data-pf_style_display=\"block\" data-pf_style_visibility=\"visible\"><span class=\"text-node\">De acordo com o presidente do Instituto Brasileiro do Meio Ambiente e dos Recursos Naturais Renov\u00e1veis (Ibama), Rodrigo Agostinho, por tr\u00e1s desses n\u00fameros aterradores, h\u00e1 uma combina\u00e7\u00e3o de fatores: <\/span><span class=\"highlighter\" data-pf_style_display=\"inline\" data-pf_style_visibility=\"visible\"><span class=\"text-node\">agravamento da crise clim\u00e1tica, desmatamento de anos anteriores, falta de conscientiza\u00e7\u00e3o e uma mudan\u00e7a na estrat\u00e9gia de desmatamento<\/span><\/span><span class=\"text-node\">.<\/span><\/p>\n<p data-pf_style_display=\"block\" data-pf_style_visibility=\"visible\"><span class=\"text-node\">\u201cAs pessoas est\u00e3o trabalhando numa l\u00f3gica de \u201cvamos degradar a floresta e vamos colocar gado do mesmo jeito. E, para degradar a floresta, vamos queimar\u201d. [\u2026] \u00c9 muito essa l\u00f3gica: eu vou acabar com a floresta. N\u00e3o preciso desmatar. Porque o desmatamento \u00e9 caro. O fogo \u00e9 muito mais barato, s\u00f3 comprar gasolina e sair espalhando\u201d, comenta. Segundo Agostinho, essa estrat\u00e9gia explica o porqu\u00ea de os inc\u00eandios serem t\u00e3o intensos apesar da diminui\u00e7\u00e3o do desmatamento da Amaz\u00f4nia.<\/span><\/p>\n<p data-pf_style_display=\"block\" data-pf_style_visibility=\"visible\"><span class=\"highlighter\" data-pf_style_display=\"inline\" data-pf_style_visibility=\"visible\"><span class=\"text-node\">O presidente do Ibama afirma que fiscalizar inc\u00eandios criminosos \u00e9 mais dif\u00edcil que o desmatamento tradicional, que tem sido combatido por meio de sat\u00e9lites.<\/span><\/span><span class=\"text-node\">\u201cVoc\u00ea tem a pessoa que coloca fogo, que \u00e9 criminoso, mas tem, \u00e0s vezes, um monte de gente, vizinho dele, que \u00e9 v\u00edtima [\u2026] O cara vai l\u00e1, passa o corrent\u00e3o, p\u00f5e fogo, quer destruir mesmo. E, de repente, o vizinho dele queima tamb\u00e9m. O outro cara, que cuida de on\u00e7a, tamb\u00e9m perde a fazenda. O outro que est\u00e1 l\u00e1 preservando, porque gosta do Pantanal, tamb\u00e9m \u00e9 v\u00edtima\u201d, avalia.<\/span><\/p>\n<div class=\"py-4 px-0 px-md-4\" data-pf_style_display=\"block\" data-pf_style_visibility=\"visible\">\n<div class=\"bg-primary py-2 px-4\" data-pf_style_display=\"block\" data-pf_style_visibility=\"visible\">\n<p data-pf_style_display=\"block\" data-pf_style_visibility=\"visible\"><span class=\"text-node\">Questionado sobre qual deve ser a sa\u00edda para reduzir as queimadas no Brasil, Agostinho defende que o Ibama vive ao mesmo tempo um momento de maior estrutura, com mais equipes e recursos, mas tamb\u00e9m de maior dificuldade para lidar com um clima mais extremo \u2013 e a sa\u00edda n\u00e3o vai ser apenas investir na repress\u00e3o aos crimes ambientais.<\/span><\/p>\n<p data-pf_style_display=\"block\" data-pf_style_visibility=\"visible\"><span class=\"text-node\">\u201cNa natureza, quando pegava fogo no Cerrado? Quando estava come\u00e7ando a \u00e9poca de chuva e ca\u00edam os primeiros raios. Ent\u00e3o, voc\u00ea j\u00e1 tinha umidade [\u2026] Quando o fogo ocorre nessa \u00e9poca [de seca], a\u00ed \u00e9 trag\u00e9dia. <\/span><span class=\"highlighter\" data-pf_style_display=\"inline\" data-pf_style_visibility=\"visible\"><span class=\"text-node\">De maneira muito clara: as mudan\u00e7as clim\u00e1ticas chegaram. [\u2026] Agora, se a gente n\u00e3o tivesse reduzido o desmatamento na Amaz\u00f4nia, a crise com certeza seria muito maior<\/span><\/span><span class=\"text-node\">\u201d, defende.<\/span><\/p>\n<p data-pf_style_display=\"block\" data-pf_style_visibility=\"visible\"><span class=\"text-node\">Leia a entrevista completa abaixo.<\/span><\/p>\n<p data-pf_style_display=\"block\" data-pf_style_visibility=\"visible\"><strong data-pf_style_display=\"inline\" data-pf_style_visibility=\"visible\"><span class=\"text-node\">Primeiro, queria saber sobre a suspeita que voc\u00eas levantaram de a\u00e7\u00e3o orquestrada em rela\u00e7\u00e3o aos inc\u00eandios em S\u00e3o Paulo. Voc\u00eas t\u00eam mais algum ind\u00edcio disso?\u00a0<\/span><\/strong><\/p>\n<p data-pf_style_display=\"block\" data-pf_style_visibility=\"visible\"><span class=\"text-node\">S\u00e3o Paulo \u00e9 um estado super, superdesenvolvido, n\u00e9? Tem um Corpo de Bombeiros com mais de 9 mil pessoas. As pr\u00f3prias usinas de \u00e1lcool, j\u00e1 faz mais de uma d\u00e9cada que pararam de queimar. <\/span><span class=\"highlighter\" data-pf_style_display=\"inline\" data-pf_style_visibility=\"visible\"><span class=\"text-node\">E o que chamou a aten\u00e7\u00e3o, obviamente, foi que os focos de calor come\u00e7aram quase todos ao mesmo tempo em cidades onde a atividade principal era a cana-de-a\u00e7\u00facar<\/span><\/span><span class=\"text-node\">.<\/span><\/p>\n<p data-pf_style_display=\"block\" data-pf_style_visibility=\"visible\"><span class=\"text-node\">Ent\u00e3o, obviamente, a gente n\u00e3o tem prova nenhuma, ind\u00edcio nenhum, de que tenha sido algo organizado, orquestrado. Mas todos os inc\u00eandios que a gente tem em S\u00e3o Paulo, algu\u00e9m colocou fogo. N\u00e3o existe gera\u00e7\u00e3o espont\u00e2nea de fogo.\u00a0<\/span><\/p>\n<p data-pf_style_display=\"block\" data-pf_style_visibility=\"visible\"><span class=\"text-node\">Pode ser que sejam pessoas isoladas, que, por sadismo, resolveram colocar fogo. Viram aquele mato seco, aquela palha toda, e resolveram queimar. Mas quem vai dar respostas disso \u00e9 o pr\u00f3prio inqu\u00e9rito.<\/span><\/p>\n<p data-pf_style_display=\"block\" data-pf_style_visibility=\"visible\"><span class=\"text-node\">Agora, tem inqu\u00e9ritos que foram abertos pela Pol\u00edcia Civil de S\u00e3o Paulo. E teve inqu\u00e9ritos que a gente pediu abertura para a Pol\u00edcia Federal. Eu mesmo pedi. Porque o que chama a aten\u00e7\u00e3o \u00e9 que, de fato, os inc\u00eandios aconteceram quase todos ao mesmo tempo e atingiram principalmente \u00e1reas agr\u00edcolas.<\/span><\/p>\n<p data-pf_style_display=\"block\" data-pf_style_visibility=\"visible\"><span class=\"highlighter\" data-pf_style_display=\"inline\" data-pf_style_visibility=\"visible\"><span class=\"text-node\">De maneira geral, o fogo no Brasil tem sido todo ele pela a\u00e7\u00e3o humana.<\/span><\/span><\/p>\n<p data-pf_style_display=\"block\" data-pf_style_visibility=\"visible\"><strong data-pf_style_display=\"inline\" data-pf_style_visibility=\"visible\"><span class=\"text-node\">\u2060\u2060Sobre a Amaz\u00f4nia, mesmo com o desmatamento em queda, as queimadas subiram. S\u00f3 conter o desmatamento j\u00e1 n\u00e3o basta mais? Vai ser preciso pensar em novas estrat\u00e9gias?<\/span><\/strong><\/p>\n<p data-pf_style_display=\"block\" data-pf_style_visibility=\"visible\"><span class=\"text-node\">Na Amaz\u00f4nia, o que a gente est\u00e1 vendo \u00e9 que as pessoas pararam de desmatar porque perceberam que a gente [o Ibama] est\u00e1 sendo muito duro. A gente autua todo mundo, embarga, recolhe o gado. <\/span><span class=\"highlighter\" data-pf_style_display=\"inline\" data-pf_style_visibility=\"visible\"><span class=\"text-node\">Logo, as pessoas est\u00e3o trabalhando numa l\u00f3gica de \u201cvamos degradar a floresta e vamos colocar gado do mesmo jeito. E, para degradar a floresta, vamos queimar\u201d.<\/span><\/span><\/p>\n<p data-pf_style_display=\"block\" data-pf_style_visibility=\"visible\"><span class=\"text-node\">Ent\u00e3o, isso est\u00e1 sendo uma pr\u00e1tica recorrente em algumas regi\u00f5es da Amaz\u00f4nia, principalmente ao longo de estradas, como a BR-163, o come\u00e7o da BR-319, perto de Rond\u00f4nia, e a BR-230, que \u00e9 a Transamaz\u00f4nica. <\/span><span class=\"highlighter\" data-pf_style_display=\"inline\" data-pf_style_visibility=\"visible\"><span class=\"text-node\">Ent\u00e3o, Apu\u00ed, L\u00e1brea, Humait\u00e1, Manicor\u00e9, toda aquela regi\u00e3o onde tem muito fogo. E fogo colocado. Fogo colocado em terra p\u00fablica.<\/span><\/span><span class=\"text-node\"> Ent\u00e3o, \u00e9 uma situa\u00e7\u00e3o bem complicada.<\/span><\/p>\n<p data-pf_style_display=\"block\" data-pf_style_visibility=\"visible\"><strong data-pf_style_display=\"inline\" data-pf_style_visibility=\"visible\"><span class=\"text-node\">Mas qual seria a l\u00f3gica por tr\u00e1s desse movimento? H\u00e1 uma compreens\u00e3o de que \u00e9 mais f\u00e1cil se safar com fogo do que com desmatamento?<\/span><\/strong><\/p>\n<p data-pf_style_display=\"block\" data-pf_style_visibility=\"visible\"><span class=\"text-node\">\u00c9 a nossa percep\u00e7\u00e3o. A gente percebeu logo no come\u00e7o do ano passado que o pessoal ainda estava incr\u00e9dulo com o fato de que a gente monitora tudo por sat\u00e9lite. A pessoa acha que, se o fiscal n\u00e3o passar, ningu\u00e9m vai ser pego. Mas a gente est\u00e1 acompanhando tudo por sat\u00e9lite.<\/span><\/p>\n<p data-pf_style_display=\"block\" data-pf_style_visibility=\"visible\"><span class=\"highlighter\" data-pf_style_display=\"inline\" data-pf_style_visibility=\"visible\"><span class=\"text-node\">Desde o ano passado, a gente come\u00e7ou a embargar muita \u00e1rea desmatada a partir dos alertas que a gente recebe com imagem de sat\u00e9lite.<\/span><\/span><span class=\"text-node\">Com a \u00e1rea embargada, a pessoa n\u00e3o pode mais criar gado, porque os frigor\u00edficos s\u00e9rios n\u00e3o compram. N\u00e3o consegue plantar soja. N\u00e3o consegue pegar financiamento. Multa do Ibama nem todo mundo paga, mas n\u00e3o conseguir financiamento, isso pesa no bolso de quem quer produzir.<\/span><\/p>\n<p data-pf_style_display=\"block\" data-pf_style_visibility=\"visible\"><span class=\"text-node\">S\u00f3 que a\u00ed a gente come\u00e7ou a entender melhor o processo de degrada\u00e7\u00e3o florestal. <\/span><span class=\"highlighter\" data-pf_style_display=\"inline\" data-pf_style_visibility=\"visible\"><span class=\"text-node\">Primeiro, fazem a extra\u00e7\u00e3o seletiva de madeira e, depois, as pessoas colocam fogo na floresta.<\/span><\/span><span class=\"text-node\"> Como est\u00e1 muito seco, as \u00e1rvores v\u00e3o perdendo as folhas, tem muita folha no ch\u00e3o, \u00e9 material inflam\u00e1vel. A\u00ed queimam um ano, dois anos, tr\u00eas anos. De repente, algu\u00e9m planta pastagem l\u00e1 dentro, coloca gado. Acham que ningu\u00e9m vai perceber a destrui\u00e7\u00e3o da floresta de forma gradativa.<\/span><\/p>\n<p data-pf_style_display=\"block\" data-pf_style_visibility=\"visible\"><strong data-pf_style_display=\"inline\" data-pf_style_visibility=\"visible\"><span class=\"text-node\">E isso \u00e9 mais dif\u00edcil de combater?<\/span><\/strong><\/p>\n<p data-pf_style_display=\"block\" data-pf_style_visibility=\"visible\"><span class=\"text-node\">Historicamente, pelos dados que temos no PrevFogo, do Ibama, 70% do fogo na Amaz\u00f4nia sempre foi em \u00e1rea de desmatamento, onde a floresta j\u00e1 foi derrubada.\u00a0<\/span><\/p>\n<p data-pf_style_display=\"block\" data-pf_style_visibility=\"visible\"><span class=\"text-node\">Mas o que a gente vem percebendo \u00e9 que est\u00e1 tendo muito fogo em \u00e1rea de floresta. A pessoa coloca fogo na floresta ou coloca fogo no pasto e depois ele acaba escapando para a \u00e1rea de floresta.<\/span><\/p>\n<p data-pf_style_display=\"block\" data-pf_style_visibility=\"visible\"><span class=\"highlighter\" data-pf_style_display=\"inline\" data-pf_style_visibility=\"visible\"><span class=\"text-node\">\u00c9 muito essa l\u00f3gica: \u201cEu vou acabar com a floresta. N\u00e3o preciso desmatar. Porque o desmatamento \u00e9 caro. O fogo \u00e9 muito mais barato, s\u00f3 comprar gasolina e sair espalhando\u201d.<\/span><\/span><span class=\"text-node\"> A nossa sensa\u00e7\u00e3o \u00e9 que as pessoas est\u00e3o apostando nessa ideia: aproveitar que est\u00e1 seco, quente, que a floresta n\u00e3o tem mais aquela umidade que ela tinha. \u00c9 uma janela de oportunidade: \u201cJ\u00e1 que eu n\u00e3o posso mais desmatar, vou botar fogo\u201d.<\/span><\/p>\n<figure class=\"wp-block-image alignwide size-full wp-lightbox-container pf-caption flex-width mediumImage pf-size-full\" data-wp-context=\"{&quot;uploadedSrc&quot;:&quot;https:\\\/\\\/apublica.org\\\/wp-content\\\/uploads\\\/2024\\\/08\\\/Foto2_Desmatamento-e-caro-fogo-e-mais-barato-explica-presidente-do-Ibama-sobre-queimadas.jpg&quot;,&quot;figureClassNames&quot;:&quot;wp-block-image alignwide size-full&quot;,&quot;figureStyles&quot;:null,&quot;imgClassNames&quot;:&quot;wp-image-168414&quot;,&quot;imgStyles&quot;:null,&quot;targetWidth&quot;:1400,&quot;targetHeight&quot;:933,&quot;scaleAttr&quot;:false,&quot;ariaLabel&quot;:&quot;Aumentar imagem: Imagem mostra queimadas no Brasil em 2024&quot;,&quot;alt&quot;:&quot;Imagem mostra queimadas no Brasil em 2024&quot;}\" data-wp-interactive=\"core\/image\" data-pf_style_display=\"block\" data-pf_style_visibility=\"visible\"><img decoding=\"async\" class=\"wp-image-168414 caption-img flex-width pf-size-full mediumImage\" src=\"https:\/\/i0.wp.com\/apublica.org\/wp-content\/uploads\/2024\/08\/Foto2_Desmatamento-e-caro-fogo-e-mais-barato-explica-presidente-do-Ibama-sobre-queimadas.jpg?resize=640%2C427&amp;ssl=1\" sizes=\"(max-width: 709px) 85vw, (max-width: 909px) 67vw, (max-width: 1362px) 62vw, 2400px\" srcset=\"\" alt=\"Imagem mostra queimadas no Brasil em 2024\" width=\"640\" data-wp-init=\"callbacks.setButtonStyles\" data-wp-on-async--click=\"actions.showLightbox\" data-wp-on-async--load=\"callbacks.setButtonStyles\" data-wp-on-async-window--resize=\"callbacks.setButtonStyles\" data-recalc-dims=\"1\" data-pf_style_display=\"inline\" data-pf_style_visibility=\"visible\" data-pf_rect_width=\"310.15625\" data-pf_rect_height=\"18\" \/><figcaption class=\"wp-element-caption\" data-pf_style_display=\"block\" data-pf_style_visibility=\"visible\"><span class=\"text-node\">Fogo \u00e9 barato, explica presidente do Ibama<\/span><\/figcaption><\/figure>\n<p data-pf_style_display=\"block\" data-pf_style_visibility=\"visible\"><strong data-pf_style_display=\"inline\" data-pf_style_visibility=\"visible\"><span class=\"text-node\">Mas, ent\u00e3o, a no\u00e7\u00e3o de que contendo o desmatamento a gente vai conter o fogo talvez j\u00e1 n\u00e3o seja suficiente para combater as queimadas na Amaz\u00f4nia? N\u00e3o \u00e9 preciso pensar em outras estrat\u00e9gias?<\/span><\/strong><\/p>\n<p data-pf_style_display=\"block\" data-pf_style_visibility=\"visible\"><span class=\"text-node\">Ah, mas eu n\u00e3o tenho d\u00favidas disso. O Ibama \u00e9 muito bom \u2013 desde que ele tenha estrutura, desde que as pessoas tenham liberdade \u2013 no comando e controle. Minha equipe sabe fazer fiscaliza\u00e7\u00e3o. Trabalhamos muito no ano passado, autuando, embargando, retirando gado de \u00e1rea embargada, prendendo carga de soja de \u00e1rea embargada.<\/span><\/p>\n<p data-pf_style_display=\"block\" data-pf_style_visibility=\"visible\"><span class=\"highlighter\" data-pf_style_display=\"inline\" data-pf_style_visibility=\"visible\"><span class=\"text-node\">Agora, o combate ao desmatamento n\u00e3o \u00e9 s\u00f3 comando e controle.<\/span><\/span><span class=\"text-node\"> Tanto que o <\/span><a href=\"https:\/\/www.gov.br\/mma\/pt-br\/assuntos\/combate-ao-desmatamento-queimadas-e-ordenamento-ambiental-territorial\/controle-do-desmatamento-1\/amazonia-ppcdam-1\" target=\"_blank\" rel=\"noreferrer noopener\" data-pf_style_display=\"inline\" data-pf_style_visibility=\"visible\"><span class=\"text-node\">PPCDAM<\/span><\/a><span class=\"text-node\"> [Plano de A\u00e7\u00e3o para Preven\u00e7\u00e3o e Controle do Desmatamento na Amaz\u00f4nia Legal] \u00e9 muito claro nisso. Voc\u00ea tem que fazer todo o ordenamento territorial. N\u00f3s precisamos voltar a criar \u00e1reas protegidas, demarcar terras ind\u00edgenas. A gente precisa valorizar a floresta em p\u00e9, tem que ter pagamento de servi\u00e7os ambientais, servi\u00e7os baseados na natureza, mercado de carbono, concess\u00e3o florestal.<\/span><\/p>\n<p data-pf_style_display=\"block\" data-pf_style_visibility=\"visible\"><span class=\"text-node\">A gente precisa de muitas solu\u00e7\u00f5es na bioeconomia para manter a floresta em p\u00e9. A gente derrubou o desmatamento da Amaz\u00f4nia ano passado em 50%, esse ano mais 40% em cima dos nossos 50%, mas, sem sombra de d\u00favida, a gente tamb\u00e9m vai ter que ter outras estrat\u00e9gias.<\/span><\/p>\n<p data-pf_style_display=\"block\" data-pf_style_visibility=\"visible\"><span class=\"highlighter\" data-pf_style_display=\"inline\" data-pf_style_visibility=\"visible\"><span class=\"text-node\">Eu tamb\u00e9m n\u00e3o tenho d\u00favida de que se a gente n\u00e3o tivesse baixado o desmatamento, com essa seca hist\u00f3rica, os extremos de calor, a situa\u00e7\u00e3o seria muito pior.<\/span><\/span><span class=\"text-node\"> Se tivesse um desmatamento, como se teve nos anos anteriores, de 1 milh\u00e3o de hectares por ano, era 1 milh\u00e3o de hectares de \u00e1rea desmatada queimada; e, para cada \u00e1rea desmatada queimada, queimava mais outras tr\u00eas de floresta. As estat\u00edsticas seriam muito piores.<\/span><\/p>\n<p data-pf_style_display=\"block\" data-pf_style_visibility=\"visible\"><strong data-pf_style_display=\"inline\" data-pf_style_visibility=\"visible\"><span class=\"text-node\">Sim, mas n\u00e3o tem de mudar tamb\u00e9m o comando e controle, para mirar mais essa degrada\u00e7\u00e3o, esse fogo, que n\u00e3o \u00e9 do desmatamento?<\/span><\/strong><\/p>\n<p data-pf_style_display=\"block\" data-pf_style_visibility=\"visible\"><span class=\"text-node\">Sim, mas n\u00e3o \u00e9 f\u00e1cil. <\/span><span class=\"highlighter\" data-pf_style_display=\"inline\" data-pf_style_visibility=\"visible\"><span class=\"text-node\">Porque voc\u00ea tem a pessoa que coloca fogo, que \u00e9 criminoso, mas tem, \u00e0s vezes, um monte de gente, vizinho dele, que \u00e9 v\u00edtima.<\/span><\/span><span class=\"text-node\"> Isso ficou muito evidente agora no Pantanal. O cara vai l\u00e1, passa o corrent\u00e3o, p\u00f5e fogo, quer destruir mesmo. E, de repente, o vizinho dele, que \u00e9 uma RPPN [Reserva Particular do Patrim\u00f4nio Natural], queima tamb\u00e9m. O outro cara, que cuida de on\u00e7a, tamb\u00e9m perde a fazenda. O outro que est\u00e1 l\u00e1 preservando, porque gosta do Pantanal, tamb\u00e9m \u00e9 v\u00edtima. Ent\u00e3o, \u00e9 muito mais dif\u00edcil isso.<\/span><\/p>\n<p data-pf_style_display=\"block\" data-pf_style_visibility=\"visible\"><span class=\"text-node\">Tem tanto o fogo do pescador, que fez a fogueira e n\u00e3o apagou direito, tem o fogo do cara que foi queimar o lixo e a coisa fugiu do controle. \u00c0s vezes, \u00e9 um acidente. E, por outro lado, voc\u00ea tem tamb\u00e9m o cara que quer derrubar tudo, que quer queimar tudo. <\/span><span class=\"highlighter\" data-pf_style_display=\"inline\" data-pf_style_visibility=\"visible\"><span class=\"text-node\">Ent\u00e3o, fiscalizar fogo \u00e9 muito mais dif\u00edcil.<\/span><\/span><span class=\"text-node\"> \u00c9 muito mais f\u00e1cil fiscalizar quando voc\u00ea tem o desmatamento seguido do fogo. \u00c9 literalmente o batom na cueca.\u00a0<\/span><\/p>\n<p data-pf_style_display=\"block\" data-pf_style_visibility=\"visible\"><strong data-pf_style_display=\"inline\" data-pf_style_visibility=\"visible\"><span class=\"text-node\">Qual \u00e9 o padr\u00e3o de fogo que tem prevalecido no Pantanal?<\/span><\/strong><\/p>\n<p data-pf_style_display=\"block\" data-pf_style_visibility=\"visible\"><span class=\"text-node\">No Pantanal, a gente tem v\u00e1rias situa\u00e7\u00f5es. Mas, de maneira geral, tanto no Mato Grosso quanto no Mato Grosso do Sul, onde a agricultura e a pecu\u00e1ria s\u00e3o muito fortes, o pre\u00e7o da terra est\u00e1 muito alto.<\/span><\/p>\n<p data-pf_style_display=\"block\" data-pf_style_visibility=\"visible\"><span class=\"highlighter\" data-pf_style_display=\"inline\" data-pf_style_visibility=\"visible\"><span class=\"text-node\">Como o Pantanal est\u00e1 sofrendo com a seca e n\u00e3o tem mais as cheias que existiam antes, algumas pessoas resolveram come\u00e7ar a comprar terra.<\/span><\/span><span class=\"text-node\"> Nos \u00faltimos anos, a gente come\u00e7ou a ter desmatamento al\u00e9m da conta, inclusive desmatamento autorizado, seguindo a ideia de que, como o Pantanal n\u00e3o enche mais de \u00e1gua, d\u00e1 para plantar mais, produzir outras coisas. Quase todas as terras do Pantanal s\u00e3o terras tituladas, as pessoas t\u00eam matr\u00edcula do im\u00f3vel, t\u00eam cadastro ambiental rural.\u00a0<\/span><\/p>\n<p data-pf_style_display=\"block\" data-pf_style_visibility=\"visible\"><span class=\"text-node\">Obviamente que pela import\u00e2ncia biol\u00f3gica do Pantanal, pela import\u00e2ncia tur\u00edstica, as pessoas denunciam, teve toda uma press\u00e3o. O Mato Grosso do Sul conseguiu aprovar uma lei agora para o Pantanal. O Mato Grosso j\u00e1 tinha uma outra lei. De maneira geral, no Pantanal tem muito pouca unidade de conserva\u00e7\u00e3o. A gente est\u00e1 passando agora de 2 milh\u00f5es de hectares de \u00e1rea queimada no Pantanal. Isso d\u00e1 14% de toda a \u00e1rea do Pantanal.\u00a0<\/span><\/p>\n<figure class=\"wp-block-image alignwide size-full wp-lightbox-container pf-caption flex-width mediumImage pf-size-full\" data-wp-context=\"{&quot;uploadedSrc&quot;:&quot;https:\\\/\\\/apublica.org\\\/wp-content\\\/uploads\\\/2024\\\/08\\\/Foto3_Desmatamento-e-caro-fogo-e-mais-barato-explica-presidente-do-Ibama-sobre-queimadas.jpg&quot;,&quot;figureClassNames&quot;:&quot;wp-block-image alignwide size-full&quot;,&quot;figureStyles&quot;:null,&quot;imgClassNames&quot;:&quot;wp-image-168415&quot;,&quot;imgStyles&quot;:null,&quot;targetWidth&quot;:1400,&quot;targetHeight&quot;:933,&quot;scaleAttr&quot;:false,&quot;ariaLabel&quot;:&quot;Aumentar imagem: Imagem mostra bombeiro em queimadas no Brasil em 2024&quot;,&quot;alt&quot;:&quot;Imagem mostra bombeiro em queimadas no Brasil em 2024&quot;}\" data-wp-interactive=\"core\/image\" data-pf_style_display=\"block\" data-pf_style_visibility=\"visible\"><img decoding=\"async\" class=\"wp-image-168415 caption-img flex-width pf-size-full mediumImage\" src=\"https:\/\/i0.wp.com\/apublica.org\/wp-content\/uploads\/2024\/08\/Foto3_Desmatamento-e-caro-fogo-e-mais-barato-explica-presidente-do-Ibama-sobre-queimadas.jpg?resize=640%2C427&amp;ssl=1\" sizes=\"(max-width: 709px) 85vw, (max-width: 909px) 67vw, (max-width: 1362px) 62vw, 2400px\" srcset=\"\" alt=\"Imagem mostra bombeiro em queimadas no Brasil em 2024\" width=\"640\" data-wp-init=\"callbacks.setButtonStyles\" data-wp-on-async--click=\"actions.showLightbox\" data-wp-on-async--load=\"callbacks.setButtonStyles\" data-wp-on-async-window--resize=\"callbacks.setButtonStyles\" data-recalc-dims=\"1\" data-pf_style_display=\"inline\" data-pf_style_visibility=\"visible\" data-pf_rect_width=\"399.03125\" data-pf_rect_height=\"18\" \/><figcaption class=\"wp-element-caption\" data-pf_style_display=\"block\" data-pf_style_visibility=\"visible\"><span class=\"text-node\">Mais de 15% da \u00e1rea do Pantanal j\u00e1 queimou neste ano<\/span><\/figcaption><\/figure>\n<p data-pf_style_display=\"block\" data-pf_style_visibility=\"visible\"><strong data-pf_style_display=\"inline\" data-pf_style_visibility=\"visible\"><span class=\"text-node\">Uma das apostas do governo desde o come\u00e7o do ano passado era a aprova\u00e7\u00e3o do projeto de lei do manejo integrado do fogo (MIF), que conseguiu se aprovar recentemente. Quanto ele pode ajudar?<\/span><\/strong><\/p>\n<p data-pf_style_display=\"block\" data-pf_style_visibility=\"visible\"><span class=\"text-node\">O MIF \u00e9 um conjunto enorme de tecnologias sociais. N\u00e3o \u00e9 s\u00f3 a queima prescrita. O manejo integrado do fogo envolve muitas outras pr\u00e1ticas. Desde o final dos anos 1990, quando teve um inc\u00eandio muito grande no Parque Nacional de Emas, o Ibama adota o MIF, queimas controladas, em muitos lugares, mas notadamente em \u00e1reas federais.<\/span><\/p>\n<p data-pf_style_display=\"block\" data-pf_style_visibility=\"visible\"><span class=\"highlighter\" data-pf_style_display=\"inline\" data-pf_style_visibility=\"visible\"><span class=\"text-node\">Mas isso n\u00e3o \u00e9 para a \u00e1rea florestal. Voc\u00ea n\u00e3o vai pegar uma \u00e1rea de floresta amaz\u00f4nica, de Mata Atl\u00e2ntica e fazer a queima controlada.<\/span><\/span><span class=\"text-node\">N\u00e3o. Voc\u00ea vai fazer, talvez em algumas \u00e1reas da Caatinga, do Cerrado, em \u00e1reas de campos, em algumas \u00e1reas do Pantanal. \u00c9 basicamente para o ambiente sav\u00e2nico.<\/span><\/p>\n<p data-pf_style_display=\"block\" data-pf_style_visibility=\"visible\"><span class=\"text-node\">A gente tem aumentado o uso, e temos uma taxa de sucesso alt\u00edssima nos lugares onde ele \u00e9 implementado. Mas o percentual do territ\u00f3rio brasileiro onde isso \u00e9 feito ainda \u00e9 muito pequeno. S\u00e3o faixas dentro de algumas terras ind\u00edgenas, em algumas unidades de conserva\u00e7\u00e3o, como o Parque Nacional do Araguaia, a Ilha do Bananal.\u00a0<\/span><\/p>\n<p data-pf_style_display=\"block\" data-pf_style_visibility=\"visible\"><span class=\"text-node\">Agora, com a lei, a gente pretende que os estados tamb\u00e9m entendam a necessidade de usarem t\u00e9cnicas desse tipo. Alguns j\u00e1 adotam e, inclusive, autorizam propriet\u00e1rios rurais a fazerem a queima prescrita. Mas tem t\u00e9cnica, tem \u00e9poca do ano. Voc\u00ea n\u00e3o vai pegar agora que est\u00e1 tudo seco, esturricado e falar em fazer a queima prescrita. Agora n\u00e3o \u00e9 a hora. A queima prescrita acontece quando tem umidade.<\/span><\/p>\n<p data-pf_style_display=\"block\" data-pf_style_visibility=\"visible\"><span class=\"highlighter\" data-pf_style_display=\"inline\" data-pf_style_visibility=\"visible\"><span class=\"text-node\">Na natureza, quando pegava fogo no Cerrado? Quando estava come\u00e7ando a \u00e9poca de chuva e ca\u00edam os primeiros raios. Ent\u00e3o, voc\u00ea j\u00e1 tinha umidade.<\/span><\/span><span class=\"text-node\">Queimava, mas logo era contido. Um fogo lento, que d\u00e1 tempo de os animais fugirem, das \u00e1rvores n\u00e3o morrerem. \u00c9 a diferen\u00e7a entre fogo e inc\u00eandio. Quando o fogo ocorre nessa \u00e9poca [de seca], a\u00ed \u00e9 trag\u00e9dia.<\/span><\/p>\n<p data-pf_style_display=\"block\" data-pf_style_visibility=\"visible\"><span class=\"highlighter\" data-pf_style_display=\"inline\" data-pf_style_visibility=\"visible\"><span class=\"text-node\">De maneira muito clara: as mudan\u00e7as clim\u00e1ticas chegaram.<\/span><\/span><span class=\"text-node\">N\u00f3s ainda estamos sob o efeito do El Ni\u00f1o extremo. A La Ni\u00f1a n\u00e3o entrou com for\u00e7a. A gente est\u00e1 vendo at\u00e9 algumas ondas de massa fria conseguindo romper a barreira, mas elas se esgotam por poucos dias. Ent\u00e3o, o inverno est\u00e1 sendo todo picadinho. Esse, infelizmente, \u00e9 o novo normal. E isso nos imp\u00f5e novos desafios.<\/span><\/p>\n<div class=\"wp-block-image\" data-pf_style_display=\"block\" data-pf_style_visibility=\"visible\">\n<figure class=\"alignleft size-full is-resized wp-lightbox-container pf-caption flex-width mediumImage pf-size-full\" data-wp-context=\"{&quot;uploadedSrc&quot;:&quot;https:\\\/\\\/apublica.org\\\/wp-content\\\/uploads\\\/2024\\\/08\\\/2-Desmatamento-e-caro-fogo-e-mais-barato-explica-presidente-do-Ibama-sobre-queimadas.jpg&quot;,&quot;figureClassNames&quot;:&quot;alignleft size-full is-resized&quot;,&quot;figureStyles&quot;:null,&quot;imgClassNames&quot;:&quot;wp-image-168331&quot;,&quot;imgStyles&quot;:&quot;width:476px;height:auto&quot;,&quot;targetWidth&quot;:1000,&quot;targetHeight&quot;:1183,&quot;scaleAttr&quot;:false,&quot;ariaLabel&quot;:&quot;Aumentar imagem: Presidente do Ibama, Rodrigo Agostinho (\\u00e0 dir.), Presidente do ICMBio, Mauro Oliveira Pires (\\u00e0 esq.), e o Presidente da Rep\\u00fablica, Luiz In\\u00e1cio Lula da Silva (centro)&quot;,&quot;alt&quot;:&quot;Presidente do Ibama, Rodrigo Agostinho (\\u00e0 dir.), Presidente do ICMBio, Mauro Oliveira Pires (\\u00e0 esq.), e o Presidente da Rep\\u00fablica, Luiz In\\u00e1cio Lula da Silva (centro)&quot;}\" data-wp-interactive=\"core\/image\" data-pf_style_display=\"block\" data-pf_style_visibility=\"visible\"><img decoding=\"async\" class=\"wp-image-168331 caption-img flex-width pf-size-full mediumImage\" src=\"https:\/\/i0.wp.com\/apublica.org\/wp-content\/uploads\/2024\/08\/2-Desmatamento-e-caro-fogo-e-mais-barato-explica-presidente-do-Ibama-sobre-queimadas.jpg?resize=640%2C757&amp;ssl=1\" sizes=\"(max-width: 709px) 85vw, (max-width: 909px) 67vw, (max-width: 1362px) 62vw, 2400px\" srcset=\"\" alt=\"Presidente do Ibama, Rodrigo Agostinho (\u00e0 dir.), Presidente do ICMBio, Mauro Oliveira Pires (\u00e0 esq.), e o Presidente da Rep\u00fablica, Luiz In\u00e1cio Lula da Silva (centro)\" width=\"640\" data-wp-init=\"callbacks.setButtonStyles\" data-wp-on-async--click=\"actions.showLightbox\" data-wp-on-async--load=\"callbacks.setButtonStyles\" data-wp-on-async-window--resize=\"callbacks.setButtonStyles\" data-recalc-dims=\"1\" data-pf_style_display=\"inline\" data-pf_style_visibility=\"visible\" data-pf_rect_width=\"704\" data-pf_rect_height=\"36\" \/><figcaption class=\"wp-element-caption\" data-pf_style_display=\"block\" data-pf_style_visibility=\"visible\"><span class=\"text-node\">Presidente do Ibama, Rodrigo Agostinho (\u00e0 dir.), presidente do ICMBio, Mauro Oliveira Pires (ao centro), e o presidente da Rep\u00fablica, Luiz In\u00e1cio Lula da Silva (\u00e0 esq.), durante reuni\u00e3o em agosto sobre o avan\u00e7o das queimadas no Brasil<\/span><\/figcaption><\/figure>\n<\/div>\n<p data-pf_style_display=\"block\" data-pf_style_visibility=\"visible\"><strong data-pf_style_display=\"inline\" data-pf_style_visibility=\"visible\"><span class=\"text-node\">Voc\u00ea diria que, para lidar com essa situa\u00e7\u00e3o t\u00e3o piorada que a gente vai enfrentar daqui para a frente, \u00e9 preciso mudar toda a estrat\u00e9gia? Aumentar muito o n\u00famero de brigadistas, talvez ter um recurso permanente para lidar com fogo, de modo mais flex\u00edvel? N\u00e3o vai ser preciso mudar um pouco o beab\u00e1 que foi bem-sucedido por muito tempo?<\/span><\/strong><\/p>\n<p data-pf_style_display=\"block\" data-pf_style_visibility=\"visible\"><span class=\"text-node\">Eu acho que a gente vai ter que ter uma reflex\u00e3o. Porque as pessoas do Ibama s\u00e3o muito francas e falam: \u201cRodrigo, a gente nunca teve uma estrutura t\u00e3o grande. A gente nunca entrou numa guerra com tanta gente, com tanto recurso\u201d. No Pantanal, eu t\u00f4 com 800 pessoas trabalhando. O que significa 800 pessoas? Eu tenho que dar caf\u00e9 da manh\u00e3 para 800 pessoas. Eu tenho que dar almo\u00e7o para 800 pessoas. Eu tenho que dar janta para 800 pessoas. Eu tenho que alugar lugar para essas pessoas ficarem. Todo dia eu tenho que distribuir essas pessoas.<\/span><\/p>\n<p data-pf_style_display=\"block\" data-pf_style_visibility=\"visible\"><span class=\"text-node\">Al\u00e9m dos helic\u00f3pteros do Ibama, eu aluguei v\u00e1rios. N\u00f3s estamos com 17 aeronaves no Pantanal. Estamos com 27 embarca\u00e7\u00f5es. Ent\u00e3o, assim, a gente est\u00e1 com uma estrutura que nunca teve. Mas existem alguns recursos num pa\u00eds florestal como o Brasil que s\u00e3o ainda insuficientes. A gente tem um KC-390 [o avi\u00e3o da For\u00e7a A\u00e9rea Brasileira usado para aplacar o fogo em Ribeir\u00e3o Preto, que despeja 12 mil litros por segundo]. \u00c9 talvez o maior e mais bem equipado avi\u00e3o de combate em centros florestais, mas a gente tem um. A gente est\u00e1 usando no Pantanal avi\u00f5es de pulveriza\u00e7\u00e3o agr\u00edcola, que acabam ajudando bastante, mas o governo, de maneira geral, n\u00e3o tem uma frota de aeronaves. A gente aluga.<\/span><\/p>\n<p data-pf_style_display=\"block\" data-pf_style_visibility=\"visible\"><span class=\"text-node\">A gente est\u00e1 vendo alguns pa\u00edses no mundo usando grandes drones de pulveriza\u00e7\u00e3o agr\u00edcola agora para combate a inc\u00eandios. \u00c9 uma novidade que est\u00e1 acontecendo agora.\u00a0<\/span><\/p>\n<p data-pf_style_display=\"block\" data-pf_style_visibility=\"visible\"><strong data-pf_style_display=\"inline\" data-pf_style_visibility=\"visible\"><span class=\"text-node\">Mas isso tudo \u00e9 s\u00f3 combate. E preven\u00e7\u00e3o?<\/span><\/strong><\/p>\n<p data-pf_style_display=\"block\" data-pf_style_visibility=\"visible\"><span class=\"text-node\">Pois \u00e9. Normalmente se pergunta qual a estrutura que o governo tem para combater? Mas quando a gente est\u00e1 combatendo \u2013 isso eu ouvi de uma pesquisadora essa semana, da Renata [Libonati, do Lasa (Laborat\u00f3rio de Aplica\u00e7\u00f5es de Sat\u00e9lites Ambientais) da Universidade Federal do Rio de Janeiro] \u2013 <\/span><span class=\"highlighter\" data-pf_style_display=\"inline\" data-pf_style_visibility=\"visible\"><span class=\"text-node\">quando a gente est\u00e1 combatendo, \u00e9 porque a gente j\u00e1 errou. Se a gente est\u00e1 combatendo, \u00e9 porque a humanidade errou. \u00c9 porque algu\u00e9m botou fogo.<\/span><\/span><span class=\"text-node\"> Se a gente est\u00e1 tendo que gastar tanto dinheiro, tantos milh\u00f5es, para combater fogo, \u00e9 porque a gente errou.<\/span><\/p>\n<p data-pf_style_display=\"block\" data-pf_style_visibility=\"visible\"><span class=\"text-node\">A gente tinha que ter sido melhor, mais eficaz na educa\u00e7\u00e3o ambiental, na conscientiza\u00e7\u00e3o das pessoas, no trabalho preventivo. A gente fica focado em falar que 3 mil brigadistas \u00e9 pouco, que precisava de 5 mil. Mas onde est\u00e1 escrito isso? Vai entrando num achismo. A gente est\u00e1 num limite estrutural. \u00c9 uma maluquice isso, sabe? E por que isso? Porque as pessoas colocam fogo.<\/span><\/p>\n<p data-pf_style_display=\"block\" data-pf_style_visibility=\"visible\"><span class=\"text-node\">N\u00f3s n\u00e3o tivemos nenhum fogo [causado por] raio nesse per\u00edodo. \u00c9 um ou outro caso de descuido, de acidente. Mas de maneira geral o que a gente tem s\u00e3o pessoas colocando fogo. Ou porque querem abrir uma nova \u00e1rea para pastagem, querem destruir a floresta ou at\u00e9 mesmo por sadismo. O cara que \u00e9 urbano anda pela estrada, v\u00ea tudo seco e quer p\u00f4r fogo nesse neg\u00f3cio. \u00c9 dif\u00edcil entender a cabe\u00e7a das pessoas\u2026<\/span><\/p>\n<p data-pf_style_display=\"block\" data-pf_style_visibility=\"visible\"><strong data-pf_style_display=\"inline\" data-pf_style_visibility=\"visible\"><span class=\"text-node\">\u2060\u2060Por fim, queria te pedir para comentar as rea\u00e7\u00f5es da oposi\u00e7\u00e3o, que tem dito que no governo Bolsonaro se culpava o governo e agora se culpa as mudan\u00e7as clim\u00e1ticas. Qual \u00e9 a diferen\u00e7a do cen\u00e1rio atual e onde voc\u00ea v\u00ea que cabe ao governo melhorar?<\/span><\/strong><\/p>\n<p data-pf_style_display=\"block\" data-pf_style_visibility=\"visible\"><span class=\"text-node\">A<\/span><span class=\"text-node\">diferen\u00e7a \u00e9 que a gente est\u00e1 combatendo, estamos investindo. Teve um monte de cr\u00e9dito extraordin\u00e1rio. Deve sair mais. A gente est\u00e1 usando todas as ferramentas que est\u00e3o \u00e0 disposi\u00e7\u00e3o. A gente est\u00e1 fazendo sala de situa\u00e7\u00e3o.<\/span><\/p>\n<p data-pf_style_display=\"block\" data-pf_style_visibility=\"visible\"><span class=\"text-node\">O governo passado nunca parou para discutir isso. A gente est\u00e1 fazendo sala de situa\u00e7\u00e3o para Amaz\u00f4nia e Pantanal h\u00e1 60 dias. Sala de situa\u00e7\u00e3o no Pal\u00e1cio do Planalto, n\u00e3o \u00e9 no Ibama. Os ministros v\u00e3o para as reuni\u00f5es. Existe uma articula\u00e7\u00e3o do governo. O governo est\u00e1 imbu\u00eddo.<\/span><\/p>\n<p data-pf_style_display=\"block\" data-pf_style_visibility=\"visible\"><span class=\"text-node\">No domingo, o presidente Lula acabou de chegar de S\u00e3o Paulo e foi ao Ibama ver a situa\u00e7\u00e3o, e estava todo mundo l\u00e1 olhando, discutindo, querendo entender onde estavam os focos de calor em S\u00e3o Paulo, em Minas. A gente est\u00e1 trabalhando. <\/span><span class=\"highlighter\" data-pf_style_display=\"inline\" data-pf_style_visibility=\"visible\"><span class=\"text-node\">Existe uma decis\u00e3o do governo de combater, de enfrentar o problema. E \u00e9 muito louco, porque tem gente criticando o governo que tamb\u00e9m nega a mudan\u00e7a clim\u00e1tica.<\/span><\/span><\/p>\n<p data-pf_style_display=\"block\" data-pf_style_visibility=\"visible\"><span class=\"text-node\">A mudan\u00e7a clim\u00e1tica veio para ficar. E, infelizmente, n\u00f3s n\u00e3o sabemos se o ano que vem vai ser pior. Ou se o outro ano vai ser pior. <\/span><span class=\"highlighter\" data-pf_style_display=\"inline\" data-pf_style_visibility=\"visible\"><span class=\"text-node\">Tem uma frase que as pessoas que trabalham com mudan\u00e7a clim\u00e1tica dizem: que esse ano \u00e9 o ano mais quente da hist\u00f3ria, mas \u00e9 o ano menos quente dos pr\u00f3ximos anos.<\/span><\/span><span class=\"text-node\"> A solu\u00e7\u00e3o, talvez, para os inc\u00eandios n\u00e3o necessariamente \u00e9 s\u00f3 preven\u00e7\u00e3o e combate.\u00a0<\/span><\/p>\n<p data-pf_style_display=\"block\" data-pf_style_visibility=\"visible\"><span class=\"text-node\">N\u00f3s tivemos cortes no or\u00e7amento que foi aprovado ano passado. Mas o governo rapidamente fez a reposi\u00e7\u00e3o ao longo do ano. Ent\u00e3o, n\u00e3o faltaram recursos. Agora, existe o problema? Claro que existe. Ningu\u00e9m est\u00e1 tapando o sol com a peneira. Ningu\u00e9m est\u00e1 duvidando dos n\u00fameros. A gente est\u00e1 soltando boletins toda semana. Obviamente, torcendo para ser menor do que em outros anos. Obviamente, torcendo para o fogo parar logo. Estamos fazendo resgate de muitos animais. \u00c9 um trabalho dif\u00edcil, triste.<\/span><\/p>\n<p data-pf_style_display=\"block\" data-pf_style_visibility=\"visible\"><span class=\"highlighter\" data-pf_style_display=\"inline\" data-pf_style_visibility=\"visible\"><span class=\"text-node\">Agora, se a gente n\u00e3o tivesse reduzido o desmatamento na Amaz\u00f4nia, a crise com certeza seria muito maior.<\/span><\/span><span class=\"text-node\"> De maneira geral, por conta das mudan\u00e7as clim\u00e1ticas, eu n\u00e3o tenho d\u00favida de que todos os pa\u00edses v\u00e3o ter que se reposicionar todo ano. Do ponto de vista de estrat\u00e9gias, de adapta\u00e7\u00e3o, de mitiga\u00e7\u00e3o, de como lidar com a fauna em epis\u00f3dios assim<\/span><\/p>\n<\/div>\n<\/div>\n","protected":false},"excerpt":{"rendered":"<p>Em entrevista, Rodrigo Agostinho detalha o que se sabe dos inc\u00eandios em S\u00e3o Paulo, Pantanal e na Amaz\u00f4nia<\/p>\n","protected":false},"author":1,"featured_media":0,"comment_status":"closed","ping_status":"open","sticky":false,"template":"","format":"standard","meta":{"_exactmetrics_skip_tracking":false,"_exactmetrics_sitenote_active":false,"_exactmetrics_sitenote_note":"","_exactmetrics_sitenote_category":0,"jetpack_post_was_ever_published":false,"_jetpack_newsletter_access":"","_jetpack_dont_email_post_to_subs":false,"_jetpack_newsletter_tier_id":0,"_jetpack_memberships_contains_paywalled_content":false,"_jetpack_memberships_contains_paid_content":false,"footnotes":"","jetpack_publicize_message":"","jetpack_publicize_feature_enabled":true,"jetpack_social_post_already_shared":true,"jetpack_social_options":{"image_generator_settings":{"template":"highway","enabled":false},"version":2}},"categories":[1],"tags":[387,406,295],"class_list":["post-35892","post","type-post","status-publish","format-standard","hentry","category-notas","tag-desmatamento","tag-ibama","tag-queimadas"],"jetpack_publicize_connections":[],"jetpack_sharing_enabled":true,"jetpack_featured_media_url":"","jetpack_shortlink":"https:\/\/wp.me\/p7wKYW-9kU","jetpack-related-posts":[],"_links":{"self":[{"href":"http:\/\/blogdalucianaoliveira.com.br\/blog\/wp-json\/wp\/v2\/posts\/35892","targetHints":{"allow":["GET"]}}],"collection":[{"href":"http:\/\/blogdalucianaoliveira.com.br\/blog\/wp-json\/wp\/v2\/posts"}],"about":[{"href":"http:\/\/blogdalucianaoliveira.com.br\/blog\/wp-json\/wp\/v2\/types\/post"}],"author":[{"embeddable":true,"href":"http:\/\/blogdalucianaoliveira.com.br\/blog\/wp-json\/wp\/v2\/users\/1"}],"replies":[{"embeddable":true,"href":"http:\/\/blogdalucianaoliveira.com.br\/blog\/wp-json\/wp\/v2\/comments?post=35892"}],"version-history":[{"count":1,"href":"http:\/\/blogdalucianaoliveira.com.br\/blog\/wp-json\/wp\/v2\/posts\/35892\/revisions"}],"predecessor-version":[{"id":35894,"href":"http:\/\/blogdalucianaoliveira.com.br\/blog\/wp-json\/wp\/v2\/posts\/35892\/revisions\/35894"}],"wp:attachment":[{"href":"http:\/\/blogdalucianaoliveira.com.br\/blog\/wp-json\/wp\/v2\/media?parent=35892"}],"wp:term":[{"taxonomy":"category","embeddable":true,"href":"http:\/\/blogdalucianaoliveira.com.br\/blog\/wp-json\/wp\/v2\/categories?post=35892"},{"taxonomy":"post_tag","embeddable":true,"href":"http:\/\/blogdalucianaoliveira.com.br\/blog\/wp-json\/wp\/v2\/tags?post=35892"}],"curies":[{"name":"wp","href":"https:\/\/api.w.org\/{rel}","templated":true}]}}