{"id":35895,"date":"2024-08-28T18:20:38","date_gmt":"2024-08-28T22:20:38","guid":{"rendered":"http:\/\/blogdalucianaoliveira.com.br\/blog\/?p=35895"},"modified":"2024-08-28T18:20:38","modified_gmt":"2024-08-28T22:20:38","slug":"mancha-de-fogo-com-500-km-de-extensao-toma-a-amazonia","status":"publish","type":"post","link":"http:\/\/blogdalucianaoliveira.com.br\/blog\/2024\/08\/28\/mancha-de-fogo-com-500-km-de-extensao-toma-a-amazonia\/","title":{"rendered":"Mancha de fogo com 500 km de extens\u00e3o toma a Amaz\u00f4nia"},"content":{"rendered":"<p><img data-recalc-dims=\"1\" loading=\"lazy\" decoding=\"async\" data-attachment-id=\"35896\" data-permalink=\"http:\/\/blogdalucianaoliveira.com.br\/blog\/2024\/08\/28\/mancha-de-fogo-com-500-km-de-extensao-toma-a-amazonia\/img_8754\/\" data-orig-file=\"https:\/\/i0.wp.com\/blogdalucianaoliveira.com.br\/blog\/wp-content\/uploads\/2024\/08\/IMG_8754.jpeg?fit=1073%2C717\" data-orig-size=\"1073,717\" data-comments-opened=\"0\" data-image-meta=\"{&quot;aperture&quot;:&quot;0&quot;,&quot;credit&quot;:&quot;&quot;,&quot;camera&quot;:&quot;&quot;,&quot;caption&quot;:&quot;&quot;,&quot;created_timestamp&quot;:&quot;0&quot;,&quot;copyright&quot;:&quot;&quot;,&quot;focal_length&quot;:&quot;0&quot;,&quot;iso&quot;:&quot;0&quot;,&quot;shutter_speed&quot;:&quot;0&quot;,&quot;title&quot;:&quot;&quot;,&quot;orientation&quot;:&quot;1&quot;}\" data-image-title=\"IMG_8754\" data-image-description=\"\" data-image-caption=\"\" data-medium-file=\"https:\/\/i0.wp.com\/blogdalucianaoliveira.com.br\/blog\/wp-content\/uploads\/2024\/08\/IMG_8754.jpeg?fit=300%2C200\" data-large-file=\"https:\/\/i0.wp.com\/blogdalucianaoliveira.com.br\/blog\/wp-content\/uploads\/2024\/08\/IMG_8754.jpeg?fit=600%2C401\" class=\"alignnone size-full wp-image-35896\" src=\"https:\/\/i0.wp.com\/blogdalucianaoliveira.com.br\/blog\/wp-content\/uploads\/2024\/08\/IMG_8754.jpeg?resize=600%2C401\" alt=\"\" width=\"600\" height=\"401\" srcset=\"https:\/\/i0.wp.com\/blogdalucianaoliveira.com.br\/blog\/wp-content\/uploads\/2024\/08\/IMG_8754.jpeg?w=1073 1073w, https:\/\/i0.wp.com\/blogdalucianaoliveira.com.br\/blog\/wp-content\/uploads\/2024\/08\/IMG_8754.jpeg?resize=300%2C200 300w, https:\/\/i0.wp.com\/blogdalucianaoliveira.com.br\/blog\/wp-content\/uploads\/2024\/08\/IMG_8754.jpeg?resize=1024%2C684 1024w, https:\/\/i0.wp.com\/blogdalucianaoliveira.com.br\/blog\/wp-content\/uploads\/2024\/08\/IMG_8754.jpeg?resize=768%2C513 768w, https:\/\/i0.wp.com\/blogdalucianaoliveira.com.br\/blog\/wp-content\/uploads\/2024\/08\/IMG_8754.jpeg?resize=449%2C300 449w\" sizes=\"auto, (max-width: 600px) 100vw, 600px\" \/><\/p>\n<h2 class=\"Text__TextBase-sc-1d75gww-0 cUGlZd noticiaCabecalho__subtitulo\" data-pf_style_display=\"block\" data-pf_style_visibility=\"visible\"><span class=\"text-node\">Em termos nacionais, o n\u00famero de focos de queimadas no Brasil em agosto de 2024 j\u00e1 \u00e9 o maior para o m\u00eas desde 2010<\/span><\/h2>\n<p><!--more--><\/p>\n<p class=\"added-to-list1\" data-pf_style_display=\"block\" data-pf_style_visibility=\"visible\"><span class=\"text-node\">Metr\u00f3poles &#8211; Um <\/span><a href=\"https:\/\/www.metropoles.com\/tag\/fogo\" target=\"_blank\" rel=\"noopener\" data-pf_style_display=\"inline\" data-pf_style_visibility=\"visible\"><span class=\"text-node\">mancha de fogo<\/span><\/a><span class=\"text-node\"> com mais de 500 km de extens\u00e3o domina o sul da <\/span><a href=\"https:\/\/www.metropoles.com\/tag\/amazonia\" target=\"_blank\" rel=\"noopener\" data-pf_style_display=\"inline\" data-pf_style_visibility=\"visible\"><span class=\"text-node\">Amaz\u00f4nia<\/span><\/a><span class=\"text-node\">. Um mapa de concentra\u00e7\u00e3o de mon\u00f3xido de carbono feito \u00e0s 11 horas desta quarta-feira (28\/8) aponta para uma grande \u00e1rea de inc\u00eandio atingindo a Bol\u00edvia e os estados de Rond\u00f4nia, Amazonas e Mato Grosso.<\/span><\/p>\n<p class=\"m-banner-wrap m-banner-rectangle m-publicity-content-middle added-to-list1\">O coordenador do Lapis (Laborat\u00f3rio de An\u00e1lise e Processamento de Imagens de Sat\u00e9lite) da Ufal (Universidade Federal de Alagoas), Humberto Barbosa, disse ao UOL que \u201co sul da Amaz\u00f4nia est\u00e1 pegando fogo, literalmente\u201d.<\/p>\n<p class=\"added-to-list1\" data-pf_style_display=\"block\" data-pf_style_visibility=\"visible\"><span class=\"text-node\">A mancha foi captada pelo <\/span><a href=\"https:\/\/www.windy.com\/?-15.467,-40.271,4\" target=\"_blank\" rel=\"noopener\" data-pf_style_display=\"inline\" data-pf_style_visibility=\"visible\"><span class=\"text-node\">sat\u00e9lite Copernicus<\/span><\/a><span class=\"text-node\"> que revelou que o fogo possuia 500 km de altura no mapa e 400 km de largura.<\/span><\/p>\n<p class=\"added-to-list1\" data-pf_style_display=\"block\" data-pf_style_visibility=\"visible\"><span class=\"text-node\">\u201cHoje h\u00e1 um jato de ar de baixos n\u00edveis descendo ali a Cordilheira dos Andes. A perspectiva \u00e9 que, nos pr\u00f3ximos dias, isso aumente, assim como a temperatura s\u00f3 vai aumentar para a acima m\u00e9dia dessa \u00e9poca do ano\u201d, explicou Humberto Barbosa.<\/span><\/p>\n<p class=\"added-to-list1\" data-pf_style_display=\"block\" data-pf_style_visibility=\"visible\"><span class=\"text-node\">Segundo o Programa de Queimadas do INPE (Instituto Nacional de Pesquisas Especiais), somente no m\u00eas de agosto a Amaz\u00f4nia registrou 28.697 focos de calor<\/span><\/p>\n<p class=\"m-banner-video m-banner-wrap m-banner-rectangle m-publicity-content-middle added-to-list1\">\n<p class=\"added-to-list1\" data-pf_style_display=\"block\" data-pf_style_visibility=\"visible\"><span class=\"text-node\">O n\u00famero de focos de inc\u00eandio pelo pa\u00eds cresceram em 2024.O n\u00famero de focos de queimadas no Brasil em agosto j\u00e1 \u00e9 o maior para o m\u00eas desde 2010.<\/span><\/p>\n<p class=\"added-to-list1\" data-pf_style_display=\"block\" data-pf_style_visibility=\"visible\"><span class=\"text-node\">Ao todo foram registrados 53.976 focos de inc\u00eandio at\u00e9 essa ter\u00e7a-feira (27\/8), sendo que em agosto de 2010 foram contabilizados 90.444 focos de fogo.<\/span><\/p>\n<p class=\"m-banner-rectangle m-publicity-content-middle added-to-list1\">\n","protected":false},"excerpt":{"rendered":"<p>Em termos nacionais, o n\u00famero de focos de queimadas no Brasil em agosto de 2024 j\u00e1 \u00e9 o maior para o m\u00eas desde 2010<\/p>\n","protected":false},"author":1,"featured_media":0,"comment_status":"closed","ping_status":"open","sticky":false,"template":"","format":"standard","meta":{"_exactmetrics_skip_tracking":false,"_exactmetrics_sitenote_active":false,"_exactmetrics_sitenote_note":"","_exactmetrics_sitenote_category":0,"jetpack_post_was_ever_published":false,"_jetpack_newsletter_access":"","_jetpack_dont_email_post_to_subs":false,"_jetpack_newsletter_tier_id":0,"_jetpack_memberships_contains_paywalled_content":false,"_jetpack_memberships_contains_paid_content":false,"footnotes":"","jetpack_publicize_message":"","jetpack_publicize_feature_enabled":true,"jetpack_social_post_already_shared":true,"jetpack_social_options":{"image_generator_settings":{"template":"highway","enabled":false},"version":2}},"categories":[1],"tags":[],"class_list":["post-35895","post","type-post","status-publish","format-standard","hentry","category-notas"],"jetpack_publicize_connections":[],"jetpack_sharing_enabled":true,"jetpack_featured_media_url":"","jetpack_shortlink":"https:\/\/wp.me\/p7wKYW-9kX","jetpack-related-posts":[],"_links":{"self":[{"href":"http:\/\/blogdalucianaoliveira.com.br\/blog\/wp-json\/wp\/v2\/posts\/35895","targetHints":{"allow":["GET"]}}],"collection":[{"href":"http:\/\/blogdalucianaoliveira.com.br\/blog\/wp-json\/wp\/v2\/posts"}],"about":[{"href":"http:\/\/blogdalucianaoliveira.com.br\/blog\/wp-json\/wp\/v2\/types\/post"}],"author":[{"embeddable":true,"href":"http:\/\/blogdalucianaoliveira.com.br\/blog\/wp-json\/wp\/v2\/users\/1"}],"replies":[{"embeddable":true,"href":"http:\/\/blogdalucianaoliveira.com.br\/blog\/wp-json\/wp\/v2\/comments?post=35895"}],"version-history":[{"count":1,"href":"http:\/\/blogdalucianaoliveira.com.br\/blog\/wp-json\/wp\/v2\/posts\/35895\/revisions"}],"predecessor-version":[{"id":35897,"href":"http:\/\/blogdalucianaoliveira.com.br\/blog\/wp-json\/wp\/v2\/posts\/35895\/revisions\/35897"}],"wp:attachment":[{"href":"http:\/\/blogdalucianaoliveira.com.br\/blog\/wp-json\/wp\/v2\/media?parent=35895"}],"wp:term":[{"taxonomy":"category","embeddable":true,"href":"http:\/\/blogdalucianaoliveira.com.br\/blog\/wp-json\/wp\/v2\/categories?post=35895"},{"taxonomy":"post_tag","embeddable":true,"href":"http:\/\/blogdalucianaoliveira.com.br\/blog\/wp-json\/wp\/v2\/tags?post=35895"}],"curies":[{"name":"wp","href":"https:\/\/api.w.org\/{rel}","templated":true}]}}