{"id":35899,"date":"2024-08-30T07:12:25","date_gmt":"2024-08-30T11:12:25","guid":{"rendered":"http:\/\/blogdalucianaoliveira.com.br\/blog\/?p=35899"},"modified":"2024-08-30T07:13:08","modified_gmt":"2024-08-30T11:13:08","slug":"porto-velho-atinge-nivel-mais-grave-em-escala-que-mede-poluicao-do-ar","status":"publish","type":"post","link":"http:\/\/blogdalucianaoliveira.com.br\/blog\/2024\/08\/30\/porto-velho-atinge-nivel-mais-grave-em-escala-que-mede-poluicao-do-ar\/","title":{"rendered":"Porto Velho atinge n\u00edvel mais grave em escala que mede polui\u00e7\u00e3o do ar"},"content":{"rendered":"<p><img data-recalc-dims=\"1\" loading=\"lazy\" decoding=\"async\" data-attachment-id=\"35900\" data-permalink=\"http:\/\/blogdalucianaoliveira.com.br\/blog\/2024\/08\/30\/porto-velho-atinge-nivel-mais-grave-em-escala-que-mede-poluicao-do-ar\/1832059c-2b65-4e36-81a6-5d00d0d8c322\/\" data-orig-file=\"https:\/\/i0.wp.com\/blogdalucianaoliveira.com.br\/blog\/wp-content\/uploads\/2024\/08\/1832059c-2b65-4e36-81a6-5d00d0d8c322-scaled.jpeg?fit=2560%2C1920\" data-orig-size=\"2560,1920\" data-comments-opened=\"0\" data-image-meta=\"{&quot;aperture&quot;:&quot;0&quot;,&quot;credit&quot;:&quot;&quot;,&quot;camera&quot;:&quot;&quot;,&quot;caption&quot;:&quot;&quot;,&quot;created_timestamp&quot;:&quot;1724877589&quot;,&quot;copyright&quot;:&quot;&quot;,&quot;focal_length&quot;:&quot;0&quot;,&quot;iso&quot;:&quot;0&quot;,&quot;shutter_speed&quot;:&quot;0&quot;,&quot;title&quot;:&quot;&quot;,&quot;orientation&quot;:&quot;1&quot;}\" data-image-title=\"1832059c-2b65-4e36-81a6-5d00d0d8c322\" data-image-description=\"\" data-image-caption=\"\" data-medium-file=\"https:\/\/i0.wp.com\/blogdalucianaoliveira.com.br\/blog\/wp-content\/uploads\/2024\/08\/1832059c-2b65-4e36-81a6-5d00d0d8c322-scaled.jpeg?fit=300%2C225\" data-large-file=\"https:\/\/i0.wp.com\/blogdalucianaoliveira.com.br\/blog\/wp-content\/uploads\/2024\/08\/1832059c-2b65-4e36-81a6-5d00d0d8c322-scaled.jpeg?fit=600%2C450\" class=\"alignnone size-full wp-image-35900\" src=\"https:\/\/i0.wp.com\/blogdalucianaoliveira.com.br\/blog\/wp-content\/uploads\/2024\/08\/1832059c-2b65-4e36-81a6-5d00d0d8c322-scaled.jpeg?resize=600%2C450\" alt=\"\" width=\"600\" height=\"450\" srcset=\"https:\/\/i0.wp.com\/blogdalucianaoliveira.com.br\/blog\/wp-content\/uploads\/2024\/08\/1832059c-2b65-4e36-81a6-5d00d0d8c322-scaled.jpeg?w=2560 2560w, https:\/\/i0.wp.com\/blogdalucianaoliveira.com.br\/blog\/wp-content\/uploads\/2024\/08\/1832059c-2b65-4e36-81a6-5d00d0d8c322-scaled.jpeg?resize=300%2C225 300w, https:\/\/i0.wp.com\/blogdalucianaoliveira.com.br\/blog\/wp-content\/uploads\/2024\/08\/1832059c-2b65-4e36-81a6-5d00d0d8c322-scaled.jpeg?resize=1024%2C768 1024w, https:\/\/i0.wp.com\/blogdalucianaoliveira.com.br\/blog\/wp-content\/uploads\/2024\/08\/1832059c-2b65-4e36-81a6-5d00d0d8c322-scaled.jpeg?resize=768%2C576 768w, https:\/\/i0.wp.com\/blogdalucianaoliveira.com.br\/blog\/wp-content\/uploads\/2024\/08\/1832059c-2b65-4e36-81a6-5d00d0d8c322-scaled.jpeg?resize=1536%2C1152 1536w, https:\/\/i0.wp.com\/blogdalucianaoliveira.com.br\/blog\/wp-content\/uploads\/2024\/08\/1832059c-2b65-4e36-81a6-5d00d0d8c322-scaled.jpeg?resize=2048%2C1536 2048w, https:\/\/i0.wp.com\/blogdalucianaoliveira.com.br\/blog\/wp-content\/uploads\/2024\/08\/1832059c-2b65-4e36-81a6-5d00d0d8c322-scaled.jpeg?resize=400%2C300 400w, https:\/\/i0.wp.com\/blogdalucianaoliveira.com.br\/blog\/wp-content\/uploads\/2024\/08\/1832059c-2b65-4e36-81a6-5d00d0d8c322-scaled.jpeg?w=1200 1200w, https:\/\/i0.wp.com\/blogdalucianaoliveira.com.br\/blog\/wp-content\/uploads\/2024\/08\/1832059c-2b65-4e36-81a6-5d00d0d8c322-scaled.jpeg?w=1800 1800w\" sizes=\"auto, (max-width: 600px) 100vw, 600px\" \/><\/p>\n<p>Capital de Rond\u00f4nia est\u00e1 encoberta por fuma\u00e7a desde in\u00edcio da semana<!--more--><\/p>\n<p>InfoMoney &#8211; Encoberta por fuma\u00e7a desde o in\u00edcio da semana, a cidade de Porto Velho registrou, no final da manh\u00e3 desta quinta-feira (29), uma concentra\u00e7\u00e3o de material particulado de 621 microgramas por metro c\u00fabico (\u00b5g\/m3), apontou a plataforma que mede o \u00cdndice de Qualidade do Ar em tempo real, da funda\u00e7\u00e3o su\u00ed\u00e7a IQAir. A medi\u00e7\u00e3o indicou um n\u00edvel de polui\u00e7\u00e3o muito acima do padr\u00e3o de qualidade do ar estabelecido pela Organiza\u00e7\u00e3o Mundial da Sa\u00fade (OMS) como seguro \u00e0 popula\u00e7\u00e3o, que admite a presen\u00e7a de material particulado em at\u00e9 45 microgramas por metro c\u00fabico (\u00b5g\/m3).<\/p>\n<p>Pela classifica\u00e7\u00e3o da Funda\u00e7\u00e3o IQAir, a cidade registra atualmente o n\u00edvel perigoso, o mais grave em uma escala de seis, no qual h\u00e1 indica\u00e7\u00e3o de evitar atividade f\u00edsica ao ar livre, fechar portas e janelas para manter a polui\u00e7\u00e3o fora dos ambientes internos e usar m\u00e1scara em \u00e1reas de maior exposi\u00e7\u00e3o.<\/p>\n<p>Com 5,88 mil focos de inc\u00eandio registrados de 1\u00b0 de janeiro at\u00e9 esta quinta-feira (29), segundo o programa BDQueimadas, do Instituto Nacional de Pesquisas Espaciais (Inpe), o estado teve nesses meses mais do que o dobro dos 2,4 mil focos registrados no mesmo per\u00edodo de 2023.<\/p>\n<p>O governo de Rond\u00f4nia declarou no in\u00edcio desta semana situa\u00e7\u00e3o de emerg\u00eancia por inc\u00eandios florestais. Tamb\u00e9m foi decretada a proibi\u00e7\u00e3o do uso do fogo em todo o estado por um per\u00edodo de 90 dias.<\/p>\n<p>A reportagem da <em>Ag\u00eancia Brasil<\/em> entrou em contato com a assessoria da prefeitura de Porto Velho e do governo do estado de Rond\u00f4nia em busca de informa\u00e7\u00f5es sobre medidas de prote\u00e7\u00e3o \u00e0 sa\u00fade da popula\u00e7\u00e3o. A prefeitura informou que a secret\u00e1ria municipal de Sa\u00fade, Eliana Pasini, n\u00e3o tinha disponibilidade na agenda, e o governo do estado refor\u00e7ou as medidas adotadas para o enfrentamento \u00e0s queimadas da regi\u00e3o.<\/p>\n<div class=\"cta-end\">\n<div class=\"im-cta\">\n<div class=\"mx-auto max-w-2xl my-10\">\n<section class=\"border-8 border-blue-50 rounded-lg py-6\">\n<div class=\"px-6\">\n<div class=\"flex gap-4 max-w-md mx-auto\">\n<div class=\"flex flex-col justify-center\"><\/div>\n<\/div>\n<\/div>\n<\/section>\n<\/div>\n<\/div>\n<\/div>\n","protected":false},"excerpt":{"rendered":"<p>Capital de Rond\u00f4nia est\u00e1 encoberta por fuma\u00e7a desde in\u00edcio da semana<\/p>\n","protected":false},"author":1,"featured_media":0,"comment_status":"closed","ping_status":"open","sticky":false,"template":"","format":"standard","meta":{"_exactmetrics_skip_tracking":false,"_exactmetrics_sitenote_active":false,"_exactmetrics_sitenote_note":"","_exactmetrics_sitenote_category":0,"jetpack_post_was_ever_published":false,"_jetpack_newsletter_access":"","_jetpack_dont_email_post_to_subs":false,"_jetpack_newsletter_tier_id":0,"_jetpack_memberships_contains_paywalled_content":false,"_jetpack_memberships_contains_paid_content":false,"footnotes":"","jetpack_publicize_message":"","jetpack_publicize_feature_enabled":true,"jetpack_social_post_already_shared":true,"jetpack_social_options":{"image_generator_settings":{"template":"highway","enabled":false},"version":2}},"categories":[1],"tags":[605,8,295],"class_list":["post-35899","post","type-post","status-publish","format-standard","hentry","category-notas","tag-fumaca","tag-porto-velho","tag-queimadas"],"jetpack_publicize_connections":[],"jetpack_sharing_enabled":true,"jetpack_featured_media_url":"","jetpack_shortlink":"https:\/\/wp.me\/p7wKYW-9l1","jetpack-related-posts":[],"_links":{"self":[{"href":"http:\/\/blogdalucianaoliveira.com.br\/blog\/wp-json\/wp\/v2\/posts\/35899","targetHints":{"allow":["GET"]}}],"collection":[{"href":"http:\/\/blogdalucianaoliveira.com.br\/blog\/wp-json\/wp\/v2\/posts"}],"about":[{"href":"http:\/\/blogdalucianaoliveira.com.br\/blog\/wp-json\/wp\/v2\/types\/post"}],"author":[{"embeddable":true,"href":"http:\/\/blogdalucianaoliveira.com.br\/blog\/wp-json\/wp\/v2\/users\/1"}],"replies":[{"embeddable":true,"href":"http:\/\/blogdalucianaoliveira.com.br\/blog\/wp-json\/wp\/v2\/comments?post=35899"}],"version-history":[{"count":2,"href":"http:\/\/blogdalucianaoliveira.com.br\/blog\/wp-json\/wp\/v2\/posts\/35899\/revisions"}],"predecessor-version":[{"id":35902,"href":"http:\/\/blogdalucianaoliveira.com.br\/blog\/wp-json\/wp\/v2\/posts\/35899\/revisions\/35902"}],"wp:attachment":[{"href":"http:\/\/blogdalucianaoliveira.com.br\/blog\/wp-json\/wp\/v2\/media?parent=35899"}],"wp:term":[{"taxonomy":"category","embeddable":true,"href":"http:\/\/blogdalucianaoliveira.com.br\/blog\/wp-json\/wp\/v2\/categories?post=35899"},{"taxonomy":"post_tag","embeddable":true,"href":"http:\/\/blogdalucianaoliveira.com.br\/blog\/wp-json\/wp\/v2\/tags?post=35899"}],"curies":[{"name":"wp","href":"https:\/\/api.w.org\/{rel}","templated":true}]}}