{"id":35906,"date":"2024-08-30T12:05:43","date_gmt":"2024-08-30T16:05:43","guid":{"rendered":"http:\/\/blogdalucianaoliveira.com.br\/blog\/?p=35906"},"modified":"2024-08-30T12:05:43","modified_gmt":"2024-08-30T16:05:43","slug":"redes-sociais-estao-sendo-instrumentalizadas-para-atacar-a-democracia-diz-moraes","status":"publish","type":"post","link":"http:\/\/blogdalucianaoliveira.com.br\/blog\/2024\/08\/30\/redes-sociais-estao-sendo-instrumentalizadas-para-atacar-a-democracia-diz-moraes\/","title":{"rendered":"\u2018Redes sociais est\u00e3o sendo instrumentalizadas para atacar a democracia\u2019, diz Moraes"},"content":{"rendered":"<p><img data-recalc-dims=\"1\" loading=\"lazy\" decoding=\"async\" data-attachment-id=\"35907\" data-permalink=\"http:\/\/blogdalucianaoliveira.com.br\/blog\/2024\/08\/30\/redes-sociais-estao-sendo-instrumentalizadas-para-atacar-a-democracia-diz-moraes\/img_8886\/\" data-orig-file=\"https:\/\/i0.wp.com\/blogdalucianaoliveira.com.br\/blog\/wp-content\/uploads\/2024\/08\/IMG_8886.jpeg?fit=981%2C683\" data-orig-size=\"981,683\" data-comments-opened=\"0\" data-image-meta=\"{&quot;aperture&quot;:&quot;0&quot;,&quot;credit&quot;:&quot;&quot;,&quot;camera&quot;:&quot;&quot;,&quot;caption&quot;:&quot;&quot;,&quot;created_timestamp&quot;:&quot;0&quot;,&quot;copyright&quot;:&quot;&quot;,&quot;focal_length&quot;:&quot;0&quot;,&quot;iso&quot;:&quot;0&quot;,&quot;shutter_speed&quot;:&quot;0&quot;,&quot;title&quot;:&quot;&quot;,&quot;orientation&quot;:&quot;1&quot;}\" data-image-title=\"IMG_8886\" data-image-description=\"\" data-image-caption=\"\" data-medium-file=\"https:\/\/i0.wp.com\/blogdalucianaoliveira.com.br\/blog\/wp-content\/uploads\/2024\/08\/IMG_8886.jpeg?fit=300%2C209\" data-large-file=\"https:\/\/i0.wp.com\/blogdalucianaoliveira.com.br\/blog\/wp-content\/uploads\/2024\/08\/IMG_8886.jpeg?fit=600%2C418\" class=\"alignnone size-full wp-image-35907\" src=\"https:\/\/i0.wp.com\/blogdalucianaoliveira.com.br\/blog\/wp-content\/uploads\/2024\/08\/IMG_8886.jpeg?resize=600%2C418\" alt=\"\" width=\"600\" height=\"418\" srcset=\"https:\/\/i0.wp.com\/blogdalucianaoliveira.com.br\/blog\/wp-content\/uploads\/2024\/08\/IMG_8886.jpeg?w=981 981w, https:\/\/i0.wp.com\/blogdalucianaoliveira.com.br\/blog\/wp-content\/uploads\/2024\/08\/IMG_8886.jpeg?resize=300%2C209 300w, https:\/\/i0.wp.com\/blogdalucianaoliveira.com.br\/blog\/wp-content\/uploads\/2024\/08\/IMG_8886.jpeg?resize=768%2C535 768w, https:\/\/i0.wp.com\/blogdalucianaoliveira.com.br\/blog\/wp-content\/uploads\/2024\/08\/IMG_8886.jpeg?resize=431%2C300 431w\" sizes=\"auto, (max-width: 600px) 100vw, 600px\" \/><\/p>\n<p><b>247<\/b> <b>&#8211; <\/b>O ministro Alexandre de Moraes, do Supremo Tribunal Federal (STF), afirmou nesta sexta-feira (30) que as redes sociais est\u00e3o sendo instrumentalizadas para atacar a democracia, <a href=\"https:\/\/www1.folha.uol.com.br\/poder\/2024\/08\/moraes-diz-que-redes-sociais-vem-sendo-instrumentalizadas-para-atacar-democracia.shtml\" target=\"_blank\" rel=\"noopener noreferrer\">informa a Folha de S. Paulo<\/a>. Segundo ele, o mundo est\u00e1 passando por um momento important\u00edssimo em que as institui\u00e7\u00f5es est\u00e3o aprendendo a lidar com uma nova realidade.<!--more--><\/p>\n<p>&#8220;As institui\u00e7\u00f5es, as legisla\u00e7\u00f5es est\u00e3o aprendendo como tratar com uma nova realidade. Como tratar com uma instrumentaliza\u00e7\u00e3o por parte de alguns. Uma instrumentaliza\u00e7\u00e3o il\u00edcita, irregular, de um instrumento muito bom. O instrumento \u00e9 bom, as redes sociais, mas vem sendo instrumentalizados para atacar a democracia, para atacar o estado de direito&#8221;, disse o ministro durante palestra no encerramento da Semana Jur\u00eddica do Mackenzie.<\/p>\n<p>Alexandre de Moraes tamb\u00e9m afirmou que os extremistas utilizam o argumento da liberdade de express\u00e3o como um escudo para promover atos il\u00edcitos. \u201cA liberdade de express\u00e3o n\u00e3o pode ser utilizada como escudo protetivo para a pr\u00e1tica de atividades il\u00edcitas, como vem sendo utilizada, seja para atacar a democracia, as institui\u00e7\u00f5es, o Estado de Direito, seja para aumentar em mais de 20% o n\u00famero de adolescentes na Europa\u201d, explicou.<\/p>\n<p>Segundo o ministro, a democracia e os direitos humanos precisam se defender desses ataques. \u201cA democracia e os direitos humanos t\u00eam que se defender. N\u00e3o \u00e9 poss\u00edvel permitir que em um determinado momento hist\u00f3rico um grupo extremista tome conta das redes sociais e, sob o falso argumento de uma liberdade de express\u00e3o sem limites, ataque \u00e0s institui\u00e7\u00f5es democr\u00e1ticas os direitos fundamentais dos demais\u201d, criticou.<\/p>\n<p>A fala de Moraes ocorre em meio \u00e0s tens\u00f5es entre o STF e o bilion\u00e1rio Elon Musk, dono do X (antigo Twitter). Na \u00faltima quarta-feira (28). o ministro deu prazo de 24 horas para que um novo representante legal da rede social X no Brasil fosse nomeado, sob pena de suspens\u00e3o das atividades da plataforma no pa\u00eds. A empresa informou que n\u00e3o cumpriu a determina\u00e7\u00e3o e que espera que a plataforma seja retirada do ar.<\/p>\n","protected":false},"excerpt":{"rendered":"<p>247 &#8211; O ministro Alexandre de Moraes, do Supremo Tribunal Federal (STF), afirmou nesta sexta-feira (30) que as redes sociais est\u00e3o sendo instrumentalizadas para atacar a democracia, informa a Folha de S. Paulo. Segundo ele, o mundo est\u00e1 passando por um momento important\u00edssimo em que as institui\u00e7\u00f5es est\u00e3o aprendendo a lidar com uma nova realidade.<\/p>\n","protected":false},"author":1,"featured_media":0,"comment_status":"closed","ping_status":"open","sticky":false,"template":"","format":"standard","meta":{"_exactmetrics_skip_tracking":false,"_exactmetrics_sitenote_active":false,"_exactmetrics_sitenote_note":"","_exactmetrics_sitenote_category":0,"jetpack_post_was_ever_published":false,"_jetpack_newsletter_access":"","_jetpack_dont_email_post_to_subs":false,"_jetpack_newsletter_tier_id":0,"_jetpack_memberships_contains_paywalled_content":false,"_jetpack_memberships_contains_paid_content":false,"footnotes":"","jetpack_publicize_message":"","jetpack_publicize_feature_enabled":true,"jetpack_social_post_already_shared":true,"jetpack_social_options":{"image_generator_settings":{"template":"highway","enabled":false},"version":2}},"categories":[1],"tags":[64,901,282],"class_list":["post-35906","post","type-post","status-publish","format-standard","hentry","category-notas","tag-democracia","tag-moraes","tag-redes-sociais"],"jetpack_publicize_connections":[],"jetpack_sharing_enabled":true,"jetpack_featured_media_url":"","jetpack_shortlink":"https:\/\/wp.me\/p7wKYW-9l8","jetpack-related-posts":[],"_links":{"self":[{"href":"http:\/\/blogdalucianaoliveira.com.br\/blog\/wp-json\/wp\/v2\/posts\/35906","targetHints":{"allow":["GET"]}}],"collection":[{"href":"http:\/\/blogdalucianaoliveira.com.br\/blog\/wp-json\/wp\/v2\/posts"}],"about":[{"href":"http:\/\/blogdalucianaoliveira.com.br\/blog\/wp-json\/wp\/v2\/types\/post"}],"author":[{"embeddable":true,"href":"http:\/\/blogdalucianaoliveira.com.br\/blog\/wp-json\/wp\/v2\/users\/1"}],"replies":[{"embeddable":true,"href":"http:\/\/blogdalucianaoliveira.com.br\/blog\/wp-json\/wp\/v2\/comments?post=35906"}],"version-history":[{"count":1,"href":"http:\/\/blogdalucianaoliveira.com.br\/blog\/wp-json\/wp\/v2\/posts\/35906\/revisions"}],"predecessor-version":[{"id":35908,"href":"http:\/\/blogdalucianaoliveira.com.br\/blog\/wp-json\/wp\/v2\/posts\/35906\/revisions\/35908"}],"wp:attachment":[{"href":"http:\/\/blogdalucianaoliveira.com.br\/blog\/wp-json\/wp\/v2\/media?parent=35906"}],"wp:term":[{"taxonomy":"category","embeddable":true,"href":"http:\/\/blogdalucianaoliveira.com.br\/blog\/wp-json\/wp\/v2\/categories?post=35906"},{"taxonomy":"post_tag","embeddable":true,"href":"http:\/\/blogdalucianaoliveira.com.br\/blog\/wp-json\/wp\/v2\/tags?post=35906"}],"curies":[{"name":"wp","href":"https:\/\/api.w.org\/{rel}","templated":true}]}}