{"id":3592,"date":"2016-08-31T20:03:04","date_gmt":"2016-09-01T00:03:04","guid":{"rendered":"http:\/\/blogdalucianaoliveira.com.br\/blog\/?p=3592"},"modified":"2016-08-31T20:03:04","modified_gmt":"2016-09-01T00:03:04","slug":"nem-1-linha-sobre-combate-a-corrupcao-no-primeiro-pronunciamento-de-temer","status":"publish","type":"post","link":"http:\/\/blogdalucianaoliveira.com.br\/blog\/2016\/08\/31\/nem-1-linha-sobre-combate-a-corrupcao-no-primeiro-pronunciamento-de-temer\/","title":{"rendered":"Nem 1 linha sobre combate \u00e0 corrup\u00e7\u00e3o no primeiro pronunciamento de Temer"},"content":{"rendered":"<figure id=\"attachment_3593\" aria-describedby=\"caption-attachment-3593\" style=\"width: 820px\" class=\"wp-caption alignnone\"><img data-recalc-dims=\"1\" loading=\"lazy\" decoding=\"async\" data-attachment-id=\"3593\" data-permalink=\"http:\/\/blogdalucianaoliveira.com.br\/blog\/2016\/08\/31\/nem-1-linha-sobre-combate-a-corrupcao-no-primeiro-pronunciamento-de-temer\/presidente-michel-temer-foto-orlando-brito\/\" data-orig-file=\"https:\/\/i0.wp.com\/blogdalucianaoliveira.com.br\/blog\/wp-content\/uploads\/2016\/08\/Temer_OrlandoBrito_1.jpg?fit=820%2C562\" data-orig-size=\"820,562\" data-comments-opened=\"0\" data-image-meta=\"{&quot;aperture&quot;:&quot;6.3&quot;,&quot;credit&quot;:&quot;&quot;,&quot;camera&quot;:&quot;V-LUX (Typ 114)&quot;,&quot;caption&quot;:&quot;Presidente Michel Temer. Foto Orlando Brito&quot;,&quot;created_timestamp&quot;:&quot;1466074756&quot;,&quot;copyright&quot;:&quot;&quot;,&quot;focal_length&quot;:&quot;146&quot;,&quot;iso&quot;:&quot;1250&quot;,&quot;shutter_speed&quot;:&quot;0.008&quot;,&quot;title&quot;:&quot;Presidente Michel Temer. Foto Orlando Brito&quot;,&quot;orientation&quot;:&quot;1&quot;}\" data-image-title=\"Presidente Michel Temer. Foto Orlando Brito\" data-image-description=\"\" data-image-caption=\"&lt;p&gt;Presidente Michel Temer. Foto Orlando Brito&lt;\/p&gt;\n\" data-medium-file=\"https:\/\/i0.wp.com\/blogdalucianaoliveira.com.br\/blog\/wp-content\/uploads\/2016\/08\/Temer_OrlandoBrito_1.jpg?fit=300%2C206\" data-large-file=\"https:\/\/i0.wp.com\/blogdalucianaoliveira.com.br\/blog\/wp-content\/uploads\/2016\/08\/Temer_OrlandoBrito_1.jpg?fit=600%2C411\" src=\"https:\/\/i0.wp.com\/blogdalucianaoliveira.com.br\/blog\/wp-content\/uploads\/2016\/08\/Temer_OrlandoBrito_1.jpg?resize=600%2C411\" alt=\"Presidente Michel Temer. Foto Orlando Brito\" width=\"600\" height=\"411\" class=\"size-full wp-image-3593\" srcset=\"https:\/\/i0.wp.com\/blogdalucianaoliveira.com.br\/blog\/wp-content\/uploads\/2016\/08\/Temer_OrlandoBrito_1.jpg?w=820 820w, https:\/\/i0.wp.com\/blogdalucianaoliveira.com.br\/blog\/wp-content\/uploads\/2016\/08\/Temer_OrlandoBrito_1.jpg?resize=300%2C206 300w, https:\/\/i0.wp.com\/blogdalucianaoliveira.com.br\/blog\/wp-content\/uploads\/2016\/08\/Temer_OrlandoBrito_1.jpg?resize=438%2C300 438w\" sizes=\"auto, (max-width: 600px) 100vw, 600px\" \/><figcaption id=\"caption-attachment-3593\" class=\"wp-caption-text\">Presidente Michel Temer. Foto Orlando Brito<\/figcaption><\/figure>\n<p>Em cadeia nacional, empossado como presidente, Michel Temer se dirigiu \u00e0 na\u00e7\u00e3o num pronunciamento com mais de 4 mil caracteres em 43 frases, sem mencionar o combate \u00e0 corrup\u00e7\u00e3o.<!--more--><\/p>\n<p>Se limitou a destacar como alicerce de seu governo: \u201cefici\u00eancia administrativa, retomada do crescimento econ\u00f4mico, gera\u00e7\u00e3o de emprego, seguran\u00e7a jur\u00eddica, amplia\u00e7\u00e3o dos programas sociais e a pacifica\u00e7\u00e3o do pa\u00eds.\u201d<\/p>\n<p>Nenhuma men\u00e7\u00e3o ao mais forte apelo da sociedade brasileira, o compromisso de combater a corrup\u00e7\u00e3o, sem o qual nenhum dos pilares de Temer pode vingar.<\/p>\n<p>Foram os preju\u00edzos causados pela roubalheira na Petrobras, revelados na Opera\u00e7\u00e3o Lava Jato, que motivaram milhares de pessoas a ir \u00e0s ruas. Durante o processo do impeachment, centenas de deputados e senadores acusaram Dilma Roussef por n\u00e3o ter impedido o preju\u00edzo causado a estatal. <\/p>\n<p>A primeira coisa que Temer deveria ter dito para inspirar confian\u00e7a da sociedade no seu governo \u00e9 justamente que nada impediria as investiga\u00e7\u00f5es em curso para conter a corrup\u00e7\u00e3o que compromete todas metas que citou em seu pronunciamento. <\/p>\n<p>Temer esqueceu ou propositadamente n\u00e3o tocou no assunto pra adiar a cobran\u00e7a?<\/p>\n<p>O fato \u00e9 que o combate \u00e0 corrup\u00e7\u00e3o n\u00e3o est\u00e1 entre as metas do presidente empossado.<\/p>\n","protected":false},"excerpt":{"rendered":"<p>Em cadeia nacional, empossado como presidente, Michel Temer se dirigiu \u00e0 na\u00e7\u00e3o num pronunciamento com mais de 4 mil caracteres em 43 frases, sem mencionar o combate \u00e0 corrup\u00e7\u00e3o.<\/p>\n","protected":false},"author":1,"featured_media":0,"comment_status":"closed","ping_status":"open","sticky":false,"template":"","format":"standard","meta":{"_exactmetrics_skip_tracking":false,"_exactmetrics_sitenote_active":false,"_exactmetrics_sitenote_note":"","_exactmetrics_sitenote_category":0,"jetpack_post_was_ever_published":false,"_jetpack_newsletter_access":"","_jetpack_dont_email_post_to_subs":false,"_jetpack_newsletter_tier_id":0,"_jetpack_memberships_contains_paywalled_content":false,"_jetpack_memberships_contains_paid_content":false,"footnotes":"","jetpack_publicize_message":"","jetpack_publicize_feature_enabled":true,"jetpack_social_post_already_shared":true,"jetpack_social_options":{"image_generator_settings":{"template":"highway","enabled":false},"version":2}},"categories":[1],"tags":[],"class_list":["post-3592","post","type-post","status-publish","format-standard","hentry","category-notas"],"jetpack_publicize_connections":[],"jetpack_sharing_enabled":true,"jetpack_featured_media_url":"","jetpack_shortlink":"https:\/\/wp.me\/p7wKYW-VW","jetpack-related-posts":[],"_links":{"self":[{"href":"http:\/\/blogdalucianaoliveira.com.br\/blog\/wp-json\/wp\/v2\/posts\/3592","targetHints":{"allow":["GET"]}}],"collection":[{"href":"http:\/\/blogdalucianaoliveira.com.br\/blog\/wp-json\/wp\/v2\/posts"}],"about":[{"href":"http:\/\/blogdalucianaoliveira.com.br\/blog\/wp-json\/wp\/v2\/types\/post"}],"author":[{"embeddable":true,"href":"http:\/\/blogdalucianaoliveira.com.br\/blog\/wp-json\/wp\/v2\/users\/1"}],"replies":[{"embeddable":true,"href":"http:\/\/blogdalucianaoliveira.com.br\/blog\/wp-json\/wp\/v2\/comments?post=3592"}],"version-history":[{"count":1,"href":"http:\/\/blogdalucianaoliveira.com.br\/blog\/wp-json\/wp\/v2\/posts\/3592\/revisions"}],"predecessor-version":[{"id":3594,"href":"http:\/\/blogdalucianaoliveira.com.br\/blog\/wp-json\/wp\/v2\/posts\/3592\/revisions\/3594"}],"wp:attachment":[{"href":"http:\/\/blogdalucianaoliveira.com.br\/blog\/wp-json\/wp\/v2\/media?parent=3592"}],"wp:term":[{"taxonomy":"category","embeddable":true,"href":"http:\/\/blogdalucianaoliveira.com.br\/blog\/wp-json\/wp\/v2\/categories?post=3592"},{"taxonomy":"post_tag","embeddable":true,"href":"http:\/\/blogdalucianaoliveira.com.br\/blog\/wp-json\/wp\/v2\/tags?post=3592"}],"curies":[{"name":"wp","href":"https:\/\/api.w.org\/{rel}","templated":true}]}}