{"id":35920,"date":"2024-09-02T17:03:00","date_gmt":"2024-09-02T21:03:00","guid":{"rendered":"http:\/\/blogdalucianaoliveira.com.br\/blog\/?p=35920"},"modified":"2024-09-02T17:03:00","modified_gmt":"2024-09-02T21:03:00","slug":"mato-grosso-decreta-emergencia-e-rondonia-cancela-voos-resultado-das-queimadas-e-seca","status":"publish","type":"post","link":"http:\/\/blogdalucianaoliveira.com.br\/blog\/2024\/09\/02\/mato-grosso-decreta-emergencia-e-rondonia-cancela-voos-resultado-das-queimadas-e-seca\/","title":{"rendered":"Mato Grosso decreta emerg\u00eancia e Rond\u00f4nia cancela voos, resultado das queimadas e seca"},"content":{"rendered":"<p style=\"text-align: left;\"><img data-recalc-dims=\"1\" loading=\"lazy\" decoding=\"async\" data-attachment-id=\"35921\" data-permalink=\"http:\/\/blogdalucianaoliveira.com.br\/blog\/2024\/09\/02\/mato-grosso-decreta-emergencia-e-rondonia-cancela-voos-resultado-das-queimadas-e-seca\/img_9089-2\/\" data-orig-file=\"https:\/\/i0.wp.com\/blogdalucianaoliveira.com.br\/blog\/wp-content\/uploads\/2024\/09\/IMG_9089.jpeg?fit=1036%2C636\" data-orig-size=\"1036,636\" data-comments-opened=\"0\" data-image-meta=\"{&quot;aperture&quot;:&quot;0&quot;,&quot;credit&quot;:&quot;&quot;,&quot;camera&quot;:&quot;&quot;,&quot;caption&quot;:&quot;&quot;,&quot;created_timestamp&quot;:&quot;0&quot;,&quot;copyright&quot;:&quot;&quot;,&quot;focal_length&quot;:&quot;0&quot;,&quot;iso&quot;:&quot;0&quot;,&quot;shutter_speed&quot;:&quot;0&quot;,&quot;title&quot;:&quot;&quot;,&quot;orientation&quot;:&quot;1&quot;}\" data-image-title=\"IMG_9089\" data-image-description=\"\" data-image-caption=\"\" data-medium-file=\"https:\/\/i0.wp.com\/blogdalucianaoliveira.com.br\/blog\/wp-content\/uploads\/2024\/09\/IMG_9089.jpeg?fit=300%2C184\" data-large-file=\"https:\/\/i0.wp.com\/blogdalucianaoliveira.com.br\/blog\/wp-content\/uploads\/2024\/09\/IMG_9089.jpeg?fit=600%2C369\" class=\"alignnone size-full wp-image-35921\" src=\"https:\/\/i0.wp.com\/blogdalucianaoliveira.com.br\/blog\/wp-content\/uploads\/2024\/09\/IMG_9089.jpeg?resize=600%2C368\" alt=\"\" width=\"600\" height=\"368\" srcset=\"https:\/\/i0.wp.com\/blogdalucianaoliveira.com.br\/blog\/wp-content\/uploads\/2024\/09\/IMG_9089.jpeg?w=1036 1036w, https:\/\/i0.wp.com\/blogdalucianaoliveira.com.br\/blog\/wp-content\/uploads\/2024\/09\/IMG_9089.jpeg?resize=300%2C184 300w, https:\/\/i0.wp.com\/blogdalucianaoliveira.com.br\/blog\/wp-content\/uploads\/2024\/09\/IMG_9089.jpeg?resize=1024%2C629 1024w, https:\/\/i0.wp.com\/blogdalucianaoliveira.com.br\/blog\/wp-content\/uploads\/2024\/09\/IMG_9089.jpeg?resize=768%2C471 768w, https:\/\/i0.wp.com\/blogdalucianaoliveira.com.br\/blog\/wp-content\/uploads\/2024\/09\/IMG_9089.jpeg?resize=489%2C300 489w\" sizes=\"auto, (max-width: 600px) 100vw, 600px\" \/><\/p>\n<p style=\"text-align: left;\">Essas condi\u00e7\u00f5es adversas n\u00e3o s\u00f3 prejudicam a sa\u00fade da popula\u00e7\u00e3o, que sofre com problemas respirat\u00f3rios e outras complica\u00e7\u00f5es, como tamb\u00e9m geram um impacto econ\u00f4mico significativo<!--more--><\/p>\n<p>Casa Ninja Amaz\u00f4nia &#8211; A seca severa e o aumento expressivo das queimadas t\u00eam impactado profundamente v\u00e1rias regi\u00f5es do Brasil, afetando a sa\u00fade da popula\u00e7\u00e3o e alterando a rotina de cidades em todo o pa\u00eds. A situa\u00e7\u00e3o, que j\u00e1 era cr\u00edtica em diversos estados, se agravou ainda mais nas \u00faltimas semanas com o avan\u00e7o da estiagem e a propaga\u00e7\u00e3o de inc\u00eandios florestais.<\/p>\n<p>Em Rond\u00f4nia, a situa\u00e7\u00e3o chegou a um ponto em que o governo decidiu cancelar o tradicional desfile c\u00edvico-militar de 7 de setembro. A medida foi tomada como precau\u00e7\u00e3o diante dos riscos \u00e0 sa\u00fade causados pela alta concentra\u00e7\u00e3o de fuma\u00e7a que cobre o estado. A densa n\u00e9voa, formada pelas queimadas, tornou o ar praticamente irrespir\u00e1vel em v\u00e1rias \u00e1reas, colocando em risco especialmente crian\u00e7as, idosos e pessoas com problemas respirat\u00f3rios.<\/p>\n<p>Al\u00e9m disso, a falta de visibilidade provocada pela fuma\u00e7a tem afetado o transporte a\u00e9reo na capital, Porto Velho. Nos \u00faltimos quatro dias, seis voos foram cancelados devido \u00e0 baixa visibilidade, com a madrugada de hoje registrando mais um dia de opera\u00e7\u00f5es interrompidas. O aeroporto local tem enfrentado dificuldades para manter os voos em seguran\u00e7a, uma vez que a densa camada de fuma\u00e7a impede a opera\u00e7\u00e3o normal das aeronaves.<\/p>\n<p>Mato Grosso, outro estado fortemente afetado pela seca e pelas queimadas, decretou situa\u00e7\u00e3o de emerg\u00eancia por 180 dias. A medida visa agilizar as a\u00e7\u00f5es de combate ao fogo, permitindo que o governo adquira materiais e equipamentos de forma mais r\u00e1pida, sem a necessidade de processos licitat\u00f3rios. Com o estado de emerg\u00eancia, espera-se que os esfor\u00e7os para controlar as chamas sejam intensificados, embora as previs\u00f5es clim\u00e1ticas n\u00e3o indiquem uma melhoria significativa no curto prazo.<\/p>\n<p>Essas condi\u00e7\u00f5es adversas n\u00e3o s\u00f3 prejudicam a sa\u00fade da popula\u00e7\u00e3o, que sofre com problemas respirat\u00f3rios e outras complica\u00e7\u00f5es, como tamb\u00e9m geram um impacto econ\u00f4mico significativo.<\/p>\n","protected":false},"excerpt":{"rendered":"<p>Essas condi\u00e7\u00f5es adversas n\u00e3o s\u00f3 prejudicam a sa\u00fade da popula\u00e7\u00e3o, que sofre com problemas respirat\u00f3rios e outras complica\u00e7\u00f5es, como tamb\u00e9m geram um impacto econ\u00f4mico significativo<\/p>\n","protected":false},"author":1,"featured_media":0,"comment_status":"closed","ping_status":"open","sticky":false,"template":"","format":"standard","meta":{"_exactmetrics_skip_tracking":false,"_exactmetrics_sitenote_active":false,"_exactmetrics_sitenote_note":"","_exactmetrics_sitenote_category":0,"jetpack_post_was_ever_published":false,"_jetpack_newsletter_access":"","_jetpack_dont_email_post_to_subs":false,"_jetpack_newsletter_tier_id":0,"_jetpack_memberships_contains_paywalled_content":false,"_jetpack_memberships_contains_paid_content":false,"footnotes":"","jetpack_publicize_message":"","jetpack_publicize_feature_enabled":true,"jetpack_social_post_already_shared":true,"jetpack_social_options":{"image_generator_settings":{"template":"highway","enabled":false},"version":2}},"categories":[1],"tags":[295,7,864],"class_list":["post-35920","post","type-post","status-publish","format-standard","hentry","category-notas","tag-queimadas","tag-rondonia","tag-seca"],"jetpack_publicize_connections":[],"jetpack_sharing_enabled":true,"jetpack_featured_media_url":"","jetpack_shortlink":"https:\/\/wp.me\/p7wKYW-9lm","jetpack-related-posts":[],"_links":{"self":[{"href":"http:\/\/blogdalucianaoliveira.com.br\/blog\/wp-json\/wp\/v2\/posts\/35920","targetHints":{"allow":["GET"]}}],"collection":[{"href":"http:\/\/blogdalucianaoliveira.com.br\/blog\/wp-json\/wp\/v2\/posts"}],"about":[{"href":"http:\/\/blogdalucianaoliveira.com.br\/blog\/wp-json\/wp\/v2\/types\/post"}],"author":[{"embeddable":true,"href":"http:\/\/blogdalucianaoliveira.com.br\/blog\/wp-json\/wp\/v2\/users\/1"}],"replies":[{"embeddable":true,"href":"http:\/\/blogdalucianaoliveira.com.br\/blog\/wp-json\/wp\/v2\/comments?post=35920"}],"version-history":[{"count":2,"href":"http:\/\/blogdalucianaoliveira.com.br\/blog\/wp-json\/wp\/v2\/posts\/35920\/revisions"}],"predecessor-version":[{"id":35923,"href":"http:\/\/blogdalucianaoliveira.com.br\/blog\/wp-json\/wp\/v2\/posts\/35920\/revisions\/35923"}],"wp:attachment":[{"href":"http:\/\/blogdalucianaoliveira.com.br\/blog\/wp-json\/wp\/v2\/media?parent=35920"}],"wp:term":[{"taxonomy":"category","embeddable":true,"href":"http:\/\/blogdalucianaoliveira.com.br\/blog\/wp-json\/wp\/v2\/categories?post=35920"},{"taxonomy":"post_tag","embeddable":true,"href":"http:\/\/blogdalucianaoliveira.com.br\/blog\/wp-json\/wp\/v2\/tags?post=35920"}],"curies":[{"name":"wp","href":"https:\/\/api.w.org\/{rel}","templated":true}]}}