{"id":35924,"date":"2024-09-02T18:28:30","date_gmt":"2024-09-02T22:28:30","guid":{"rendered":"http:\/\/blogdalucianaoliveira.com.br\/blog\/?p=35924"},"modified":"2024-09-02T18:28:30","modified_gmt":"2024-09-02T22:28:30","slug":"no-brasil-247-24","status":"publish","type":"post","link":"http:\/\/blogdalucianaoliveira.com.br\/blog\/2024\/09\/02\/no-brasil-247-24\/","title":{"rendered":"No Brasil 247"},"content":{"rendered":"<p><img data-recalc-dims=\"1\" loading=\"lazy\" decoding=\"async\" data-attachment-id=\"35925\" data-permalink=\"http:\/\/blogdalucianaoliveira.com.br\/blog\/2024\/09\/02\/no-brasil-247-24\/dd904ad2-3007-4ebf-b696-7dba0b7530bf\/\" data-orig-file=\"https:\/\/i0.wp.com\/blogdalucianaoliveira.com.br\/blog\/wp-content\/uploads\/2024\/09\/dd904ad2-3007-4ebf-b696-7dba0b7530bf.jpeg?fit=1600%2C900\" data-orig-size=\"1600,900\" data-comments-opened=\"0\" data-image-meta=\"{&quot;aperture&quot;:&quot;0&quot;,&quot;credit&quot;:&quot;&quot;,&quot;camera&quot;:&quot;&quot;,&quot;caption&quot;:&quot;&quot;,&quot;created_timestamp&quot;:&quot;1725045046&quot;,&quot;copyright&quot;:&quot;&quot;,&quot;focal_length&quot;:&quot;0&quot;,&quot;iso&quot;:&quot;0&quot;,&quot;shutter_speed&quot;:&quot;0&quot;,&quot;title&quot;:&quot;&quot;,&quot;orientation&quot;:&quot;1&quot;}\" data-image-title=\"dd904ad2-3007-4ebf-b696-7dba0b7530bf\" data-image-description=\"\" data-image-caption=\"\" data-medium-file=\"https:\/\/i0.wp.com\/blogdalucianaoliveira.com.br\/blog\/wp-content\/uploads\/2024\/09\/dd904ad2-3007-4ebf-b696-7dba0b7530bf.jpeg?fit=300%2C169\" data-large-file=\"https:\/\/i0.wp.com\/blogdalucianaoliveira.com.br\/blog\/wp-content\/uploads\/2024\/09\/dd904ad2-3007-4ebf-b696-7dba0b7530bf.jpeg?fit=600%2C338\" class=\"alignnone size-full wp-image-35925\" src=\"https:\/\/i0.wp.com\/blogdalucianaoliveira.com.br\/blog\/wp-content\/uploads\/2024\/09\/dd904ad2-3007-4ebf-b696-7dba0b7530bf.jpeg?resize=600%2C338\" alt=\"\" width=\"600\" height=\"338\" srcset=\"https:\/\/i0.wp.com\/blogdalucianaoliveira.com.br\/blog\/wp-content\/uploads\/2024\/09\/dd904ad2-3007-4ebf-b696-7dba0b7530bf.jpeg?w=1600 1600w, https:\/\/i0.wp.com\/blogdalucianaoliveira.com.br\/blog\/wp-content\/uploads\/2024\/09\/dd904ad2-3007-4ebf-b696-7dba0b7530bf.jpeg?resize=300%2C169 300w, https:\/\/i0.wp.com\/blogdalucianaoliveira.com.br\/blog\/wp-content\/uploads\/2024\/09\/dd904ad2-3007-4ebf-b696-7dba0b7530bf.jpeg?resize=1024%2C576 1024w, https:\/\/i0.wp.com\/blogdalucianaoliveira.com.br\/blog\/wp-content\/uploads\/2024\/09\/dd904ad2-3007-4ebf-b696-7dba0b7530bf.jpeg?resize=768%2C432 768w, https:\/\/i0.wp.com\/blogdalucianaoliveira.com.br\/blog\/wp-content\/uploads\/2024\/09\/dd904ad2-3007-4ebf-b696-7dba0b7530bf.jpeg?resize=1536%2C864 1536w, https:\/\/i0.wp.com\/blogdalucianaoliveira.com.br\/blog\/wp-content\/uploads\/2024\/09\/dd904ad2-3007-4ebf-b696-7dba0b7530bf.jpeg?resize=533%2C300 533w, https:\/\/i0.wp.com\/blogdalucianaoliveira.com.br\/blog\/wp-content\/uploads\/2024\/09\/dd904ad2-3007-4ebf-b696-7dba0b7530bf.jpeg?w=1200 1200w\" sizes=\"auto, (max-width: 600px) 100vw, 600px\" \/><\/p>\n<p>No 247 &#8211; A terra ind\u00edgena Igarap\u00e9 Lage, do povo Wari \u00e9 uma ilha cercada por fazendas. Tem mais de 107 mil hectares e fica no Oeste do Estado, pr\u00f3xima \u00e0 divisa com a Bol\u00edvia entre os munic\u00edpios de Guajar\u00e1-Mirim e Nova Mamor\u00e9.<!--more--><\/p>\n<p>Mas, \u00e9 bem perto do distrito de Nova Dimens\u00e3o que o caminho para uma acelerada invas\u00e3o foi aberto h\u00e1 cerca de tr\u00eas anos.<\/p>\n<p>Do alto a linha 28 \u00e9 como uma cicatriz na terra ind\u00edgena que tem mais de 20 aldeias. A Pastoral Indigenista de Guajar\u00e1-Mirim denunciou h\u00e1 dois meses, que aproximadamente mil hectares j\u00e1 haviam sido desmatados desde o in\u00edcio da invas\u00e3o.<\/p>\n<p>Assista:<\/p>\n<div class=\"jetpack-video-wrapper\"><iframe loading=\"lazy\" title=\"INC\u00caNDIO CRIMINOSO ELEVA TENS\u00c3O EM TERRA IND\u00cdGENA IGARAP\u00c9 LAGE\" width=\"600\" height=\"338\" src=\"https:\/\/www.youtube.com\/embed\/MBBFO4YHaAc?feature=oembed\" frameborder=\"0\" allow=\"accelerometer; autoplay; clipboard-write; encrypted-media; gyroscope; picture-in-picture; web-share\" referrerpolicy=\"strict-origin-when-cross-origin\" allowfullscreen><\/iframe><\/div>\n","protected":false},"excerpt":{"rendered":"<p>No 247 &#8211; A terra ind\u00edgena Igarap\u00e9 Lage, do povo Wari \u00e9 uma ilha cercada por fazendas. Tem mais de 107 mil hectares e fica no Oeste do Estado, pr\u00f3xima \u00e0 divisa com a Bol\u00edvia entre os munic\u00edpios de Guajar\u00e1-Mirim e Nova Mamor\u00e9.<\/p>\n","protected":false},"author":1,"featured_media":0,"comment_status":"closed","ping_status":"open","sticky":false,"template":"","format":"standard","meta":{"_exactmetrics_skip_tracking":false,"_exactmetrics_sitenote_active":false,"_exactmetrics_sitenote_note":"","_exactmetrics_sitenote_category":0,"jetpack_post_was_ever_published":false,"_jetpack_newsletter_access":"","_jetpack_dont_email_post_to_subs":false,"_jetpack_newsletter_tier_id":0,"_jetpack_memberships_contains_paywalled_content":false,"_jetpack_memberships_contains_paid_content":false,"footnotes":"","jetpack_publicize_message":"","jetpack_publicize_feature_enabled":true,"jetpack_social_post_already_shared":true,"jetpack_social_options":{"image_generator_settings":{"template":"highway","enabled":false},"version":2}},"categories":[1],"tags":[1097,710,1096,7,922],"class_list":["post-35924","post","type-post","status-publish","format-standard","hentry","category-notas","tag-incendio","tag-invasao","tag-lage","tag-rondonia","tag-terra-indigena"],"jetpack_publicize_connections":[],"jetpack_sharing_enabled":true,"jetpack_featured_media_url":"","jetpack_shortlink":"https:\/\/wp.me\/p7wKYW-9lq","jetpack-related-posts":[],"_links":{"self":[{"href":"http:\/\/blogdalucianaoliveira.com.br\/blog\/wp-json\/wp\/v2\/posts\/35924","targetHints":{"allow":["GET"]}}],"collection":[{"href":"http:\/\/blogdalucianaoliveira.com.br\/blog\/wp-json\/wp\/v2\/posts"}],"about":[{"href":"http:\/\/blogdalucianaoliveira.com.br\/blog\/wp-json\/wp\/v2\/types\/post"}],"author":[{"embeddable":true,"href":"http:\/\/blogdalucianaoliveira.com.br\/blog\/wp-json\/wp\/v2\/users\/1"}],"replies":[{"embeddable":true,"href":"http:\/\/blogdalucianaoliveira.com.br\/blog\/wp-json\/wp\/v2\/comments?post=35924"}],"version-history":[{"count":1,"href":"http:\/\/blogdalucianaoliveira.com.br\/blog\/wp-json\/wp\/v2\/posts\/35924\/revisions"}],"predecessor-version":[{"id":35926,"href":"http:\/\/blogdalucianaoliveira.com.br\/blog\/wp-json\/wp\/v2\/posts\/35924\/revisions\/35926"}],"wp:attachment":[{"href":"http:\/\/blogdalucianaoliveira.com.br\/blog\/wp-json\/wp\/v2\/media?parent=35924"}],"wp:term":[{"taxonomy":"category","embeddable":true,"href":"http:\/\/blogdalucianaoliveira.com.br\/blog\/wp-json\/wp\/v2\/categories?post=35924"},{"taxonomy":"post_tag","embeddable":true,"href":"http:\/\/blogdalucianaoliveira.com.br\/blog\/wp-json\/wp\/v2\/tags?post=35924"}],"curies":[{"name":"wp","href":"https:\/\/api.w.org\/{rel}","templated":true}]}}