{"id":35931,"date":"2024-09-04T11:25:19","date_gmt":"2024-09-04T15:25:19","guid":{"rendered":"http:\/\/blogdalucianaoliveira.com.br\/blog\/?p=35931"},"modified":"2024-09-04T11:25:19","modified_gmt":"2024-09-04T15:25:19","slug":"hospitais-de-rondonia-devem-comunicar-mortes-de-indigenas-ao-dsei-ou-a-assistencia-social-recomenda-mpf","status":"publish","type":"post","link":"http:\/\/blogdalucianaoliveira.com.br\/blog\/2024\/09\/04\/hospitais-de-rondonia-devem-comunicar-mortes-de-indigenas-ao-dsei-ou-a-assistencia-social-recomenda-mpf\/","title":{"rendered":"Hospitais de Rond\u00f4nia devem comunicar mortes de ind\u00edgenas ao Dsei ou \u00e0 Assist\u00eancia Social, recomenda MPF"},"content":{"rendered":"<p>&nbsp;<\/p>\n<h2><img loading=\"lazy\" decoding=\"async\" class=\"newsImage\" style=\"font-size: 16px;\" title=\"Arte: Comunica\u00e7\u00e3o\/MPF\" src=\"https:\/\/www.mpf.mp.br\/ro\/sala-de-imprensa\/noticias-ro\/hospitais-de-rondonia-devem-comunicar-mortes-de-indigenas-ao-dsei-ou-a-assistencia-social-recomenda-mpf\/image_preview\" alt=\"Arte retangular com foto de um cocar de penas amarelas, azuis e verdes. No centro a palavra Ind\u00edgena em letras brancas \" width=\"400\" height=\"266\" \/><\/h2>\n<div class=\"img\">\n<p class=\"discreet\">\n<h2>\u00c9 direito dos ind\u00edgenas serem sepultados com rituais f\u00fanebres da etnia e onde viviam<\/h2>\n<\/div>\n<p><!--more--><\/p>\n<p>Da Assessoria &#8211; O Minist\u00e9rio P\u00fablico Federal (MPF) recomendou que os hospitais de Rond\u00f4nia informem as mortes de ind\u00edgenas aos Distritos Sanit\u00e1rios Especiais Ind\u00edgenas (Dseis) ou \u00e0s secretarias municipais de Assist\u00eancia Social. Os hospitais devem encaminhar os pedidos de servi\u00e7os funer\u00e1rios de pessoas ind\u00edgenas aos Dseis tanto em caso de ind\u00edgena que vive continuamente na aldeia, quanto no caso de ind\u00edgena que mora temporariamente nas cidades (para estudo, trabalho ou circunst\u00e2ncia pessoal), independente se a terra ind\u00edgena onde reside \u00e9 demarcada ou n\u00e3o.<\/p>\n<p>J\u00e1 no caso de ind\u00edgena n\u00e3o aldeado ou urbanizado, a comunica\u00e7\u00e3o deve ser feita \u00e0 Secretaria Municipal de Assist\u00eancia Social do munic\u00edpio de resid\u00eancia do falecido. As secretarias municipais de Assist\u00eancia Social tamb\u00e9m foram recomendadas a observarem o car\u00e1ter cultural das comunidades ind\u00edgenas na realiza\u00e7\u00e3o dos servi\u00e7os funer\u00e1rios e translado para sepultamento no munic\u00edpio de origem do ind\u00edgena falecido (onde ele tinha resid\u00eancia habitual). Para obter informa\u00e7\u00f5es a respeito das peculiaridades culturais nos servi\u00e7os funer\u00e1rios, indica-se que seja contatado familiar do ind\u00edgena e, na sua impossibilidade, a Funda\u00e7\u00e3o Nacional dos Povos Ind\u00edgenas (Funai).<\/p>\n<p>Tanto os hospitais quanto as secretarias municipais de Assist\u00eancia Social t\u00eam prazo de 30 dias corridos para informarem se v\u00e3o ou n\u00e3o acatar a recomenda\u00e7\u00e3o e indicar as rotinas administrativas e fluxos de trabalho internos adotados em raz\u00e3o da recomenda\u00e7\u00e3o. Os Dseis de Porto Velho, de Vilhena, de Alto Rio Purus e de M\u00e9dio Rio Purus foram comunicados a respeito da recomenda\u00e7\u00e3o.<\/p>\n<p>Em caso de demora ou de recusa dos \u00f3rg\u00e3os estatais, recomenda-se o envio de informa\u00e7\u00f5es ao Minist\u00e9rio P\u00fablico Federal pelo e-mail <strong><a class=\"email-link\" title=\"\" href=\"mailto:prro-gab6@mpf.mp.br\" target=\"_self\" rel=\"noopener\">prro-gab6@mpf.mp.br<\/a><\/strong>ou pelo telefone\/Whatsapp <a href=\"tel:(69) 9266-6906\">(69) 9266-6906<\/a>.<\/p>\n<p><strong>Rituais f\u00fanebres<\/strong> \u2013 Na recomenda\u00e7\u00e3o, o MPF ressalta que o Supremo Tribunal Federal (STF), na A\u00e7\u00e3o de Descumprimento de Preceito Fundamental (ADPF) 709, confirmou que \u201cpovos ind\u00edgenas localizados em zona urbana tamb\u00e9m constituem povos ind\u00edgenas e, nessas condi\u00e7\u00f5es, gozam dos mesmos direitos que todo e qualquer povo ind\u00edgena\u201d.<\/p>\n<p>Entretanto, segundo informa\u00e7\u00e3o do DSEI de Porto Velho, os contratos com as empresas prestadoras de servi\u00e7os funer\u00e1rios s\u00e3o destinados ao atendimento de ind\u00edgenas aldeados sem respaldo contratual para atendimento de ind\u00edgenas desaldeados ou urbanizados.<\/p>\n<p>Essa diferencia\u00e7\u00e3o fez com que, recentemente, o MPF tivesse que expedir uma recomenda\u00e7\u00e3o urgente ao Dsei de Porto Velho, \u00e0 Casai de Ji-Paran\u00e1 e \u00e0 prefeitura de Ji-Paran\u00e1 para que fossem providenciados os servi\u00e7os funer\u00e1rios e o translado do corpo de ind\u00edgena para aldeia de seu povo, a fim de que seus familiares e parentes realizassem seu enterro nos rituais f\u00fanebres de seus costumes.<\/p>\n<p>Para o MPF, \u00e9 preciso evitar a perpetua\u00e7\u00e3o da viola\u00e7\u00e3o dos direitos das pessoas ind\u00edgenas de terem acesso no momento certo ao servi\u00e7o p\u00fablico que garanta o transporte e o sepultamento de forma a respeitar os costumes dos povos origin\u00e1rios. Foram esses os motivos que levaram o MPF a expedir essa nova recomenda\u00e7\u00e3o.<\/p>\n<p><strong><a class=\"internal-link\" title=\"\" href=\"https:\/\/www.mpf.mp.br\/ro\/sala-de-imprensa\/docs\/2024\/MPFROrecomendacaohospitaisservicosfunerariosindigenas.pdf\" target=\"_self\" rel=\"noopener\">\u00cdntegra da recomenda\u00e7\u00e3o<\/a><\/strong><\/p>\n","protected":false},"excerpt":{"rendered":"<p>&nbsp; \u00c9 direito dos ind\u00edgenas serem sepultados com rituais f\u00fanebres da etnia e onde viviam<\/p>\n","protected":false},"author":1,"featured_media":0,"comment_status":"closed","ping_status":"open","sticky":false,"template":"","format":"standard","meta":{"_exactmetrics_skip_tracking":false,"_exactmetrics_sitenote_active":false,"_exactmetrics_sitenote_note":"","_exactmetrics_sitenote_category":0,"jetpack_post_was_ever_published":false,"_jetpack_newsletter_access":"","_jetpack_dont_email_post_to_subs":false,"_jetpack_newsletter_tier_id":0,"_jetpack_memberships_contains_paywalled_content":false,"_jetpack_memberships_contains_paid_content":false,"footnotes":"","jetpack_publicize_message":"","jetpack_publicize_feature_enabled":true,"jetpack_social_post_already_shared":true,"jetpack_social_options":{"image_generator_settings":{"template":"highway","enabled":false},"version":2}},"categories":[1],"tags":[1122,806,749],"class_list":["post-35931","post","type-post","status-publish","format-standard","hentry","category-notas","tag-costumes","tag-mpf-ro","tag-povos-indigenas"],"jetpack_publicize_connections":[],"jetpack_sharing_enabled":true,"jetpack_featured_media_url":"","jetpack_shortlink":"https:\/\/wp.me\/p7wKYW-9lx","jetpack-related-posts":[],"_links":{"self":[{"href":"http:\/\/blogdalucianaoliveira.com.br\/blog\/wp-json\/wp\/v2\/posts\/35931","targetHints":{"allow":["GET"]}}],"collection":[{"href":"http:\/\/blogdalucianaoliveira.com.br\/blog\/wp-json\/wp\/v2\/posts"}],"about":[{"href":"http:\/\/blogdalucianaoliveira.com.br\/blog\/wp-json\/wp\/v2\/types\/post"}],"author":[{"embeddable":true,"href":"http:\/\/blogdalucianaoliveira.com.br\/blog\/wp-json\/wp\/v2\/users\/1"}],"replies":[{"embeddable":true,"href":"http:\/\/blogdalucianaoliveira.com.br\/blog\/wp-json\/wp\/v2\/comments?post=35931"}],"version-history":[{"count":1,"href":"http:\/\/blogdalucianaoliveira.com.br\/blog\/wp-json\/wp\/v2\/posts\/35931\/revisions"}],"predecessor-version":[{"id":35932,"href":"http:\/\/blogdalucianaoliveira.com.br\/blog\/wp-json\/wp\/v2\/posts\/35931\/revisions\/35932"}],"wp:attachment":[{"href":"http:\/\/blogdalucianaoliveira.com.br\/blog\/wp-json\/wp\/v2\/media?parent=35931"}],"wp:term":[{"taxonomy":"category","embeddable":true,"href":"http:\/\/blogdalucianaoliveira.com.br\/blog\/wp-json\/wp\/v2\/categories?post=35931"},{"taxonomy":"post_tag","embeddable":true,"href":"http:\/\/blogdalucianaoliveira.com.br\/blog\/wp-json\/wp\/v2\/tags?post=35931"}],"curies":[{"name":"wp","href":"https:\/\/api.w.org\/{rel}","templated":true}]}}