{"id":35933,"date":"2024-09-04T11:39:57","date_gmt":"2024-09-04T15:39:57","guid":{"rendered":"http:\/\/blogdalucianaoliveira.com.br\/blog\/?p=35933"},"modified":"2024-09-04T11:39:57","modified_gmt":"2024-09-04T15:39:57","slug":"infoamazonia-por-fabio-bispo-2","status":"publish","type":"post","link":"http:\/\/blogdalucianaoliveira.com.br\/blog\/2024\/09\/04\/infoamazonia-por-fabio-bispo-2\/","title":{"rendered":"Infoamazonia, por F\u00e1bio Bispo"},"content":{"rendered":"<p><img data-recalc-dims=\"1\" loading=\"lazy\" decoding=\"async\" data-attachment-id=\"35935\" data-permalink=\"http:\/\/blogdalucianaoliveira.com.br\/blog\/2024\/09\/04\/infoamazonia-por-fabio-bispo-2\/img_9154\/\" data-orig-file=\"https:\/\/i0.wp.com\/blogdalucianaoliveira.com.br\/blog\/wp-content\/uploads\/2024\/09\/IMG_9154.jpeg?fit=1170%2C907\" data-orig-size=\"1170,907\" data-comments-opened=\"0\" data-image-meta=\"{&quot;aperture&quot;:&quot;0&quot;,&quot;credit&quot;:&quot;&quot;,&quot;camera&quot;:&quot;&quot;,&quot;caption&quot;:&quot;&quot;,&quot;created_timestamp&quot;:&quot;0&quot;,&quot;copyright&quot;:&quot;&quot;,&quot;focal_length&quot;:&quot;0&quot;,&quot;iso&quot;:&quot;0&quot;,&quot;shutter_speed&quot;:&quot;0&quot;,&quot;title&quot;:&quot;&quot;,&quot;orientation&quot;:&quot;1&quot;}\" data-image-title=\"IMG_9154\" data-image-description=\"\" data-image-caption=\"\" data-medium-file=\"https:\/\/i0.wp.com\/blogdalucianaoliveira.com.br\/blog\/wp-content\/uploads\/2024\/09\/IMG_9154.jpeg?fit=300%2C233\" data-large-file=\"https:\/\/i0.wp.com\/blogdalucianaoliveira.com.br\/blog\/wp-content\/uploads\/2024\/09\/IMG_9154.jpeg?fit=600%2C465\" class=\"alignnone size-full wp-image-35935\" src=\"https:\/\/i0.wp.com\/blogdalucianaoliveira.com.br\/blog\/wp-content\/uploads\/2024\/09\/IMG_9154.jpeg?resize=600%2C465\" alt=\"\" width=\"600\" height=\"465\" srcset=\"https:\/\/i0.wp.com\/blogdalucianaoliveira.com.br\/blog\/wp-content\/uploads\/2024\/09\/IMG_9154.jpeg?w=1170 1170w, https:\/\/i0.wp.com\/blogdalucianaoliveira.com.br\/blog\/wp-content\/uploads\/2024\/09\/IMG_9154.jpeg?resize=300%2C233 300w, https:\/\/i0.wp.com\/blogdalucianaoliveira.com.br\/blog\/wp-content\/uploads\/2024\/09\/IMG_9154.jpeg?resize=1024%2C794 1024w, https:\/\/i0.wp.com\/blogdalucianaoliveira.com.br\/blog\/wp-content\/uploads\/2024\/09\/IMG_9154.jpeg?resize=768%2C595 768w, https:\/\/i0.wp.com\/blogdalucianaoliveira.com.br\/blog\/wp-content\/uploads\/2024\/09\/IMG_9154.jpeg?resize=387%2C300 387w\" sizes=\"auto, (max-width: 600px) 100vw, 600px\" \/><\/p>\n<p data-pf_style_display=\"block\" data-pf_style_visibility=\"visible\"><span class=\"text-node\">Pelo menos 1.389 propriedades que obtiveram financiamento registraram fogo dentro de seus limites entre julho e agosto deste ano. Algumas delas se sobrep\u00f5em a unidades de conserva\u00e7\u00e3o e j\u00e1 estavam embargadas por infra\u00e7\u00f5es ambientais. Normas federais permitem que o cr\u00e9dito rural seja destinado a \u00e1reas onde ocorrem queimadas.<\/span><!--more--><\/p>\n<p data-pf_style_display=\"block\" data-pf_style_visibility=\"visible\"><span class=\"text-node\">Parte da fuma\u00e7a que se espalhou pelo Brasil em agosto deste ano teve origem em queimadas dentro de \u00e1reas na Amaz\u00f4nia financiadas por cr\u00e9dito rural, modalidade de financiamento banc\u00e1rio dedicada \u00e0 produ\u00e7\u00e3o agropecu\u00e1ria. Pelo menos 1.389 propriedades que receberam os recursos registraram fogo dentro dos seus limites de 1\u00ba de julho a 26 de agosto, segundo levantamento da <\/span><strong data-pf_style_display=\"inline\" data-pf_style_visibility=\"visible\"><span class=\"text-node\">InfoAmazonia<\/span><\/strong><span class=\"text-node\"> com base nos dados do Instituto Nacional de Pesquisas Espaciais (Inpe) e nos registros do Banco Central. A an\u00e1lise considerou \u00e1reas com cr\u00e9dito ativo em 2024.<\/span><\/p>\n<p data-pf_style_display=\"block\" data-pf_style_visibility=\"visible\"><span class=\"text-node\">Essas fazendas receberam, ao todo, R$ 2,6 bilh\u00f5es em cr\u00e9dito rural, incluindo im\u00f3veis que sofreram queimadas e possuem \u00e1reas sobrepostas a seis unidades de conserva\u00e7\u00e3o, entre elas o Parque Estadual de Guajar\u00e1-Mirim, a Floresta Nacional do Jamanxim e a \u00c1rea de Prote\u00e7\u00e3o Ambiental Triunfo do Xingu. Dessas, 86 propriedades com registros de fogo nos \u00faltimos dois meses j\u00e1 tinham \u00e1reas embargadas pelo Instituto Brasileiro do Meio Ambiente e dos Recursos Naturais Renov\u00e1veis (Ibama) por infra\u00e7\u00f5es ambientais.<\/span><\/p>\n<p data-pf_style_display=\"block\" data-pf_style_visibility=\"visible\"><span class=\"text-node\">Em meio \u00e0 intensa fuma\u00e7a produzida pelo fogo, a <\/span><strong data-pf_style_display=\"inline\" data-pf_style_visibility=\"visible\"><span class=\"text-node\">InfoAmazonia<\/span><\/strong> <a href=\"https:\/\/infoamazonia.org\/2024\/08\/22\/infoamazonia-registra-destruicao-em-semana-de-fogo-intenso-em-rondonia-amazonas-e-mato-grosso\/\" data-pf_style_display=\"inline\" data-pf_style_visibility=\"visible\"><span class=\"text-node\">flagrou alguns desses casos<\/span><\/a><span class=\"text-node\">durante sobrevoos realizados nos dias 20 e 21 de agosto, no sul do Amazonas e norte de Rond\u00f4nia, em parceria com a equipe de monitoramento da organiza\u00e7\u00e3o Greenpeace.<\/span><\/p>\n<p data-pf_style_display=\"block\" data-pf_style_visibility=\"visible\"><span class=\"text-node\">Em um trecho de 100 quil\u00f4metros entre os munic\u00edpios de Cujubim e Porto Velho, em Rond\u00f4nia, mais de uma dezena de fazendas embargadas queimavam. Todas t\u00eam cr\u00e9dito rural ativo e est\u00e3o sobre uma \u00e1rea de <\/span><span class=\"tooltip-block\" data-pf_style_display=\"inline\" data-pf_style_visibility=\"visible\"><span class=\"text-node\">floresta p\u00fablica n\u00e3o destinada: As florestas p\u00fablicas n\u00e3o destinadas s\u00e3o \u00e1reas da Uni\u00e3o e recebem esse nome justamente por n\u00e3o terem uma destina\u00e7\u00e3o oficial definida pelo Estado. Elas ainda n\u00e3o foram transformadas em unidades de conserva\u00e7\u00e3o, destinadas para reforma agr\u00e1ria ou demarcadas como terras ind\u00edgenas ou quilombolas, nem foram transferidas para propriet\u00e1rios privados, apesar de estarem sob a responsabilidade e posse do poder p\u00fablico.<\/span><\/span><span class=\"text-node\">. Ali, em 2018, chegou a ser <\/span><a href=\"https:\/\/documentacao.socioambiental.org\/ato_normativo\/UC\/3118_20180327_121102.pdf\" data-pf_style_display=\"inline\" data-pf_style_visibility=\"visible\"><span class=\"text-node\">criada<\/span><\/a><span class=\"text-node\"> a <\/span><a href=\"https:\/\/uc.socioambiental.org\/pt-br\/arp\/5557\" data-pf_style_display=\"inline\" data-pf_style_visibility=\"visible\"><span class=\"text-node\">Esta\u00e7\u00e3o Ecol\u00f3gica Soldado da Borracha<\/span><\/a><span class=\"text-node\">, mas a prote\u00e7\u00e3o foi extinta no mesmo ano por <\/span><a href=\"https:\/\/documentacao.socioambiental.org\/ato_normativo\/UC\/3215_20180402_110634.pdf\" data-pf_style_display=\"inline\" data-pf_style_visibility=\"visible\"><span class=\"text-node\">decreto do legislativo estadual<\/span><\/a><span class=\"text-node\">.\u00a0<\/span><\/p>\n<figure class=\"wp-block-image size-large pf-caption flex-width mediumImage pf-size-full\" data-pf_style_display=\"block\" data-pf_style_visibility=\"visible\"><img data-recalc-dims=\"1\" decoding=\"async\" class=\"wp-image-190525 pf-large-image caption-img flex-width pf-size-full mediumImage\" src=\"https:\/\/i0.wp.com\/infoamazonia.org\/wp-content\/uploads\/2024\/09\/mapa3-1024x550.png?w=600&#038;ssl=1\" sizes=\"(max-width: 1024px) 100vw, 1024px\" srcset=\"\" alt=\"\"  data-pf_style_display=\"inline\" data-pf_style_visibility=\"visible\" data-pf_rect_width=\"1024\" data-pf_rect_height=\"550\" \/><figcaption class=\"wp-element-caption\" data-pf_style_display=\"block\" data-pf_style_visibility=\"visible\"><span class=\"text-node\">Regi\u00e3o que chegou a ser destinada para unidade de conserva\u00e7\u00e3o, entre Porto Velho e Cujubim, em Rond\u00f4nia, concentra fazendas embargadas com cr\u00e9dito rural ativo. Fonte: CAR\/Ibama\/BC\/Inpe. An\u00e1lise e visualiza\u00e7\u00e3o: InfoAmazonia.<\/span><\/figcaption><\/figure>\n<p data-pf_style_display=\"block\" data-pf_style_visibility=\"visible\"><span class=\"text-node\">\u201cDiversas propriedades nessas \u00e1reas acessaram o cr\u00e9dito rural. Algumas est\u00e3o embargadas por desmatamento, mas todas elas fizeram uso do fogo de forma ilegal\u201d, afirma Tha\u00eds Bannwart, porta-voz de Florestas do Greenpeace Brasil, sobre as fazendas na extinta ESEC Soldado da Borracha.\u00a0<\/span><\/p>\n<figure class=\"wp-block-pullquote alignwide is-style-jeo\" data-pf_style_display=\"block\" data-pf_style_visibility=\"visible\">\n<blockquote data-pf_style_display=\"block\" data-pf_style_visibility=\"visible\">\n<p data-pf_style_display=\"block\" data-pf_style_visibility=\"visible\"><span class=\"text-node\">Diversas propriedades nessas \u00e1reas acessaram o cr\u00e9dito rural. Algumas est\u00e3o embargadas por desmatamento, mas todas elas fizeram uso do fogo de forma ilegal.<\/span><\/p>\n<p><cite data-pf_style_display=\"inline\" data-pf_style_visibility=\"visible\"><span class=\"text-node\">Tha\u00eds Bannwart, porta-voz de Florestas do Greenpeace Brasil<\/span><\/cite><\/p><\/blockquote>\n<\/figure>\n<div class=\"wp-block-group alignwide\" data-pf_style_display=\"block\" data-pf_style_visibility=\"visible\">\n<div class=\"wp-block-group__inner-container is-layout-constrained wp-block-group-is-layout-constrained\" data-pf_style_display=\"block\" data-pf_style_visibility=\"visible\">\n<div class=\"wp-block-jeo-theme-custom-image-gallery-block image-gallery\" data-pf_style_display=\"block\" data-pf_style_visibility=\"visible\">\n<div class=\"gallery-title\" data-pf_style_display=\"block\" data-pf_style_visibility=\"visible\"><\/div>\n<div data-pf_style_display=\"block\" data-pf_style_visibility=\"visible\"><\/div>\n<div class=\"image-gallery-wrapper\" data-pf_style_display=\"block\" data-pf_style_visibility=\"visible\">\n<div class=\"actions\" data-pf_style_display=\"block\" data-pf_style_visibility=\"visible\"><\/div>\n<div class=\"gallery-grid\" data-total-slides=\"2\" data-pf_style_display=\"block\" data-pf_style_visibility=\"visible\">\n<div class=\"gallery-item-container\" data-pf_style_display=\"block\" data-pf_style_visibility=\"visible\"><img data-recalc-dims=\"1\" decoding=\"async\" class=\"gallery-item pf-large-image flex-width pf-size-full mediumImage\" src=\"https:\/\/i0.wp.com\/infoamazonia.org\/wp-content\/uploads\/2024\/09\/IMG_4869-scaled.jpg?w=600&#038;ssl=1\" srcset=\"\" alt=\"\" data-pf_style_display=\"inline\" data-pf_style_visibility=\"visible\" data-pf_rect_width=\"0\" data-pf_rect_height=\"0\" \/><\/p>\n<div class=\"image-meta\" data-pf_style_display=\"block\" data-pf_style_visibility=\"visible\">\n<div class=\"image-description\" data-pf_style_display=\"block\" data-pf_style_visibility=\"visible\"><span data-pf_style_display=\"inline\" data-pf_style_visibility=\"visible\"><span class=\"text-node\">Fogo em floresta nativa na extinta ESEC Soldado da Borracha.<\/span><\/span><\/div>\n<div class=\"image-credit\" data-pf_style_display=\"block\" data-pf_style_visibility=\"visible\"><span data-pf_style_display=\"inline\" data-pf_style_visibility=\"visible\"><span class=\"text-node\">F\u00e1bio Bispo\/InfoAmazonia<\/span><\/span><\/div>\n<\/div>\n<\/div>\n<div class=\"gallery-item-container\" data-pf_style_display=\"block\" data-pf_style_visibility=\"visible\"><img data-recalc-dims=\"1\" decoding=\"async\" class=\"gallery-item pf-large-image flex-width pf-size-full mediumImage\" src=\"https:\/\/i0.wp.com\/infoamazonia.org\/wp-content\/uploads\/2024\/09\/IMG_4730-scaled.jpg?w=600&#038;ssl=1\" srcset=\"\" alt=\"\" data-pf_style_display=\"inline\" data-pf_style_visibility=\"visible\" data-pf_rect_width=\"0\" data-pf_rect_height=\"0\" \/><\/p>\n<div class=\"image-meta\" data-pf_style_display=\"block\" data-pf_style_visibility=\"visible\">\n<div class=\"image-description\" data-pf_style_display=\"block\" data-pf_style_visibility=\"visible\"><span data-pf_style_display=\"inline\" data-pf_style_visibility=\"visible\"><span class=\"text-node\">Propriedade em Porto Velho, na extinta ESEC Soldado da Borracha.<\/span><\/span><\/div>\n<div class=\"image-credit\" data-pf_style_display=\"block\" data-pf_style_visibility=\"visible\"><span data-pf_style_display=\"inline\" data-pf_style_visibility=\"visible\"><span class=\"text-node\">F\u00e1bio Bispo\/InfoAmazonia<\/span><\/span><\/div>\n<\/div>\n<div data-pf_style_display=\"block\" data-pf_style_visibility=\"visible\">\n<h2 id=\"h-norma-do-banco-central-ignora-queimadas-ilegais\" class=\"wp-block-heading\" data-pf_style_display=\"block\" data-pf_style_visibility=\"visible\"><span class=\"text-node\">Norma do Banco Central ignora queimadas ilegais<\/span><\/h2>\n<p data-pf_style_display=\"block\" data-pf_style_visibility=\"visible\"><span class=\"text-node\"><br \/>\nAs normas do Banco Central do Brasil e do governo federal para o financiamento do agroneg\u00f3cio na Amaz\u00f4nia permitem que o cr\u00e9dito rural seja destinado a \u00e1reas onde ocorrem queimadas ilegais.<\/span><\/p>\n<p data-pf_style_display=\"block\" data-pf_style_visibility=\"visible\"><span class=\"text-node\">Essas linhas de financiamento s\u00e3o subsidiadas por recursos dos correntistas, dos pr\u00f3prios bancos e do or\u00e7amento p\u00fablico. As condi\u00e7\u00f5es para a concess\u00e3o do cr\u00e9dito s\u00e3o definidas pelo <\/span><a href=\"https:\/\/www3.bcb.gov.br\/mcr\/completo\" data-pf_style_display=\"inline\" data-pf_style_visibility=\"visible\"><span class=\"text-node\">Manual de Cr\u00e9dito Rural (MCR 2-9), <\/span><\/a><span class=\"text-node\">do Banco Central do Brasil, que estabelece quais s\u00e3o as normas socioambientais e clim\u00e1ticas que as institui\u00e7\u00f5es financeiras devem seguir para concess\u00e3o do cr\u00e9dito.\u00a0<\/span><\/p>\n<p data-pf_style_display=\"block\" data-pf_style_visibility=\"visible\"><span class=\"text-node\">O MCR pro\u00edbe o financiamento de \u00e1reas em unidades de conserva\u00e7\u00e3o, em florestas p\u00fablicas n\u00e3o destinadas e para propriedades embargadas, mas se limita \u00e0 ocorr\u00eancia de embargo por desmatamento. Ou seja, h\u00e1 uma brecha: outros crimes ambientais, como o uso ilegal de fogo, n\u00e3o entram na lista de impeditivos para que um fazendeiro tenha acesso ao dinheiro.<\/span><\/p>\n<p data-pf_style_display=\"block\" data-pf_style_visibility=\"visible\"><span class=\"text-node\">\u201cN\u00e3o importa se a propriedade est\u00e1 embargada por desmatamento, por uso do fogo ou outro tipo de irregularidade, ou se ela foi multada. Ela n\u00e3o deveria acessar os recursos do cr\u00e9dito rural. N\u00f3s, se n\u00e3o pagamos nossas contas, a nossa fatura do cart\u00e3o, n\u00e3o conseguimos acessar financiamento. Mas quem comete infra\u00e7\u00f5es ambientais, com multas milion\u00e1rias, continua acessando os recursos do cr\u00e9dito rural\u201d, afirma a porta-voz do Greenpeace.<\/span><\/p>\n<figure class=\"wp-block-pullquote alignwide is-style-jeo\" data-pf_style_display=\"block\" data-pf_style_visibility=\"visible\">\n<blockquote data-pf_style_display=\"block\" data-pf_style_visibility=\"visible\">\n<p data-pf_style_display=\"block\" data-pf_style_visibility=\"visible\"><span class=\"text-node\">N\u00e3o importa se a propriedade est\u00e1 embargada por desmatamento, por uso do fogo ou outro tipo de irregularidade, ou se ela foi multada. Ela n\u00e3o deveria acessar os recursos do cr\u00e9dito rural. N\u00f3s, se n\u00e3o pagamos nossas contas, a nossa fatura do cart\u00e3o, n\u00e3o conseguimos acessar financiamento. Mas quem comete infra\u00e7\u00f5es ambientais, com multas milion\u00e1rias, continua acessando os recursos do cr\u00e9dito rural.<\/span><\/p>\n<p><cite data-pf_style_display=\"inline\" data-pf_style_visibility=\"visible\"><span class=\"text-node\">Tha\u00eds Bannwart, porta-voz de Florestas do Greenpeace Brasil<\/span><\/cite><\/p><\/blockquote>\n<\/figure>\n<p data-pf_style_display=\"block\" data-pf_style_visibility=\"visible\"><span class=\"text-node\">Segundo o Minist\u00e9rio do Meio Ambiente e Mudan\u00e7a do Clima (MMA), h\u00e1 limita\u00e7\u00f5es para o embargo de \u00e1reas queimadas, pois a legisla\u00e7\u00e3o exige nexo causal para identifica\u00e7\u00e3o da autoria \u2014 podem haver casos de fogo acidental ou provocado por terceiros. Isso \u00e9 diferente no caso de desmatamento e degrada\u00e7\u00e3o, que geram uma responsabiliza\u00e7\u00e3o direta para o propriet\u00e1rio ou ocupante de uma \u00e1rea.<\/span><\/p>\n<p data-pf_style_display=\"block\" data-pf_style_visibility=\"visible\"><span class=\"text-node\">\u201cA legisla\u00e7\u00e3o atual exige que seja estabelecido nexo causal no caso dos inc\u00eandios, ou seja, que o propriet\u00e1rio de fato p\u00f4s fogo e n\u00e3o foi um fogo acidental ou provocado por terceiros. Isso dificulta muito uma a\u00e7\u00e3o remota, por imagens de sat\u00e9lite, e que portanto acaba tendo uma atua\u00e7\u00e3o mais limitada\u201d, explica o MMA.<\/span><\/p>\n<p data-pf_style_display=\"block\" data-pf_style_visibility=\"visible\"><span class=\"text-node\">Em L\u00e1brea, no sul do Amazonas, a reportagem flagrou o fogo se alastrando pela floresta ao lado de pastagens rec\u00e9m-abertas, j\u00e1 com gado, em \u00e1reas pr\u00f3ximas a fazendas financiadas com cr\u00e9dito rural. Nessa regi\u00e3o, tamb\u00e9m foram observadas queimadas em propriedades localizadas na divisa do Parque Nacional Mapinguari.<\/span><\/p>\n<figure class=\"wp-block-image alignwide size-large pf-caption flex-width mediumImage pf-size-full\" data-pf_style_display=\"block\" data-pf_style_visibility=\"visible\"><img data-recalc-dims=\"1\" decoding=\"async\" class=\"wp-image-190542 pf-large-image caption-img flex-width pf-size-full mediumImage\" src=\"https:\/\/i0.wp.com\/infoamazonia.org\/wp-content\/uploads\/2024\/09\/IMG_5037-1024x683.jpg?w=600&#038;ssl=1\" sizes=\"(max-width: 1024px) 100vw, 1024px\" srcset=\"\" alt=\"\"  data-pf_style_display=\"inline\" data-pf_style_visibility=\"visible\" data-pf_rect_width=\"1024\" data-pf_rect_height=\"683\" \/><figcaption class=\"wp-element-caption\" data-pf_style_display=\"block\" data-pf_style_visibility=\"visible\"><span class=\"text-node\">Focos de inc\u00eandio pr\u00f3ximo de reserva ecol\u00f3gica do Mapinguari, no Amazonas. Foto: F\u00e1bio Bispo\/InfoAmazonia<\/span><\/figcaption><\/figure>\n<p data-pf_style_display=\"block\" data-pf_style_visibility=\"visible\"><span class=\"text-node\">\u201c\u00c9 importante frisar que todas essas queimadas s\u00e3o provocadas por a\u00e7\u00e3o humana, seja no manejo inadequado das pastagens ou colocando fogo diretamente na floresta, que, em uma <\/span><a href=\"https:\/\/infoamazonia.org\/2024\/08\/09\/seca-atinge-69-dos-municipios-da-amazonia-em-2024\/\" data-pf_style_display=\"inline\" data-pf_style_visibility=\"visible\"><span class=\"text-node\">situa\u00e7\u00e3o de seca dessas que enfrentamos<\/span><\/a><span class=\"text-node\">, rapidamente se espalha. Cerca de 90% do desmatamento e queimadas na Amaz\u00f4nia \u00e9 para abrir \u00e1reas de pastagens\u201d, destaca Bannwart.<\/span><\/p>\n<p data-pf_style_display=\"block\" data-pf_style_visibility=\"visible\"><span class=\"text-node\">Em agosto, foram registrados 38,2 mil focos de fogo na Amaz\u00f4nia, segundo o sat\u00e9lite de refer\u00eancia (Aqua) monitorado pelo Inpe, o maior n\u00famero para o m\u00eas em 14 anos. O estado do Amazonas contabilizou 10.328 focos, a pior quantidade da s\u00e9rie hist\u00f3rica, que re\u00fane os dados de queimadas desde 1998. O recorde anterior era de 2022, quando o estado atingiu, pela primeira vez, 8.659 registros.<\/span><\/p>\n<p data-pf_style_display=\"block\" data-pf_style_visibility=\"visible\"><span class=\"text-node\">J\u00e1 em Rond\u00f4nia, agosto encerrou com 4.522 focos de fogo, o maior registro em cinco anos. Em 28 de agosto, <\/span><a href=\"https:\/\/g1.globo.com\/ro\/rondonia\/noticia\/2024\/08\/29\/governo-de-rondonia-proibe-uso-de-fogo.ghtml\" data-pf_style_display=\"inline\" data-pf_style_visibility=\"visible\"><span class=\"text-node\">o governo estadual proibiu o uso de fogo por 90 dias<\/span><\/a><span class=\"text-node\">. No Par\u00e1, foram registrados 13.803 focos, tamb\u00e9m o maior n\u00famero em 14 anos.<\/span><\/p>\n<div class=\"wp-block-group alignwide\" data-pf_style_display=\"block\" data-pf_style_visibility=\"visible\">\n<div class=\"wp-block-group__inner-container is-layout-constrained wp-block-group-is-layout-constrained\" data-pf_style_display=\"block\" data-pf_style_visibility=\"visible\">\n<div class=\"wp-block-jeo-theme-custom-image-gallery-block image-gallery\" data-pf_style_display=\"block\" data-pf_style_visibility=\"visible\">\n<div class=\"image-gallery-wrapper\" data-pf_style_display=\"block\" data-pf_style_visibility=\"visible\">\n<div class=\"gallery-title\" data-pf_style_display=\"block\" data-pf_style_visibility=\"visible\"><\/div>\n<div class=\"actions\" data-pf_style_display=\"block\" data-pf_style_visibility=\"visible\"><\/div>\n<div class=\"gallery-grid\" data-total-slides=\"3\" data-pf_style_display=\"block\" data-pf_style_visibility=\"visible\">\n<div class=\"gallery-item-container\" data-pf_style_display=\"block\" data-pf_style_visibility=\"visible\"><img data-recalc-dims=\"1\" decoding=\"async\" class=\"gallery-item pf-large-image flex-width pf-size-full mediumImage\" src=\"https:\/\/i0.wp.com\/infoamazonia.org\/wp-content\/uploads\/2024\/09\/IMG_5306-2-scaled.jpg?w=600&#038;ssl=1\" srcset=\"\" alt=\"\" data-pf_style_display=\"inline\" data-pf_style_visibility=\"visible\" data-pf_rect_width=\"0\" data-pf_rect_height=\"0\" \/><\/p>\n<div class=\"image-meta\" data-pf_style_display=\"block\" data-pf_style_visibility=\"visible\">\n<div class=\"image-description\" data-pf_style_display=\"block\" data-pf_style_visibility=\"visible\"><span data-pf_style_display=\"inline\" data-pf_style_visibility=\"visible\"><span class=\"text-node\">Cicatriz de queimadas no norte de Rond\u00f4nia.<\/span><\/span><\/div>\n<div class=\"image-credit\" data-pf_style_display=\"block\" data-pf_style_visibility=\"visible\"><span data-pf_style_display=\"inline\" data-pf_style_visibility=\"visible\"><span class=\"text-node\">F\u00e1bio Bispo\/InfoAmazonia<\/span><\/span><\/div>\n<\/div>\n<\/div>\n<div class=\"gallery-item-container\" data-pf_style_display=\"block\" data-pf_style_visibility=\"visible\"><img data-recalc-dims=\"1\" decoding=\"async\" class=\"gallery-item pf-large-image flex-width pf-size-full mediumImage\" src=\"https:\/\/i0.wp.com\/infoamazonia.org\/wp-content\/uploads\/2024\/09\/IMG_5157-2-scaled.jpg?w=600&#038;ssl=1\" srcset=\"\" alt=\"\" data-pf_style_display=\"inline\" data-pf_style_visibility=\"visible\" data-pf_rect_width=\"0\" data-pf_rect_height=\"0\" \/><\/p>\n<div class=\"image-meta\" data-pf_style_display=\"block\" data-pf_style_visibility=\"visible\">\n<div class=\"image-description\" data-pf_style_display=\"block\" data-pf_style_visibility=\"visible\"><span data-pf_style_display=\"inline\" data-pf_style_visibility=\"visible\"><span class=\"text-node\">Fogo em pastagem no sul do Amazonas.<\/span><\/span><\/div>\n<div class=\"image-credit\" data-pf_style_display=\"block\" data-pf_style_visibility=\"visible\"><span data-pf_style_display=\"inline\" data-pf_style_visibility=\"visible\"><span class=\"text-node\">F\u00e1bio Bispo\/InfoAmazonia<\/span><\/span><\/div>\n<\/div>\n<\/div>\n<div class=\"gallery-item-container\" data-pf_style_display=\"block\" data-pf_style_visibility=\"visible\"><img data-recalc-dims=\"1\" decoding=\"async\" class=\"gallery-item pf-large-image flex-width pf-size-full mediumImage\" src=\"https:\/\/i0.wp.com\/infoamazonia.org\/wp-content\/uploads\/2024\/09\/IMG_5355-scaled.jpg?w=600&#038;ssl=1\" srcset=\"\" alt=\"\" data-pf_style_display=\"inline\" data-pf_style_visibility=\"visible\" data-pf_rect_width=\"0\" data-pf_rect_height=\"0\" \/><\/p>\n<div class=\"image-meta\" data-pf_style_display=\"block\" data-pf_style_visibility=\"visible\">\n<div class=\"image-description\" data-pf_style_display=\"block\" data-pf_style_visibility=\"visible\"><span data-pf_style_display=\"inline\" data-pf_style_visibility=\"visible\"><span class=\"text-node\">O fogo, iniciado em uma \u00e1rea degradada em L\u00e1brea, no sul do Amazonas, avan\u00e7ou sobre a floresta.<\/span><\/span><\/div>\n<div class=\"image-credit\" data-pf_style_display=\"block\" data-pf_style_visibility=\"visible\"><span data-pf_style_display=\"inline\" data-pf_style_visibility=\"visible\"><span class=\"text-node\">F\u00e1bio Bispo\/InfoAmazonia<\/span><\/span><\/div>\n<\/div>\n<\/div>\n<\/div>\n<\/div>\n<\/div>\n<\/div>\n<\/div>\n<h2 id=\"h-areas-embargadas-na-amazonia-por-queimadas-receberam-r-54-6-milhoes\" class=\"wp-block-heading\" data-pf_style_display=\"block\" data-pf_style_visibility=\"visible\"><span class=\"text-node\">\u00c1reas embargadas na Amaz\u00f4nia por queimadas receberam R$ 54,6 milh\u00f5es<\/span><\/h2>\n<p data-pf_style_display=\"block\" data-pf_style_visibility=\"visible\"><span class=\"text-node\">Um outro <\/span><a href=\"https:\/\/www.greenpeace.org\/static\/planet4-brasil-stateless\/2024\/08\/61850630-a-relacao-entre-credito-rural-multas-ambientais-e-fogo-greenpeace-brasil-2024.pdf\" data-pf_style_display=\"inline\" data-pf_style_visibility=\"visible\"><span class=\"text-node\">levantamento<\/span><\/a><span class=\"text-node\">, divulgado pelo Greenpeace Brasil, mostrou que 2.261 \u00e1reas embargadas na Amaz\u00f4nia e Cerrado, entre 2018 e 2023, conseguiram obter cr\u00e9dito rural no pa\u00eds. Em 748 casos (33%), os embargos s\u00e3o por desmatamento e, mesmo com a proibi\u00e7\u00e3o legal para este tipo de crime, os financiamentos foram liberados.<\/span><\/p>\n<p data-pf_style_display=\"block\" data-pf_style_visibility=\"visible\"><span class=\"text-node\">A organiza\u00e7\u00e3o identificou 1.728 propriedades na Amaz\u00f4nia que foram penalizadas pelo Ibama, mas ainda assim receberam o benef\u00edcio. Em 122 desses casos (7%), elas foram embargadas pelo uso ilegal do fogo, mas receberam, ao todo, R$ 54,6 milh\u00f5es de bancos p\u00fablicos e privados.<\/span><\/p>\n<p data-pf_style_display=\"block\" data-pf_style_visibility=\"visible\"><span class=\"text-node\">Essas mesmas 122 propriedades, que j\u00e1 haviam sido embargadas, geraram uma d\u00edvida de R$ 57 milh\u00f5es em multas ambientais ao Estado. Segundo o Greenpeace, os propriet\u00e1rios dessas \u00e1reas embargadas por fogo com cr\u00e9dito rural ativo tamb\u00e9m s\u00e3o respons\u00e1veis por outras infra\u00e7\u00f5es que somam R$ 145,5 milh\u00f5es.<\/span><\/p>\n<p data-pf_style_display=\"block\" data-pf_style_visibility=\"visible\"><span class=\"text-node\">O Banco do Brasil \u00e9 a institui\u00e7\u00e3o que mais investiu dinheiro na produ\u00e7\u00e3o rural em \u00e1reas com embargos por uso ilegal do fogo, segundo o Greenpeace, com 266 opera\u00e7\u00f5es de cr\u00e9dito entre 353 financiamentos destinados para \u00e1reas embargadas por fogo na Amaz\u00f4nia e Cerrado. Em segundo lugar, est\u00e1 o Banco da Amaz\u00f4nia, que destinou recursos para 61 financiamentos. As demais opera\u00e7\u00f5es foram realizadas por cooperativas e bancos privados.<\/span><\/p>\n<p data-pf_style_display=\"block\" data-pf_style_visibility=\"visible\"><span class=\"text-node\">Em 51 das opera\u00e7\u00f5es mapeadas, os financiamentos ocorreram antes dos embargos, mas permanecem ativos. No entanto, em 302 casos (85,56%), os financiamentos foram liberados quando as \u00e1reas j\u00e1 estavam embargadas.<\/span><\/p>\n<h2 id=\"h-bb-financiou-gado-em-fazenda-incendiaria-no-parque-de-guajara-mirim\" class=\"wp-block-heading\" data-pf_style_display=\"block\" data-pf_style_visibility=\"visible\"><span class=\"text-node\">BB financiou gado em fazenda incendi\u00e1ria no Parque de Guajar\u00e1-Mirim<\/span><\/h2>\n<p data-pf_style_display=\"block\" data-pf_style_visibility=\"visible\"><span class=\"text-node\">Em 20 de abril de 2021, os deputados de Rond\u00f4nia aprovaram a <\/span><a href=\"https:\/\/infoamazonia.org\/2020\/12\/03\/governo-de-rondonia-quer-reduzir-areas-protegidas-ocupadas-por-gado-ilegal\/\" data-pf_style_display=\"inline\" data-pf_style_visibility=\"visible\"><span class=\"text-node\">exclus\u00e3o de 226 mil hectares do Parque Estadual de Guajar\u00e1-Mirim e da Reserva Extrativista Jaci-Paran\u00e1<\/span><\/a><span class=\"text-node\">, com o objetivo de viabilizar a pecu\u00e1ria nessas \u00e1reas protegidas. A <\/span><a href=\"https:\/\/diof.ro.gov.br\/data\/uploads\/2021\/05\/9523-1.pdf\" data-pf_style_display=\"inline\" data-pf_style_visibility=\"visible\"><span class=\"text-node\">Lei Complementar 1.089\/21<\/span><\/a><span class=\"text-node\"> reduziu os limites do parque e da reserva. Na \u00e9poca, o discurso era de que j\u00e1 havia <\/span><a href=\"https:\/\/infoamazonia.org\/2022\/01\/13\/governo-de-rondonia-mantem-vacinacao-e-controle-de-gado-ilegal-em-area-protegida-da-amazonia\/\" data-pf_style_display=\"inline\" data-pf_style_visibility=\"visible\"><span class=\"text-node\">150 mil cabe\u00e7as de gado<\/span><\/a><span class=\"text-node\"> na regi\u00e3o. Em 2023, o Supremo Tribunal Federal (STF) <\/span><a href=\"https:\/\/www.tudorondonia.com\/noticias\/stf-confirma-decisao-de-inconstitucionalidade-da-reducao-da-resex-jaci-parana-e-do-parque-estadual-de-guajara-mirim,101841.shtml\" data-pf_style_display=\"inline\" data-pf_style_visibility=\"visible\"><span class=\"text-node\">confirmou que a lei \u00e9 inconstitucional<\/span><\/a><span class=\"text-node\"> e a prote\u00e7\u00e3o ambiental foi devolvida, mas j\u00e1 era tarde: o desmatamento nessas \u00e1reas disparou.<\/span><\/p>\n<p data-pf_style_display=\"block\" data-pf_style_visibility=\"visible\"><span class=\"text-node\">Em 2021 e 2022, propriedades sobrepostas ao parque e \u00e0 reserva obtiveram cr\u00e9dito rural. Uma delas \u00e9 uma fazenda no interior do Parque de Guajar\u00e1-Mirim, que recebeu R$ 976 mil do Banco do Brasil para recria e engorda de gado.\u00a0<\/span><\/p>\n<p data-pf_style_display=\"block\" data-pf_style_visibility=\"visible\"><span class=\"text-node\">A \u00e1rea foi praticamente toda desmatada em 2021, mas n\u00e3o foi alvo de fiscaliza\u00e7\u00e3o. Em janeiro de 2022, a fazenda obteve o financiamento, que foi encerrado em janeiro deste ano. Nos \u00faltimos dias 11 e 12 de agosto, essa \u00e1rea registrou focos de queimada, segundo os dados do Inpe.<\/span><\/p>\n<div class=\"wp-block-group alignwide\" data-pf_style_display=\"block\" data-pf_style_visibility=\"visible\">\n<div class=\"wp-block-group__inner-container is-layout-constrained wp-block-group-is-layout-constrained\" data-pf_style_display=\"block\" data-pf_style_visibility=\"visible\"><\/div>\n<\/div>\n<p data-pf_style_display=\"block\" data-pf_style_visibility=\"visible\"><span class=\"text-node\">A fazenda fica na localidade conhecida como Bico do Parque, que faz divisa com a Terra Ind\u00edgena Karipuna, justamente onde os ind\u00edgenas t\u00eam denunciado as invas\u00f5es.\u00a0<\/span><\/p>\n<p data-pf_style_display=\"block\" data-pf_style_visibility=\"visible\"><span class=\"text-node\">Pelo menos 854 propriedades num raio de at\u00e9 10 quil\u00f4metros do territ\u00f3rio foram beneficiadas com o cr\u00e9dito rural, considerando cr\u00e9ditos ativos e encerrados. Em 174 im\u00f3veis, h\u00e1 sobreposi\u00e7\u00f5es com embargos do Ibama por infra\u00e7\u00f5es ambientais. Em seis \u00e1reas com financiamento ativo, incluindo \u00e1reas embargadas, houve registro de fogo nos \u00faltimos dois meses.<\/span><\/p>\n<p data-pf_style_display=\"block\" data-pf_style_visibility=\"visible\"><span class=\"text-node\">A press\u00e3o j\u00e1 reflete em preju\u00edzos \u201csociais, culturais e econ\u00f4micos para a comunidade local\u201d, de acordo com o l\u00edder ind\u00edgena Adriano Karipuna. Ele diz que o gado avan\u00e7a pela \u00e1rea homologada do territ\u00f3rio \u201c\u00e0 base de desmatamento ilegal e queimadas\u201d.<\/span><\/p>\n<p data-pf_style_display=\"block\" data-pf_style_visibility=\"visible\"><span class=\"text-node\">\u201cN\u00f3s temos sofrido muito com as queimadas e as invas\u00f5es em nosso territ\u00f3rio. \u00c9 algo que n\u00e3o viamos com tanta frequ\u00eancia, mas que agora se tornou constante. N\u00f3s j\u00e1 temos fazendas ilegais de gado dentro do territ\u00f3rio\u201d, afirma o ind\u00edgena. No m\u00eas passado, o governo federal cumpriu a recomenda\u00e7\u00e3o do STF para retirada de invasores da Terra Ind\u00edgena Karipuna.<\/span><\/p>\n<h2 id=\"h-banco-do-brasil-inclui-queimadas-em-proibicoes\" class=\"wp-block-heading\" data-pf_style_display=\"block\" data-pf_style_visibility=\"visible\"><span class=\"text-node\">Banco do Brasil inclui queimadas em proibi\u00e7\u00f5es<\/span><\/h2>\n<p data-pf_style_display=\"block\" data-pf_style_visibility=\"visible\"><span class=\"text-node\">Em resposta \u00e0 <\/span><strong data-pf_style_display=\"inline\" data-pf_style_visibility=\"visible\"><span class=\"text-node\">InfoAmazonia<\/span><\/strong><span class=\"text-node\">, o Banco do Brasil informou, em nota, que \u201cadota medidas proativas e volunt\u00e1rias\u201d em suas linhas de financiamento para o cr\u00e9dito rural. O banco afirma que n\u00e3o financia empreendimentos rurais localizados em \u00e1reas embargadas por desmatamento ilegal e que utiliza ferramentas automatizadas para verificar restri\u00e7\u00f5es legais.\u00a0<\/span><\/p>\n<p data-pf_style_display=\"block\" data-pf_style_visibility=\"visible\"><span class=\"text-node\">\u201cTodas as opera\u00e7\u00f5es de cr\u00e9dito contam com cl\u00e1usulas que permitem a decreta\u00e7\u00e3o do vencimento antecipado e a suspens\u00e3o imediata dos desembolsos em caso de ocorr\u00eancia de infring\u00eancias socioambientais; e o Banco faz valer essa cl\u00e1usula sempre que qualquer irregularidade \u00e9 constatada\u201d, diz a nota (<\/span><a href=\"https:\/\/infoamazonia.org\/wp-content\/uploads\/2024\/09\/Respostas-Banco-do-Brasil-sobre-credito-rural-em-areas-incendiadas-na-Amazonia.pdf\" data-pf_style_display=\"inline\" data-pf_style_visibility=\"visible\"><span class=\"text-node\">leia aqui a \u00edntegra do posicionamento do Banco do Brasil<\/span><\/a><span class=\"text-node\">).<\/span><\/p>\n<p data-pf_style_display=\"block\" data-pf_style_visibility=\"visible\"><span class=\"text-node\">Apesar de n\u00e3o constar entre as pr\u00e1ticas vedadas pelo manual do BC (MCR-29), o Banco do Brasil disse que incluiu recentemente \u201ca verifica\u00e7\u00e3o de sobreposi\u00e7\u00e3o do im\u00f3vel com \u00e1reas embargadas por uso de fogo\u201d.<\/span><\/p>\n<p data-pf_style_display=\"block\" data-pf_style_visibility=\"visible\"><span class=\"text-node\">O banco n\u00e3o comentou sobre os casos identificados pela organiza\u00e7\u00e3o ambiental para \u00e1reas com embargos do Ibama financiadas com cr\u00e9dito rural, nem informou se far\u00e1 uma revis\u00e3o destes casos ou de outros casos.<\/span><\/p>\n<p data-pf_style_display=\"block\" data-pf_style_visibility=\"visible\"><span class=\"text-node\">A <\/span><strong data-pf_style_display=\"inline\" data-pf_style_visibility=\"visible\"><span class=\"text-node\">InfoAmazonia<\/span><\/strong><span class=\"text-node\"> tamb\u00e9m perguntou ao Banco Central sobre a concess\u00e3o de cr\u00e9dito rural para propriedades envolvidas em crimes ambientais e queimadas ilegais na Amaz\u00f4nia, mas a institui\u00e7\u00e3o financeira n\u00e3o respondeu aos questionamentos da reportagem.<\/span><\/p>\n<p data-pf_style_display=\"block\" data-pf_style_visibility=\"visible\"><span class=\"text-node\">J\u00e1 o Banco da Amaz\u00f4nia afirmou que adota uma \u201cr\u00edgida Pol\u00edtica de Responsabilidade Social, Ambiental e Clim\u00e1tica\u201d, e que todas as opera\u00e7\u00f5es de cr\u00e9dito s\u00e3o analisadas com base nos crit\u00e9rios estabelecidos pelo Banco Central.<\/span><\/p>\n<p data-pf_style_display=\"block\" data-pf_style_visibility=\"visible\"><span class=\"text-node\">\u201cToda a opera\u00e7\u00e3o recebe tratamento de an\u00e1lise socioambiental, realizada em ferramenta digital contratada para auxiliar a este fim, com exce\u00e7\u00e3o das opera\u00e7\u00f5es dispensadas pelo pr\u00f3prio Manual de Cr\u00e9dito Rural \u2013 MCR\u201d, afirmou, em nota, a institui\u00e7\u00e3o.<\/span><\/p>\n<p data-pf_style_display=\"block\" data-pf_style_visibility=\"visible\"><span class=\"text-node\">O MMA informou que o \u00f3rg\u00e3o tem atuado junto com o Banco Central para ampliar restri\u00e7\u00f5es do cr\u00e9dito rural para \u00e1reas que causem a destrui\u00e7\u00e3o da floresta. A pedido da pasta, no ano passado, a norma do Banco Central \u201campliou os embargos para todos os biomas e incluiu as notifica\u00e7\u00f5es estaduais\u201d, segundo o \u00f3rg\u00e3o.<\/span><\/p>\n<p data-pf_style_display=\"block\" data-pf_style_visibility=\"visible\"><span class=\"text-node\">O presidente Lula (PT) e a ministra do Meio Ambiente e Mudan\u00e7as do Clima, Marina Silva, pediram <\/span><a href=\"https:\/\/www.gov.br\/mma\/pt-br\/assuntos\/noticias\/governo-federal-pede-investigacoes-sobre-incendios-e-garante-apoio-aos-estados-no-combate-ao-fogo\" data-pf_style_display=\"inline\" data-pf_style_visibility=\"visible\"><span class=\"text-node\">abertura de investiga\u00e7\u00e3o para a\u00e7\u00f5es criminosas nos inc\u00eandios recentes<\/span><\/a><span class=\"text-node\"> no Brasil. A partir do pedido, a Pol\u00edcia Federal instaurou 31 inqu\u00e9ritos, sendo 29 para investigar inc\u00eandios na Amaz\u00f4nia e no Pantanal, e dois em S\u00e3o Paulo.<\/span><\/p>\n<p data-pf_style_display=\"block\" data-pf_style_visibility=\"visible\"><span class=\"text-node\">Procurada para comentar os casos de queimadas registradas em \u00e1reas beneficiadas com cr\u00e9dito rural, a Presid\u00eancia encaminhou a solicita\u00e7\u00e3o da reportagem aos minist\u00e9rios do Desenvolvimento Agr\u00e1rio e Agricultura Familiar e da Agricultura e Pecu\u00e1ria. Mas at\u00e9 o momento n\u00e3o obtivemos retorno.<\/span><\/p>\n<div class=\"content-box\" data-pf_style_display=\"block\" data-pf_style_visibility=\"visible\">\n<div data-pf_style_display=\"block\" data-pf_style_visibility=\"visible\">\n<h3 class=\"content-box--title\" data-pf_style_display=\"block\" data-pf_style_visibility=\"visible\"><strong data-pf_style_display=\"inline\" data-pf_style_visibility=\"visible\"><span class=\"text-node\">Como analisamos \u00e1reas incendiadas com financiamento ativo<\/span><\/strong><\/h3>\n<p data-pf_style_display=\"block\" data-pf_style_visibility=\"visible\"><span class=\"text-node\">A <\/span><strong data-pf_style_display=\"inline\" data-pf_style_visibility=\"visible\"><span class=\"text-node\">InfoAmazonia <\/span><\/strong><span class=\"text-node\">identificou as \u00e1reas beneficiadas com cr\u00e9dito rural, disponibilizadas pelo Banco Central, a partir do Cadastro Ambiental Rural (CAR) indicados nas opera\u00e7\u00f5es de financiamentos. Para esta an\u00e1lise, a reportagem considerou somente as opera\u00e7\u00f5es banc\u00e1rias com vencimentos a partir de 2024, para considerar os financiamentos ativos. Esses dados foram cruzados com os registros de focos de calor detectados pelo <\/span><a href=\"https:\/\/www.noaa.gov\/news-release\/noaa-21-satellite-is-now-operational\" data-pf_style_display=\"inline\" data-pf_style_visibility=\"visible\"><span class=\"text-node\">sat\u00e9lite NOAA-21<\/span><\/a><span class=\"text-node\"> e disponibilizados pelo Inpe (registros entre 1\u00ba de julho e 26 de agosto). As mesmas \u00e1reas do CAR foram cruzadas com os registros de embargos do Ibama.<\/span><\/p>\n<\/div>\n<\/div>\n<\/div>\n<\/div>\n<\/div>\n<\/div>\n<\/div>\n<\/div>\n<\/div>\n","protected":false},"excerpt":{"rendered":"<p>Pelo menos 1.389 propriedades que obtiveram financiamento registraram fogo dentro de seus limites entre julho e agosto deste ano. Algumas delas se sobrep\u00f5em a unidades de conserva\u00e7\u00e3o e j\u00e1 estavam embargadas por infra\u00e7\u00f5es ambientais. Normas federais permitem que o cr\u00e9dito rural seja destinado a \u00e1reas onde ocorrem queimadas.<\/p>\n","protected":false},"author":1,"featured_media":0,"comment_status":"closed","ping_status":"open","sticky":false,"template":"","format":"standard","meta":{"_exactmetrics_skip_tracking":false,"_exactmetrics_sitenote_active":false,"_exactmetrics_sitenote_note":"","_exactmetrics_sitenote_category":0,"jetpack_post_was_ever_published":false,"_jetpack_newsletter_access":"","_jetpack_dont_email_post_to_subs":false,"_jetpack_newsletter_tier_id":0,"_jetpack_memberships_contains_paywalled_content":false,"_jetpack_memberships_contains_paid_content":false,"footnotes":"","jetpack_publicize_message":"","jetpack_publicize_feature_enabled":true,"jetpack_social_post_already_shared":true,"jetpack_social_options":{"image_generator_settings":{"template":"highway","enabled":false},"version":2}},"categories":[1],"tags":[252,1123,295,7],"class_list":["post-35933","post","type-post","status-publish","format-standard","hentry","category-notas","tag-amazonia","tag-credito-rural","tag-queimadas","tag-rondonia"],"jetpack_publicize_connections":[],"jetpack_sharing_enabled":true,"jetpack_featured_media_url":"","jetpack_shortlink":"https:\/\/wp.me\/p7wKYW-9lz","jetpack-related-posts":[],"_links":{"self":[{"href":"http:\/\/blogdalucianaoliveira.com.br\/blog\/wp-json\/wp\/v2\/posts\/35933","targetHints":{"allow":["GET"]}}],"collection":[{"href":"http:\/\/blogdalucianaoliveira.com.br\/blog\/wp-json\/wp\/v2\/posts"}],"about":[{"href":"http:\/\/blogdalucianaoliveira.com.br\/blog\/wp-json\/wp\/v2\/types\/post"}],"author":[{"embeddable":true,"href":"http:\/\/blogdalucianaoliveira.com.br\/blog\/wp-json\/wp\/v2\/users\/1"}],"replies":[{"embeddable":true,"href":"http:\/\/blogdalucianaoliveira.com.br\/blog\/wp-json\/wp\/v2\/comments?post=35933"}],"version-history":[{"count":2,"href":"http:\/\/blogdalucianaoliveira.com.br\/blog\/wp-json\/wp\/v2\/posts\/35933\/revisions"}],"predecessor-version":[{"id":35936,"href":"http:\/\/blogdalucianaoliveira.com.br\/blog\/wp-json\/wp\/v2\/posts\/35933\/revisions\/35936"}],"wp:attachment":[{"href":"http:\/\/blogdalucianaoliveira.com.br\/blog\/wp-json\/wp\/v2\/media?parent=35933"}],"wp:term":[{"taxonomy":"category","embeddable":true,"href":"http:\/\/blogdalucianaoliveira.com.br\/blog\/wp-json\/wp\/v2\/categories?post=35933"},{"taxonomy":"post_tag","embeddable":true,"href":"http:\/\/blogdalucianaoliveira.com.br\/blog\/wp-json\/wp\/v2\/tags?post=35933"}],"curies":[{"name":"wp","href":"https:\/\/api.w.org\/{rel}","templated":true}]}}