{"id":3595,"date":"2016-08-31T20:31:27","date_gmt":"2016-09-01T00:31:27","guid":{"rendered":"http:\/\/blogdalucianaoliveira.com.br\/blog\/?p=3595"},"modified":"2016-08-31T20:31:27","modified_gmt":"2016-09-01T00:31:27","slug":"el-dia-triste-do-brasil-o-golpe-parlamentar","status":"publish","type":"post","link":"http:\/\/blogdalucianaoliveira.com.br\/blog\/2016\/08\/31\/el-dia-triste-do-brasil-o-golpe-parlamentar\/","title":{"rendered":"\u201cEl dia triste\u201d do Brasil: o golpe parlamentar"},"content":{"rendered":"<p><img data-recalc-dims=\"1\" loading=\"lazy\" decoding=\"async\" data-attachment-id=\"3596\" data-permalink=\"http:\/\/blogdalucianaoliveira.com.br\/blog\/2016\/08\/31\/el-dia-triste-do-brasil-o-golpe-parlamentar\/cassol\/\" data-orig-file=\"https:\/\/i0.wp.com\/blogdalucianaoliveira.com.br\/blog\/wp-content\/uploads\/2016\/08\/cassol.jpg?fit=699%2C420\" data-orig-size=\"699,420\" data-comments-opened=\"0\" data-image-meta=\"{&quot;aperture&quot;:&quot;0&quot;,&quot;credit&quot;:&quot;&quot;,&quot;camera&quot;:&quot;&quot;,&quot;caption&quot;:&quot;&quot;,&quot;created_timestamp&quot;:&quot;0&quot;,&quot;copyright&quot;:&quot;&quot;,&quot;focal_length&quot;:&quot;0&quot;,&quot;iso&quot;:&quot;0&quot;,&quot;shutter_speed&quot;:&quot;0&quot;,&quot;title&quot;:&quot;&quot;,&quot;orientation&quot;:&quot;0&quot;}\" data-image-title=\"cassol\" data-image-description=\"\" data-image-caption=\"\" data-medium-file=\"https:\/\/i0.wp.com\/blogdalucianaoliveira.com.br\/blog\/wp-content\/uploads\/2016\/08\/cassol.jpg?fit=300%2C180\" data-large-file=\"https:\/\/i0.wp.com\/blogdalucianaoliveira.com.br\/blog\/wp-content\/uploads\/2016\/08\/cassol.jpg?fit=600%2C361\" src=\"https:\/\/i0.wp.com\/blogdalucianaoliveira.com.br\/blog\/wp-content\/uploads\/2016\/08\/cassol.jpg?resize=600%2C361\" alt=\"cassol\" width=\"600\" height=\"361\" class=\"alignnone size-full wp-image-3596\" srcset=\"https:\/\/i0.wp.com\/blogdalucianaoliveira.com.br\/blog\/wp-content\/uploads\/2016\/08\/cassol.jpg?w=699 699w, https:\/\/i0.wp.com\/blogdalucianaoliveira.com.br\/blog\/wp-content\/uploads\/2016\/08\/cassol.jpg?resize=300%2C180 300w, https:\/\/i0.wp.com\/blogdalucianaoliveira.com.br\/blog\/wp-content\/uploads\/2016\/08\/cassol.jpg?resize=499%2C300 499w\" sizes=\"auto, (max-width: 600px) 100vw, 600px\" \/><\/p>\n<p>E aconteceu, que naqueles dias, sic\u00e1rios se travestiram de senadores, em grande n\u00famero, n\u00e3o todos, e decidiram atacar uma dama honrada e incorrupt\u00edvel que lhes cortava o atalho para chegarem ao poder de Estado. <!--more--><\/p>\n<p>A partir do Estado iriam fazer o que sempre fizeram: aproveitar-se dos bens p\u00fablicos para auto enriquecimento, escapar desesperadamente do bra\u00e7o da justi\u00e7a e levar avante sua situa\u00e7\u00e3o de privil\u00e9gio, sempre \u00e0 custa do povo pobre que eles querem manter longe, nas periferias, um ex\u00e9rcito de reserva, \u00fatil para seus servi\u00e7os quase \u00e0 moda de escravos.<br \/>\nSangraram a dama incorrupt\u00edvel e honrada sob o pretexto de que pr\u00e1ticas fiscais suas eram crime, coisa que os maiores especialistas em direito e economia, bem como inst\u00e2ncias oficias o negaram. Criaram uma far\u00e7a e rasgaram a constitui\u00e7\u00e3o. Cassar uma presidenta sem crime comprovado, \u00e9 um golpe. Golpe parlamentar, esta \u00e9 a palavra certa que tem que ser usada.<\/p>\n<p>Eles se mostravam faceiros, farisaicamente dizendo que se sentiam mal, mas falando que inauguravam uma &#8220;era uma nova primavera, o come\u00e7o de um novo Brasil pr\u00f3spero e justo.&#8221; Mentira.<\/p>\n<p>O plano &#8220;Uma Ponte para o Futuro&#8221;, na verdade, \u00e9 uma ponte para o atraso porque tenta desmontar os avan\u00e7os que os trabalhadores, as mulheres, os negros, os povos ind\u00edgenas, a popula\u00e7\u00e3o LGBT, os pobres e feitos invis\u00edveis alcan\u00e7aram, pela primeira vez, em nossa hist\u00f3ria no \u00e2mbito da inclus\u00e3o social, dos salarios, da sa\u00fade, da educa\u00e7\u00e3o, das leis trabalhistas, das aposentadorias e de acesso ao ensino t\u00e9cnico e superior. E o mais grave: querem mant\u00ea-los no analfabetismo porque assim ficam silenciados e incapazes de reclamar direitos e dignidade.<\/p>\n<p>Agora \u00e9 o Mercado que conta. Quem quer sa\u00fade, que v\u00e1 ao Mercado e pague. Quem quer estudar na universidade que v\u00e1 ao Mercado e pague. Todas as coisas virar\u00e3o mercadoria a serem vendidas e compradas. Compra-se dignidade? Compra-se solidariedade? Paga-se pelo amor? N\u00e3o importa. S\u00e3o coisas que para eles n\u00e3o entram na contabilidade. Mas algu\u00e9m pode viver e ser feliz sem tudo isso?<\/p>\n<p>Houve nos prim\u00f3rdios da conquista e domina\u00e7\u00e3o do M\u00e9xico em 1520 &#8220;la noche triste&#8221;quando grande parte do ex\u00e9rcito espanhol foi dizimado. Hoje em 2016 temos &#8220;el dia triste&#8221; no qual uma presidenta foi injustamente apeada do poder, conquistado pelas urnas.<\/p>\n<p>Pelos espa\u00e7os do Senado e nos corredores h\u00e1 sangue derramado. Uma &#8220;noche pol\u00edtica triste&#8221; caiu sobre o Brasil, tirando a esperan\u00e7a dos que sa\u00edram da mis\u00e9ria e que correm o risco de novamente cair nela.<\/p>\n<p>E todos os que lutaram para que se consolidasse a democracia de cunho social e que se respeitasse a vontade popular, expressa nas urnas, foram novamente tra\u00eddos. Este dia \u00e9 o dia dos &#8220;longos punhais&#8221; que sangraram a dama honrada e feriram gravemente a soberania popular.<br \/>\nHoje, 31 de agosto \u00e9 o dia da tristeza. Os que tramaram esse teatro e os senadores-sic\u00e1rios levar\u00e3o a pecha de golpistas e farsantes pela vida afora. A consci\u00eancia os perseguir\u00e1 e sua memoria ser\u00e1 pulverizada. A vontade de condenar n\u00e3o substitui a raz\u00e3o que se orienta pela verdade.<\/p>\n<p>Eles atropelaram a verdade sob o mento da injusti\u00e7a. Estar\u00e3o numa sinistra companhia, a daqueles que, anos atr\u00e1s, assaltaram o Estado, oprimiram o povo, torturam como a presidenta Dilma e assassinaram a tantos que buscavam a restaura\u00e7\u00e3o da democracia.<br \/>\nE, no entardecer da vida, enfrentar\u00e3o um Juiz maior que desvelar\u00e1 toda a injusti\u00e7a que conscientemente cometeram.<\/p>\n<p>Leonardo Boff, professor em\u00e9rito de \u00e9tica da UERJ e escritor.<\/p>\n","protected":false},"excerpt":{"rendered":"<p>E aconteceu, que naqueles dias, sic\u00e1rios se travestiram de senadores, em grande n\u00famero, n\u00e3o todos, e decidiram atacar uma dama honrada e incorrupt\u00edvel que lhes cortava o atalho para chegarem ao poder de Estado.<\/p>\n","protected":false},"author":1,"featured_media":0,"comment_status":"closed","ping_status":"open","sticky":false,"template":"","format":"standard","meta":{"_exactmetrics_skip_tracking":false,"_exactmetrics_sitenote_active":false,"_exactmetrics_sitenote_note":"","_exactmetrics_sitenote_category":0,"jetpack_post_was_ever_published":false,"_jetpack_newsletter_access":"","_jetpack_dont_email_post_to_subs":false,"_jetpack_newsletter_tier_id":0,"_jetpack_memberships_contains_paywalled_content":false,"_jetpack_memberships_contains_paid_content":false,"footnotes":"","jetpack_publicize_message":"","jetpack_publicize_feature_enabled":true,"jetpack_social_post_already_shared":true,"jetpack_social_options":{"image_generator_settings":{"template":"highway","enabled":false},"version":2}},"categories":[1],"tags":[],"class_list":["post-3595","post","type-post","status-publish","format-standard","hentry","category-notas"],"jetpack_publicize_connections":[],"jetpack_sharing_enabled":true,"jetpack_featured_media_url":"","jetpack_shortlink":"https:\/\/wp.me\/p7wKYW-VZ","jetpack-related-posts":[],"_links":{"self":[{"href":"http:\/\/blogdalucianaoliveira.com.br\/blog\/wp-json\/wp\/v2\/posts\/3595","targetHints":{"allow":["GET"]}}],"collection":[{"href":"http:\/\/blogdalucianaoliveira.com.br\/blog\/wp-json\/wp\/v2\/posts"}],"about":[{"href":"http:\/\/blogdalucianaoliveira.com.br\/blog\/wp-json\/wp\/v2\/types\/post"}],"author":[{"embeddable":true,"href":"http:\/\/blogdalucianaoliveira.com.br\/blog\/wp-json\/wp\/v2\/users\/1"}],"replies":[{"embeddable":true,"href":"http:\/\/blogdalucianaoliveira.com.br\/blog\/wp-json\/wp\/v2\/comments?post=3595"}],"version-history":[{"count":1,"href":"http:\/\/blogdalucianaoliveira.com.br\/blog\/wp-json\/wp\/v2\/posts\/3595\/revisions"}],"predecessor-version":[{"id":3597,"href":"http:\/\/blogdalucianaoliveira.com.br\/blog\/wp-json\/wp\/v2\/posts\/3595\/revisions\/3597"}],"wp:attachment":[{"href":"http:\/\/blogdalucianaoliveira.com.br\/blog\/wp-json\/wp\/v2\/media?parent=3595"}],"wp:term":[{"taxonomy":"category","embeddable":true,"href":"http:\/\/blogdalucianaoliveira.com.br\/blog\/wp-json\/wp\/v2\/categories?post=3595"},{"taxonomy":"post_tag","embeddable":true,"href":"http:\/\/blogdalucianaoliveira.com.br\/blog\/wp-json\/wp\/v2\/tags?post=3595"}],"curies":[{"name":"wp","href":"https:\/\/api.w.org\/{rel}","templated":true}]}}