{"id":35954,"date":"2024-09-10T09:46:20","date_gmt":"2024-09-10T13:46:20","guid":{"rendered":"http:\/\/blogdalucianaoliveira.com.br\/blog\/?p=35954"},"modified":"2024-09-10T09:46:20","modified_gmt":"2024-09-10T13:46:20","slug":"brasil-tem-200-cidades-com-niveis-de-umidade-iguais-ou-inferiores-ao-saara","status":"publish","type":"post","link":"http:\/\/blogdalucianaoliveira.com.br\/blog\/2024\/09\/10\/brasil-tem-200-cidades-com-niveis-de-umidade-iguais-ou-inferiores-ao-saara\/","title":{"rendered":"Brasil tem 200 cidades com n\u00edveis de umidade iguais ou inferiores ao Saara"},"content":{"rendered":"<p><img data-recalc-dims=\"1\" loading=\"lazy\" decoding=\"async\" data-attachment-id=\"35955\" data-permalink=\"http:\/\/blogdalucianaoliveira.com.br\/blog\/2024\/09\/10\/brasil-tem-200-cidades-com-niveis-de-umidade-iguais-ou-inferiores-ao-saara\/img_9521\/\" data-orig-file=\"https:\/\/i0.wp.com\/blogdalucianaoliveira.com.br\/blog\/wp-content\/uploads\/2024\/09\/IMG_9521.jpeg?fit=1006%2C585\" data-orig-size=\"1006,585\" data-comments-opened=\"0\" data-image-meta=\"{&quot;aperture&quot;:&quot;0&quot;,&quot;credit&quot;:&quot;&quot;,&quot;camera&quot;:&quot;&quot;,&quot;caption&quot;:&quot;&quot;,&quot;created_timestamp&quot;:&quot;0&quot;,&quot;copyright&quot;:&quot;&quot;,&quot;focal_length&quot;:&quot;0&quot;,&quot;iso&quot;:&quot;0&quot;,&quot;shutter_speed&quot;:&quot;0&quot;,&quot;title&quot;:&quot;&quot;,&quot;orientation&quot;:&quot;1&quot;}\" data-image-title=\"IMG_9521\" data-image-description=\"\" data-image-caption=\"\" data-medium-file=\"https:\/\/i0.wp.com\/blogdalucianaoliveira.com.br\/blog\/wp-content\/uploads\/2024\/09\/IMG_9521.jpeg?fit=300%2C174\" data-large-file=\"https:\/\/i0.wp.com\/blogdalucianaoliveira.com.br\/blog\/wp-content\/uploads\/2024\/09\/IMG_9521.jpeg?fit=600%2C349\" class=\"alignnone size-full wp-image-35955\" src=\"https:\/\/i0.wp.com\/blogdalucianaoliveira.com.br\/blog\/wp-content\/uploads\/2024\/09\/IMG_9521.jpeg?resize=600%2C349\" alt=\"\" width=\"600\" height=\"349\" srcset=\"https:\/\/i0.wp.com\/blogdalucianaoliveira.com.br\/blog\/wp-content\/uploads\/2024\/09\/IMG_9521.jpeg?w=1006 1006w, https:\/\/i0.wp.com\/blogdalucianaoliveira.com.br\/blog\/wp-content\/uploads\/2024\/09\/IMG_9521.jpeg?resize=300%2C174 300w, https:\/\/i0.wp.com\/blogdalucianaoliveira.com.br\/blog\/wp-content\/uploads\/2024\/09\/IMG_9521.jpeg?resize=768%2C447 768w, https:\/\/i0.wp.com\/blogdalucianaoliveira.com.br\/blog\/wp-content\/uploads\/2024\/09\/IMG_9521.jpeg?resize=516%2C300 516w\" sizes=\"auto, (max-width: 600px) 100vw, 600px\" \/><\/p>\n<div id=\"article-header\" class=\"p-20px-b\">\n<div class=\"text-sz-8 sm-text-sz-7 p-10px-tb\">Pa\u00eds enfrenta uma seca severa e generalizada, com n\u00edveis cr\u00edticos de umidade do ar em diversas regi\u00f5es<\/div>\n<\/div>\n<p><!--more--><\/p>\n<div class=\"row f-align-middle\">\n<div class=\"c-xs-6\">\n<p>ICL &#8211; O Instituto Nacional de Meteorologia (<a href=\"https:\/\/portal.inmet.gov.br\/\" target=\"_blank\" rel=\"noopener\">Inmet<\/a>) revelou que quase 200 cidades do Brasil registraram \u00edndices de umidade relativa do ar compar\u00e1veis aos do Deserto do Saara. O pa\u00eds enfrenta uma seca severa e generalizada, com n\u00edveis cr\u00edticos de umidade do ar em diversas regi\u00f5es.<\/p>\n<p>Mato Grosso do Sul, S\u00e3o Paulo, Distrito Federal, Goi\u00e1s e Minas Gerais s\u00e3o os estados mais afetados pela baixa umidade relativa do ar, com algumas cidades apresentando \u00edndices abaixo de 10%.<\/p>\n<p>Em algumas localidades, a umidade chegou a 5%, similar ao Deserto do Atacama, considerado um dos mais secos do mundo. Em outros lugares, os n\u00fameros ficaram pr\u00f3ximos aos 20%, o que j\u00e1 \u00e9 preocupante para a sa\u00fade. O Deserto do Saara, por exemplo, apresenta uma umidade m\u00e1xima de 20%.<\/p>\n<p>O estado do Rio Grande do Sul, at\u00e9 o momento, \u00e9 uma exce\u00e7\u00e3o, sem registrar os mesmos n\u00edveis de aridez das demais regi\u00f5es.<\/p>\n<h2>Brasil: baixa umidade do ar<\/h2>\n<div id=\"attachment_29002\" class=\"wp-caption aligncenter\"><img data-recalc-dims=\"1\" loading=\"lazy\" decoding=\"async\" data-attachment-id=\"29002\" data-permalink=\"http:\/\/blogdalucianaoliveira.com.br\/blog\/2020\/06\/30\/queimadas-na-amazonia-podem-virar-caso-de-saude-publica-durante-a-pandemia\/image-86-6\/\" data-orig-file=\"https:\/\/i0.wp.com\/blogdalucianaoliveira.com.br\/blog\/wp-content\/uploads\/2020\/06\/image-86.jpeg?fit=600%2C400\" data-orig-size=\"600,400\" data-comments-opened=\"0\" data-image-meta=\"{&quot;aperture&quot;:&quot;0&quot;,&quot;credit&quot;:&quot;&quot;,&quot;camera&quot;:&quot;&quot;,&quot;caption&quot;:&quot;&quot;,&quot;created_timestamp&quot;:&quot;0&quot;,&quot;copyright&quot;:&quot;&quot;,&quot;focal_length&quot;:&quot;0&quot;,&quot;iso&quot;:&quot;0&quot;,&quot;shutter_speed&quot;:&quot;0&quot;,&quot;title&quot;:&quot;&quot;,&quot;orientation&quot;:&quot;0&quot;}\" data-image-title=\"image-86\" data-image-description=\"\" data-image-caption=\"\" data-medium-file=\"https:\/\/i0.wp.com\/blogdalucianaoliveira.com.br\/blog\/wp-content\/uploads\/2020\/06\/image-86.jpeg?fit=300%2C200\" data-large-file=\"https:\/\/i0.wp.com\/blogdalucianaoliveira.com.br\/blog\/wp-content\/uploads\/2020\/06\/image-86.jpeg?fit=600%2C400\" class=\"wp-image-29002\" title=\"Brasil \" src=\"https:\/\/i0.wp.com\/icln.b-cdn.net\/wp-content\/uploads\/2024\/09\/5028201_22cf04a911f0ed4.webp?resize=600%2C399&#038;ssl=1\" alt=\"\" width=\"600\" height=\"399\" aria-describedby=\"caption-attachment-29002\" \/><\/p>\n<p id=\"caption-attachment-29002\" class=\"wp-caption-text\"><em>Baixa umidade relativa do ar pode causar problemas para a sa\u00fade da popula\u00e7\u00e3o. (Foto: Bruno Peres\/ Ag\u00eancia Brasil)<\/em><\/p>\n<\/div>\n<p>Os \u00edndices baixos de umidade relativa do ar registrados no pa\u00eds se devem a fatores como a falta de chuvas e o aumento das temperaturas. Na regi\u00e3o Central do Brasil, principalmente, h\u00e1 um bloqueio atmosf\u00e9rico que tem impedido a forma\u00e7\u00e3o de nuvens e a ocorr\u00eancia de chuvas.<\/p>\n<h2>Cuidados<\/h2>\n<p>A baixa umidade relativa do ar pode causar problemas para a sa\u00fade da popula\u00e7\u00e3o. Algumas medidas preventivas podem ser tomadas, como a ingest\u00e3o de \u00e1gua ao longo do dia, a utiliza\u00e7\u00e3o de umidificadores de ar, evitar a exposi\u00e7\u00e3o ao sol entre 10h e 16h, e a pr\u00e1tica de atividades f\u00edsicas intensas nos hor\u00e1rios mais quentes.<\/p>\n<p>Tamb\u00e9m \u00e9 recomendado o uso de soro fisiol\u00f3gico para umedecer as vias respirat\u00f3rias e o uso de hidratantes para a pele.<\/p>\n<\/div>\n<\/div>\n","protected":false},"excerpt":{"rendered":"<p>Pa\u00eds enfrenta uma seca severa e generalizada, com n\u00edveis cr\u00edticos de umidade do ar em diversas regi\u00f5es<\/p>\n","protected":false},"author":1,"featured_media":0,"comment_status":"closed","ping_status":"open","sticky":false,"template":"","format":"standard","meta":{"_exactmetrics_skip_tracking":false,"_exactmetrics_sitenote_active":false,"_exactmetrics_sitenote_note":"","_exactmetrics_sitenote_category":0,"jetpack_post_was_ever_published":false,"_jetpack_newsletter_access":"","_jetpack_dont_email_post_to_subs":false,"_jetpack_newsletter_tier_id":0,"_jetpack_memberships_contains_paywalled_content":false,"_jetpack_memberships_contains_paid_content":false,"footnotes":"","jetpack_publicize_message":"","jetpack_publicize_feature_enabled":true,"jetpack_social_post_already_shared":true,"jetpack_social_options":{"image_generator_settings":{"template":"highway","enabled":false},"version":2}},"categories":[1],"tags":[904,905,864],"class_list":["post-35954","post","type-post","status-publish","format-standard","hentry","category-notas","tag-calor","tag-clima","tag-seca"],"jetpack_publicize_connections":[],"jetpack_sharing_enabled":true,"jetpack_featured_media_url":"","jetpack_shortlink":"https:\/\/wp.me\/p7wKYW-9lU","jetpack-related-posts":[],"_links":{"self":[{"href":"http:\/\/blogdalucianaoliveira.com.br\/blog\/wp-json\/wp\/v2\/posts\/35954","targetHints":{"allow":["GET"]}}],"collection":[{"href":"http:\/\/blogdalucianaoliveira.com.br\/blog\/wp-json\/wp\/v2\/posts"}],"about":[{"href":"http:\/\/blogdalucianaoliveira.com.br\/blog\/wp-json\/wp\/v2\/types\/post"}],"author":[{"embeddable":true,"href":"http:\/\/blogdalucianaoliveira.com.br\/blog\/wp-json\/wp\/v2\/users\/1"}],"replies":[{"embeddable":true,"href":"http:\/\/blogdalucianaoliveira.com.br\/blog\/wp-json\/wp\/v2\/comments?post=35954"}],"version-history":[{"count":1,"href":"http:\/\/blogdalucianaoliveira.com.br\/blog\/wp-json\/wp\/v2\/posts\/35954\/revisions"}],"predecessor-version":[{"id":35956,"href":"http:\/\/blogdalucianaoliveira.com.br\/blog\/wp-json\/wp\/v2\/posts\/35954\/revisions\/35956"}],"wp:attachment":[{"href":"http:\/\/blogdalucianaoliveira.com.br\/blog\/wp-json\/wp\/v2\/media?parent=35954"}],"wp:term":[{"taxonomy":"category","embeddable":true,"href":"http:\/\/blogdalucianaoliveira.com.br\/blog\/wp-json\/wp\/v2\/categories?post=35954"},{"taxonomy":"post_tag","embeddable":true,"href":"http:\/\/blogdalucianaoliveira.com.br\/blog\/wp-json\/wp\/v2\/tags?post=35954"}],"curies":[{"name":"wp","href":"https:\/\/api.w.org\/{rel}","templated":true}]}}