{"id":35960,"date":"2024-09-12T21:11:25","date_gmt":"2024-09-13T01:11:25","guid":{"rendered":"http:\/\/blogdalucianaoliveira.com.br\/blog\/?p=35960"},"modified":"2024-09-12T21:11:25","modified_gmt":"2024-09-13T01:11:25","slug":"terras-publicas-nao-destinadas-sao-as-mais-afetadas-pelos-incendios-na-amazonia-de-janeiro-a-agosto","status":"publish","type":"post","link":"http:\/\/blogdalucianaoliveira.com.br\/blog\/2024\/09\/12\/terras-publicas-nao-destinadas-sao-as-mais-afetadas-pelos-incendios-na-amazonia-de-janeiro-a-agosto\/","title":{"rendered":"Terras p\u00fablicas n\u00e3o destinadas s\u00e3o as mais afetadas pelos inc\u00eandios na Amaz\u00f4nia de janeiro a agosto"},"content":{"rendered":"<p><img data-recalc-dims=\"1\" loading=\"lazy\" decoding=\"async\" data-attachment-id=\"35961\" data-permalink=\"http:\/\/blogdalucianaoliveira.com.br\/blog\/2024\/09\/12\/terras-publicas-nao-destinadas-sao-as-mais-afetadas-pelos-incendios-na-amazonia-de-janeiro-a-agosto\/img_9835\/\" data-orig-file=\"https:\/\/i0.wp.com\/blogdalucianaoliveira.com.br\/blog\/wp-content\/uploads\/2024\/09\/IMG_9835.jpeg?fit=1073%2C579\" data-orig-size=\"1073,579\" data-comments-opened=\"0\" data-image-meta=\"{&quot;aperture&quot;:&quot;0&quot;,&quot;credit&quot;:&quot;&quot;,&quot;camera&quot;:&quot;&quot;,&quot;caption&quot;:&quot;&quot;,&quot;created_timestamp&quot;:&quot;0&quot;,&quot;copyright&quot;:&quot;&quot;,&quot;focal_length&quot;:&quot;0&quot;,&quot;iso&quot;:&quot;0&quot;,&quot;shutter_speed&quot;:&quot;0&quot;,&quot;title&quot;:&quot;&quot;,&quot;orientation&quot;:&quot;1&quot;}\" data-image-title=\"IMG_9835\" data-image-description=\"\" data-image-caption=\"\" data-medium-file=\"https:\/\/i0.wp.com\/blogdalucianaoliveira.com.br\/blog\/wp-content\/uploads\/2024\/09\/IMG_9835.jpeg?fit=300%2C162\" data-large-file=\"https:\/\/i0.wp.com\/blogdalucianaoliveira.com.br\/blog\/wp-content\/uploads\/2024\/09\/IMG_9835.jpeg?fit=600%2C324\" class=\"alignnone size-full wp-image-35961\" src=\"https:\/\/i0.wp.com\/blogdalucianaoliveira.com.br\/blog\/wp-content\/uploads\/2024\/09\/IMG_9835.jpeg?resize=600%2C324\" alt=\"\" width=\"600\" height=\"324\" srcset=\"https:\/\/i0.wp.com\/blogdalucianaoliveira.com.br\/blog\/wp-content\/uploads\/2024\/09\/IMG_9835.jpeg?w=1073 1073w, https:\/\/i0.wp.com\/blogdalucianaoliveira.com.br\/blog\/wp-content\/uploads\/2024\/09\/IMG_9835.jpeg?resize=300%2C162 300w, https:\/\/i0.wp.com\/blogdalucianaoliveira.com.br\/blog\/wp-content\/uploads\/2024\/09\/IMG_9835.jpeg?resize=1024%2C553 1024w, https:\/\/i0.wp.com\/blogdalucianaoliveira.com.br\/blog\/wp-content\/uploads\/2024\/09\/IMG_9835.jpeg?resize=768%2C414 768w, https:\/\/i0.wp.com\/blogdalucianaoliveira.com.br\/blog\/wp-content\/uploads\/2024\/09\/IMG_9835.jpeg?resize=556%2C300 556w\" sizes=\"auto, (max-width: 600px) 100vw, 600px\" \/><\/p>\n<h2 class=\"description\">\u00c1reas s\u00e3o principal alvo de grilagem; em regi\u00f5es de floresta nativa, inc\u00eandio de agosto \u00e9 o maior em cinco anos<\/h2>\n<p><!--more--><\/p>\n<div class=\"details-bar\">\n<div class=\"author-time\">\n<div class=\"author\">Carolina Bataier<\/div>\n<div class=\"place-and-time\">\n<div class=\"place\">Brasil de Fato<\/div>\n<\/div>\n<\/div>\n<\/div>\n<p lang=\"PT-BR\" xml:lang=\"PT-BR\">\nO fogo consumiu\u00a0849.521\u00a0hectares de terras p\u00fablicas n\u00e3o destinadas\u00a0na Amaz\u00f4nia de janeiro a agosto de 2024. Isso representa um salto de 175% em compara\u00e7\u00e3o ao mesmo per\u00edodo do ano anterior, quando essas \u00e1reas perderam 308.570 hectares para as chamas. Os dados foram divulgados nesta quinta-feira (12) pelo <a href=\"https:\/\/plataforma.brasil.mapbiomas.org\/monitor-do-fogo\" target=\"_blank\" rel=\"noopener\">Monitor do Fogo<\/a>, uma iniciativa coordenada pelo Instituto de Pesquisa Ambiental da Amaz\u00f4nia (Ipam) na rede MapBiomas. A plataforma utiliza imagens de sat\u00e9lites para identificar os pontos de inc\u00eandio.<\/p>\n<div class=\"ads-googletag article_1\"><\/div>\n<p lang=\"PT-BR\" xml:lang=\"PT-BR\">As terras p\u00fablicas n\u00e3o destinadas s\u00e3o regi\u00f5es sob responsabilidade dos governos estaduais ou federais que ainda n\u00e3o foram transformadas em assentamentos, Unidades de Conserva\u00e7\u00e3o (UCs) ou outros territ\u00f3rios protegidos, como Terras Ind\u00edgenas (TIs) e Territ\u00f3rios Quilombolas (TQ). Essas localidades s\u00e3o o principal alvo de grilagem, quando terras p\u00fablicas s\u00e3o loteadas ou registradas sem autoriza\u00e7\u00e3o do poder competente.<\/p>\n<div class=\"ads-googletag article_2\"><\/div>\n<p lang=\"PT-BR\" xml:lang=\"PT-BR\">&#8220;O fogo \u00e9 complemento do <a href=\"https:\/\/www.brasildefato.com.br\/2024\/09\/05\/dossie-aponta-que-os-100-maiores-municipios-em-extensao-do-pais-concentram-38-4-do-desmatamento\" target=\"_blank\" rel=\"noopener\">desmatamento<\/a>. Voc\u00ea derruba a floresta e tem que tocar fogo. E o desmatamento \u00e9 o principal instrumento de grilagem&#8221;, explica Maur\u00edcio Torres, professor da Universidade Federal do Par\u00e1 (UFPA). Por lei, essas terras devem ser voltadas para conserva\u00e7\u00e3o, ocupa\u00e7\u00e3o ind\u00edgena ou para uso sustent\u00e1vel de seus recursos, em especial pelas popula\u00e7\u00f5es origin\u00e1rias e tradicionais.<\/p>\n<p lang=\"PT-BR\" xml:lang=\"PT-BR\">Cerca de 50% do desmatamento da Amaz\u00f4nia Legal ocorre em terras p\u00fablicas, de acordo com dados do Ipam. Dois ter\u00e7os do desflorestamento em terras p\u00fablicas da Amaz\u00f4nia est\u00e1 em \u00e1reas com o Cadastro Ambiental Rural (CAR) fraudado.<\/p>\n<div class=\"ads-googletag article_4\">\n<p lang=\"PT-BR\" xml:lang=\"PT-BR\">Levando em conta a propor\u00e7\u00e3o da \u00e1rea afetada pelas chamas, as TIs s\u00e3o as mais devastadas nos oito primeiros meses do ano. Em compara\u00e7\u00e3o com 2023, quando havia 937.148 hectares queimados no per\u00edodo, o aumento \u00e9 de 39% de territ\u00f3rios ind\u00edgenas incendiados em 2024, com 1.300.646 hectares atingidos este ano.<\/p>\n<p lang=\"PT-BR\" xml:lang=\"PT-BR\">Na sequ\u00eancia, est\u00e3o os im\u00f3veis rurais privados com CAR e SIGEF (Sistema de Gest\u00e3o Fundi\u00e1ria), com 23% da \u00e1rea queimada no bioma de janeiro a agosto deste ano. Estes im\u00f3veis tiveram 696.586 hectares queimados em 2023 e 1.233.888 hectares queimados este ano, um aumento de 77%.<\/p>\n<p lang=\"PT-BR\" xml:lang=\"PT-BR\">&#8220;Para reduzir os inc\u00eandios nestas \u00e1reas \u00e9 fundamental diminuir o uso do fogo nos im\u00f3veis rurais privados, que tamb\u00e9m t\u00eam uma abrang\u00eancia grande de \u00e1rea queimada, e combater o uso criminoso do fogo em terras p\u00fablicas&#8221;, diz Ane Alencar, diretora de ci\u00eancia do Ipam.<\/p>\n<p class=\"ckeditor-subtitle\" lang=\"PT-BR\" xml:lang=\"PT-BR\">\u00c1rea de floresta queimada aumentou 132% em agosto<\/p>\n<p lang=\"PT-BR\" xml:lang=\"PT-BR\">Somente em agosto de 2024, o fogo consumiu 685.829 hectares de floresta na <a href=\"https:\/\/www.brasildefato.com.br\/2024\/09\/12\/amazonia-entrou-na-estacao-seca-ja-com-deficit-de-agua-pela-estiagem-de-2023-avalia-especialista\" target=\"_blank\" rel=\"noopener\">Amaz\u00f4nia<\/a> &#8211; a maior concentra\u00e7\u00e3o de inc\u00eandios no m\u00eas em um per\u00edodo de cinco anos. No mesmo m\u00eas do ano passado, foram 295.777 hectares. Em agosto de 2019, esse n\u00famero era de 207.259 hectares. Este tipo de vegeta\u00e7\u00e3o nativa, que j\u00e1 chegou a representar 12% da \u00e1rea queimada do bioma em agosto de 2019, hoje concentra 34% de tudo o que pegou fogo na regi\u00e3o, segundo o Ipam.<\/p>\n<div class=\"ads-googletag article_last\"><\/div>\n<p lang=\"PT-BR\" xml:lang=\"PT-BR\">&#8220;Normalmente nesse m\u00eas s\u00e3o registradas principalmente queimadas em \u00e1reas agropecu\u00e1rias, com grande destaque para as \u00e1reas de pasto&#8221;, explica Alencar. A expans\u00e3o das chamas em florestas indica o impacto da crise clim\u00e1tica no bioma. &#8220;Este ano parece que o clima tem impactado essa tend\u00eancia, infelizmente, deixando as florestas mais inflam\u00e1veis e suscet\u00edveis aos inc\u00eandios&#8221;, avalia.<\/p>\n<p class=\"editor\">Edi\u00e7\u00e3o: Martina Medina<\/p>\n<\/div>\n","protected":false},"excerpt":{"rendered":"<p>\u00c1reas s\u00e3o principal alvo de grilagem; em regi\u00f5es de floresta nativa, inc\u00eandio de agosto \u00e9 o maior em cinco anos<\/p>\n","protected":false},"author":1,"featured_media":0,"comment_status":"closed","ping_status":"open","sticky":false,"template":"","format":"standard","meta":{"_exactmetrics_skip_tracking":false,"_exactmetrics_sitenote_active":false,"_exactmetrics_sitenote_note":"","_exactmetrics_sitenote_category":0,"jetpack_post_was_ever_published":false,"_jetpack_newsletter_access":"","_jetpack_dont_email_post_to_subs":false,"_jetpack_newsletter_tier_id":0,"_jetpack_memberships_contains_paywalled_content":false,"_jetpack_memberships_contains_paid_content":false,"footnotes":"","jetpack_publicize_message":"","jetpack_publicize_feature_enabled":true,"jetpack_social_post_already_shared":true,"jetpack_social_options":{"image_generator_settings":{"template":"highway","enabled":false},"version":2}},"categories":[1],"tags":[579,517,1129],"class_list":["post-35960","post","type-post","status-publish","format-standard","hentry","category-notas","tag-desmatamentos","tag-grilagem","tag-terras-publicas"],"jetpack_publicize_connections":[],"jetpack_sharing_enabled":true,"jetpack_featured_media_url":"","jetpack_shortlink":"https:\/\/wp.me\/p7wKYW-9m0","jetpack-related-posts":[],"_links":{"self":[{"href":"http:\/\/blogdalucianaoliveira.com.br\/blog\/wp-json\/wp\/v2\/posts\/35960","targetHints":{"allow":["GET"]}}],"collection":[{"href":"http:\/\/blogdalucianaoliveira.com.br\/blog\/wp-json\/wp\/v2\/posts"}],"about":[{"href":"http:\/\/blogdalucianaoliveira.com.br\/blog\/wp-json\/wp\/v2\/types\/post"}],"author":[{"embeddable":true,"href":"http:\/\/blogdalucianaoliveira.com.br\/blog\/wp-json\/wp\/v2\/users\/1"}],"replies":[{"embeddable":true,"href":"http:\/\/blogdalucianaoliveira.com.br\/blog\/wp-json\/wp\/v2\/comments?post=35960"}],"version-history":[{"count":1,"href":"http:\/\/blogdalucianaoliveira.com.br\/blog\/wp-json\/wp\/v2\/posts\/35960\/revisions"}],"predecessor-version":[{"id":35962,"href":"http:\/\/blogdalucianaoliveira.com.br\/blog\/wp-json\/wp\/v2\/posts\/35960\/revisions\/35962"}],"wp:attachment":[{"href":"http:\/\/blogdalucianaoliveira.com.br\/blog\/wp-json\/wp\/v2\/media?parent=35960"}],"wp:term":[{"taxonomy":"category","embeddable":true,"href":"http:\/\/blogdalucianaoliveira.com.br\/blog\/wp-json\/wp\/v2\/categories?post=35960"},{"taxonomy":"post_tag","embeddable":true,"href":"http:\/\/blogdalucianaoliveira.com.br\/blog\/wp-json\/wp\/v2\/tags?post=35960"}],"curies":[{"name":"wp","href":"https:\/\/api.w.org\/{rel}","templated":true}]}}