{"id":35963,"date":"2024-09-13T16:05:00","date_gmt":"2024-09-13T20:05:00","guid":{"rendered":"http:\/\/blogdalucianaoliveira.com.br\/blog\/?p=35963"},"modified":"2024-09-13T16:05:00","modified_gmt":"2024-09-13T20:05:00","slug":"fazenda-palco-de-dia-do-fogo-em-2022-e-hoje-a-que-tem-mais-queimadas-no-brasil","status":"publish","type":"post","link":"http:\/\/blogdalucianaoliveira.com.br\/blog\/2024\/09\/13\/fazenda-palco-de-dia-do-fogo-em-2022-e-hoje-a-que-tem-mais-queimadas-no-brasil\/","title":{"rendered":"Fazenda palco de \u201cdia do fogo\u201d em 2022 \u00e9 hoje a que tem mais queimadas no Brasil"},"content":{"rendered":"<p><img data-recalc-dims=\"1\" loading=\"lazy\" decoding=\"async\" data-attachment-id=\"35964\" data-permalink=\"http:\/\/blogdalucianaoliveira.com.br\/blog\/2024\/09\/13\/fazenda-palco-de-dia-do-fogo-em-2022-e-hoje-a-que-tem-mais-queimadas-no-brasil\/img_9853\/\" data-orig-file=\"https:\/\/i0.wp.com\/blogdalucianaoliveira.com.br\/blog\/wp-content\/uploads\/2024\/09\/IMG_9853.jpeg?fit=995%2C604\" data-orig-size=\"995,604\" data-comments-opened=\"0\" data-image-meta=\"{&quot;aperture&quot;:&quot;0&quot;,&quot;credit&quot;:&quot;&quot;,&quot;camera&quot;:&quot;&quot;,&quot;caption&quot;:&quot;&quot;,&quot;created_timestamp&quot;:&quot;0&quot;,&quot;copyright&quot;:&quot;&quot;,&quot;focal_length&quot;:&quot;0&quot;,&quot;iso&quot;:&quot;0&quot;,&quot;shutter_speed&quot;:&quot;0&quot;,&quot;title&quot;:&quot;&quot;,&quot;orientation&quot;:&quot;1&quot;}\" data-image-title=\"IMG_9853\" data-image-description=\"\" data-image-caption=\"\" data-medium-file=\"https:\/\/i0.wp.com\/blogdalucianaoliveira.com.br\/blog\/wp-content\/uploads\/2024\/09\/IMG_9853.jpeg?fit=300%2C182\" data-large-file=\"https:\/\/i0.wp.com\/blogdalucianaoliveira.com.br\/blog\/wp-content\/uploads\/2024\/09\/IMG_9853.jpeg?fit=600%2C364\" class=\"alignnone size-full wp-image-35964\" src=\"https:\/\/i0.wp.com\/blogdalucianaoliveira.com.br\/blog\/wp-content\/uploads\/2024\/09\/IMG_9853.jpeg?resize=600%2C364\" alt=\"\" width=\"600\" height=\"364\" srcset=\"https:\/\/i0.wp.com\/blogdalucianaoliveira.com.br\/blog\/wp-content\/uploads\/2024\/09\/IMG_9853.jpeg?w=995 995w, https:\/\/i0.wp.com\/blogdalucianaoliveira.com.br\/blog\/wp-content\/uploads\/2024\/09\/IMG_9853.jpeg?resize=300%2C182 300w, https:\/\/i0.wp.com\/blogdalucianaoliveira.com.br\/blog\/wp-content\/uploads\/2024\/09\/IMG_9853.jpeg?resize=768%2C466 768w, https:\/\/i0.wp.com\/blogdalucianaoliveira.com.br\/blog\/wp-content\/uploads\/2024\/09\/IMG_9853.jpeg?resize=494%2C300 494w\" sizes=\"auto, (max-width: 600px) 100vw, 600px\" \/><\/p>\n<p>Fazenda Bauru, no Mato Grosso, \u00e9 recordista de focos de inc\u00eandio; pol\u00edticos condenados por corrup\u00e7\u00e3o compraram terreno<!--more--><\/p>\n<p>A P\u00fablica, por r Bruno Fonseca, Gabriel Gama<\/p>\n<p data-pf_style_display=\"block\" data-pf_style_visibility=\"visible\"><span class=\"text-node\">Quase na divisa de Mato Grosso com Amazonas, uma fazenda pegou fogo. Muito. Muito mais que as que est\u00e3o ao seu redor. Na realidade, mais que qualquer outra propriedade privada rural em todo o Brasil.<\/span><\/p>\n<p data-pf_style_display=\"block\" data-pf_style_visibility=\"visible\"><span class=\"text-node\">Segundo levantamento in\u00e9dito da <\/span><strong data-pf_style_display=\"inline\" data-pf_style_visibility=\"visible\"><span class=\"text-node\">Ag\u00eancia P\u00fablica<\/span><\/strong><span class=\"text-node\">, <\/span><span class=\"highlighter\" data-pf_style_display=\"inline\" data-pf_style_visibility=\"visible\"><span class=\"text-node\">a fazenda Bauru, no munic\u00edpio de Colniza (MT), foi a que teve mais focos de inc\u00eandio registrados em todo o ano de 2024.<\/span><\/span><span class=\"text-node\"> Foram 608 detectados pelo Instituto Nacional de Pesquisas Espaciais (<\/span><span class=\"glossaryLink\" style=\"box-sizing: border-box; box-shadow: none !important;\" tabindex=\"0\" role=\"link\" aria-describedby=\"tt\" data-cmtooltip=\"&lt;div class=glossaryItemTitle&gt;INPE&lt;\/div&gt;&lt;div class=glossaryItemBody&gt;&amp;lt;!-- wp:paragraph --&amp;gt;Instituto Nacional de Pesquisas Espaciais \u00e9 um instituto federal brasileiro dedicado \u00e0 pesquisa e explora\u00e7\u00e3o espacial, criado em 1961&amp;lt;br\/&amp;gt;&amp;lt;!-- \/wp:paragraph --&amp;gt;&lt;\/div&gt;\" data-gt-translate-attributes=\"[{&quot;attribute&quot;:&quot;data-cmtooltip&quot;, &quot;format&quot;:&quot;html&quot;}]\" data-pf_style_display=\"inline\" data-pf_style_visibility=\"visible\"><span class=\"text-node\">Inpe<\/span><\/span><span class=\"text-node\">) desde o in\u00edcio do ano. A segunda fazenda que mais teve inc\u00eandios no mesmo per\u00edodo registrou 290 \u2013 menos da metade da Bauru.<\/span><\/p>\n<figure class=\"wp-block-image alignwide size-full wp-lightbox-container pf-caption flex-width mediumImage pf-size-full\" data-wp-context=\"{&quot;uploadedSrc&quot;:&quot;https:\\\/\\\/apublica.org\\\/wp-content\\\/uploads\\\/2024\\\/09\\\/imagem-1-Fazenda-palco-de-dia-do-fogo-em-2022-e-hoje-a-que-tem-mais-queimadas-no-Brasil1.jpg&quot;,&quot;figureClassNames&quot;:&quot;wp-block-image alignwide size-full&quot;,&quot;figureStyles&quot;:null,&quot;imgClassNames&quot;:&quot;wp-image-169622&quot;,&quot;imgStyles&quot;:null,&quot;targetWidth&quot;:1400,&quot;targetHeight&quot;:743,&quot;scaleAttr&quot;:false,&quot;ariaLabel&quot;:&quot;Aumentar imagem: Imagem mostra alerta de queimadas na Fazenda Bauru ao longo de 2024&quot;,&quot;alt&quot;:&quot;Imagem mostra alerta de queimadas na Fazenda Bauru ao longo de 2024&quot;}\" data-wp-interactive=\"core\/image\" data-pf_style_display=\"block\" data-pf_style_visibility=\"visible\"><img decoding=\"async\" class=\"wp-image-169622 caption-img flex-width pf-size-full mediumImage\" src=\"https:\/\/i0.wp.com\/apublica.org\/wp-content\/uploads\/2024\/09\/imagem-1-Fazenda-palco-de-dia-do-fogo-em-2022-e-hoje-a-que-tem-mais-queimadas-no-Brasil1.jpg?resize=640%2C340&amp;ssl=1\" sizes=\"(max-width: 709px) 85vw, (max-width: 909px) 67vw, (max-width: 1362px) 62vw, 2400px\" srcset=\"\" alt=\"Imagem mostra alerta de queimadas na Fazenda Bauru ao longo de 2024\" width=\"640\" data-recalc-dims=\"1\" data-wp-init=\"callbacks.setButtonStyles\" data-wp-on-async--click=\"actions.showLightbox\" data-wp-on-async--load=\"callbacks.setButtonStyles\" data-wp-on-async-window--resize=\"callbacks.setButtonStyles\" data-pf_style_display=\"inline\" data-pf_style_visibility=\"visible\" data-pf_rect_width=\"481.171875\" data-pf_rect_height=\"18\" \/><figcaption class=\"wp-element-caption\" data-pf_style_display=\"block\" data-pf_style_visibility=\"visible\"><span class=\"text-node\">Focos de inc\u00eandio (em vermelho) na \u00e1rea da fazenda Bauru ao longo deste ano<\/span><\/figcaption><\/figure>\n<p data-pf_style_display=\"block\" data-pf_style_visibility=\"visible\"><span class=\"text-node\">A maioria dos inc\u00eandios na fazenda aconteceu em julho. <\/span><span class=\"highlighter\" data-pf_style_display=\"inline\" data-pf_style_visibility=\"visible\"><span class=\"text-node\">Houve dias em que a fazenda teve mais de 50 focos ativos.<\/span><\/span><span class=\"text-node\"> Mas o problema n\u00e3o cessou. Agora, em setembro, parte da fazenda aparece com alerta de inc\u00eandio grave no sistema de mapas do Google.<\/span><\/p>\n<p data-pf_style_display=\"block\" data-pf_style_visibility=\"visible\"><span class=\"text-node\">As queimadas na fazenda Bauru colocaram a propriedade no radar do Batalh\u00e3o de Emerg\u00eancias Ambientais do Corpo de Bombeiros. <\/span><span class=\"highlighter\" data-pf_style_display=\"inline\" data-pf_style_visibility=\"visible\"><span class=\"text-node\">Em agosto deste ano, foi <\/span><a href=\"https:\/\/primeirapagina.com.br\/seguranca\/mt-em-chamas-mais-de-15-mil-focos-sao-registrados-em-todo-estado\/\" target=\"_blank\" rel=\"noreferrer noopener\" data-pf_style_display=\"inline\" data-pf_style_visibility=\"visible\"><span class=\"text-node\">divulgada<\/span><\/a><span class=\"text-node\"> uma lista de \u00e1reas com inc\u00eandios que estavam sendo monitoradas: a Bauru estava entre elas.<\/span><\/span><span class=\"text-node\"> A reportagem questionou a corpora\u00e7\u00e3o sobre as a\u00e7\u00f5es neste ano e se algu\u00e9m foi detido por inc\u00eandios criminosos, mas os bombeiros n\u00e3o responderam at\u00e9 a publica\u00e7\u00e3o.<\/span><\/p>\n<figure class=\"wp-block-image alignwide size-full wp-lightbox-container pf-caption flex-width mediumImage pf-size-full\" data-wp-context=\"{&quot;uploadedSrc&quot;:&quot;https:\\\/\\\/apublica.org\\\/wp-content\\\/uploads\\\/2024\\\/09\\\/imagem-3-Fazenda-palco-de-dia-do-fogo-em-2022-e-hoje-a-que-tem-mais-queimadas-no-Brasil-1.jpg&quot;,&quot;figureClassNames&quot;:&quot;wp-block-image alignwide size-full&quot;,&quot;figureStyles&quot;:null,&quot;imgClassNames&quot;:&quot;wp-image-169626&quot;,&quot;imgStyles&quot;:null,&quot;targetWidth&quot;:1254,&quot;targetHeight&quot;:660,&quot;scaleAttr&quot;:false,&quot;ariaLabel&quot;:&quot;Aumentar imagem: Imagem mostra alerta de queimadas na Fazenda Bauru ao longo de 2024&quot;,&quot;alt&quot;:&quot;Imagem mostra alerta de queimadas na Fazenda Bauru ao longo de 2024&quot;}\" data-wp-interactive=\"core\/image\" data-pf_style_display=\"block\" data-pf_style_visibility=\"visible\"><img decoding=\"async\" class=\"wp-image-169626 caption-img flex-width pf-size-full mediumImage\" src=\"https:\/\/i0.wp.com\/apublica.org\/wp-content\/uploads\/2024\/09\/imagem-3-Fazenda-palco-de-dia-do-fogo-em-2022-e-hoje-a-que-tem-mais-queimadas-no-Brasil-1.jpg?resize=640%2C337&amp;ssl=1\" sizes=\"(max-width: 709px) 85vw, (max-width: 909px) 67vw, (max-width: 1362px) 62vw, 2400px\" srcset=\"\" alt=\"Imagem mostra alerta de queimadas na Fazenda Bauru ao longo de 2024\" width=\"640\" data-recalc-dims=\"1\" data-wp-init=\"callbacks.setButtonStyles\" data-wp-on-async--click=\"actions.showLightbox\" data-wp-on-async--load=\"callbacks.setButtonStyles\" data-wp-on-async-window--resize=\"callbacks.setButtonStyles\" data-pf_style_display=\"inline\" data-pf_style_visibility=\"visible\" data-pf_rect_width=\"481.171875\" data-pf_rect_height=\"18\" \/><figcaption class=\"wp-element-caption\" data-pf_style_display=\"block\" data-pf_style_visibility=\"visible\"><span class=\"text-node\">Alerta de inc\u00eandio na \u00e1rea da fazenda em 10 de setembro de 2024<\/span><\/figcaption><\/figure>\n<p data-pf_style_display=\"block\" data-pf_style_visibility=\"visible\"><span class=\"text-node\">A fazenda Bauru tem um hist\u00f3rico envolvendo inc\u00eandios criminosos. <\/span><span class=\"highlighter\" data-pf_style_display=\"inline\" data-pf_style_visibility=\"visible\"><span class=\"text-node\">Em 2022, uma opera\u00e7\u00e3o policial descobriu um plano para fazer um novo \u201cDia do Fogo\u201d no local.<\/span><\/span><span class=\"text-node\">Segundo a investiga\u00e7\u00e3o, que envolveu diversos \u00f3rg\u00e3os do Executivo e Judici\u00e1rio do estado e de munic\u00edpios, um grupo criminoso estava se organizando para provocar queimadas coordenadas em v\u00e1rios pontos de Colniza. A <\/span><a href=\"https:\/\/www.mpmt.mp.br\/portalcao\/news\/732\/116320\/mpmt-balanco-inclui-prisao-em-flagrante-e-diversos-materiais-apreendidos\/2\" target=\"_blank\" rel=\"noreferrer noopener\" data-pf_style_display=\"inline\" data-pf_style_visibility=\"visible\"><span class=\"text-node\">Opera\u00e7\u00e3o Jomeri<\/span><\/a><span class=\"text-node\"> prendeu uma pessoa por porte de arma ilegal e apreendeu material artesanal para atear fogo.<\/span><\/p>\n<p data-pf_style_display=\"block\" data-pf_style_visibility=\"visible\"><span class=\"text-node\">O \u201cDia do Fogo\u201d original foi uma a\u00e7\u00e3o de fazendeiros na regi\u00e3o de Novo Progresso (PA), em 2019, que combinaram por WhatsApp de realizar queimadas em protesto a pol\u00edticas ambientais de preserva\u00e7\u00e3o da floresta. Na \u00e9poca, inc\u00eandios tamb\u00e9m atingiram o estado de Mato Grosso, na regi\u00e3o da BR-163. Os <\/span><a href=\"https:\/\/apublica.org\/nota\/investigacoes-sobre-dia-do-fogo-na-amazonia-nao-identificaram-culpados\/\" target=\"_blank\" rel=\"noreferrer noopener\" data-pf_style_display=\"inline\" data-pf_style_visibility=\"visible\"><span class=\"text-node\">respons\u00e1veis<\/span><\/a><span class=\"text-node\">permanecem impunes at\u00e9 hoje.<\/span><\/p>\n<div class=\"py-4 px-0 px-md-4\" data-pf_style_display=\"block\" data-pf_style_visibility=\"visible\">\n<div class=\"bg-primary py-2 px-4\" data-pf_style_display=\"block\" data-pf_style_visibility=\"visible\">\n<h2 class=\"h5 m-0 fw-bold text-dark text-uppercase\" data-pf_style_display=\"block\" data-pf_style_visibility=\"visible\"><span class=\"text-node\">POR QUE ISSO IMPORTA?<\/span><\/h2>\n<\/div>\n<div class=\"bg-light border p-4 border-1 border-primary\" data-pf_style_display=\"block\" data-pf_style_visibility=\"visible\">\n<ul class=\"m-0\" data-pf_style_display=\"block\" data-pf_style_visibility=\"visible\">\n<li data-pf_style_display=\"list-item\" data-pf_style_visibility=\"visible\"><span class=\"text-node\">A quantidade de queimadas em 2024 tem afetado a sa\u00fade de brasileiros em diversos estados e contribu\u00eddo para a devasta\u00e7\u00e3o de biomas como o Pantanal e a Amaz\u00f4nia.<\/span><\/li>\n<li data-pf_style_display=\"list-item\" data-pf_style_visibility=\"visible\"><span class=\"text-node\">Colniza, onde est\u00e1 a fazenda Bauru, \u00e9 o munic\u00edpio com mais focos de calor em Mato Grosso, que \u00e9 o estado com mais focos neste ano.<\/span><\/li>\n<\/ul>\n<\/div>\n<\/div>\n<p data-pf_style_display=\"block\" data-pf_style_visibility=\"visible\"><span class=\"text-node\">A reportagem da <\/span><strong data-pf_style_display=\"inline\" data-pf_style_visibility=\"visible\"><span class=\"text-node\">P\u00fablica<\/span><\/strong><span class=\"text-node\"> tamb\u00e9m encontrou uma s\u00e9rie de \u00e1reas embargadas por desmatamento irregular na \u00e1rea da Bauru em 2022, a partir de decis\u00f5es da Secretaria de Meio Ambiente do estado.<\/span><\/p>\n<p data-pf_style_display=\"block\" data-pf_style_visibility=\"visible\"><span class=\"text-node\">Antes, em 2019, <\/span><span class=\"highlighter\" data-pf_style_display=\"inline\" data-pf_style_visibility=\"visible\"><span class=\"text-node\">a empresa respons\u00e1vel pela fazenda Bauru foi multada em R$ 4 milh\u00f5es pelo Ibama por destruir mais de 540 hectares de vegeta\u00e7\u00e3o com uso de fogo<\/span><\/span><span class=\"text-node\">, sem autoriza\u00e7\u00e3o da autoridade competente. No ano anterior, a propriedade j\u00e1 tinha sido multada em mais de R$ 13 milh\u00f5es pela destrui\u00e7\u00e3o de 2,6 mil hectares de floresta de forma irregular.<\/span><\/p>\n<h3 class=\"wp-block-heading\" data-pf_style_display=\"block\" data-pf_style_visibility=\"visible\"><strong data-pf_style_display=\"inline\" data-pf_style_visibility=\"visible\"><span class=\"text-node\">Munic\u00edpio onde est\u00e1 a fazenda \u00e9 o recordista em inc\u00eandios no estado<\/span><\/strong><\/h3>\n<p data-pf_style_display=\"block\" data-pf_style_visibility=\"visible\"><span class=\"highlighter\" data-pf_style_display=\"inline\" data-pf_style_visibility=\"visible\"><span class=\"text-node\">As queimadas na fazenda Bauru ajudam a explicar como Colniza se tornou o munic\u00edpio com maior n\u00famero de focos de calor em Mato Grosso em 2024, com 2.171 registros.<\/span><\/span><span class=\"text-node\"> A baixa qualidade de ar aumentou a procura por atendimento m\u00e9dico nas unidades de sa\u00fade em setembro, sobretudo crian\u00e7as e idosos, segundo <\/span><a href=\"https:\/\/g1.globo.com\/mt\/mato-grosso\/noticia\/2024\/09\/07\/moradores-sofrem-com-fumaca-em-municipio-com-maior-numero-de-focos-de-incendio-em-mt.ghtml\" target=\"_blank\" rel=\"noreferrer noopener\" data-pf_style_display=\"inline\" data-pf_style_visibility=\"visible\"><span class=\"text-node\">relatou<\/span><\/a><span class=\"text-node\"> o G1.<\/span><\/p>\n<p data-pf_style_display=\"block\" data-pf_style_visibility=\"visible\"><span class=\"text-node\">O hist\u00f3rico de Colniza n\u00e3o \u00e9 bom h\u00e1 muitos anos. Em 2015, o munic\u00edpio <\/span><a href=\"https:\/\/www.ebc.com.br\/especiais\/colniza-03\" target=\"_blank\" rel=\"noreferrer noopener\" data-pf_style_display=\"inline\" data-pf_style_visibility=\"visible\"><span class=\"text-node\">liderou<\/span><\/a><span class=\"text-node\"> o ranking dos que mais desmatam na Amaz\u00f4nia. A cidade respondeu sozinha por 19% do desmatamento registrado no estado entre agosto e dezembro daquele ano.<\/span><\/p>\n<figure class=\"wp-block-image alignwide size-full wp-lightbox-container pf-caption flex-width mediumImage pf-size-full\" data-wp-context=\"{&quot;uploadedSrc&quot;:&quot;https:\\\/\\\/apublica.org\\\/wp-content\\\/uploads\\\/2024\\\/09\\\/imagem-2-Fazenda-palco-de-dia-do-fogo-em-2022-e-hoje-a-que-tem-mais-queimadas-no-Brasil-1.jpg&quot;,&quot;figureClassNames&quot;:&quot;wp-block-image alignwide size-full&quot;,&quot;figureStyles&quot;:null,&quot;imgClassNames&quot;:&quot;wp-image-169627&quot;,&quot;imgStyles&quot;:null,&quot;targetWidth&quot;:1400,&quot;targetHeight&quot;:743,&quot;scaleAttr&quot;:false,&quot;ariaLabel&quot;:&quot;Aumentar imagem: Imagem de sat\\u00e9lite capturou \\u00e1rea devastada por inc\\u00eandios na Fazenda Bauru&quot;,&quot;alt&quot;:&quot;Imagem de sat\\u00e9lite capturou \\u00e1rea devastada por inc\\u00eandios na Fazenda Bauru&quot;}\" data-wp-interactive=\"core\/image\" data-pf_style_display=\"block\" data-pf_style_visibility=\"visible\"><img decoding=\"async\" class=\"wp-image-169627 caption-img flex-width pf-size-full mediumImage\" src=\"https:\/\/i0.wp.com\/apublica.org\/wp-content\/uploads\/2024\/09\/imagem-2-Fazenda-palco-de-dia-do-fogo-em-2022-e-hoje-a-que-tem-mais-queimadas-no-Brasil-1.jpg?resize=640%2C340&amp;ssl=1\" sizes=\"(max-width: 709px) 85vw, (max-width: 909px) 67vw, (max-width: 1362px) 62vw, 2400px\" srcset=\"\" alt=\"Imagem de sat\u00e9lite capturou \u00e1rea devastada por inc\u00eandios na Fazenda Bauru\" width=\"640\" data-recalc-dims=\"1\" data-wp-init=\"callbacks.setButtonStyles\" data-wp-on-async--click=\"actions.showLightbox\" data-wp-on-async--load=\"callbacks.setButtonStyles\" data-wp-on-async-window--resize=\"callbacks.setButtonStyles\" data-pf_style_display=\"inline\" data-pf_style_visibility=\"visible\" data-pf_rect_width=\"504.6875\" data-pf_rect_height=\"18\" \/><figcaption class=\"wp-element-caption\" data-pf_style_display=\"block\" data-pf_style_visibility=\"visible\"><span class=\"text-node\">Sat\u00e9lites capturaram \u00e1rea devastada por inc\u00eandios na fazenda Bauru<\/span><\/figcaption><\/figure>\n<p data-pf_style_display=\"block\" data-pf_style_visibility=\"visible\"><span class=\"text-node\">Colniza \u00e9 o <\/span><a href=\"https:\/\/www.oc.eco.br\/municipios-da-amazonia-dominam-emissoes-de-carbono\/\" target=\"_blank\" rel=\"noreferrer noopener\" data-pf_style_display=\"inline\" data-pf_style_visibility=\"visible\"><span class=\"text-node\">sexto maior<\/span><\/a><span class=\"text-node\"> emissor de gases de efeito estufa do pa\u00eds: foram 19,2 milh\u00f5es de toneladas de <\/span><span class=\"glossaryLink\" style=\"box-sizing: border-box; box-shadow: none !important;\" tabindex=\"0\" role=\"link\" aria-describedby=\"tt\" data-cmtooltip=\"&lt;div class=glossaryItemTitle&gt;CO2 equivalente&lt;\/div&gt;&lt;div class=glossaryItemBody&gt;&amp;lt;!-- wp:paragraph --&amp;gt;\u00c9 um conceito usado para &amp;quot;agregar&amp;quot; as emiss\u00f5es, ou seja, mostrar o quanto a emiss\u00e3o de outros gases estufa (que n\u00e3o s\u00f3 o CO2) equivale \u00e0s de CO2&amp;lt;br\/&amp;gt;&amp;lt;!-- \/wp:paragraph --&amp;gt;&lt;\/div&gt;\" data-gt-translate-attributes=\"[{&quot;attribute&quot;:&quot;data-cmtooltip&quot;, &quot;format&quot;:&quot;html&quot;}]\" data-pf_style_display=\"inline\" data-pf_style_visibility=\"visible\"><span class=\"text-node\">CO2 equivalente<\/span><\/span><span class=\"text-node\">emitidas em 2022, segundo o Sistema de Estimativas de Emiss\u00f5es de Gases (Seeg), do Observat\u00f3rio do Clima. E tamb\u00e9m \u00e9 a campe\u00e3 do Brasil em emiss\u00f5es <\/span><em data-pf_style_display=\"inline\" data-pf_style_visibility=\"visible\"><span class=\"text-node\">per capita<\/span><\/em><span class=\"text-node\">: \u00e9 como se cada um dos 25.766 habitantes do munic\u00edpio tivesse mais de 300 carros rodando 20 quil\u00f4metros por dia.<\/span><\/p>\n<p data-pf_style_display=\"block\" data-pf_style_visibility=\"visible\"><span class=\"text-node\">J\u00e1 Mato Grosso \u00e9 o estado que mais registrou focos de calor em todo o ano no pa\u00eds (38.279 at\u00e9 11 de setembro, j\u00e1 superando em 76% o n\u00famero de focos do ano passado inteiro). A situa\u00e7\u00e3o \u00e9 t\u00e3o dr\u00e1stica que 22 munic\u00edpios do estado <\/span><a href=\"https:\/\/g1.globo.com\/mt\/mato-grosso\/noticia\/2024\/09\/05\/desfiles-de-7-de-setembro-sao-cancelados-em-22-cidades-de-mt-por-seca-severa-e-onda-de-calor.ghtml\" target=\"_blank\" rel=\"noreferrer noopener\" data-pf_style_display=\"inline\" data-pf_style_visibility=\"visible\"><span class=\"text-node\">cancelaram<\/span><\/a><span class=\"text-node\"> os atos de 7 de Setembro devido \u00e0 fuma\u00e7a.<\/span><\/p>\n<h3 class=\"wp-block-heading\" data-pf_style_display=\"block\" data-pf_style_visibility=\"visible\"><strong data-pf_style_display=\"inline\" data-pf_style_visibility=\"visible\"><span class=\"text-node\">Pol\u00edticos condenados por corrup\u00e7\u00e3o compraram \u201cfazenda do fogo\u201d<\/span><\/strong><\/h3>\n<p data-pf_style_display=\"block\" data-pf_style_visibility=\"visible\"><span class=\"highlighter\" data-pf_style_display=\"inline\" data-pf_style_visibility=\"visible\"><span class=\"text-node\">Mas quem \u00e9 o dono ou a dona da fazenda Bauru? A resposta \u00e9 uma briga judicial<\/span><\/span><span class=\"text-node\">. De um lado, uma dupla formada por um ex-governador <\/span><a href=\"https:\/\/g1.globo.com\/mt\/mato-grosso\/noticia\/2020\/02\/18\/ex-governador-e-condenado-a-6-anos-de-prisao-e-a-devolver-mais-de-r-14-milhoes-aos-cofres-publicos-de-mt.ghtml\" target=\"_blank\" rel=\"noreferrer noopener\" data-pf_style_display=\"inline\" data-pf_style_visibility=\"visible\"><span class=\"text-node\">condenado<\/span><\/a><span class=\"text-node\"> a seis anos por corrup\u00e7\u00e3o e lavagem de dinheiro e um ex-deputado <\/span><a href=\"https:\/\/g1.globo.com\/mt\/mato-grosso\/noticia\/reu-em-mais-de-100-acoes-na-justica-ex-deputado-e-condenado-a-26-anos-de-prisao-por-desvio-na-almt.ghtml\" target=\"_blank\" rel=\"noreferrer noopener\" data-pf_style_display=\"inline\" data-pf_style_visibility=\"visible\"><span class=\"text-node\">condenado<\/span><\/a><span class=\"text-node\"> a 26 anos de pris\u00e3o por desvio de recursos p\u00fablicos. De outro, um grupo empresarial que diz ter levado calote dos pol\u00edticos no processo de venda da fazenda, que \u00e9 palco de conflitos armados e mortes h\u00e1 quase 20 anos.<\/span><\/p>\n<p data-pf_style_display=\"block\" data-pf_style_visibility=\"visible\"><span class=\"text-node\">Os pol\u00edticos s\u00e3o Silval da Cunha Barbosa (MDB), ex-governador de Mato Grosso entre 2010 e 2015, e Jos\u00e9 Geraldo Riva (PSD), ex-deputado estadual por quatro mandatos, entre 1994 e 2014, ex-presidente da Assembleia Legislativa e um dos pol\u00edticos mais influentes do estado. Riva est\u00e1 em regime <\/span><a href=\"https:\/\/g1.globo.com\/mt\/mato-grosso\/noticia\/2022\/09\/22\/justica-concede-remissao-de-pena-a-ex-deputado-condenado-por-mensalinho-na-almt.ghtml\" target=\"_blank\" rel=\"noreferrer noopener\" data-pf_style_display=\"inline\" data-pf_style_visibility=\"visible\"><span class=\"text-node\">semiaberto<\/span><\/a><span class=\"text-node\">desde 2022.<\/span><\/p>\n<p data-pf_style_display=\"block\" data-pf_style_visibility=\"visible\"><span class=\"text-node\">Segundo um <\/span><a href=\"https:\/\/www.jusbrasil.com.br\/jurisprudencia\/tj-mt\/2533958588\/inteiro-teor-2533958592\" target=\"_blank\" rel=\"noreferrer noopener\" data-pf_style_display=\"inline\" data-pf_style_visibility=\"visible\"><span class=\"text-node\">processo penal<\/span><\/a><span class=\"text-node\"> que tramita no Tribunal de Justi\u00e7a do Mato Grosso (TJMT), <\/span><span class=\"highlighter\" data-pf_style_display=\"inline\" data-pf_style_visibility=\"visible\"><span class=\"text-node\">Barbosa e Riva teriam tentado comprar a fazenda Bauru em 2012 por R$ 18,6 milh\u00f5es.<\/span><\/span><span class=\"text-node\"> A compra, contudo, foi alvo de inqu\u00e9rito policial, pois a Pol\u00edcia Civil do estado teria identificado que o dinheiro usado por Barbosa para pagar as primeiras parcelas da fazenda teria origem criminosa.<\/span><\/p>\n<figure class=\"wp-block-image size-full wp-lightbox-container pf-caption flex-width mediumImage pf-size-full\" data-wp-context=\"{&quot;uploadedSrc&quot;:&quot;https:\\\/\\\/apublica.org\\\/wp-content\\\/uploads\\\/2024\\\/09\\\/4-Fazenda-palco-de-dia-do-fogo-em-2022-e-hoje-a-que-tem-mais-queimadas-no-Brasil.jpg&quot;,&quot;figureClassNames&quot;:&quot;wp-block-image size-full&quot;,&quot;figureStyles&quot;:null,&quot;imgClassNames&quot;:&quot;wp-image-169606&quot;,&quot;imgStyles&quot;:null,&quot;targetWidth&quot;:1000,&quot;targetHeight&quot;:666,&quot;scaleAttr&quot;:false,&quot;ariaLabel&quot;:&quot;Aumentar imagem: Ex-governador do Mato Grosso, Silval Barbosa&quot;,&quot;alt&quot;:&quot;Ex-governador do Mato Grosso, Silval Barbosa&quot;}\" data-wp-interactive=\"core\/image\" data-pf_style_display=\"block\" data-pf_style_visibility=\"visible\"><img decoding=\"async\" class=\"wp-image-169606 caption-img flex-width pf-size-full mediumImage\" src=\"https:\/\/i0.wp.com\/apublica.org\/wp-content\/uploads\/2024\/09\/4-Fazenda-palco-de-dia-do-fogo-em-2022-e-hoje-a-que-tem-mais-queimadas-no-Brasil.jpg?resize=640%2C426&amp;ssl=1\" sizes=\"(max-width: 709px) 85vw, (max-width: 909px) 67vw, (max-width: 1362px) 62vw, 2400px\" srcset=\"\" alt=\"Ex-governador do Mato Grosso, Silval Barbosa\" width=\"640\" data-recalc-dims=\"1\" data-wp-init=\"callbacks.setButtonStyles\" data-wp-on-async--click=\"actions.showLightbox\" data-wp-on-async--load=\"callbacks.setButtonStyles\" data-wp-on-async-window--resize=\"callbacks.setButtonStyles\" data-pf_style_display=\"inline\" data-pf_style_visibility=\"visible\" data-pf_rect_width=\"320.84375\" data-pf_rect_height=\"18\" \/><figcaption class=\"wp-element-caption\" data-pf_style_display=\"block\" data-pf_style_visibility=\"visible\"><span class=\"text-node\">Ex-governador do Mato Grosso Silval Barbosa, condenado por corrup\u00e7\u00e3o, teria tentado comprar a fazenda Bauru. Negocia\u00e7\u00e3o foi alvo de inqu\u00e9rito policial e chegou \u00e0 Justi\u00e7a<\/span><\/figcaption><\/figure>\n<p data-pf_style_display=\"block\" data-pf_style_visibility=\"visible\"><span class=\"text-node\">Segundo a investiga\u00e7\u00e3o, <\/span><span class=\"highlighter\" data-pf_style_display=\"inline\" data-pf_style_visibility=\"visible\"><span class=\"text-node\">o ex-governador teria feito a compra com o dinheiro de suposta propina que teria sido repassada por frigor\u00edficos do Grupo JBS, da Marfrig e de outras empresas em troca de benef\u00edcios de isen\u00e7\u00e3o fiscal durante a gest\u00e3o de Barbosa.<\/span><\/span><span class=\"text-node\">As vantagens teriam acontecido dentro do Programa de Desenvolvimento Industrial e Comercial de Mato Grosso (Prodeic).<\/span><\/p>\n<p data-pf_style_display=\"block\" data-pf_style_visibility=\"visible\"><span class=\"text-node\">Al\u00e9m dos dois pol\u00edticos, o acordo de compra da fazenda envolveu Janete Gomes Riva (PSD), que foi al\u00e7ada a candidata ao governo do estado em 2014 quando Riva, com quem \u00e9 casada, teve a candidatura <\/span><a href=\"https:\/\/g1.globo.com\/mato-grosso\/eleicoes\/2014\/noticia\/2014\/09\/riva-lanca-esposa-como-candidata-ao-governo-de-mt-apos-decisao-do-tse.html\" target=\"_blank\" rel=\"noreferrer noopener\" data-pf_style_display=\"inline\" data-pf_style_visibility=\"visible\"><span class=\"text-node\">indeferida<\/span><\/a><span class=\"text-node\">pelo Tribunal Superior Eleitoral (TSE) devido \u00e0 Lei da Ficha Limpa. Ela perdeu. Janete tamb\u00e9m \u00e9 propriet\u00e1ria da fazenda Paineiras, em Juara (tamb\u00e9m no MT), onde sete pessoas foram encontradas em condi\u00e7\u00f5es an\u00e1logas \u00e0 escravid\u00e3o em 2010, segundo reportagem da <\/span><a href=\"https:\/\/reporterbrasil.org.br\/2010\/07\/sete-pessoas-sao-libertadas-de-area-de-esposa-de-deputado\/\" target=\"_blank\" rel=\"noreferrer noopener\" data-pf_style_display=\"inline\" data-pf_style_visibility=\"visible\"><span class=\"text-node\">Rep\u00f3rter Brasil<\/span><\/a><span class=\"text-node\">.\u00a0<\/span><\/p>\n<p data-pf_style_display=\"block\" data-pf_style_visibility=\"visible\"><span class=\"text-node\">Participaram tamb\u00e9m do acordo de compra da fazenda Bauru: Eduardo Pacheco, casado com uma parente de Barbosa e que representou o ex-governador no contrato; e Pedro Jamil Nadaf, ex-secret\u00e1rio da Casa Civil do governo de Barbosa, que chegou a <\/span><a href=\"https:\/\/g1.globo.com\/mato-grosso\/noticia\/2015\/09\/dois-ex-secretarios-de-mt-sao-presos-e-ex-governador-esta-foragido.html\" target=\"_blank\" rel=\"noreferrer noopener\" data-pf_style_display=\"inline\" data-pf_style_visibility=\"visible\"><span class=\"text-node\">ser preso<\/span><\/a><span class=\"text-node\"> junto ao ex-governador em 2016, acusados de corrup\u00e7\u00e3o e lavagem de dinheiro envolvendo incentivos fiscais a empres\u00e1rios e negocia\u00e7\u00e3o de terrenos.<\/span><\/p>\n<p data-pf_style_display=\"block\" data-pf_style_visibility=\"visible\"><span class=\"text-node\">A reportagem procurou o ex-governador e o ex-deputado para esclarecerem sobre a posse da fazenda e as queimadas no local. Nenhum dos dois respondeu at\u00e9 a publica\u00e7\u00e3o.<\/span><\/p>\n<h3 class=\"wp-block-heading\" data-pf_style_display=\"block\" data-pf_style_visibility=\"visible\"><strong data-pf_style_display=\"inline\" data-pf_style_visibility=\"visible\"><span class=\"text-node\">Terreno \u00e9 palco de conflitos e mortes h\u00e1 d\u00e9cadas<\/span><\/strong><\/h3>\n<p data-pf_style_display=\"block\" data-pf_style_visibility=\"visible\"><span class=\"highlighter\" data-pf_style_display=\"inline\" data-pf_style_visibility=\"visible\"><span class=\"text-node\">Na outra ponta da disputa est\u00e1 Magali Pereira Leite, s\u00f3cia-administradora da Agropecu\u00e1ria Bauru, dona original da fazenda.<\/span><\/span><span class=\"text-node\"> Um dos nomes pelo qual a fazenda Bauru \u00e9 conhecida \u00e9 fazenda Magali. Ela \u00e9 vi\u00fava do empres\u00e1rio paulista Fozi Jos\u00e9 Jorge, que morreu em 2011.<\/span><\/p>\n<p data-pf_style_display=\"block\" data-pf_style_visibility=\"visible\"><span class=\"text-node\">Na Justi\u00e7a, Leite argumenta que acordou a venda para a empresa Floresta Viva Explora\u00e7\u00e3o de Madeira e Terraplanagem, que tem como s\u00f3cios o casal Riva, e para Eduardo Pacheco, representando o ex-governador Barbosa. Ela diz ter recebido R$ 10,5 milh\u00f5es dos R$ 18,6 milh\u00f5es negociados.\u00a0<\/span><\/p>\n<p data-pf_style_display=\"block\" data-pf_style_visibility=\"visible\"><span class=\"text-node\">A reportagem procurou a Agropecu\u00e1ria Bauru, de Leite, que confirmou ser a propriet\u00e1ria da fazenda Bauru, mas afirmou que \u201cquem est\u00e1 na posse, desde 2012, \u00e9 a empresa Floresta Viva, por for\u00e7a de contrato de compra e venda\u201d. Questionada sobre os inc\u00eandios, a empresa respondeu que: \u201cComo n\u00e3o exercemos a posse do im\u00f3vel, n\u00e3o podemos confirmar os inc\u00eandios ou desmatamentos. Sobre as queimadas em Mato Grosso, \u00e9 de conhecimento p\u00fablico que a situa\u00e7\u00e3o est\u00e1 grav\u00edssima\u201d.<\/span><\/p>\n<p data-pf_style_display=\"block\" data-pf_style_visibility=\"visible\"><span class=\"highlighter\" data-pf_style_display=\"inline\" data-pf_style_visibility=\"visible\"><span class=\"text-node\">A fazenda Bauru \u00e9 marcada por conflitos h\u00e1 anos.<\/span><\/span><span class=\"text-node\"> Em 2008, o governo do estado <\/span><a href=\"https:\/\/www5.sefaz.mt.gov.br\/-\/governo-finaliza-acordo-para-assentar-familias-em-area-de-colniza\" target=\"_blank\" rel=\"noreferrer noopener\" data-pf_style_display=\"inline\" data-pf_style_visibility=\"visible\"><span class=\"text-node\">anunciou<\/span><\/a><span class=\"text-node\"> que 5 mil hectares do terreno seriam doados para cem fam\u00edlias de posseiros que ocupavam o local havia mais de cinco anos. No fim do mesmo ano, dois funcion\u00e1rios da fazenda e um top\u00f3grafo que fazia medi\u00e7\u00f5es de \u00e1reas da propriedade foram <\/span><a href=\"https:\/\/m.folha.uol.com.br\/cotidiano\/2008\/12\/476162-tres-pessoas-morrem-assassinadas-em-fazenda-em-mt.shtml\" target=\"_blank\" rel=\"noreferrer noopener\" data-pf_style_display=\"inline\" data-pf_style_visibility=\"visible\"><span class=\"text-node\">assassinados<\/span><\/a><span class=\"text-node\">. <\/span><a href=\"https:\/\/www.olhardireto.com.br\/noticias\/exibir.asp?id=67057&amp;noticia=homem-invade-casa-e-executa-a-tiros-dois-funcionarios-da-fazenda-bauru\" target=\"_blank\" rel=\"noreferrer noopener\" data-pf_style_display=\"inline\" data-pf_style_visibility=\"visible\"><span class=\"text-node\">Em 2009<\/span><\/a><span class=\"text-node\">, outros dois funcion\u00e1rios foram mortos e um terceiro foi baleado.<\/span><\/p>\n<p data-pf_style_display=\"block\" data-pf_style_visibility=\"visible\"><span class=\"text-node\">J\u00e1 em 2019, a fazenda voltou ao notici\u00e1rio quando aconteceram as primeiras mortes por conflitos no campo durante o governo de Jair Bolsonaro (PL). O posseiro Eliseu Queres de Jesus, de 38 anos, <\/span><a href=\"https:\/\/deolhonosruralistas.com.br\/2019\/01\/12\/sobrevivente-de-atentado-em-colniza-mt-conta-que-pms-e-segurancas-continuam-ameacando\/\" target=\"_blank\" rel=\"noreferrer noopener\" data-pf_style_display=\"inline\" data-pf_style_visibility=\"visible\"><span class=\"text-node\">foi morto<\/span><\/a><span class=\"text-node\">. Outras nove pessoas ficaram feridas. Na \u00e9poca, a administra\u00e7\u00e3o da fazenda estaria sob responsabilidade da empresa do casal Riva, que publicou <\/span><a href=\"https:\/\/www.olhardireto.com.br\/noticias\/exibir.asp?id=453538&amp;noticia=em-nota-familia-riva-diz-que-funcionarios-de-fazenda-agiram-em-legitima-defesa\" target=\"_blank\" rel=\"noreferrer noopener\" data-pf_style_display=\"inline\" data-pf_style_visibility=\"visible\"><span class=\"text-node\">nota<\/span><\/a><span class=\"text-node\"> em diversos portais lamentando o ocorrido, mas alegando que a propriedade \u00e9 v\u00edtima de invasores.<\/span><\/p>\n<p data-pf_style_display=\"block\" data-pf_style_visibility=\"visible\"><span class=\"text-node\">A <\/span><strong data-pf_style_display=\"inline\" data-pf_style_visibility=\"visible\"><span class=\"text-node\">P\u00fablica <\/span><\/strong><span class=\"text-node\">conversou com Derisvaldo de S\u00e1, presidente da Associa\u00e7\u00e3o Gleba Uni\u00e3o, que atua com posseiros que vivem no entorno da fazenda Bauru. Segundo ele, que \u00e9 candidato a vereador pelo PT nestas elei\u00e7\u00f5es, a situa\u00e7\u00e3o est\u00e1 mais pacificada agora, pois os posseiros teriam conseguido fechar contratos de doa\u00e7\u00e3o e de compra e venda de terrenos.\u00a0<\/span><\/p>\n<h3 class=\"wp-block-heading\" data-pf_style_display=\"block\" data-pf_style_visibility=\"visible\"><strong data-pf_style_display=\"inline\" data-pf_style_visibility=\"visible\"><span class=\"text-node\">Planos de candidatos em Colniza ignoram queimadas<\/span><\/strong><\/h3>\n<p data-pf_style_display=\"block\" data-pf_style_visibility=\"visible\"><span class=\"text-node\">O atual prefeito de Colniza, Milton de Souza Amorim, tenta a reelei\u00e7\u00e3o pelo Uni\u00e3o Brasil. Seu \u00fanico advers\u00e1rio \u00e9 o candidato do PL Siwal Sant Ana Soares, mais conhecido como Walzinho.<\/span><\/p>\n<p data-pf_style_display=\"block\" data-pf_style_visibility=\"visible\"><span class=\"text-node\">Apesar de Colniza bater recordes de queimadas no estado, a <\/span><strong data-pf_style_display=\"inline\" data-pf_style_visibility=\"visible\"><span class=\"text-node\">P\u00fablica <\/span><\/strong><span class=\"text-node\">apurou que <\/span><span class=\"highlighter\" data-pf_style_display=\"inline\" data-pf_style_visibility=\"visible\"><span class=\"text-node\">n\u00e3o h\u00e1 nenhuma men\u00e7\u00e3o de combate ao fogo ou ao desmatamento no plano de governo dos candidatos \u00e0 prefeitura apresentado ao TSE<\/span><\/span><span class=\"text-node\">. As propostas v\u00e3o mais no sentido de flexibilizar regras ambientais.<\/span><\/p>\n<figure class=\"wp-block-image size-full wp-lightbox-container pf-caption flex-width mediumImage pf-size-full\" data-wp-context=\"{&quot;uploadedSrc&quot;:&quot;https:\\\/\\\/apublica.org\\\/wp-content\\\/uploads\\\/2024\\\/09\\\/5-Fazenda-palco-de-dia-do-fogo-em-2022-e-hoje-a-que-tem-mais-queimadas-no-Brasil.png&quot;,&quot;figureClassNames&quot;:&quot;wp-block-image size-full&quot;,&quot;figureStyles&quot;:null,&quot;imgClassNames&quot;:&quot;wp-image-169607&quot;,&quot;imgStyles&quot;:null,&quot;targetWidth&quot;:722,&quot;targetHeight&quot;:597,&quot;scaleAttr&quot;:false,&quot;ariaLabel&quot;:&quot;Aumentar imagem: Prefeito de Colniza, Milton de Souza Amorim&quot;,&quot;alt&quot;:&quot;Prefeito de Colniza, Milton de Souza Amorim&quot;}\" data-wp-interactive=\"core\/image\" data-pf_style_display=\"block\" data-pf_style_visibility=\"visible\"><img decoding=\"async\" class=\"wp-image-169607 caption-img flex-width pf-size-full mediumImage\" src=\"https:\/\/i0.wp.com\/apublica.org\/wp-content\/uploads\/2024\/09\/5-Fazenda-palco-de-dia-do-fogo-em-2022-e-hoje-a-que-tem-mais-queimadas-no-Brasil.png?resize=640%2C529&amp;ssl=1\" sizes=\"(max-width: 709px) 85vw, (max-width: 909px) 67vw, (max-width: 984px) 61vw, (max-width: 1362px) 45vw, 2400px\" srcset=\"\" alt=\"Prefeito de Colniza, Milton de Souza Amorim\" width=\"640\" data-recalc-dims=\"1\" data-wp-init=\"callbacks.setButtonStyles\" data-wp-on-async--click=\"actions.showLightbox\" data-wp-on-async--load=\"callbacks.setButtonStyles\" data-wp-on-async-window--resize=\"callbacks.setButtonStyles\" data-pf_style_display=\"inline\" data-pf_style_visibility=\"visible\" data-pf_rect_width=\"310.625\" data-pf_rect_height=\"18\" \/><figcaption class=\"wp-element-caption\" data-pf_style_display=\"block\" data-pf_style_visibility=\"visible\"><span class=\"text-node\">Sob gest\u00e3o de Milton de Souza Amorim, regi\u00e3o bate recordes de queimadas; prefeito \u00e9 candidato \u00e0 reelei\u00e7\u00e3o<\/span><\/figcaption><\/figure>\n<p data-pf_style_display=\"block\" data-pf_style_visibility=\"visible\"><span class=\"text-node\">Em vez de tratar das queimadas, o atual prefeito afirma que planeja \u201cinterceder perante o estado no intuito de coibir o excesso de for\u00e7a em a\u00e7\u00f5es da Sema [Secretaria de Meio Ambiente do Mato Grosso] e Ibama [Instituto Brasileiro do Meio Ambiente e dos Recursos Naturais Renov\u00e1veis]\u201d.<\/span><\/p>\n<p data-pf_style_display=\"block\" data-pf_style_visibility=\"visible\"><span class=\"text-node\">J\u00e1 Soares diz que pretende \u201ccriar um programa para disponibiliza\u00e7\u00e3o de maquin\u00e1rio para atender os produtores rurais e incrementar a produ\u00e7\u00e3o agropecu\u00e1ria no munic\u00edpio\u201d.<\/span><\/p>\n<p data-pf_style_display=\"block\" data-pf_style_visibility=\"visible\"><span class=\"text-node\">A reportagem procurou os dois candidatos, que n\u00e3o responderam.<\/span><\/p>\n","protected":false},"excerpt":{"rendered":"<p>Fazenda Bauru, no Mato Grosso, \u00e9 recordista de focos de inc\u00eandio; pol\u00edticos condenados por corrup\u00e7\u00e3o compraram terreno<\/p>\n","protected":false},"author":1,"featured_media":0,"comment_status":"closed","ping_status":"open","sticky":false,"template":"","format":"standard","meta":{"_exactmetrics_skip_tracking":false,"_exactmetrics_sitenote_active":false,"_exactmetrics_sitenote_note":"","_exactmetrics_sitenote_category":0,"jetpack_post_was_ever_published":false,"_jetpack_newsletter_access":"","_jetpack_dont_email_post_to_subs":false,"_jetpack_newsletter_tier_id":0,"_jetpack_memberships_contains_paywalled_content":false,"_jetpack_memberships_contains_paid_content":false,"footnotes":"","jetpack_publicize_message":"","jetpack_publicize_feature_enabled":true,"jetpack_social_post_already_shared":true,"jetpack_social_options":{"image_generator_settings":{"template":"highway","enabled":false},"version":2}},"categories":[1],"tags":[],"class_list":["post-35963","post","type-post","status-publish","format-standard","hentry","category-notas"],"jetpack_publicize_connections":[],"jetpack_sharing_enabled":true,"jetpack_featured_media_url":"","jetpack_shortlink":"https:\/\/wp.me\/p7wKYW-9m3","jetpack-related-posts":[],"_links":{"self":[{"href":"http:\/\/blogdalucianaoliveira.com.br\/blog\/wp-json\/wp\/v2\/posts\/35963","targetHints":{"allow":["GET"]}}],"collection":[{"href":"http:\/\/blogdalucianaoliveira.com.br\/blog\/wp-json\/wp\/v2\/posts"}],"about":[{"href":"http:\/\/blogdalucianaoliveira.com.br\/blog\/wp-json\/wp\/v2\/types\/post"}],"author":[{"embeddable":true,"href":"http:\/\/blogdalucianaoliveira.com.br\/blog\/wp-json\/wp\/v2\/users\/1"}],"replies":[{"embeddable":true,"href":"http:\/\/blogdalucianaoliveira.com.br\/blog\/wp-json\/wp\/v2\/comments?post=35963"}],"version-history":[{"count":1,"href":"http:\/\/blogdalucianaoliveira.com.br\/blog\/wp-json\/wp\/v2\/posts\/35963\/revisions"}],"predecessor-version":[{"id":35965,"href":"http:\/\/blogdalucianaoliveira.com.br\/blog\/wp-json\/wp\/v2\/posts\/35963\/revisions\/35965"}],"wp:attachment":[{"href":"http:\/\/blogdalucianaoliveira.com.br\/blog\/wp-json\/wp\/v2\/media?parent=35963"}],"wp:term":[{"taxonomy":"category","embeddable":true,"href":"http:\/\/blogdalucianaoliveira.com.br\/blog\/wp-json\/wp\/v2\/categories?post=35963"},{"taxonomy":"post_tag","embeddable":true,"href":"http:\/\/blogdalucianaoliveira.com.br\/blog\/wp-json\/wp\/v2\/tags?post=35963"}],"curies":[{"name":"wp","href":"https:\/\/api.w.org\/{rel}","templated":true}]}}