{"id":35967,"date":"2024-09-16T13:31:12","date_gmt":"2024-09-16T17:31:12","guid":{"rendered":"http:\/\/blogdalucianaoliveira.com.br\/blog\/?p=35967"},"modified":"2024-09-16T13:31:12","modified_gmt":"2024-09-16T17:31:12","slug":"seca-na-amazonia-dificulta-transporte-de-mercadorias-e-afeta-vida-de-moradores","status":"publish","type":"post","link":"http:\/\/blogdalucianaoliveira.com.br\/blog\/2024\/09\/16\/seca-na-amazonia-dificulta-transporte-de-mercadorias-e-afeta-vida-de-moradores\/","title":{"rendered":"Seca na Amaz\u00f4nia dificulta transporte de mercadorias e afeta vida de moradores"},"content":{"rendered":"<p><img data-recalc-dims=\"1\" loading=\"lazy\" decoding=\"async\" data-attachment-id=\"35968\" data-permalink=\"http:\/\/blogdalucianaoliveira.com.br\/blog\/2024\/09\/16\/seca-na-amazonia-dificulta-transporte-de-mercadorias-e-afeta-vida-de-moradores\/img_0071\/\" data-orig-file=\"https:\/\/i0.wp.com\/blogdalucianaoliveira.com.br\/blog\/wp-content\/uploads\/2024\/09\/IMG_0071.jpeg?fit=980%2C760\" data-orig-size=\"980,760\" data-comments-opened=\"0\" data-image-meta=\"{&quot;aperture&quot;:&quot;0&quot;,&quot;credit&quot;:&quot;&quot;,&quot;camera&quot;:&quot;&quot;,&quot;caption&quot;:&quot;&quot;,&quot;created_timestamp&quot;:&quot;0&quot;,&quot;copyright&quot;:&quot;&quot;,&quot;focal_length&quot;:&quot;0&quot;,&quot;iso&quot;:&quot;0&quot;,&quot;shutter_speed&quot;:&quot;0&quot;,&quot;title&quot;:&quot;&quot;,&quot;orientation&quot;:&quot;1&quot;}\" data-image-title=\"IMG_0071\" data-image-description=\"\" data-image-caption=\"\" data-medium-file=\"https:\/\/i0.wp.com\/blogdalucianaoliveira.com.br\/blog\/wp-content\/uploads\/2024\/09\/IMG_0071.jpeg?fit=300%2C233\" data-large-file=\"https:\/\/i0.wp.com\/blogdalucianaoliveira.com.br\/blog\/wp-content\/uploads\/2024\/09\/IMG_0071.jpeg?fit=600%2C465\" class=\"alignnone size-full wp-image-35968\" src=\"https:\/\/i0.wp.com\/blogdalucianaoliveira.com.br\/blog\/wp-content\/uploads\/2024\/09\/IMG_0071.jpeg?resize=600%2C465\" alt=\"\" width=\"600\" height=\"465\" srcset=\"https:\/\/i0.wp.com\/blogdalucianaoliveira.com.br\/blog\/wp-content\/uploads\/2024\/09\/IMG_0071.jpeg?w=980 980w, https:\/\/i0.wp.com\/blogdalucianaoliveira.com.br\/blog\/wp-content\/uploads\/2024\/09\/IMG_0071.jpeg?resize=300%2C233 300w, https:\/\/i0.wp.com\/blogdalucianaoliveira.com.br\/blog\/wp-content\/uploads\/2024\/09\/IMG_0071.jpeg?resize=768%2C596 768w, https:\/\/i0.wp.com\/blogdalucianaoliveira.com.br\/blog\/wp-content\/uploads\/2024\/09\/IMG_0071.jpeg?resize=387%2C300 387w\" sizes=\"auto, (max-width: 600px) 100vw, 600px\" \/><\/p>\n<p>A seca afetou a navega\u00e7\u00e3o no rio Solim\u00f5es, vital para o transporte de todos os tipos de mercadorias que entram e saem de Manacapuru<!--more--><\/p>\n<p>Reuters &#8211; MANACAPURU, Amazonas (Reuters) \u2013 As <a href=\"https:\/\/www.infomoney.com.br\/minhas-financas\/queimadas-e-seca-devem-deixar-alimentos-mais-caros-veja-produtos-mais-afetados\/\">secas severas<\/a> na regi\u00e3o da <a href=\"https:\/\/www.infomoney.com.br\/mundo\/quase-40-da-parte-mais-vital-da-floresta-amazonica-nao-esta-protegida-diz-ong\/\">floresta amaz\u00f4nica<\/a> brasileira est\u00e3o alterando drasticamente a vida dos moradores, com a mobilidade sendo dificultada pelos n\u00edveis recordes de baixa em trechos do rio Amazonas.<\/p>\n<p>Na cidade de Manacapuru, perto da capital do Amazonas, Manaus, a seca afetou a navega\u00e7\u00e3o no rio Solim\u00f5es, que se transforma no rio Amazonas logo abaixo e \u00e9 vital para o transporte de todos os tipos de mercadorias que entram e saem da cidade.<\/p>\n<p>Barcos encalhados em bancos de areia se tornaram uma vis\u00e3o comum, dificultando o transporte de produtos locais, como peixes, bananas e cassava, al\u00e9m de interromper a log\u00edstica para trazer itens b\u00e1sicos como alimentos e \u00e1gua de fora.<\/p>\n<p>\u201cColocamos o barco aqui e quando foi no outro dia, o barco amanheceu j\u00e1 em terra. A\u00ed n\u00e3o tivemos condi\u00e7\u00e3o de tirar ele\u201d, disse o pescador Josu\u00e9 Oliveira.<\/p>\n<p>O pescador Francisco da Silva, que classificou a situa\u00e7\u00e3o como cr\u00edtica, observou que a \u00e1gua j\u00e1 come\u00e7ou a ficar verde, um sinal de que em breve poder\u00e1 se tornar insegura para beber.<br \/>\n\u201cN\u00f3s vamos beber ela mesmo\u201d, disse ele, acrescentando que n\u00e3o ser\u00e1 mais poss\u00edvel obter suprimentos de outras \u00e1reas com o rio secando. \u201cN\u00e3o vai passar nada.\u201d<\/p>\n<p>De acordo com o Centro Nacional de Monitoramento e Alerta Precoce de Desastres Naturais (Cemaden), a seca atual \u00e9 a mais intensa e generalizada que o Brasil j\u00e1 registrou desde que os registros come\u00e7aram em 1950.<\/p>\n<p>Uma esta\u00e7\u00e3o chuvosa fraca na regi\u00e3o centro-norte piorou a situa\u00e7\u00e3o com o aumento das temperaturas atmosf\u00e9ricas e mudan\u00e7as no uso da terra que substitu\u00edram \u00e1reas de floresta por pastagens.<\/p>\n<p>No domingo, o Supremo Tribunal Federal autorizou que o governo federal abra cr\u00e9dito extraordin\u00e1rio para atender \u00e0s demandas causadas pelas queimadas e pelos inc\u00eandios da Amaz\u00f4nia e do Pantanal neste ano, sem que os recursos sejam limitados pelo arcabou\u00e7o fiscal ou sejam computados para fins de c\u00e1lculo das metas fiscais.<\/p>\n","protected":false},"excerpt":{"rendered":"<p>A seca afetou a navega\u00e7\u00e3o no rio Solim\u00f5es, vital para o transporte de todos os tipos de mercadorias que entram e saem de Manacapuru<\/p>\n","protected":false},"author":1,"featured_media":0,"comment_status":"closed","ping_status":"open","sticky":false,"template":"","format":"standard","meta":{"_exactmetrics_skip_tracking":false,"_exactmetrics_sitenote_active":false,"_exactmetrics_sitenote_note":"","_exactmetrics_sitenote_category":0,"jetpack_post_was_ever_published":false,"_jetpack_newsletter_access":"","_jetpack_dont_email_post_to_subs":false,"_jetpack_newsletter_tier_id":0,"_jetpack_memberships_contains_paywalled_content":false,"_jetpack_memberships_contains_paid_content":false,"footnotes":"","jetpack_publicize_message":"","jetpack_publicize_feature_enabled":true,"jetpack_social_post_already_shared":true,"jetpack_social_options":{"image_generator_settings":{"template":"highway","enabled":false},"version":2}},"categories":[1],"tags":[196,914,864],"class_list":["post-35967","post","type-post","status-publish","format-standard","hentry","category-notas","tag-madeira","tag-rios","tag-seca"],"jetpack_publicize_connections":[],"jetpack_sharing_enabled":true,"jetpack_featured_media_url":"","jetpack_shortlink":"https:\/\/wp.me\/p7wKYW-9m7","jetpack-related-posts":[],"_links":{"self":[{"href":"http:\/\/blogdalucianaoliveira.com.br\/blog\/wp-json\/wp\/v2\/posts\/35967","targetHints":{"allow":["GET"]}}],"collection":[{"href":"http:\/\/blogdalucianaoliveira.com.br\/blog\/wp-json\/wp\/v2\/posts"}],"about":[{"href":"http:\/\/blogdalucianaoliveira.com.br\/blog\/wp-json\/wp\/v2\/types\/post"}],"author":[{"embeddable":true,"href":"http:\/\/blogdalucianaoliveira.com.br\/blog\/wp-json\/wp\/v2\/users\/1"}],"replies":[{"embeddable":true,"href":"http:\/\/blogdalucianaoliveira.com.br\/blog\/wp-json\/wp\/v2\/comments?post=35967"}],"version-history":[{"count":1,"href":"http:\/\/blogdalucianaoliveira.com.br\/blog\/wp-json\/wp\/v2\/posts\/35967\/revisions"}],"predecessor-version":[{"id":35969,"href":"http:\/\/blogdalucianaoliveira.com.br\/blog\/wp-json\/wp\/v2\/posts\/35967\/revisions\/35969"}],"wp:attachment":[{"href":"http:\/\/blogdalucianaoliveira.com.br\/blog\/wp-json\/wp\/v2\/media?parent=35967"}],"wp:term":[{"taxonomy":"category","embeddable":true,"href":"http:\/\/blogdalucianaoliveira.com.br\/blog\/wp-json\/wp\/v2\/categories?post=35967"},{"taxonomy":"post_tag","embeddable":true,"href":"http:\/\/blogdalucianaoliveira.com.br\/blog\/wp-json\/wp\/v2\/tags?post=35967"}],"curies":[{"name":"wp","href":"https:\/\/api.w.org\/{rel}","templated":true}]}}