{"id":35970,"date":"2024-09-16T13:46:59","date_gmt":"2024-09-16T17:46:59","guid":{"rendered":"http:\/\/blogdalucianaoliveira.com.br\/blog\/?p=35970"},"modified":"2024-09-16T13:46:59","modified_gmt":"2024-09-16T17:46:59","slug":"brasil-vive-terrorismo-climatico-diz-marina-silva","status":"publish","type":"post","link":"http:\/\/blogdalucianaoliveira.com.br\/blog\/2024\/09\/16\/brasil-vive-terrorismo-climatico-diz-marina-silva\/","title":{"rendered":"Brasil vive terrorismo clim\u00e1tico, diz Marina Silva"},"content":{"rendered":"<p><img data-recalc-dims=\"1\" loading=\"lazy\" decoding=\"async\" data-attachment-id=\"35971\" data-permalink=\"http:\/\/blogdalucianaoliveira.com.br\/blog\/2024\/09\/16\/brasil-vive-terrorismo-climatico-diz-marina-silva\/img_0073\/\" data-orig-file=\"https:\/\/i0.wp.com\/blogdalucianaoliveira.com.br\/blog\/wp-content\/uploads\/2024\/09\/IMG_0073.jpeg?fit=1005%2C599\" data-orig-size=\"1005,599\" data-comments-opened=\"0\" data-image-meta=\"{&quot;aperture&quot;:&quot;0&quot;,&quot;credit&quot;:&quot;&quot;,&quot;camera&quot;:&quot;&quot;,&quot;caption&quot;:&quot;&quot;,&quot;created_timestamp&quot;:&quot;0&quot;,&quot;copyright&quot;:&quot;&quot;,&quot;focal_length&quot;:&quot;0&quot;,&quot;iso&quot;:&quot;0&quot;,&quot;shutter_speed&quot;:&quot;0&quot;,&quot;title&quot;:&quot;&quot;,&quot;orientation&quot;:&quot;1&quot;}\" data-image-title=\"IMG_0073\" data-image-description=\"\" data-image-caption=\"\" data-medium-file=\"https:\/\/i0.wp.com\/blogdalucianaoliveira.com.br\/blog\/wp-content\/uploads\/2024\/09\/IMG_0073.jpeg?fit=300%2C179\" data-large-file=\"https:\/\/i0.wp.com\/blogdalucianaoliveira.com.br\/blog\/wp-content\/uploads\/2024\/09\/IMG_0073.jpeg?fit=600%2C358\" class=\"alignnone size-full wp-image-35971\" src=\"https:\/\/i0.wp.com\/blogdalucianaoliveira.com.br\/blog\/wp-content\/uploads\/2024\/09\/IMG_0073.jpeg?resize=600%2C358\" alt=\"\" width=\"600\" height=\"358\" srcset=\"https:\/\/i0.wp.com\/blogdalucianaoliveira.com.br\/blog\/wp-content\/uploads\/2024\/09\/IMG_0073.jpeg?w=1005 1005w, https:\/\/i0.wp.com\/blogdalucianaoliveira.com.br\/blog\/wp-content\/uploads\/2024\/09\/IMG_0073.jpeg?resize=300%2C179 300w, https:\/\/i0.wp.com\/blogdalucianaoliveira.com.br\/blog\/wp-content\/uploads\/2024\/09\/IMG_0073.jpeg?resize=768%2C458 768w, https:\/\/i0.wp.com\/blogdalucianaoliveira.com.br\/blog\/wp-content\/uploads\/2024\/09\/IMG_0073.jpeg?resize=503%2C300 503w\" sizes=\"auto, (max-width: 600px) 100vw, 600px\" \/><\/p>\n<p>Para ministra, pessoas usam altas temperaturas para atear fogo ao pa\u00eds<\/p>\n<p><!--more--><\/p>\n<div class=\"post-item-wrap\">\n<p>Ag\u00eanciaBrasil &#8211; A ministra do Meio Ambiente e Mudan\u00e7a do Clima, Marina Silva, afirmou neste s\u00e1bado (14), em S\u00e3o Carlos, no interior de S\u00e3o Paulo, que o Brasil vive um terrorismo clim\u00e1tico, com pessoas usando as altas temperaturas e a baixa umidade para atear fogo ao pa\u00eds, prejudicando a sa\u00fade das pessoas, a biodiversidade e destruindo as florestas. \u201cH\u00e1 uma proibi\u00e7\u00e3o em todo o territ\u00f3rio nacional do uso do fogo, mas existem aqueles que est\u00e3o fazendo um verdadeiro terrorismo clim\u00e1tico\u201d, afirmou em entrevista a ve\u00edculos de comunica\u00e7\u00e3o.<img data-recalc-dims=\"1\" decoding=\"async\" src=\"https:\/\/i0.wp.com\/agenciabrasil.ebc.com.br\/ebc.png?w=600&#038;ssl=1\" \/><img data-recalc-dims=\"1\" decoding=\"async\" src=\"https:\/\/i0.wp.com\/agenciabrasil.ebc.com.br\/ebc.gif?w=600&#038;ssl=1\" \/><\/p>\n<p>Ela ressaltou que \u00e9 fundamental que todos os agentes p\u00fablicos que j\u00e1 est\u00e3o mobilizados continuem agindo, porque h\u00e1 uma inten\u00e7\u00e3o por tr\u00e1s dessas a\u00e7\u00f5es. Segundo a ministra, apenas dois estados n\u00e3o est\u00e3o passando por seca. Ela defendeu\u00a0pena mais r\u00edgida para quem comete esse tipo de crime. Atualmente a pena varia de um a quatro anos de pris\u00e3o.<\/p>\n<p>\u201cN\u00e3o \u00e9 poss\u00edvel que diante de uma das maiores secas de toda a hist\u00f3ria do nosso continente e do pa\u00eds, e com a proibi\u00e7\u00e3o existente, que as pessoas continuem colocando fogo. Isso causa grande mal \u00e0 sa\u00fade p\u00fablica, ao meio ambiente, aos nossos sistemas produtivos e s\u00f3 agrava o problema da mudan\u00e7a do clima. Quando voc\u00ea tem uma situa\u00e7\u00e3o em que\u00a0sabe que colocar fogo \u00e9 como se estivesse acionando um barril ou um paiol de p\u00f3lvora, isso \u00e9 uma inten\u00e7\u00e3o criminosa\u201d, disse.<\/p>\n<p>Marina lembrou que 17 pessoas j\u00e1 foram presas e h\u00e1 50 inqu\u00e9ritos abertos. Para a ministra, \u00e9 prov\u00e1vel que haja pessoas por tr\u00e1s incentivando os crimes, o que pode ser descoberto com investiga\u00e7\u00f5es e trabalho de intelig\u00eancia da Pol\u00edcia Federal (PF). Ela comparou ainda os inc\u00eandios criminosos com a tentativa de golpe no dia 8 de janeiro de 2023.<\/p>\n<p>\u201cPor isso \u00e9 t\u00e3o importante o trabalho da PF. \u00c9 preciso continuar investigando com trabalho de intelig\u00eancia combinado, porque \u00e9 a\u00ed que vamos poder descobrir de onde vem essa motiva\u00e7\u00e3o. Eu estou praticamente comparando o que est\u00e1 acontecendo ao dia 8 de janeiro. S\u00e3o pessoas atuando deliberadamente para criar o caos no Brasil, tocando fogo nas florestas e nas atividades produtivas das pessoas\u201d.<\/p>\n<p>A ministra ressaltou que o preju\u00edzo em S\u00e3o Paulo j\u00e1 \u00e9 de R$ 2 bilh\u00f5es para os agricultores, principalmente os plantadores de cana-de-a\u00e7\u00facar. Segundo ela, j\u00e1 s\u00e3o 900 mil hectares de \u00e1reas de agricultura e pecu\u00e1ria queimadas, 1,4 milh\u00e3o de hectares em \u00e1rea de campo de pastagem e 1 milh\u00e3o de hectares em \u00e1reas florestais.<\/p>\n<p>\u201cUma floresta \u00famida n\u00e3o pega fogo, porque o fogo come\u00e7a e a pr\u00f3pria floresta consegue fazer com que se apague. Como j\u00e1 estamos vivendo os efeitos de mudan\u00e7a clim\u00e1tica, provavelmente a floresta est\u00e1 perdendo umidade, como dizem os cientistas, e cerca de 32% dos inc\u00eandios est\u00e3o sendo feitos intencionalmente para degradar a pr\u00f3pria floresta\u201d, analisou.<\/p>\n<\/div>\n<p>&nbsp;<\/p>\n<p>&nbsp;<\/p>\n","protected":false},"excerpt":{"rendered":"<p>Para ministra, pessoas usam altas temperaturas para atear fogo ao pa\u00eds<\/p>\n","protected":false},"author":1,"featured_media":0,"comment_status":"closed","ping_status":"open","sticky":false,"template":"","format":"standard","meta":{"_exactmetrics_skip_tracking":false,"_exactmetrics_sitenote_active":false,"_exactmetrics_sitenote_note":"","_exactmetrics_sitenote_category":0,"jetpack_post_was_ever_published":false,"_jetpack_newsletter_access":"","_jetpack_dont_email_post_to_subs":false,"_jetpack_newsletter_tier_id":0,"_jetpack_memberships_contains_paywalled_content":false,"_jetpack_memberships_contains_paid_content":false,"footnotes":"","jetpack_publicize_message":"","jetpack_publicize_feature_enabled":true,"jetpack_social_post_already_shared":true,"jetpack_social_options":{"image_generator_settings":{"template":"highway","enabled":false},"version":2}},"categories":[1],"tags":[1112,1113,295],"class_list":["post-35970","post","type-post","status-publish","format-standard","hentry","category-notas","tag-criminosos","tag-fogo","tag-queimadas"],"jetpack_publicize_connections":[],"jetpack_sharing_enabled":true,"jetpack_featured_media_url":"","jetpack_shortlink":"https:\/\/wp.me\/p7wKYW-9ma","jetpack-related-posts":[],"_links":{"self":[{"href":"http:\/\/blogdalucianaoliveira.com.br\/blog\/wp-json\/wp\/v2\/posts\/35970","targetHints":{"allow":["GET"]}}],"collection":[{"href":"http:\/\/blogdalucianaoliveira.com.br\/blog\/wp-json\/wp\/v2\/posts"}],"about":[{"href":"http:\/\/blogdalucianaoliveira.com.br\/blog\/wp-json\/wp\/v2\/types\/post"}],"author":[{"embeddable":true,"href":"http:\/\/blogdalucianaoliveira.com.br\/blog\/wp-json\/wp\/v2\/users\/1"}],"replies":[{"embeddable":true,"href":"http:\/\/blogdalucianaoliveira.com.br\/blog\/wp-json\/wp\/v2\/comments?post=35970"}],"version-history":[{"count":1,"href":"http:\/\/blogdalucianaoliveira.com.br\/blog\/wp-json\/wp\/v2\/posts\/35970\/revisions"}],"predecessor-version":[{"id":35972,"href":"http:\/\/blogdalucianaoliveira.com.br\/blog\/wp-json\/wp\/v2\/posts\/35970\/revisions\/35972"}],"wp:attachment":[{"href":"http:\/\/blogdalucianaoliveira.com.br\/blog\/wp-json\/wp\/v2\/media?parent=35970"}],"wp:term":[{"taxonomy":"category","embeddable":true,"href":"http:\/\/blogdalucianaoliveira.com.br\/blog\/wp-json\/wp\/v2\/categories?post=35970"},{"taxonomy":"post_tag","embeddable":true,"href":"http:\/\/blogdalucianaoliveira.com.br\/blog\/wp-json\/wp\/v2\/tags?post=35970"}],"curies":[{"name":"wp","href":"https:\/\/api.w.org\/{rel}","templated":true}]}}