{"id":35973,"date":"2024-09-16T13:57:14","date_gmt":"2024-09-16T17:57:14","guid":{"rendered":"http:\/\/blogdalucianaoliveira.com.br\/blog\/?p=35973"},"modified":"2024-09-16T13:57:14","modified_gmt":"2024-09-16T17:57:14","slug":"incendios-e-queimadas-fazem-da-amazonia-regiao-que-mais-emite-carbono-no-planeta","status":"publish","type":"post","link":"http:\/\/blogdalucianaoliveira.com.br\/blog\/2024\/09\/16\/incendios-e-queimadas-fazem-da-amazonia-regiao-que-mais-emite-carbono-no-planeta\/","title":{"rendered":"Inc\u00eandios e queimadas fazem da Amaz\u00f4nia regi\u00e3o que mais emite carbono no planeta"},"content":{"rendered":"<p><img data-recalc-dims=\"1\" loading=\"lazy\" decoding=\"async\" data-attachment-id=\"35974\" data-permalink=\"http:\/\/blogdalucianaoliveira.com.br\/blog\/2024\/09\/16\/incendios-e-queimadas-fazem-da-amazonia-regiao-que-mais-emite-carbono-no-planeta\/img_0074\/\" data-orig-file=\"https:\/\/i0.wp.com\/blogdalucianaoliveira.com.br\/blog\/wp-content\/uploads\/2024\/09\/IMG_0074.jpeg?fit=1059%2C726\" data-orig-size=\"1059,726\" data-comments-opened=\"0\" data-image-meta=\"{&quot;aperture&quot;:&quot;0&quot;,&quot;credit&quot;:&quot;&quot;,&quot;camera&quot;:&quot;&quot;,&quot;caption&quot;:&quot;&quot;,&quot;created_timestamp&quot;:&quot;0&quot;,&quot;copyright&quot;:&quot;&quot;,&quot;focal_length&quot;:&quot;0&quot;,&quot;iso&quot;:&quot;0&quot;,&quot;shutter_speed&quot;:&quot;0&quot;,&quot;title&quot;:&quot;&quot;,&quot;orientation&quot;:&quot;1&quot;}\" data-image-title=\"IMG_0074\" data-image-description=\"\" data-image-caption=\"\" data-medium-file=\"https:\/\/i0.wp.com\/blogdalucianaoliveira.com.br\/blog\/wp-content\/uploads\/2024\/09\/IMG_0074.jpeg?fit=300%2C206\" data-large-file=\"https:\/\/i0.wp.com\/blogdalucianaoliveira.com.br\/blog\/wp-content\/uploads\/2024\/09\/IMG_0074.jpeg?fit=600%2C411\" class=\"alignnone size-full wp-image-35974\" src=\"https:\/\/i0.wp.com\/blogdalucianaoliveira.com.br\/blog\/wp-content\/uploads\/2024\/09\/IMG_0074.jpeg?resize=600%2C411\" alt=\"\" width=\"600\" height=\"411\" srcset=\"https:\/\/i0.wp.com\/blogdalucianaoliveira.com.br\/blog\/wp-content\/uploads\/2024\/09\/IMG_0074.jpeg?w=1059 1059w, https:\/\/i0.wp.com\/blogdalucianaoliveira.com.br\/blog\/wp-content\/uploads\/2024\/09\/IMG_0074.jpeg?resize=300%2C206 300w, https:\/\/i0.wp.com\/blogdalucianaoliveira.com.br\/blog\/wp-content\/uploads\/2024\/09\/IMG_0074.jpeg?resize=1024%2C702 1024w, https:\/\/i0.wp.com\/blogdalucianaoliveira.com.br\/blog\/wp-content\/uploads\/2024\/09\/IMG_0074.jpeg?resize=768%2C527 768w, https:\/\/i0.wp.com\/blogdalucianaoliveira.com.br\/blog\/wp-content\/uploads\/2024\/09\/IMG_0074.jpeg?resize=438%2C300 438w\" sizes=\"auto, (max-width: 600px) 100vw, 600px\" \/><\/p>\n<p><i>Dados do observat\u00f3rio Copernicus indicam que o sudoeste da Amaz\u00f4nia foi a regi\u00e3o que mais emitiu gases de efeito estufa do planeta na \u00faltima semana.<\/i><!--more--><\/p>\n<p>Clima Info &#8211; A explos\u00e3o de inc\u00eandios florestais e queimadas na Amaz\u00f4nia transformou o bioma em uma das maiores fontes de emiss\u00f5es de gases de efeito estufa (GEE) do mundo na \u00faltima semana. De acordo com as medi\u00e7\u00f5es do observat\u00f3rio europeu Copernicus feitas a partir de imagens de sat\u00e9lite, o sudoeste amaz\u00f4nico foi a regi\u00e3o do planeta que mais liberou GEE na atmosfera nos \u00faltimos cinco dias.<\/p>\n<p>O dado foi destacado pelo pesquisador Lucas Ferrante, da Universidade de S\u00e3o Paulo (USP) e da Universidade Federal do Amazonas (UFAM), ao jornal <a href=\"https:\/\/oglobo.globo.com\/brasil\/meio-ambiente\/noticia\/2024\/09\/12\/amazonia-se-torna-o-maior-emissor-de-gases-de-efeito-estufa-do-planeta.ghtml\">O Globo<\/a>. A conclus\u00e3o \u00e9 baseada no volume de aeross\u00f3is e de mon\u00f3xido de carbono captado nessa \u00e1rea. Esses gases s\u00e3o associados a GEE como o di\u00f3xido de carbono, que tamb\u00e9m \u00e9 liberado nos inc\u00eandios.<\/p>\n<p>A Amaz\u00f4nia acumula mais de 82 mil focos de calor desde janeiro at\u00e9 9 de setembro, o dobro do observado no mesmo per\u00edodo no ano passado e abaixo apenas dos n\u00fameros de 2007, quando o bioma registrou mais de 85 mil focos. <a href=\"https:\/\/agenciacenarium.com.br\/as-vesperas-da-visita-de-lula-amazonia-se-torna-maior-emissora-de-gases-causadores-do-efeito-estufa\/\">Ag\u00eancia Cenarium<\/a>, <a href=\"https:\/\/www.metropoles.com\/brasil\/amazonia-se-torna-maior-emissora-de-gases-de-efeito-estufa-do-mundo\">Metr\u00f3poles<\/a> e <a href=\"https:\/\/noticias.r7.com\/brasilia\/concentracao-de-poluentes-na-amazonia-registra-numero-10-vezes-maior-que-o-normal-11092024\/\">R7<\/a> tamb\u00e9m repercutiram os dados.<\/p>\n<p>Em parte, essa explos\u00e3o dos casos de fogo na Amaz\u00f4nia est\u00e1 relacionada \u00e0 seca hist\u00f3rica que o bioma atravessa neste ano, o que facilita as condi\u00e7\u00f5es para a dissemina\u00e7\u00e3o das chamas. No entanto, a causa do fogo pouco tem a ver com o clima: a a\u00e7\u00e3o humana direta \u00e9 a principal respons\u00e1vel, com os inc\u00eandios intencionalmente provocados em \u00e1reas de floresta para facilitar a retirada da vegeta\u00e7\u00e3o nativa, ou a queimada descontrolada de pastos.<\/p>\n<p>O clima seco torna o fogo incontrol\u00e1vel, deixando \u00e1reas de floresta nativa mais expostas ao risco das chamas. Segundo o Monitor do Fogo, do IPAM e do MapBiomas, a \u00e1rea de floresta nativa queimada na Amaz\u00f4nia aumentou 132% em agosto passado na compara\u00e7\u00e3o com o mesmo m\u00eas de 2023. Cerca de \u2153 da \u00e1rea incendiada em todo o bioma \u00e9 composta por vegeta\u00e7\u00e3o nativa, \u00e1reas que n\u00e3o foram desmatadas previamente, como \u00e9 comum nas ocupa\u00e7\u00f5es ilegais da regi\u00e3o.<\/p>\n<p>\u201cNormalmente s\u00e3o registradas queimadas em \u00e1reas agropecu\u00e1rias com grande destaque para as \u00e1reas de pasto. Neste ano, parece que o clima tem impactado a tend\u00eancia, infelizmente, deixando as florestas mais inflam\u00e1veis e suscet\u00edveis aos inc\u00eandios\u201d, explicou Ane Alencar, diretora de ci\u00eancia do IPAM, ao <a href=\"https:\/\/g1.globo.com\/meio-ambiente\/noticia\/2024\/09\/12\/fogo-amazonia-cresce-132percent-florestas-agosto.ghtml\">g1<\/a>.<\/p>\n<p>A situa\u00e7\u00e3o da Amaz\u00f4nia causa preocupa\u00e7\u00f5es n\u00e3o apenas aos brasileiros. Em entrevista \u00e0 <a href=\"https:\/\/www.cnnbrasil.com.br\/blogs\/americo-martins\/internacional\/exclusivo-chefe-do-clima-da-onu-defende-acao-global-contra-queimadas-na-amazonia\">CNN Brasil<\/a>, o secret\u00e1rio-executivo da Conven\u00e7\u00e3o-Quadro da ONU sobre Mudan\u00e7as Clim\u00e1ticas (UNFCCC), Simon Stiell, defendeu uma a\u00e7\u00e3o coletiva global para evitar as queimadas na Amaz\u00f4nia e outros eventos clim\u00e1ticos extremos.<\/p>\n<p>\u201cA \u00fanica maneira de vermos uma diferen\u00e7a no que estamos acompanhando em termos desses eventos extremos induzidos por mudan\u00e7as clim\u00e1ticas \u00e9 por meio da solidariedade global, a\u00e7\u00e3o global, para cumprir o Acordo de Paris\u201d, disse Stiell.<\/p>\n<p><b>Em tempo:<\/b> Palco do infame <a href=\"https:\/\/climainfo.org.br\/2024\/08\/29\/investigacoes-sobre-dia-do-fogo-sao-arquivadas-ninguem-e-responsabilizado\/\">\u201cDia do Fogo\u201d<\/a> em 2019, o munic\u00edpio de Novo Progresso (PA) tem dois candidatos \u00e0 prefeitura ligados a atividades de devasta\u00e7\u00e3o florestal. O atual prefeito e candidato \u00e0 reelei\u00e7\u00e3o, Gerson Dill (MDB), tem trajet\u00f3ria associada \u00e0 explora\u00e7\u00e3o madeireira. Seu principal advers\u00e1rio \u00e9 o ex-prefeito Juscelino Alves (PODEMOS), um piloto de avi\u00e3o que tem os garimpeiros como clientes. Como destacou a <a href=\"https:\/\/reporterbrasil.org.br\/2024\/09\/eleicoes-2024-novo-progresso-cidade-mais-bolsonarista-madeireiro-garimpeiro\/\">Rep\u00f3rter Brasil<\/a>, al\u00e9m de ignorar a destrui\u00e7\u00e3o da Amaz\u00f4nia em seus planos de governo, os dois candidatos defendem o legado antiambiental do ex-presidente Jair Bolsonaro (PL).<\/p>\n<p>&nbsp;<\/p>\n","protected":false},"excerpt":{"rendered":"<p>Dados do observat\u00f3rio Copernicus indicam que o sudoeste da Amaz\u00f4nia foi a regi\u00e3o que mais emitiu gases de efeito estufa do planeta na \u00faltima semana.<\/p>\n","protected":false},"author":1,"featured_media":0,"comment_status":"closed","ping_status":"open","sticky":false,"template":"","format":"standard","meta":{"_exactmetrics_skip_tracking":false,"_exactmetrics_sitenote_active":false,"_exactmetrics_sitenote_note":"","_exactmetrics_sitenote_category":0,"jetpack_post_was_ever_published":false,"_jetpack_newsletter_access":"","_jetpack_dont_email_post_to_subs":false,"_jetpack_newsletter_tier_id":0,"_jetpack_memberships_contains_paywalled_content":false,"_jetpack_memberships_contains_paid_content":false,"footnotes":"","jetpack_publicize_message":"","jetpack_publicize_feature_enabled":true,"jetpack_social_post_already_shared":true,"jetpack_social_options":{"image_generator_settings":{"template":"highway","enabled":false},"version":2}},"categories":[1],"tags":[252,1113,295,864],"class_list":["post-35973","post","type-post","status-publish","format-standard","hentry","category-notas","tag-amazonia","tag-fogo","tag-queimadas","tag-seca"],"jetpack_publicize_connections":[],"jetpack_sharing_enabled":true,"jetpack_featured_media_url":"","jetpack_shortlink":"https:\/\/wp.me\/p7wKYW-9md","jetpack-related-posts":[],"_links":{"self":[{"href":"http:\/\/blogdalucianaoliveira.com.br\/blog\/wp-json\/wp\/v2\/posts\/35973","targetHints":{"allow":["GET"]}}],"collection":[{"href":"http:\/\/blogdalucianaoliveira.com.br\/blog\/wp-json\/wp\/v2\/posts"}],"about":[{"href":"http:\/\/blogdalucianaoliveira.com.br\/blog\/wp-json\/wp\/v2\/types\/post"}],"author":[{"embeddable":true,"href":"http:\/\/blogdalucianaoliveira.com.br\/blog\/wp-json\/wp\/v2\/users\/1"}],"replies":[{"embeddable":true,"href":"http:\/\/blogdalucianaoliveira.com.br\/blog\/wp-json\/wp\/v2\/comments?post=35973"}],"version-history":[{"count":1,"href":"http:\/\/blogdalucianaoliveira.com.br\/blog\/wp-json\/wp\/v2\/posts\/35973\/revisions"}],"predecessor-version":[{"id":35975,"href":"http:\/\/blogdalucianaoliveira.com.br\/blog\/wp-json\/wp\/v2\/posts\/35973\/revisions\/35975"}],"wp:attachment":[{"href":"http:\/\/blogdalucianaoliveira.com.br\/blog\/wp-json\/wp\/v2\/media?parent=35973"}],"wp:term":[{"taxonomy":"category","embeddable":true,"href":"http:\/\/blogdalucianaoliveira.com.br\/blog\/wp-json\/wp\/v2\/categories?post=35973"},{"taxonomy":"post_tag","embeddable":true,"href":"http:\/\/blogdalucianaoliveira.com.br\/blog\/wp-json\/wp\/v2\/tags?post=35973"}],"curies":[{"name":"wp","href":"https:\/\/api.w.org\/{rel}","templated":true}]}}