{"id":3598,"date":"2016-08-31T20:39:30","date_gmt":"2016-09-01T00:39:30","guid":{"rendered":"http:\/\/blogdalucianaoliveira.com.br\/blog\/?p=3598"},"modified":"2016-08-31T20:39:30","modified_gmt":"2016-09-01T00:39:30","slug":"a-pauliceia-desvairada","status":"publish","type":"post","link":"http:\/\/blogdalucianaoliveira.com.br\/blog\/2016\/08\/31\/a-pauliceia-desvairada\/","title":{"rendered":"A Paulic\u00e9ia Desvairada"},"content":{"rendered":"<p><img data-recalc-dims=\"1\" loading=\"lazy\" decoding=\"async\" data-attachment-id=\"3599\" data-permalink=\"http:\/\/blogdalucianaoliveira.com.br\/blog\/2016\/08\/31\/a-pauliceia-desvairada\/champa\/\" data-orig-file=\"https:\/\/i0.wp.com\/blogdalucianaoliveira.com.br\/blog\/wp-content\/uploads\/2016\/08\/champa.jpg?fit=620%2C465\" data-orig-size=\"620,465\" data-comments-opened=\"0\" data-image-meta=\"{&quot;aperture&quot;:&quot;0&quot;,&quot;credit&quot;:&quot;&quot;,&quot;camera&quot;:&quot;&quot;,&quot;caption&quot;:&quot;&quot;,&quot;created_timestamp&quot;:&quot;0&quot;,&quot;copyright&quot;:&quot;&quot;,&quot;focal_length&quot;:&quot;0&quot;,&quot;iso&quot;:&quot;0&quot;,&quot;shutter_speed&quot;:&quot;0&quot;,&quot;title&quot;:&quot;&quot;,&quot;orientation&quot;:&quot;0&quot;}\" data-image-title=\"champa\" data-image-description=\"\" data-image-caption=\"\" data-medium-file=\"https:\/\/i0.wp.com\/blogdalucianaoliveira.com.br\/blog\/wp-content\/uploads\/2016\/08\/champa.jpg?fit=300%2C225\" data-large-file=\"https:\/\/i0.wp.com\/blogdalucianaoliveira.com.br\/blog\/wp-content\/uploads\/2016\/08\/champa.jpg?fit=600%2C450\" src=\"https:\/\/i0.wp.com\/blogdalucianaoliveira.com.br\/blog\/wp-content\/uploads\/2016\/08\/champa.jpg?resize=600%2C450\" alt=\"champa\" width=\"600\" height=\"450\" class=\"alignnone size-full wp-image-3599\" srcset=\"https:\/\/i0.wp.com\/blogdalucianaoliveira.com.br\/blog\/wp-content\/uploads\/2016\/08\/champa.jpg?w=620 620w, https:\/\/i0.wp.com\/blogdalucianaoliveira.com.br\/blog\/wp-content\/uploads\/2016\/08\/champa.jpg?resize=300%2C225 300w, https:\/\/i0.wp.com\/blogdalucianaoliveira.com.br\/blog\/wp-content\/uploads\/2016\/08\/champa.jpg?resize=400%2C300 400w\" sizes=\"auto, (max-width: 600px) 100vw, 600px\" \/><\/p>\n<p>Eu insulto o burgu\u00eas! O burgu\u00eas-n\u00edquel,<br \/>\no burgu\u00eas-burgu\u00eas!<br \/>\nA digest\u00e3o bem-feita de S\u00e3o Paulo!<br \/>\nO homem-curva! o homem-n\u00e1degas! <!--more--><\/p>\n<p>O homem que sendo franc\u00eas, brasileiro, italiano,<br \/>\n\u00e9 sempre um cauteloso pouco-a-pouco!<\/p>\n<p>Eu insulto as aristocracias cautelosas!<br \/>\nOs bar\u00f5es lampi\u00f5es! os condes Jo\u00f5es! os duques zurros!<br \/>\nque vivem dentro de muros sem pulos;<br \/>\ne gemem sangues de alguns mil-r\u00e9is fracos<br \/>\npara dizerem que as filhas da senhora falam o franc\u00eas<br \/>\ne tocam os &#8220;Printemps&#8221; com as unhas!<\/p>\n<p>Eu insulto o burgu\u00eas-funesto!<br \/>\nO indigesto feij\u00e3o com toucinho, dono das tradi\u00e7\u00f5es!<br \/>\nFora os que algarismam os amanh\u00e3s!<br \/>\nOlha a vida dos nossos setembros!<br \/>\nFar\u00e1 Sol? Chover\u00e1? Arlequinal!<br \/>\nMas \u00e0 chuva dos rosais<br \/>\no \u00e8xtase far\u00e1 sempre Sol!<\/p>\n<p>Morte \u00e0 gordura!<br \/>\nMorte \u00e0s adiposidades cerebrais!<br \/>\nMorte ao burgu\u00eas-mensal!<br \/>\nao burgu\u00eas-cinema! ao burgu\u00eas-t\u00edlburi!<br \/>\nPadaria Suissa! Morte viva ao Adriano!<br \/>\n&#8220;Ai, filha, que te darei pelos teus anos?<br \/>\nUm colar&#8230; Conto e quinhentos!!!<br \/>\nMas n\u00f3s morremos de fome!&#8221;<\/p>\n<p>Come! Come-te a ti mesmo, oh gelatina pasma!<br \/>\nOh! pur\u00e9e de batatas morais!<br \/>\nOh! cabelos nas ventas! oh! carecas!<br \/>\n\u00d3dio aos temperamentos regulares!<br \/>\n\u00d3dio aos rel\u00f3gios musculares! Morte \u00e0 inf\u00e2mia!<br \/>\n\u00d3dio \u00e0 soma! \u00d3dio aos secos e molhados!<br \/>\n\u00d3dio aos sem desfalecimentos nem arrependimentos,<br \/>\nsempiternamente as mesmices convencionais!<br \/>\nDe m\u00e3os nas costas! Marco eu o compasso! Eia!<br \/>\nDois a dois! Primeira posi\u00e7\u00e3o! Marcha!<br \/>\nTodos para a Central do meu rancor inebriante<br \/>\n\u00d3dio e insulto! \u00d3dio e raiva! \u00d3dio e mais \u00f3dio!<br \/>\nMorte ao burgu\u00eas de giolhos,<br \/>\ncheirando religi\u00e3o e que n\u00e3o cr\u00ea em Deus!<br \/>\n\u00d3dio vermelho! \u00d3dio fecundo! \u00d3dio c\u00edclico!<br \/>\n\u00d3dio fundamento, sem perd\u00e3o!<\/p>\n<p>Fora! Fu! Fora o bom burg\u00eas!&#8230; <\/p>\n<p>De Paulic\u00e9ia desvairada (1922)<br \/>\nM\u00e1rio de Andrade<\/p>\n","protected":false},"excerpt":{"rendered":"<p>Eu insulto o burgu\u00eas! O burgu\u00eas-n\u00edquel, o burgu\u00eas-burgu\u00eas! A digest\u00e3o bem-feita de S\u00e3o Paulo! O homem-curva! o homem-n\u00e1degas!<\/p>\n","protected":false},"author":1,"featured_media":0,"comment_status":"closed","ping_status":"open","sticky":false,"template":"","format":"standard","meta":{"_exactmetrics_skip_tracking":false,"_exactmetrics_sitenote_active":false,"_exactmetrics_sitenote_note":"","_exactmetrics_sitenote_category":0,"jetpack_post_was_ever_published":false,"_jetpack_newsletter_access":"","_jetpack_dont_email_post_to_subs":false,"_jetpack_newsletter_tier_id":0,"_jetpack_memberships_contains_paywalled_content":false,"_jetpack_memberships_contains_paid_content":false,"footnotes":"","jetpack_publicize_message":"","jetpack_publicize_feature_enabled":true,"jetpack_social_post_already_shared":true,"jetpack_social_options":{"image_generator_settings":{"template":"highway","enabled":false},"version":2}},"categories":[1],"tags":[],"class_list":["post-3598","post","type-post","status-publish","format-standard","hentry","category-notas"],"jetpack_publicize_connections":[],"jetpack_sharing_enabled":true,"jetpack_featured_media_url":"","jetpack_shortlink":"https:\/\/wp.me\/p7wKYW-W2","jetpack-related-posts":[],"_links":{"self":[{"href":"http:\/\/blogdalucianaoliveira.com.br\/blog\/wp-json\/wp\/v2\/posts\/3598","targetHints":{"allow":["GET"]}}],"collection":[{"href":"http:\/\/blogdalucianaoliveira.com.br\/blog\/wp-json\/wp\/v2\/posts"}],"about":[{"href":"http:\/\/blogdalucianaoliveira.com.br\/blog\/wp-json\/wp\/v2\/types\/post"}],"author":[{"embeddable":true,"href":"http:\/\/blogdalucianaoliveira.com.br\/blog\/wp-json\/wp\/v2\/users\/1"}],"replies":[{"embeddable":true,"href":"http:\/\/blogdalucianaoliveira.com.br\/blog\/wp-json\/wp\/v2\/comments?post=3598"}],"version-history":[{"count":2,"href":"http:\/\/blogdalucianaoliveira.com.br\/blog\/wp-json\/wp\/v2\/posts\/3598\/revisions"}],"predecessor-version":[{"id":3601,"href":"http:\/\/blogdalucianaoliveira.com.br\/blog\/wp-json\/wp\/v2\/posts\/3598\/revisions\/3601"}],"wp:attachment":[{"href":"http:\/\/blogdalucianaoliveira.com.br\/blog\/wp-json\/wp\/v2\/media?parent=3598"}],"wp:term":[{"taxonomy":"category","embeddable":true,"href":"http:\/\/blogdalucianaoliveira.com.br\/blog\/wp-json\/wp\/v2\/categories?post=3598"},{"taxonomy":"post_tag","embeddable":true,"href":"http:\/\/blogdalucianaoliveira.com.br\/blog\/wp-json\/wp\/v2\/tags?post=3598"}],"curies":[{"name":"wp","href":"https:\/\/api.w.org\/{rel}","templated":true}]}}