{"id":35982,"date":"2024-09-20T19:07:59","date_gmt":"2024-09-20T23:07:59","guid":{"rendered":"http:\/\/blogdalucianaoliveira.com.br\/blog\/?p=35982"},"modified":"2024-09-20T19:07:59","modified_gmt":"2024-09-20T23:07:59","slug":"impulsionado-pelo-garimpo-e-pela-seca-fogo-nas-terras-indigenas-e-o-maior-ja-registrado-em-mais-de-20-anos","status":"publish","type":"post","link":"http:\/\/blogdalucianaoliveira.com.br\/blog\/2024\/09\/20\/impulsionado-pelo-garimpo-e-pela-seca-fogo-nas-terras-indigenas-e-o-maior-ja-registrado-em-mais-de-20-anos\/","title":{"rendered":"Impulsionado pelo garimpo e pela seca, fogo nas terras ind\u00edgenas \u00e9 o maior j\u00e1 registrado em mais de 20 anos"},"content":{"rendered":"<p><img data-recalc-dims=\"1\" loading=\"lazy\" decoding=\"async\" data-attachment-id=\"35983\" data-permalink=\"http:\/\/blogdalucianaoliveira.com.br\/blog\/2024\/09\/20\/impulsionado-pelo-garimpo-e-pela-seca-fogo-nas-terras-indigenas-e-o-maior-ja-registrado-em-mais-de-20-anos\/img_0221\/\" data-orig-file=\"https:\/\/i0.wp.com\/blogdalucianaoliveira.com.br\/blog\/wp-content\/uploads\/2024\/09\/IMG_0221.jpeg?fit=1026%2C659\" data-orig-size=\"1026,659\" data-comments-opened=\"0\" data-image-meta=\"{&quot;aperture&quot;:&quot;0&quot;,&quot;credit&quot;:&quot;&quot;,&quot;camera&quot;:&quot;&quot;,&quot;caption&quot;:&quot;&quot;,&quot;created_timestamp&quot;:&quot;0&quot;,&quot;copyright&quot;:&quot;&quot;,&quot;focal_length&quot;:&quot;0&quot;,&quot;iso&quot;:&quot;0&quot;,&quot;shutter_speed&quot;:&quot;0&quot;,&quot;title&quot;:&quot;&quot;,&quot;orientation&quot;:&quot;1&quot;}\" data-image-title=\"IMG_0221\" data-image-description=\"\" data-image-caption=\"\" data-medium-file=\"https:\/\/i0.wp.com\/blogdalucianaoliveira.com.br\/blog\/wp-content\/uploads\/2024\/09\/IMG_0221.jpeg?fit=300%2C193\" data-large-file=\"https:\/\/i0.wp.com\/blogdalucianaoliveira.com.br\/blog\/wp-content\/uploads\/2024\/09\/IMG_0221.jpeg?fit=600%2C386\" class=\"alignnone size-full wp-image-35983\" src=\"https:\/\/i0.wp.com\/blogdalucianaoliveira.com.br\/blog\/wp-content\/uploads\/2024\/09\/IMG_0221.jpeg?resize=600%2C385\" alt=\"\" width=\"600\" height=\"385\" srcset=\"https:\/\/i0.wp.com\/blogdalucianaoliveira.com.br\/blog\/wp-content\/uploads\/2024\/09\/IMG_0221.jpeg?w=1026 1026w, https:\/\/i0.wp.com\/blogdalucianaoliveira.com.br\/blog\/wp-content\/uploads\/2024\/09\/IMG_0221.jpeg?resize=300%2C193 300w, https:\/\/i0.wp.com\/blogdalucianaoliveira.com.br\/blog\/wp-content\/uploads\/2024\/09\/IMG_0221.jpeg?resize=1024%2C658 1024w, https:\/\/i0.wp.com\/blogdalucianaoliveira.com.br\/blog\/wp-content\/uploads\/2024\/09\/IMG_0221.jpeg?resize=768%2C493 768w, https:\/\/i0.wp.com\/blogdalucianaoliveira.com.br\/blog\/wp-content\/uploads\/2024\/09\/IMG_0221.jpeg?resize=467%2C300 467w\" sizes=\"auto, (max-width: 600px) 100vw, 600px\" \/><\/p>\n<p data-pf_style_display=\"block\" data-pf_style_visibility=\"visible\"><span class=\"text-node\">Infoamazonia, por F\u00e1bio Bispo &#8211; Os territ\u00f3rios ind\u00edgenas da Amaz\u00f4nia registraram 8.164 focos de calor entre julho e setembro, o maior n\u00famero j\u00e1 observado para o per\u00edodo desde 2003. Quase um ter\u00e7o dos focos de queimadas (27,6%) est\u00e1 concentrado em uma faixa de at\u00e9 40 quil\u00f4metros ao redor de tr\u00eas rodovias: BR-163, BR-230 e BR-319.<\/span><!--more--><\/p>\n<p data-pf_style_display=\"block\" data-pf_style_visibility=\"visible\"><span class=\"text-node\">A Amaz\u00f4nia queima. Entre 1\u00ba de julho e 10 de setembro de 2024, as Terras Ind\u00edgenas (TIs) registraram 8.164 focos de calor, o maior n\u00famero j\u00e1 observado para o per\u00edodo desde 2003, quando come\u00e7ou a s\u00e9rie hist\u00f3rica de monitoramento do sat\u00e9lite de refer\u00eancia do Instituto Nacional de Pesquisas Espaciais (Inpe) \u2014 (leia mais sobre a metodologia aqui).<\/span><\/p>\n<p data-pf_style_display=\"block\" data-pf_style_visibility=\"visible\"><span class=\"text-node\">O recorde deste ano \u00e9 221% superior \u00e0 m\u00e9dia de 2.542 focos de calor registrada entre julho e setembro entre 2003 e 2023 e, tamb\u00e9m, representa um aumento de 314% em rela\u00e7\u00e3o ao ano passado, quando foram contabilizados 1.970 focos.<\/span><\/p>\n<p data-pf_style_display=\"block\" data-pf_style_visibility=\"visible\"><span class=\"text-node\">A an\u00e1lise exclusiva da <\/span><strong data-pf_style_display=\"inline\" data-pf_style_visibility=\"visible\"><span class=\"text-node\">InfoAmazonia<\/span><\/strong><span class=\"text-node\">, com base nos dados do Inpe, revela tamb\u00e9m que neste per\u00edodo de 2024 os focos de queimadas em todo o bioma Amaz\u00f4nia chegaram a 69.111 \u2014 o maior n\u00famero desde 2007. Nas Unidades de Conserva\u00e7\u00e3o foram mais de 10 mil focos de calor detectados, na maior queimada em unidades de conserva\u00e7\u00e3o em quase duas d\u00e9cadas.<\/span><\/p>\n<div class=\"wp-block-group alignwide\" data-pf_style_display=\"block\" data-pf_style_visibility=\"visible\"><\/div>\n<p data-pf_style_display=\"block\" data-pf_style_visibility=\"visible\"><span class=\"text-node\">A TI Kayap\u00f3 foi a que mais queimou entre todas as terras ind\u00edgenas \u2014 sozinha, ela representa 27,1% (2.213) de todos os focos de calor dos territ\u00f3rios da Amaz\u00f4nia no per\u00edodo. Junto \u00e0 Kayap\u00f3, as TIs Capoto Jarina (606 focos de calor) e Sarar\u00e9 (342), no Mato Grosso, e Munduruku (496) e Xikrin do Catet\u00e9 (326), no Par\u00e1, s\u00e3o as cinco mais afetadas pelas queimadas neste ano. Entre todas as 387 TIs do bioma, 171 registraram fogo entre julho e setembro.<\/span><\/p>\n<div class=\"wp-block-group\" data-pf_style_display=\"block\" data-pf_style_visibility=\"visible\">\n<div class=\"wp-block-group__inner-container is-layout-constrained wp-block-group-is-layout-constrained\" data-pf_style_display=\"block\" data-pf_style_visibility=\"visible\">\n<h3 id=\"h-queimadas-coincidem-com-area-de-garimpo-na-ti-kayapo\" class=\"wp-block-heading alignwide\" data-pf_style_display=\"block\" data-pf_style_visibility=\"visible\"><span class=\"text-node\">Queimadas coincidem com \u00e1rea de garimpo na TI Kayap\u00f3<\/span><\/h3>\n<p class=\"has-medium-gray-color has-text-color has-link-color wp-elements-2b28537d5d8308eb664d98b271aab31a\" data-pf_style_display=\"block\" data-pf_style_visibility=\"visible\"><em data-pf_style_display=\"inline\" data-pf_style_visibility=\"visible\"><span class=\"text-node\">Terra ind\u00edgena no Par\u00e1 foi a que mais registrou focos de calor de 1\u00ba de julho a 10 de setembro de 2024, segundo dados do Inpe.<\/span><\/em><\/p>\n<figure class=\"wp-block-image alignwide size-large\" data-pf_style_display=\"block\" data-pf_style_visibility=\"visible\"><img data-recalc-dims=\"1\" decoding=\"async\" class=\"wp-image-191252 pf-large-image flex-width pf-size-full mediumImage\" src=\"https:\/\/i0.wp.com\/infoamazonia.org\/wp-content\/uploads\/2024\/09\/imagens-01-1-1024x795.png?w=600&#038;ssl=1\" sizes=\"(max-width: 1024px) 100vw, 1024px\" srcset=\"\" alt=\"\"  data-pf_style_display=\"inline\" data-pf_style_visibility=\"visible\" data-pf_rect_width=\"1024\" data-pf_rect_height=\"795\" \/><\/figure>\n<p class=\"has-medium-gray-color has-text-color has-link-color has-small-font-size wp-elements-167042eff5550db80cf7eb18d0b65361\" data-pf_style_display=\"block\" data-pf_style_visibility=\"visible\"><em data-pf_style_display=\"inline\" data-pf_style_visibility=\"visible\"><span class=\"text-node\">Fonte: Planet Labs, Ince e Inpe. Visualiza\u00e7\u00e3o: Carolina Passos\/InfoAmazonia<\/span><\/em><\/p>\n<\/div>\n<\/div>\n<p data-pf_style_display=\"block\" data-pf_style_visibility=\"visible\"><span class=\"text-node\">Em agosto, <\/span><a href=\"https:\/\/infoamazonia.org\/2024\/08\/22\/infoamazonia-registra-destruicao-em-semana-de-fogo-intenso-em-rondonia-amazonas-e-mato-grosso\/\" data-pf_style_display=\"inline\" data-pf_style_visibility=\"visible\"><span class=\"text-node\">a <\/span><strong data-pf_style_display=\"inline\" data-pf_style_visibility=\"visible\"><span class=\"text-node\">InfoAmazonia<\/span><\/strong><span class=\"text-node\"> fotografou<\/span><\/a><span class=\"text-node\"> o fogo se espalhando dentro da TI Sarar\u00e9 durante um sobrevoo no Mato Grosso. Ali, era poss\u00edvel ver que as queimadas estavam partindo de \u00e1reas de garimpo. A terra ind\u00edgena \u00e9 habitada por cerca de 250 integrantes do <\/span><a href=\"https:\/\/pib.socioambiental.org\/pt\/Povo:Nambikwara\" data-pf_style_display=\"inline\" data-pf_style_visibility=\"visible\"><span class=\"text-node\">povo Nambikwara<\/span><\/a><span class=\"text-node\">. Eles est\u00e3o cercados por grupos criminosos que controlam a minera\u00e7\u00e3o ilegal a metros das aldeias.\u00a0<\/span><\/p>\n<p data-pf_style_display=\"block\" data-pf_style_visibility=\"visible\"><span class=\"text-node\">O fogo na TI Sarar\u00e9 foi \u201cfora da curva\u201d em 2024 \u2014 at\u00e9 ent\u00e3o, desde 2003, a terra ind\u00edgena nunca havia ultrapassado 40 focos de calor entre julho e setembro. Neste ano, foram mais de 300. Al\u00e9m do garimpo, o territ\u00f3rio enfrentou uma seca severa em julho. O mesmo ocorreu na TI Kayap\u00f3, que registrou queimadas em \u00e1reas de minera\u00e7\u00e3o ilegal enquanto tamb\u00e9m enfrentava a seca.<\/span><\/p>\n<figure class=\"wp-block-gallery alignwide has-nested-images columns-default is-cropped wp-block-gallery-3 is-layout-flex wp-block-gallery-is-layout-flex pf-caption flex-width mediumImage pf-size-full\" data-pf_style_display=\"block\" data-pf_style_visibility=\"visible\">\n<figure class=\"wp-block-image size-large\" data-pf_style_display=\"block\" data-pf_style_visibility=\"visible\"><img data-recalc-dims=\"1\" decoding=\"async\" class=\"wp-image-191263 pf-large-image caption-img flex-width pf-size-full mediumImage\" src=\"https:\/\/i0.wp.com\/infoamazonia.org\/wp-content\/uploads\/2024\/09\/IMG_6076-1024x683.jpg?w=600&#038;ssl=1\" sizes=\"(max-width: 1024px) 100vw, 1024px\" srcset=\"\" alt=\"\"  data-id=\"191263\" data-pf_style_display=\"inline\" data-pf_style_visibility=\"visible\" data-pf_rect_width=\"1024\" data-pf_rect_height=\"683\" \/><\/figure>\n<figure class=\"wp-block-image size-large\" data-pf_style_display=\"block\" data-pf_style_visibility=\"visible\"><img data-recalc-dims=\"1\" decoding=\"async\" class=\"wp-image-191266 pf-large-image caption-img flex-width pf-size-full mediumImage\" src=\"https:\/\/i0.wp.com\/infoamazonia.org\/wp-content\/uploads\/2024\/09\/IMG_5941-1-1024x683.jpg?w=600&#038;ssl=1\" sizes=\"(max-width: 1024px) 100vw, 1024px\" srcset=\"\" alt=\"\"  data-id=\"191266\" data-pf_style_display=\"inline\" data-pf_style_visibility=\"visible\" data-pf_rect_width=\"1024\" data-pf_rect_height=\"683\" \/><\/figure><figcaption class=\"blocks-gallery-caption wp-element-caption\" data-pf_style_display=\"block\" data-pf_style_visibility=\"visible\"><span class=\"text-node\">Fogo registrado em sobrevoo na Terra Ind\u00edgena Sarar\u00e9, no Mato Grosso, em agosto de 2024. Fotos: F\u00e1bio Bispo\/InfoAmazonia<\/span><\/figcaption><\/figure>\n<p data-pf_style_display=\"block\" data-pf_style_visibility=\"visible\"><span class=\"text-node\">Em julho, <\/span><a href=\"https:\/\/infoamazonia.org\/2024\/08\/15\/nove-em-cada-10-terras-indigenas-da-amazonia-enfrentam-seca-levando-a-falta-de-alimentos-e-agua\/\" data-pf_style_display=\"inline\" data-pf_style_visibility=\"visible\"><span class=\"text-node\">nove em cada 10 TIs estavam em algum grau de seca<\/span><\/a><span class=\"text-node\">. Embora a <\/span><a href=\"https:\/\/infoamazonia.org\/2024\/08\/09\/seca-atinge-69-dos-municipios-da-amazonia-em-2024\/\" data-pf_style_display=\"inline\" data-pf_style_visibility=\"visible\"><span class=\"text-node\">bacia amaz\u00f4nica esteja passando por uma seca hist\u00f3rica neste ano<\/span><\/a><span class=\"text-node\">, e isso seja um fator agravante, especialistas e o pr\u00f3prio governo destacam que as a\u00e7\u00f5es humanas s\u00e3o o principal motor da devasta\u00e7\u00e3o. Essas atividades impactam diretamente a vida dos povos ind\u00edgenas e das popula\u00e7\u00f5es tradicionais, resultando na perda de recursos naturais, invas\u00f5es territoriais e danos \u00e0 sa\u00fade, al\u00e9m de contribu\u00edrem significativamente para a crise clim\u00e1tica global.<\/span><\/p>\n<div class=\"wp-block-group alignwide\" data-pf_style_display=\"block\" data-pf_style_visibility=\"visible\">\n<div class=\"wp-block-group__inner-container is-layout-constrained wp-block-group-is-layout-constrained\" data-pf_style_display=\"block\" data-pf_style_visibility=\"visible\"><\/div>\n<\/div>\n<p data-pf_style_display=\"block\" data-pf_style_visibility=\"visible\"><span class=\"text-node\">\u201cOs inc\u00eandios que est\u00e3o ocorrendo s\u00e3o em fun\u00e7\u00e3o da a\u00e7\u00e3o humana. Tem algu\u00e9m colocando fogo\u201d, <\/span><a href=\"https:\/\/www.youtube.com\/live\/g2w-s31DZc4\" data-pf_style_display=\"inline\" data-pf_style_visibility=\"visible\"><span class=\"text-node\">declarou<\/span><\/a><span class=\"text-node\"> a ministra Marina Silva, do Minist\u00e9rio do Meio Ambiente e Mudan\u00e7a do Clima (MMA), nesta ter\u00e7a-feira (17), destacando que qualquer queimada na Amaz\u00f4nia neste momento \u201c\u00e9 criminosa\u201d. Desde agosto, as atividades com fogo est\u00e3o proibidas na Amaz\u00f4nia.<\/span><\/p>\n<p data-pf_style_display=\"block\" data-pf_style_visibility=\"visible\"><span class=\"text-node\">Uma opera\u00e7\u00e3o conjunta da Funda\u00e7\u00e3o Nacional dos Povos Ind\u00edgenas (Funai), do Instituto Brasileiro do Meio Ambiente e dos Recursos Naturais Renov\u00e1veis (Ibama) e da Pol\u00edcia Federal (PF) revelou, no in\u00edcio de setembro, a liga\u00e7\u00e3o entre o avan\u00e7o do garimpo ilegal e as queimadas. De acordo com os \u00f3rg\u00e3os do governo, <\/span><strong data-pf_style_display=\"inline\" data-pf_style_visibility=\"visible\"><span class=\"text-node\">os invasores provocam deliberadamente o fogo para abrir \u00e1reas de garimpo e dificultar as a\u00e7\u00f5es de fiscaliza\u00e7\u00e3o.<\/span><\/strong><span class=\"text-node\"> A <\/span><a href=\"https:\/\/www.instagram.com\/ibamagov\/reel\/C_vS7urRPGl\/\" data-pf_style_display=\"inline\" data-pf_style_visibility=\"visible\"><span class=\"text-node\">opera\u00e7\u00e3o <\/span><\/a><span class=\"text-node\">resultou na destrui\u00e7\u00e3o de mais de 20 equipamentos usados na extra\u00e7\u00e3o ilegal de ouro.<\/span><\/p>\n<p data-pf_style_display=\"block\" data-pf_style_visibility=\"visible\"><span class=\"text-node\">Enquanto isso, o <\/span><a href=\"https:\/\/www.copernicus.eu\/pt-pt\" data-pf_style_display=\"inline\" data-pf_style_visibility=\"visible\"><span class=\"text-node\">Programa Copernicus<\/span><\/a><span class=\"text-node\">, da Uni\u00e3o Europeia, que faz observa\u00e7\u00e3o da Terra por sat\u00e9lite e instrumentos <\/span><em data-pf_style_display=\"inline\" data-pf_style_visibility=\"visible\"><span class=\"text-node\">in-situ<\/span><\/em><span class=\"text-node\">, afirmou que a regi\u00e3o sudoeste da Amaz\u00f4nia \u2014 que abrange partes do Par\u00e1, Rond\u00f4nia, Amazonas, Mato Grosso e Acre, e concentra as queimadas \u2014 se tornou a principal emissora de gases de efeito estufa no Brasil nos \u00faltimos dias.\u00a0\u00a0<\/span><\/p>\n<p data-pf_style_display=\"block\" data-pf_style_visibility=\"visible\"><span class=\"text-node\">\u201cO fato de a Amaz\u00f4nia Ocidental ter se tornado, pela primeira vez, a maior emissora de gases de efeito estufa do mundo p\u00f5e em xeque a autoridade clim\u00e1tica do presidente Lula\u201d, alerta o bi\u00f3logo Lucas Ferrante, das Universidade de S\u00e3o Paulo (USP) e Universidade Federal do Amazonas (Ufam). Ele ressalta: \u201cO presidente aponta os pa\u00edses desenvolvidos como os principais respons\u00e1veis pela crise clim\u00e1tica, mas o Brasil tamb\u00e9m tem um papel fundamental nessa discuss\u00e3o\u201d.<\/span><\/p>\n<figure class=\"wp-block-pullquote alignwide is-style-jeo\" data-pf_style_display=\"block\" data-pf_style_visibility=\"visible\">\n<blockquote data-pf_style_display=\"block\" data-pf_style_visibility=\"visible\">\n<p data-pf_style_display=\"block\" data-pf_style_visibility=\"visible\"><span class=\"text-node\">O presidente aponta os pa\u00edses desenvolvidos como os principais respons\u00e1veis pela crise clim\u00e1tica, mas o Brasil tamb\u00e9m tem um papel fundamental nessa discuss\u00e3o.<\/span><\/p>\n<p><cite data-pf_style_display=\"inline\" data-pf_style_visibility=\"visible\"><span class=\"text-node\">Lucas Ferrante, bi\u00f3logo<\/span><\/cite><\/p><\/blockquote>\n<\/figure>\n<h2 id=\"h-fogo-ao-redor-das-rodovias\" class=\"wp-block-heading\" data-pf_style_display=\"block\" data-pf_style_visibility=\"visible\"><span class=\"text-node\">Fogo ao redor das rodovias\u00a0<\/span><\/h2>\n<p data-pf_style_display=\"block\" data-pf_style_visibility=\"visible\"><span class=\"text-node\">No s\u00e1bado (10), o governo anunciou <\/span><a href=\"https:\/\/www.gov.br\/transportes\/pt-br\/assuntos\/noticias\/2024\/09\/em-resposta-ao-isolamento-do-amazonas-por-crise-climatica-governo-federal-autoriza-pavimentacao-br-319-am-ro\" data-pf_style_display=\"inline\" data-pf_style_visibility=\"visible\"><span class=\"text-node\">a retomada das obras da BR-319, que liga Manaus a Porto Velho.<\/span><\/a><span class=\"text-node\"> O argumento: Lula (PT) afirma que essas capitais n\u00e3o devem ficar \u201cisoladas\u201d em momento de seca, j\u00e1 que \u201cenquanto o rio estava naveg\u00e1vel, cheio, a rodovia n\u00e3o tinha a import\u00e2ncia que tem\u201d.\u00a0<\/span><\/p>\n<p data-pf_style_display=\"block\" data-pf_style_visibility=\"visible\"><span class=\"text-node\">A <\/span><a href=\"https:\/\/infoamazonia.org\/storymap\/rodovias-estaduais-no-am-avancam-em-40-tis-e-38-ucs\/\" data-pf_style_display=\"inline\" data-pf_style_visibility=\"visible\"><span class=\"text-node\">BR-319 tem 918 quil\u00f4metros de extens\u00e3o<\/span><\/a><span class=\"text-node\">, entre Porto Velho e Manaus. As obras come\u00e7aram em 1968, mas nunca foram conclu\u00eddas. Em 1988, a rodovia foi abandonada e parou de receber manuten\u00e7\u00e3o pelo governo federal. Nos anos seguintes, os trechos pr\u00f3ximo \u00e0s duas capitais, Manaus e Porto Velho, foram recuperados e passaram a ser utilizados, mas o Trecho do Meio da rodovia,\u00a0 que corta grande parte de floresta ainda preservada, nunca foi recuperado. Nesta parte da rodovia, que \u00e9 de terra, o tr\u00e1fego s\u00f3 ocorre na esta\u00e7\u00e3o seca e em condi\u00e7\u00f5es bastante prec\u00e1rias.\u00a0<\/span><\/p>\n<p data-pf_style_display=\"block\" data-pf_style_visibility=\"visible\"><span class=\"text-node\">A reabertura total da BR-319 j\u00e1 foi proposta nos governos de Fernando Henrique (1994-2001), Lula (2003-2010) e Dilma (2011-2016), mas a obra nunca avan\u00e7ou devido \u00e0s quest\u00f5es ambientais. No apagar das luzes da gest\u00e3o de Jair Bolsonaro (2019-2022) foi emitida licen\u00e7a para reconstru\u00e7\u00e3o do trecho do meio, mas a licen\u00e7a foi suspensa por decis\u00e3o judicial.\u00a0\u00a0<\/span><\/p>\n<p data-pf_style_display=\"block\" data-pf_style_visibility=\"visible\"><span class=\"text-node\">O bi\u00f3logo Lucas Ferrante afirma, no entanto, que as rodovias troncais, como as BRs, que conectam regi\u00f5es da Amaz\u00f4nia, se tornaram vetores para a invas\u00e3o das \u00e1reas protegidas, como as Terras Ind\u00edgenas e Unidades de Conserva\u00e7\u00e3o (UCs). Al\u00e9m disso, permitem o escoamento de produtos de crimes ambientais, como madeira e min\u00e9rios.\u00a0<\/span><\/p>\n<h3 id=\"h-queimadas-ao-redor-da-br-319-que-liga-manaus-a-porto-velho\" class=\"wp-block-heading\" data-pf_style_display=\"block\" data-pf_style_visibility=\"visible\"><span class=\"text-node\">Queimadas ao redor da BR-319, que liga Manaus a Porto Velho<\/span><\/h3>\n<p class=\"has-medium-gray-color has-text-color has-link-color wp-elements-d4310768983459f010ee9747dca238cf\" data-pf_style_display=\"block\" data-pf_style_visibility=\"visible\"><em data-pf_style_display=\"inline\" data-pf_style_visibility=\"visible\"><span class=\"text-node\">Dados do Inpe se referem ao per\u00edodo entre 1\u00ba de julho a 10 de setembro.<\/span><\/em><\/p>\n<figure class=\"wp-block-image size-large\" data-pf_style_display=\"block\" data-pf_style_visibility=\"visible\"><img data-recalc-dims=\"1\" decoding=\"async\" class=\"wp-image-191283 pf-large-image flex-width pf-size-full mediumImage\" src=\"https:\/\/i0.wp.com\/infoamazonia.org\/wp-content\/uploads\/2024\/09\/imagens-03-1-1024x795.png?w=600&#038;ssl=1\" sizes=\"(max-width: 1024px) 100vw, 1024px\" srcset=\"\" alt=\"\"  data-pf_style_display=\"inline\" data-pf_style_visibility=\"visible\" data-pf_rect_width=\"1024\" data-pf_rect_height=\"795\" \/><\/figure>\n<p class=\"has-medium-gray-color has-text-color has-link-color has-small-font-size wp-elements-8065466eccaff6a12446b7897c78c6d6\" data-pf_style_display=\"block\" data-pf_style_visibility=\"visible\"><em data-pf_style_display=\"inline\" data-pf_style_visibility=\"visible\"><span class=\"text-node\">Imagem: Google. Fonte dados queimadas: Inpe. Visualiza\u00e7\u00e3o: Carolina Passos\/InfoAmazonia<\/span><\/em><\/p>\n<p data-pf_style_display=\"block\" data-pf_style_visibility=\"visible\"><span class=\"text-node\">A <\/span><strong data-pf_style_display=\"inline\" data-pf_style_visibility=\"visible\"><span class=\"text-node\">InfoAmazonia<\/span><\/strong><span class=\"text-node\"> identificou que, desde julho, quase um ter\u00e7o das queimadas no bioma Amaz\u00f4nia, 19.136 (27,6% do total), est\u00e3o concentrados em uma faixa de at\u00e9 40 quil\u00f4metros das seguintes rodovias: a BR-163, entre Cuiab\u00e1 e Santar\u00e9m, com 8.979 focos de calor; a BR-230 (Transamaz\u00f4nica), com 7.929 focos; e a BR-319, com 2.228 focos. Nesta \u00faltima, o fogo estava concentrado pr\u00f3ximo das capitais Porto Velho e Manaus, onde h\u00e1 tr\u00e1fego.<\/span><\/p>\n<p data-pf_style_display=\"block\" data-pf_style_visibility=\"visible\"><span class=\"text-node\">Para Ferrante, o an\u00fancio de Lula sobre a BR-319 pode ter consequ\u00eancias graves. \u201cOs <\/span><a href=\"https:\/\/infoamazonia.org\/2022\/05\/03\/impulsionadas-pela-promessa-da-br-319-sul-do-amazonas-tem-mais-de-4-mil-km-de-estradas-ilegais\/\" data-pf_style_display=\"inline\" data-pf_style_visibility=\"visible\"><span class=\"text-node\">estudos mostram<\/span><\/a><span class=\"text-node\"> que a reconstru\u00e7\u00e3o desta rodovia ser\u00e1 catastr\u00f3fica para a Amaz\u00f4nia e j\u00e1 est\u00e1 promovendo grilagem de terras e viola\u00e7\u00f5es dos direitos dos povos tradicionais\u201d. Al\u00e9m disso, ele explica que, por meio dessas estradas, \u201cos invasores est\u00e3o colocando fogo nas terras ind\u00edgenas para abrir pastagens\u201d.<\/span><\/p>\n<p data-pf_style_display=\"block\" data-pf_style_visibility=\"visible\"><span class=\"text-node\">Lula prometeu, sem apresentar mais detalhes de como isso ser\u00e1 feito, que n\u00e3o ser\u00e1 permitido o desmatamento e a grilagem ao redor da BR-319: \u201cn\u00f3s n\u00e3o vamos permitir o desmatamento e a grilagem de terra pr\u00f3ximo \u00e0 rodovia, como \u00e9 habitual acontecer neste pa\u00eds. A gente faz uma rodovia e, daqui a pouco, est\u00e3o destruindo o lado direito e o lado esquerdo; tem gente queimando, grilando, matando e criando gado onde n\u00e3o \u00e9 necess\u00e1rio criar gado\u201d.<\/span><\/p>\n<p data-pf_style_display=\"block\" data-pf_style_visibility=\"visible\"><span class=\"text-node\">O problema ainda se repete em outras rodovias. Katia Ono, articuladora comunit\u00e1ria e assessora t\u00e9cnica em manejo de recursos naturais e fogo do Instituto Socioambiental (ISA) no Xingu, diz que \u201co fogo est\u00e1 ocorrendo a partir de \u00e1reas que j\u00e1 foram queimadas\u201d.\u00a0<\/span><\/p>\n<p data-pf_style_display=\"block\" data-pf_style_visibility=\"visible\"><span class=\"text-node\">\u201cNa Capoto Jarina, que est\u00e1 pegando fogo h\u00e1 mais de um m\u00eas, os focos come\u00e7aram perto da rodovia [MT-322], onde j\u00e1 havia uma cicatriz de queimadas, e se espalharam, invadindo tamb\u00e9m o Parque do Xingu\u201d, afirma a pesquisadora. Ela explica que essas regi\u00f5es \u00e0s margens das estradas s\u00e3o \u00e1reas de <\/span><span class=\"tooltip-block\" data-pf_style_display=\"inline\" data-pf_style_visibility=\"visible\"><span class=\"text-node\">borda da floresta: A degrada\u00e7\u00e3o por efeito de borda refere-se \u00e0s altera\u00e7\u00f5es na floresta causadas pelas \u00e1reas lim\u00edtrofes desmatadas. Ap\u00f3s a derrubada de uma \u00e1rvore, os primeiros 100 ou 200 metros de floresta (a chamada borda) passam a receber incid\u00eancia direta de luz, com temperaturas mais altas e maior exposi\u00e7\u00e3o ao vento.<\/span><\/span><span class=\"text-node\"> e, por isso, \u201ca <\/span><span class=\"tooltip-block\" data-pf_style_display=\"inline\" data-pf_style_visibility=\"visible\"><span class=\"text-node\">vegeta\u00e7\u00e3o lindeira: Que est\u00e1 na linha divis\u00f3ria, ou divisa lindeira. Neste caso em particular, a vegeta\u00e7\u00e3o lindeira \u00e9 a que est\u00e1 na margem da via p\u00fablica, entre a rodovia e a terra ind\u00edgena.<\/span><\/span><span class=\"text-node\"> \u00e9 mais suscet\u00edvel e, com a seca que enfrentamos, o fogo se espalha mais facilmente\u201d.\u00a0<\/span><\/p>\n<p data-pf_style_display=\"block\" data-pf_style_visibility=\"visible\"><span class=\"text-node\">Na TI Capoto Jarina, no nordeste do Mato Grosso, os registros do Inpe mostram queimadas \u00e0s margens da MT-322 em 17 de agosto, na parte sul do territ\u00f3rio. No dia seguinte, o sat\u00e9lite registrou focos no interior da terra ind\u00edgena, nas \u00e1reas que margeiam o leito do rio Xingu.\u00a0<\/span><\/p>\n<p data-pf_style_display=\"block\" data-pf_style_visibility=\"visible\"><span class=\"text-node\">Em 25 de agosto, <\/span><a href=\"https:\/\/oglobo.globo.com\/brasil\/noticia\/2024\/08\/26\/brigadista-do-ibama-morre-enquanto-combatia-fogo-em-terra-indigena-no-mato-grosso.ghtml\" data-pf_style_display=\"inline\" data-pf_style_visibility=\"visible\"><span class=\"text-node\">um brigadista do Ibama morreu na TI Capoto Jarina tentando combater as queimadas<\/span><\/a><span class=\"text-node\">. Uellinton Lopes dos Santos, de 39 anos, foi encontrado morto a menos de um quil\u00f4metro da linha de defesa contra o fogo instaurada pelo Centro Nacional de Preven\u00e7\u00e3o e Combate aos Inc\u00eandios Florestais (Prevfogo). At\u00e9 9 de setembro, o territ\u00f3rio j\u00e1 registrava queimadas diariamente, e o fogo se alastrou tamb\u00e9m pelo Parque do Xingu.<\/span><\/p>\n<p data-pf_style_display=\"block\" data-pf_style_visibility=\"visible\"><span class=\"text-node\">Segundo Ono, os brigadistas atuam no territ\u00f3rio ind\u00edgena, mas em menor n\u00famero do que em anos anteriores. \u201cA brigada da TI Capoto \u00e9 menor, e o pessoal do Xingu est\u00e1 indo combater l\u00e1 tamb\u00e9m. Algumas comunidades est\u00e3o fazendo linhas de defesa, mas \u00e9 perigoso. Precisamos de mais brigadistas treinados.\u201d<\/span><\/p>\n<p data-pf_style_display=\"block\" data-pf_style_visibility=\"visible\"><span class=\"text-node\">Na \u00faltima ter\u00e7a-feira (10), o ministro Fl\u00e1vio Dino, do Supremo Tribunal Federal (STF), determinou a convoca\u00e7\u00e3o imediata, em at\u00e9 5 dias, <\/span><a href=\"https:\/\/g1.globo.com\/politica\/noticia\/2024\/09\/10\/dino-diz-que-nao-se-pode-normalizar-o-absurdo-e-que-brasil-vive-uma-autentica-pandemia-de-incendios-florestais.ghtml\" data-pf_style_display=\"inline\" data-pf_style_visibility=\"visible\"><span class=\"text-node\">de mais bombeiros para atuar na For\u00e7a Nacional<\/span><\/a><span class=\"text-node\"> no combate \u00e0s queimadas e listou os 20 munic\u00edpios mais impactados pelo fogo, todos na Amaz\u00f4nia. Nesta ter\u00e7a (17), o ministro da Casa Civil, Rui Costa, <\/span><a href=\"https:\/\/g1.globo.com\/politica\/noticia\/2024\/09\/17\/lula-diz-que-queimadas-parecem-provocacao-e-que-brasil-nao-esta-100percent-pronto-para-lidar-com-eventos-extremos.ghtml\" data-pf_style_display=\"inline\" data-pf_style_visibility=\"visible\"><span class=\"text-node\">anunciou a libera\u00e7\u00e3o de R$ 514 milh\u00f5es para combate ao fogo e \u00e0 seca<\/span><\/a><span class=\"text-node\">. Os recursos ser\u00e3o designados em medida provis\u00f3ria assinada por Lula, que abre cr\u00e9dito extraordin\u00e1rio a diversos minist\u00e9rios e autarquias.<\/span><\/p>\n<p data-pf_style_display=\"block\" data-pf_style_visibility=\"visible\"><span class=\"text-node\">Al\u00e9m disso, em resposta aos questionamentos da <\/span><strong data-pf_style_display=\"inline\" data-pf_style_visibility=\"visible\"><span class=\"text-node\">InfoAmazonia<\/span><\/strong><span class=\"text-node\">, a Secretaria de Comunica\u00e7\u00e3o Social da Presid\u00eancia da Rep\u00fablica informou, em nota, que <\/span><a href=\"https:\/\/www.gov.br\/secom\/pt-br\/assuntos\/noticias\/2024\/09\/governo-federal-convoca-mais-150-bombeiros-da-forca-nacional-para-combater-incendios\" data-pf_style_display=\"inline\" data-pf_style_visibility=\"visible\"><span class=\"text-node\">convocou mais 150 bombeiros militares da For\u00e7a Nacional<\/span><\/a><span class=\"text-node\">. J\u00e1 o Ibama afirmou que a Amaz\u00f4nia \u201cenfrenta a pior estiagem em 45 anos\u201d e que j\u00e1 atua nas terras ind\u00edgenas Kayap\u00f3, Munduruku e Sarar\u00e9, \u201ccom foco tanto no combate \u00e0s queimadas quanto na repress\u00e3o ao garimpo ilegal\u201d.<\/span><\/p>\n<p data-pf_style_display=\"block\" data-pf_style_visibility=\"visible\"><span class=\"text-node\">\u201cAtualmente, 1.468 brigadistas est\u00e3o mobilizados na Amaz\u00f4nia Legal. Al\u00e9m disso, o governo federal refor\u00e7ou as a\u00e7\u00f5es de combate com a cria\u00e7\u00e3o de tr\u00eas bases interfederativas na Amaz\u00f4nia, promovendo maior integra\u00e7\u00e3o entre Uni\u00e3o e estados para combater inc\u00eandios e prevenir crimes ambientais. Opera\u00e7\u00f5es de fiscaliza\u00e7\u00e3o tamb\u00e9m foram intensificadas nas rodovias BR-319, BR-230 e BR-163, regi\u00f5es cr\u00edticas para a propaga\u00e7\u00e3o de queimadas e o desmatamento ilegal\u201d, informou o Ibama, por meio de nota.<\/span><\/p>\n<h2 id=\"h-unidades-de-conservacao-tambem-queimam\" class=\"wp-block-heading\" data-pf_style_display=\"block\" data-pf_style_visibility=\"visible\"><span class=\"text-node\">Unidades de conserva\u00e7\u00e3o tamb\u00e9m queimam<\/span><\/h2>\n<p data-pf_style_display=\"block\" data-pf_style_visibility=\"visible\"><span class=\"text-node\">Dentre as 358 Unidades de Conserva\u00e7\u00e3o do bioma amaz\u00f4nico brasileiro, 135 registraram focos de queimadas desde julho, somando 10.522 focos de calor. As \u00e1reas de prote\u00e7\u00e3o ambiental (APAs) Triunfo do Xingu e do Tapaj\u00f3s, al\u00e9m das florestas nacionais (Flonas) do Jamaxim e de Altamira e do Parque Estadual de Guajar\u00e1-Mirim \u2014 todas com altos \u00edndices de desmatamento ilegal para agropecu\u00e1ria \u2014 bateram recordes de fogo.<\/span><\/p>\n<div class=\"wp-block-group alignwide\" data-pf_style_display=\"block\" data-pf_style_visibility=\"visible\">\n<div class=\"wp-block-group__inner-container is-layout-constrained wp-block-group-is-layout-constrained\" data-pf_style_display=\"block\" data-pf_style_visibility=\"visible\"><\/div>\n<\/div>\n<p data-pf_style_display=\"block\" data-pf_style_visibility=\"visible\"><span class=\"text-node\">A APA Triunfo do Xingu contabilizou, sozinha, 33% dos focos de queimadas (3.493) em UCs desde julho. O munic\u00edpio de S\u00e3o F\u00e9lix do Xingu, onde est\u00e1 localizada a maior parte da APA, possui o <\/span><a href=\"https:\/\/infoamazonia.org\/2024\/01\/11\/mato-grosso-e-para-tem-25-das-cabecas-de-gado-e-sao-maiores-emissores-de-metano-do-pais\/\" data-pf_style_display=\"inline\" data-pf_style_visibility=\"visible\"><span class=\"text-node\">maior rebanho bovino do Brasil<\/span><\/a><span class=\"text-node\">, com quase 2,3 milh\u00f5es de cabe\u00e7as de gado, o que representa quase 20 vezes o n\u00famero de habitantes do munic\u00edpio.<\/span><\/p>\n<p data-pf_style_display=\"block\" data-pf_style_visibility=\"visible\"><span class=\"text-node\">Com 1,6 milh\u00f5es de hectares, o equivalente a 13 vezes a \u00e1rea da cidade do Rio, a APA Triunfo do Xingu j\u00e1 perdeu 45% da sua floresta original para pastagem, segundo dados da rede <\/span><strong data-pf_style_display=\"inline\" data-pf_style_visibility=\"visible\"><span class=\"text-node\">MapBiomas<\/span><\/strong><span class=\"text-node\">. J\u00e1 na Flona do Jamanxim, onde al\u00e9m da press\u00e3o agropecu\u00e1ria tamb\u00e9m h\u00e1 <\/span><a href=\"https:\/\/infoamazonia.org\/2024\/06\/11\/transicao-energetica-gera-corrida-por-minerais-estrategicos-com-5-mil-requerimentos-na-amazonia\/\" data-pf_style_display=\"inline\" data-pf_style_visibility=\"visible\"><span class=\"text-node\">interesses de grandes mineradoras<\/span><\/a><span class=\"text-node\">, o fogo acompanha o movimento de invas\u00e3o da \u00e1rea protegida a partir do eixo da BR-163. A Flona \u00e9 a segunda UC com o maior n\u00famero de queimadas na Amaz\u00f4nia desde julho, com 1.650 focos (15,7% do total).<\/span><\/p>\n<h3 id=\"h-fogo-ao-redor-da-br-163-afeta-flona-do-jamanxim\" class=\"wp-block-heading\" data-pf_style_display=\"block\" data-pf_style_visibility=\"visible\"><span class=\"text-node\">Fogo ao redor da BR-163 afeta Flona do Jamanxim\u00a0<\/span><\/h3>\n<p class=\"has-medium-gray-color has-text-color has-link-color wp-elements-ab7dccbc47e6ed47adfcda70791eafea\" data-pf_style_display=\"block\" data-pf_style_visibility=\"visible\"><em data-pf_style_display=\"inline\" data-pf_style_visibility=\"visible\"><span class=\"text-node\">Limite de at\u00e9 40 km ao redor da rodovia concentra 47% das queimadas da Amaz\u00f4nia entre 1\u00ba de julho e 10 de setembro.<\/span><\/em><\/p>\n<figure class=\"wp-block-image size-large\" data-pf_style_display=\"block\" data-pf_style_visibility=\"visible\"><img data-recalc-dims=\"1\" decoding=\"async\" class=\"wp-image-191305 pf-large-image flex-width pf-size-full mediumImage\" src=\"https:\/\/i0.wp.com\/infoamazonia.org\/wp-content\/uploads\/2024\/09\/imagens-02-1-1024x795.png?w=600&#038;ssl=1\" sizes=\"(max-width: 1024px) 100vw, 1024px\" srcset=\"\" alt=\"\"  data-pf_style_display=\"inline\" data-pf_style_visibility=\"visible\" data-pf_rect_width=\"1024\" data-pf_rect_height=\"795\" \/><\/figure>\n<p class=\"has-medium-gray-color has-text-color has-link-color has-small-font-size wp-elements-39b4837d81d5ff21e84fb96ecb03d204\" data-pf_style_display=\"block\" data-pf_style_visibility=\"visible\"><em data-pf_style_display=\"inline\" data-pf_style_visibility=\"visible\"><span class=\"text-node\">Imagem: Google. Fonte queimadas: Inpe. Visualiza\u00e7\u00e3o: Carolina Passos\/InfoAmazonia<\/span><\/em><\/p>\n<p data-pf_style_display=\"block\" data-pf_style_visibility=\"visible\"><span class=\"text-node\">J\u00e1 em Rond\u00f4nia, o Parque Estadual de Guajar\u00e1-Mirim tamb\u00e9m registrou recorde hist\u00f3rico de queimadas, com 585 focos (5,5% do total entre as UCs). A \u00e1rea apresentou focos ativos de 12 de julho a 10 de setembro.<\/span><\/p>\n<p data-pf_style_display=\"block\" data-pf_style_visibility=\"visible\"><span class=\"text-node\">No in\u00edcio de setembro, uma investiga\u00e7\u00e3o da <\/span><strong data-pf_style_display=\"inline\" data-pf_style_visibility=\"visible\"><span class=\"text-node\">InfoAmazonia <\/span><\/strong><a href=\"https:\/\/infoamazonia.org\/2024\/09\/04\/fazendas-com-queimadas-ilegais-na-amazonia-receberam-r26-bilhoes-em-credito-rural\/\" data-pf_style_display=\"inline\" data-pf_style_visibility=\"visible\"><span class=\"text-node\">revelou que o Banco do Brasil financiou uma a produ\u00e7\u00e3o de gado por meio do cr\u00e9dito rural em \u00e1rea dentro do Parque de Guajar\u00e1-Mirim.<\/span><\/a><span class=\"text-node\"> A reportagem revelou que 1.389 \u00e1reas com registro de fogo em julho e agosto deste ano receberam mais de R$ 2,6 bilh\u00f5es em recursos.<\/span><\/p>\n<div class=\"content-box\" data-pf_style_display=\"block\" data-pf_style_visibility=\"visible\">\n<div data-pf_style_display=\"block\" data-pf_style_visibility=\"visible\">\n<h3 class=\"content-box--title\" data-pf_style_display=\"block\" data-pf_style_visibility=\"visible\"><strong data-pf_style_display=\"inline\" data-pf_style_visibility=\"visible\"><span class=\"text-node\">COMO INVESTIGAMOS O FOGO EM \u00c1REAS PROTEGIDAS?<\/span><\/strong><\/h3>\n<p data-pf_style_display=\"block\" data-pf_style_visibility=\"visible\">\n<p class=\"pf-br-replacement\"><span class=\"text-node\">Nesta reportagem, coletamos e analisamos dados do <\/span><a href=\"https:\/\/terrabrasilis.dpi.inpe.br\/queimadas\/bdqueimadas\/\" data-pf_style_display=\"inline\" data-pf_style_visibility=\"visible\"><span class=\"text-node\">BD Queimadas<\/span><\/a><span class=\"text-node\">, plataforma do <\/span><a href=\"https:\/\/terrabrasilis.dpi.inpe.br\/queimadas\/portal\/\" data-pf_style_display=\"inline\" data-pf_style_visibility=\"visible\"><span class=\"text-node\">Programa Queimadas<\/span><\/a><span class=\"text-node\">, do Instituto Nacional de Pesquisas Espaciais (Inpe), que monitora a detec\u00e7\u00e3o de focos de calor por v\u00e1rios sat\u00e9lites desde 1998.\u00a0 <\/span><\/p>\n<p class=\"pf-br-replacement\"><span class=\"text-node\">Utilizamos os dados do sat\u00e9lite de refer\u00eancia atual, o Aqua, monitorado desde agosto de 2002. Tamb\u00e9m comp\u00f5e a an\u00e1lise as imagens de sat\u00e9lites do <\/span><a href=\"https:\/\/www.planet.com\/\" data-pf_style_display=\"inline\" data-pf_style_visibility=\"visible\"><span class=\"text-node\">Planet Labs<\/span><\/a><span class=\"text-node\">, e os dados espaciais das \u00e1reas das <\/span><a href=\"http:\/\/mapas.mma.gov.br\/i3geo\/datadownload.htm\" data-pf_style_display=\"inline\" data-pf_style_visibility=\"visible\"><span class=\"text-node\">Unidades de Conserva\u00e7\u00e3o<\/span><\/a><span class=\"text-node\">, disponibilizadas pelo\u00a0 Minist\u00e9rio do Meio Ambiente (MMA), e das Terras Ind\u00edgenas (TIs) da<\/span><a href=\"https:\/\/www.gov.br\/funai\/pt-br\/atuacao\/terras-indigenas\/geoprocessamento-e-mapas\" data-pf_style_display=\"inline\" data-pf_style_visibility=\"visible\"><span class=\"text-node\"> Funda\u00e7\u00e3o Nacional dos Povos Ind\u00edgenas<\/span><\/a><span class=\"text-node\">, assim como as rodovias do<\/span><a href=\"https:\/\/www.gov.br\/transportes\/pt-br\/assuntos\/dados-de-transportes\/bit\/bit-mapas\" data-pf_style_display=\"inline\" data-pf_style_visibility=\"visible\"><span class=\"text-node\">Minist\u00e9rio dos Transportes<\/span><\/a><span class=\"text-node\">.\u00a0<\/span><\/p>\n<p class=\"pf-br-replacement\"><span class=\"text-node\">O recorte territorial analisado \u00e9 referente ao bioma amaz\u00f4nico brasileiro,\u00a0 no per\u00edodo\u00a0 de 1\u00ba de julho a 10 de setembro de 2024, comparados ao mesmo per\u00edodo de monitoramento desde 2003 (quando temos os dados do per\u00edodo completo no sat\u00e9lite de refer\u00eancia). A metodologia inclui o cruzamento dos dados mencionados e an\u00e1lise visual das \u00e1reas de garimpo com imagens de sat\u00e9lite do Planet Labs. Utilizamos linguagem de programa\u00e7\u00e3o Python e o software de informa\u00e7\u00e3o geogr\u00e1fica QGis para an\u00e1lise dos dados.<\/span><\/p>\n<p><span class=\"text-node\">Para refor\u00e7ar nosso compromisso com a transpar\u00eancia e garantir a replicabilidade das an\u00e1lises, a InfoAmazonia disponibiliza os <\/span><a href=\"https:\/\/github.com\/InfoAmazonia\/unid_geojornalismo\/tree\/main\/2024_09-queimadas\/Dados\" data-pf_style_display=\"inline\" data-pf_style_visibility=\"visible\"><span class=\"text-node\">dados nesta pasta<\/span><\/a><span class=\"text-node\">.<\/span><\/div>\n<\/div>\n","protected":false},"excerpt":{"rendered":"<p>Infoamazonia, por F\u00e1bio Bispo &#8211; Os territ\u00f3rios ind\u00edgenas da Amaz\u00f4nia registraram 8.164 focos de calor entre julho e setembro, o maior n\u00famero j\u00e1 observado para o per\u00edodo desde 2003. Quase um ter\u00e7o dos focos de queimadas (27,6%) est\u00e1 concentrado em uma faixa de at\u00e9 40 quil\u00f4metros ao redor de tr\u00eas rodovias: BR-163, BR-230 e BR-319.<\/p>\n","protected":false},"author":1,"featured_media":0,"comment_status":"closed","ping_status":"open","sticky":false,"template":"","format":"standard","meta":{"_exactmetrics_skip_tracking":false,"_exactmetrics_sitenote_active":false,"_exactmetrics_sitenote_note":"","_exactmetrics_sitenote_category":0,"jetpack_post_was_ever_published":false,"_jetpack_newsletter_access":"","_jetpack_dont_email_post_to_subs":false,"_jetpack_newsletter_tier_id":0,"_jetpack_memberships_contains_paywalled_content":false,"_jetpack_memberships_contains_paid_content":false,"footnotes":"","jetpack_publicize_message":"","jetpack_publicize_feature_enabled":true,"jetpack_social_post_already_shared":true,"jetpack_social_options":{"image_generator_settings":{"template":"highway","enabled":false},"version":2}},"categories":[1],"tags":[195,306,295],"class_list":["post-35982","post","type-post","status-publish","format-standard","hentry","category-notas","tag-garimpo","tag-indigenas","tag-queimadas"],"jetpack_publicize_connections":[],"jetpack_sharing_enabled":true,"jetpack_featured_media_url":"","jetpack_shortlink":"https:\/\/wp.me\/p7wKYW-9mm","jetpack-related-posts":[],"_links":{"self":[{"href":"http:\/\/blogdalucianaoliveira.com.br\/blog\/wp-json\/wp\/v2\/posts\/35982","targetHints":{"allow":["GET"]}}],"collection":[{"href":"http:\/\/blogdalucianaoliveira.com.br\/blog\/wp-json\/wp\/v2\/posts"}],"about":[{"href":"http:\/\/blogdalucianaoliveira.com.br\/blog\/wp-json\/wp\/v2\/types\/post"}],"author":[{"embeddable":true,"href":"http:\/\/blogdalucianaoliveira.com.br\/blog\/wp-json\/wp\/v2\/users\/1"}],"replies":[{"embeddable":true,"href":"http:\/\/blogdalucianaoliveira.com.br\/blog\/wp-json\/wp\/v2\/comments?post=35982"}],"version-history":[{"count":1,"href":"http:\/\/blogdalucianaoliveira.com.br\/blog\/wp-json\/wp\/v2\/posts\/35982\/revisions"}],"predecessor-version":[{"id":35984,"href":"http:\/\/blogdalucianaoliveira.com.br\/blog\/wp-json\/wp\/v2\/posts\/35982\/revisions\/35984"}],"wp:attachment":[{"href":"http:\/\/blogdalucianaoliveira.com.br\/blog\/wp-json\/wp\/v2\/media?parent=35982"}],"wp:term":[{"taxonomy":"category","embeddable":true,"href":"http:\/\/blogdalucianaoliveira.com.br\/blog\/wp-json\/wp\/v2\/categories?post=35982"},{"taxonomy":"post_tag","embeddable":true,"href":"http:\/\/blogdalucianaoliveira.com.br\/blog\/wp-json\/wp\/v2\/tags?post=35982"}],"curies":[{"name":"wp","href":"https:\/\/api.w.org\/{rel}","templated":true}]}}