{"id":35986,"date":"2024-09-22T18:24:44","date_gmt":"2024-09-22T22:24:44","guid":{"rendered":"http:\/\/blogdalucianaoliveira.com.br\/blog\/?p=35986"},"modified":"2024-09-22T18:24:44","modified_gmt":"2024-09-22T22:24:44","slug":"o-garimpo-no-poder-como-investigados-por-exploracao-ilegal-influenciam-as-eleicoes-em-cidades-da-amazonia","status":"publish","type":"post","link":"http:\/\/blogdalucianaoliveira.com.br\/blog\/2024\/09\/22\/o-garimpo-no-poder-como-investigados-por-exploracao-ilegal-influenciam-as-eleicoes-em-cidades-da-amazonia\/","title":{"rendered":"O garimpo no poder: como investigados por explora\u00e7\u00e3o ilegal influenciam as elei\u00e7\u00f5es em cidades da Amaz\u00f4nia"},"content":{"rendered":"<p><img data-recalc-dims=\"1\" loading=\"lazy\" decoding=\"async\" data-attachment-id=\"35987\" data-permalink=\"http:\/\/blogdalucianaoliveira.com.br\/blog\/2024\/09\/22\/o-garimpo-no-poder-como-investigados-por-exploracao-ilegal-influenciam-as-eleicoes-em-cidades-da-amazonia\/img_0282\/\" data-orig-file=\"https:\/\/i0.wp.com\/blogdalucianaoliveira.com.br\/blog\/wp-content\/uploads\/2024\/09\/IMG_0282.jpeg?fit=985%2C495\" data-orig-size=\"985,495\" data-comments-opened=\"0\" data-image-meta=\"{&quot;aperture&quot;:&quot;0&quot;,&quot;credit&quot;:&quot;&quot;,&quot;camera&quot;:&quot;&quot;,&quot;caption&quot;:&quot;&quot;,&quot;created_timestamp&quot;:&quot;0&quot;,&quot;copyright&quot;:&quot;&quot;,&quot;focal_length&quot;:&quot;0&quot;,&quot;iso&quot;:&quot;0&quot;,&quot;shutter_speed&quot;:&quot;0&quot;,&quot;title&quot;:&quot;&quot;,&quot;orientation&quot;:&quot;1&quot;}\" data-image-title=\"IMG_0282\" data-image-description=\"\" data-image-caption=\"\" data-medium-file=\"https:\/\/i0.wp.com\/blogdalucianaoliveira.com.br\/blog\/wp-content\/uploads\/2024\/09\/IMG_0282.jpeg?fit=300%2C151\" data-large-file=\"https:\/\/i0.wp.com\/blogdalucianaoliveira.com.br\/blog\/wp-content\/uploads\/2024\/09\/IMG_0282.jpeg?fit=600%2C302\" class=\"alignnone size-full wp-image-35987\" src=\"https:\/\/i0.wp.com\/blogdalucianaoliveira.com.br\/blog\/wp-content\/uploads\/2024\/09\/IMG_0282.jpeg?resize=600%2C302\" alt=\"\" width=\"600\" height=\"302\" srcset=\"https:\/\/i0.wp.com\/blogdalucianaoliveira.com.br\/blog\/wp-content\/uploads\/2024\/09\/IMG_0282.jpeg?w=985 985w, https:\/\/i0.wp.com\/blogdalucianaoliveira.com.br\/blog\/wp-content\/uploads\/2024\/09\/IMG_0282.jpeg?resize=300%2C151 300w, https:\/\/i0.wp.com\/blogdalucianaoliveira.com.br\/blog\/wp-content\/uploads\/2024\/09\/IMG_0282.jpeg?resize=768%2C386 768w, https:\/\/i0.wp.com\/blogdalucianaoliveira.com.br\/blog\/wp-content\/uploads\/2024\/09\/IMG_0282.jpeg?resize=597%2C300 597w\" sizes=\"auto, (max-width: 600px) 100vw, 600px\" \/><\/p>\n<div class=\"mc-column content-text active-extra-styles active-capital-letter\" data-block-type=\"unstyled\" data-block-weight=\"154\" data-pf_style_display=\"block\" data-pf_style_visibility=\"visible\">\n<p class=\"content-text__container theme-color-primary-first-letter added-to-list1\" data-track-category=\"Link no Texto\" data-track-links=\"\" data-pf_style_display=\"block\" data-pf_style_visibility=\"visible\"><span class=\"text-node\">O Globo, por Eduardo Gon\u00e7alves e Cristiano Mariz &#8211; Sob a luz de refletores improvisados na ca\u00e7amba de uma caminhonete, um grupo de cerca de 30 pessoas se reunia para tratar de elei\u00e7\u00f5es numa vila garimpeira instalada no cora\u00e7\u00e3o da floresta amaz\u00f4nica, em Itaituba (PA), a 1.200 quil\u00f4metros da capital Bel\u00e9m, no dia 14 de setembro.<br \/>\nAo microfone, uma voz elevava o tom de cobran\u00e7a a autoridades. \u201cJ\u00e1 era para ter patrolado (nivelado) todas essas ruas. Era para ter caminh\u00e3o-pipa bancado pela prefeitura, que tem recursos\u201d, discursou Heverton Soares, conhecido como Grota. A faceta de l\u00edder comunit\u00e1rio, por\u00e9m, esconde a real identidade do <\/span><a class=\"\" href=\"https:\/\/oglobo.globo.com\/brasil\/seguranca-publica\/narcogarimpo-uma-trama-com-ares-de-novela-que-mostra-ganhos-milionarios-de-criminosos-na-amazonia-vida-de-luxo-entre-avioes-cavalgadas-shows-de-famosos-25272438\" data-pf_style_display=\"inline\" data-pf_style_visibility=\"visible\"><strong data-pf_style_display=\"inline\" data-pf_style_visibility=\"visible\"><span class=\"text-node\">garimpeiro investigado pela Pol\u00edcia Federal (PF) sob suspeita de liga\u00e7\u00f5es com o \u201cnarcogarimpo\u201d<\/span><\/strong><\/a><span class=\"text-node\">, associa\u00e7\u00e3o de fac\u00e7\u00f5es criminosas com donos de mineradoras para lavar dinheiro do tr\u00e1fico de drogas por meio da venda de ouro. O seu objetivo no ato pol\u00edtico era pedir votos ao candidato a prefeito Ivan D&#8217;Almeida (Podemos), dono de garimpos e r\u00e9u por explora\u00e7\u00e3o ilegal do min\u00e9rio. <\/span><\/p>\n<\/div>\n<p><!--more--><\/p>\n<div class=\"wall protected-content pf-candidate\" data-pf_style_display=\"block\" data-pf_style_visibility=\"visible\">\n<p id=\"pub-in-text-wrapper\" class=\"added-to-list1\">\n<div class=\"mc-column content-text active-extra-styles\" data-block-type=\"raw\" data-block-weight=\"25\" data-pf_style_display=\"block\" data-pf_style_visibility=\"visible\">\n<ul class=\"content-unordered-list added-to-list1\" data-pf_style_display=\"block\" data-pf_style_visibility=\"visible\">\n<li data-pf_style_display=\"list-item\" data-pf_style_visibility=\"visible\"><strong data-pf_style_display=\"inline\" data-pf_style_visibility=\"visible\"><span class=\"text-node\">Cidades heredit\u00e1rias:<\/span><\/strong> <a class=\"\" href=\"https:\/\/oglobo.globo.com\/politica\/especial\/cidades-hereditarias-as-familias-no-poder-ha-decadas-e-seculos-e-que-tentarao-continuar-assim.ghtml\" data-pf_style_display=\"inline\" data-pf_style_visibility=\"visible\"><span class=\"text-node\">As fam\u00edlias no poder h\u00e1 d\u00e9cadas e s\u00e9culos \u2014 e que tentar\u00e3o continuar assim<\/span><\/a><\/li>\n<li data-pf_style_display=\"list-item\" data-pf_style_visibility=\"visible\"><strong data-pf_style_display=\"inline\" data-pf_style_visibility=\"visible\"><span class=\"text-node\">Persona:<\/span><\/strong> <a class=\"\" href=\"https:\/\/infograficos.oglobo.globo.com\/politica\/tem-que-ler-persona-arthur-lira.html\" target=\"_blank\" rel=\"noopener\" data-pf_style_display=\"inline\" data-pf_style_visibility=\"visible\"><span class=\"text-node\">Arthur Lira, o presidente do sindicato dos deputados<\/span><\/a><\/li>\n<\/ul>\n<\/div>\n<div class=\"mc-column content-text active-extra-styles \" data-block-type=\"unstyled\" data-block-weight=\"89\" data-pf_style_display=\"block\" data-pf_style_visibility=\"visible\">\n<p class=\"content-text__container added-to-list1\" data-track-category=\"Link no Texto\" data-track-links=\"\" data-pf_style_display=\"block\" data-pf_style_visibility=\"visible\"><span class=\"text-node\">O primeiro cap\u00edtulo da s\u00e9rie sobre as liga\u00e7\u00f5es do garimpo com a pol\u00edtica, que comp\u00f5e <\/span><a class=\"\" href=\"https:\/\/oglobo.globo.com\/o-globo-plus\/\" data-pf_style_display=\"inline\" data-pf_style_visibility=\"visible\"><span class=\"text-node\">o lan\u00e7amento do <\/span><strong data-pf_style_display=\"inline\" data-pf_style_visibility=\"visible\"><span class=\"text-node\">O GLOBO Plus<\/span><\/strong><span class=\"text-node\"> \u2014 um agregador de conte\u00fados<\/span><em data-pf_style_display=\"inline\" data-pf_style_visibility=\"visible\"><span class=\"text-node\">premium<\/span><\/em><span class=\"text-node\"> numa \u00e1rea exclusiva para assinantes no site do jornal<\/span><\/a><span class=\"text-node\"> \u2014 mostra como o pequeno com\u00edcio numa das regi\u00f5es mais devastadas do Par\u00e1, acompanhado <\/span><em data-pf_style_display=\"inline\" data-pf_style_visibility=\"visible\"><span class=\"text-node\">in loco<\/span><\/em><span class=\"text-node\"> pela reportagem, \u00e9 um exemplo de como campanhas eleitorais e a extra\u00e7\u00e3o ilegal de ouro se unem rotineiramente no mesmo palanque na regi\u00e3o. O resultado dessa parceria \u00e9 uma rela\u00e7\u00e3o simbi\u00f3tica, em que os dois lados ganham. <\/span><\/p>\n<\/div>\n<div class=\"bs-video-block mc-column  content-media content-video\" data-block-type=\"backstage-video\" data-pf_style_display=\"block\" data-pf_style_visibility=\"visible\">\n<div class=\"content-media__container\" data-pf_style_display=\"block\" data-pf_style_visibility=\"visible\">\n<div class=\"content-video__bigger-player-description-fixer\" data-pf_style_display=\"block\" data-pf_style_visibility=\"visible\">\n<article class=\"content-video\" data-pf_style_display=\"block\" data-pf_style_visibility=\"visible\">\n<section class=\"content-video__video-container\" data-pf_style_display=\"block\" data-pf_style_visibility=\"visible\">\n<div class=\"content-video__video\" data-pf_style_display=\"block\" data-pf_style_visibility=\"visible\">\n<div class=\"content-video__placeholder\" data-video-id=\"12943681\" data-pf_style_display=\"block\" data-pf_style_visibility=\"visible\"><img data-recalc-dims=\"1\" decoding=\"async\" class=\"content-video__placeholder__thumb pf-large-image flex-width pf-size-full mediumImage\" title=\"O Garimpo no Poder\" src=\"https:\/\/i0.wp.com\/s02.video.glbimg.com\/x240\/12943681.jpg?w=600&#038;ssl=1\" srcset=\"\" alt=\"O Garimpo no Poder\" data-pf_style_display=\"inline\" data-pf_style_visibility=\"visible\" data-pf_rect_width=\"149.765625\" data-pf_rect_height=\"18\" \/><\/div>\n<\/div>\n<\/section>\n<\/article>\n<\/div>\n<p class=\"content-media__description added-to-list1\" data-pf_style_display=\"block\" data-pf_style_visibility=\"visible\"><span class=\"text-node\">O Garimpo no Poder <\/span><\/p>\n<\/div>\n<\/div>\n<div class=\"mc-column content-text active-extra-styles \" data-block-type=\"unstyled\" data-block-weight=\"113\" data-pf_style_display=\"block\" data-pf_style_visibility=\"visible\">\n<p class=\"content-text__container added-to-list1\" data-track-category=\"Link no Texto\" data-track-links=\"\" data-pf_style_display=\"block\" data-pf_style_visibility=\"visible\"><span class=\"text-node\">Ao mesmo tempo em que tenta eleger um aliado como prefeito, Grota responde a processos em tr\u00eas estados por suspeitas de praticar crimes como tr\u00e1fico de drogas, organiza\u00e7\u00e3o criminosa e lavagem de dinheiro. Ao longo de nove meses em 2021, ficou foragido ap\u00f3s ser alvo de uma opera\u00e7\u00e3o da PF. A participa\u00e7\u00e3o do empres\u00e1rio na campanha em Itaituba s\u00f3 tem sido poss\u00edvel porque a Justi\u00e7a anulou um pedido de pris\u00e3o contra ele ap\u00f3s indefini\u00e7\u00e3o sobre quem ir\u00e1 julg\u00e1-lo. O caso hoje est\u00e1 sob an\u00e1lise do Superior Tribunal de Justi\u00e7a (STJ). Procurada, a defesa de Grota n\u00e3o quis comentar. Ele n\u00e3o consta como doador oficial das elei\u00e7\u00f5es. O candidato D&#8217;Almeida tamb\u00e9m n\u00e3o se manifestou. <\/span><\/p>\n<\/div>\n<p class=\"content-ads content-ads--reveal added-to-list1\">\n<div class=\"mc-column content-text active-extra-styles \" data-block-type=\"unstyled\" data-block-weight=\"76\" data-pf_style_display=\"block\" data-pf_style_visibility=\"visible\">\n<p class=\"content-text__container added-to-list1\" data-track-category=\"Link no Texto\" data-track-links=\"\" data-pf_style_display=\"block\" data-pf_style_visibility=\"visible\"><span class=\"text-node\">Com status de megaempres\u00e1rio na regi\u00e3o do vale do Rio Tapaj\u00f3s, sudoeste do Par\u00e1, Grota \u00e9 dono de garimpos, fazendas, haras, pistas de pouso e empresas de maquin\u00e1rio de extra\u00e7\u00e3o mineral e pe\u00e7as de carro. Investiga\u00e7\u00f5es citam 18 autoriza\u00e7\u00f5es para explorar o ouro na regi\u00e3o de Itaituba, onde as permiss\u00f5es, concedidas oficialmente pela Ag\u00eancia Nacional de Minera\u00e7\u00e3o (ANM), dependem de aval dos pol\u00edticos locais. Por essa raz\u00e3o, a disputa eleitoral na regi\u00e3o \u00e9 estrat\u00e9gica para garimpeiros. <\/span><\/p>\n<\/div>\n<div class=\"row medium-uncollapsed content-media content-photo\" data-block-type=\"backstage-photo\" data-pf_style_display=\"block\" data-pf_style_visibility=\"visible\">\n<div class=\"mc-column content-media__container\" data-pf_style_display=\"block\" data-pf_style_visibility=\"visible\">\n<div class=\"content-media-container\" data-pf_style_display=\"block\" data-pf_style_visibility=\"visible\">\n<figure class=\"content-media__figure pf-caption flex-width mediumImage pf-size-full\" data-pf_style_display=\"block\" data-pf_style_visibility=\"visible\"><img data-recalc-dims=\"1\" decoding=\"async\" class=\"content-media__image pf-large-image caption-img flex-width pf-size-full mediumImage\" src=\"https:\/\/i0.wp.com\/s2-oglobo.glbimg.com\/EgzrcWhvTEQAt2E3ed7co0pO24Y%3D\/0x40%3A1483x1183\/984x0\/smart\/filters%3Astrip_icc%28%29\/i.s3.glbimg.com\/v1\/AUTH_da025474c0c44edd99332dddb09cabe8\/internal_photos\/bs\/2024\/h\/I\/ZCXdj4TwWtZ0tIRkZW3Q\/heverton-soares-grota.jpg?w=600&#038;ssl=1\" srcset=\"\" alt=\"Heverton Soares, o Grota, investigado por garimpo ilegal no Par\u00e1 pela Pol\u00edcia Federal \u2014 Foto: Reprodu\u00e7\u00e3o \/ Ag\u00eancia O Globo\"  data-pf_style_display=\"inline\" data-pf_style_visibility=\"visible\" data-pf_rect_width=\"704\" data-pf_rect_height=\"36\" \/><figcaption class=\"content-media__description\" data-pf_style_display=\"block\" data-pf_style_visibility=\"visible\"><span class=\"text-node\">Heverton Soares, o Grota, investigado por garimpo ilegal no Par\u00e1 pela Pol\u00edcia Federal \u2014 Foto: Reprodu\u00e7\u00e3o \/ Ag\u00eancia O Globo <\/span><\/figcaption><\/figure>\n<\/div>\n<\/div>\n<\/div>\n<div class=\"mc-column content-text active-extra-styles \" data-block-type=\"unstyled\" data-block-weight=\"67\" data-pf_style_display=\"block\" data-pf_style_visibility=\"visible\">\n<p class=\"content-text__container added-to-list1\" data-track-category=\"Link no Texto\" data-track-links=\"\" data-pf_style_display=\"block\" data-pf_style_visibility=\"visible\"><span class=\"text-node\">O mesmo cen\u00e1rio se repete em campanhas em outras cidades do ouro da Amaz\u00f4nia. Ao longo de uma semana, a reportagem do GLOBO percorreu mais de 1.600 quil\u00f4metros pelo sudoeste do Par\u00e1 para ouvir moradores, empres\u00e1rios e pol\u00edticos nos munic\u00edpios campe\u00f5es em alertas de garimpo do pa\u00eds. A situa\u00e7\u00e3o encontrada foi de candidaturas que usam de multas ambientais \u00e0 concess\u00e3o de licen\u00e7as para minera\u00e7\u00e3o como trunfo eleitoral. <\/span><\/p>\n<\/div>\n<div class=\"show-flourish-embed-block\" data-pf_style_display=\"block\" data-pf_style_visibility=\"visible\">\n<p class=\"show-flourish-embed-block__container show-flourish-embed-block__container--visualization added-to-list1\">\n<\/div>\n<p class=\"content-ads content-ads--reveal added-to-list1\">\n<div class=\"mc-column content-text active-extra-styles \" data-block-type=\"unstyled\" data-block-weight=\"48\" data-pf_style_display=\"block\" data-pf_style_visibility=\"visible\">\n<p class=\"content-text__container added-to-list1\" data-track-category=\"Link no Texto\" data-track-links=\"\" data-pf_style_display=\"block\" data-pf_style_visibility=\"visible\"><span class=\"text-node\">Um dos casos mais not\u00f3rios \u00e9 o do garimpeiro Rodrigo Martins de Mello, o Rodrigo Cataratas, que tentou se eleger deputado federal em 2022 e, neste ano, se tornou o principal cabo eleitoral de Brunna Cataratas (PSD), sua irm\u00e3, candidata a vereadora de Boa Vista, capital de Roraima. <\/span><\/p>\n<\/div>\n<div class=\"mc-column content-text active-extra-styles \" data-block-type=\"unstyled\" data-block-weight=\"87\" data-pf_style_display=\"block\" data-pf_style_visibility=\"visible\">\n<p class=\"content-text__container added-to-list1\" data-track-category=\"Link no Texto\" data-track-links=\"\" data-pf_style_display=\"block\" data-pf_style_visibility=\"visible\"><span class=\"text-node\">Dono de um patrim\u00f4nio de R$ 33,5 milh\u00f5es \u2014 declarado ao Tribunal Superior Eleitoral (TSE) \u2014, Rodrigo Cataratas mantinha uma frota de helic\u00f3pteros e aeronaves que, segundo a PF, abastecia os garimpos ilegais na Terra Ind\u00edgena Yanomami. Ele \u00e9 r\u00e9u em tr\u00eas processos na Justi\u00e7a Federal por liga\u00e7\u00e3o com a explora\u00e7\u00e3o irregular de ouro em Roraima. Em um deles, Bruna tamb\u00e9m \u00e9 r\u00e9. Procurada, a defesa de Cataratas afirma que sua \u201catividade garimpeira sempre foi legal, com licen\u00e7as ativas e em terras permitidas\u201d. A candidata n\u00e3o comentou. <\/span><\/p>\n<\/div>\n<div class=\"row medium-uncollapsed content-media content-gifv\" data-block-type=\"backstage-gif\" data-pf_style_display=\"block\" data-pf_style_visibility=\"visible\">\n<div class=\"mc-column content-media__container\" data-pf_style_display=\"block\" data-pf_style_visibility=\"visible\">\n<figure class=\"content-media__figure pf-caption flex-width mediumImage pf-size-full\" data-pf_style_display=\"block\" data-pf_style_visibility=\"visible\"><img data-recalc-dims=\"1\" decoding=\"async\" class=\"content-media__image-centered pf-large-image caption-img flex-width pf-size-full mediumImage\" src=\"https:\/\/i0.wp.com\/s2-oglobo.glbimg.com\/GY_PJr8USJpLZ1DrgD8IiVtEzuI%3D\/0x0%3A794x794\/600x0\/smart\/filters%3Astrip_icc%28%29\/i.s3.glbimg.com\/v1\/AUTH_da025474c0c44edd99332dddb09cabe8\/internal_photos\/bs\/2024\/Z\/F\/CGQb69TH6o0fU12ZtM9g\/giff-garimpo-para.gif?w=600&#038;ssl=1\" srcset=\"\" alt=\"\u00c1reas de garimpo no Par\u00e1 \u2014 Foto: Editoria de Arte\"  data-pf_style_display=\"inline\" data-pf_style_visibility=\"visible\" data-pf_rect_width=\"346.140625\" data-pf_rect_height=\"18\" \/><figcaption class=\"content-media__description\" data-pf_style_display=\"block\" data-pf_style_visibility=\"visible\"><span class=\"text-node\">\u00c1reas de garimpo no Par\u00e1 \u2014 Foto: Editoria de Arte <\/span><\/figcaption><\/figure>\n<\/div>\n<\/div>\n<div class=\"mc-column content-text active-extra-styles \" data-block-type=\"unstyled\" data-block-weight=\"43\" data-pf_style_display=\"block\" data-pf_style_visibility=\"visible\">\n<p class=\"content-text__container added-to-list1\" data-track-category=\"Link no Texto\" data-track-links=\"\" data-pf_style_display=\"block\" data-pf_style_visibility=\"visible\"><span class=\"text-node\">Em postagens nas redes sociais, o garimpeiro afirma que, caso eleita, a irm\u00e3 \u201cdar\u00e1 voz aos garimpeiros\u201d na C\u00e2mara Municipal da capital de Roraima. A maioria dos garimpos \u00e9 irregular no estado, que tem 46% do seu territ\u00f3rio demarcado como \u00e1reas de preserva\u00e7\u00e3o. <\/span><\/p>\n<\/div>\n<div class=\"mc-column content-text active-extra-styles \" data-block-type=\"unstyled\" data-block-weight=\"41\" data-pf_style_display=\"block\" data-pf_style_visibility=\"visible\">\n<p class=\"content-text__container added-to-list1\" data-track-category=\"Link no Texto\" data-track-links=\"\" data-pf_style_display=\"block\" data-pf_style_visibility=\"visible\"><span class=\"text-node\">\u2014 Hoje n\u00e3o tem um representante da classe garimpeira. N\u00e3o tem deputado federal, estadual, governador, nenhum prefeito. Precisamos urgentemente disso para desenvolver a nossa economia \u2014 afirmou Brunna em um evento de campanha ao lado do irm\u00e3o, Cataratas, na semana passada. <\/span><\/p>\n<\/div>\n<p class=\"content-ads content-ads--reveal added-to-list1\">\n<div class=\"row medium-uncollapsed content-media content-photo\" data-block-type=\"backstage-photo\" data-pf_style_display=\"block\" data-pf_style_visibility=\"visible\">\n<div class=\"mc-column content-media__container\" data-pf_style_display=\"block\" data-pf_style_visibility=\"visible\">\n<div class=\"content-media-container\" data-pf_style_display=\"block\" data-pf_style_visibility=\"visible\">\n<figure class=\"content-media__figure pf-caption flex-width mediumImage pf-size-full\" data-pf_style_display=\"block\" data-pf_style_visibility=\"visible\"><img data-recalc-dims=\"1\" decoding=\"async\" class=\"content-media__image pf-large-image caption-img flex-width pf-size-full mediumImage\" src=\"https:\/\/i0.wp.com\/s2-oglobo.glbimg.com\/wTuprfXffelBtzr9Xt6mDJz_yAI%3D\/0x0%3A1536x2048\/984x0\/smart\/filters%3Astrip_icc%28%29\/i.s3.glbimg.com\/v1\/AUTH_da025474c0c44edd99332dddb09cabe8\/internal_photos\/bs\/2024\/a\/w\/fSlSmrR2uloZpeTtSsDA\/452846977-122111236364397157-3256936741146313847-n.jpg?w=600&#038;ssl=1\" srcset=\"\" alt=\"A candidata Brunna Cataratas, cujo irm\u00e3o \u00e9 r\u00e9u por explora\u00e7\u00e3o ilegal \u2014 Foto: Divulga\u00e7\u00e3o\"  data-pf_style_display=\"inline\" data-pf_style_visibility=\"visible\" data-pf_rect_width=\"593.578125\" data-pf_rect_height=\"18\" \/><figcaption class=\"content-media__description\" data-pf_style_display=\"block\" data-pf_style_visibility=\"visible\"><span class=\"text-node\">A candidata Brunna Cataratas, cujo irm\u00e3o \u00e9 r\u00e9u por explora\u00e7\u00e3o ilegal \u2014 Foto: Divulga\u00e7\u00e3o <\/span><\/figcaption><\/figure>\n<\/div>\n<\/div>\n<\/div>\n<div class=\"mc-column content-text active-extra-styles\" data-block-type=\"raw\" data-block-weight=\"5\" data-pf_style_display=\"block\" data-pf_style_visibility=\"visible\">\n<p class=\"content-intertitle added-to-list1\">\n<h2 data-pf_style_display=\"block\" data-pf_style_visibility=\"visible\"><span class=\"text-node\">Doa\u00e7\u00f5es na mira da PF<\/span><\/h2>\n<\/div>\n<div class=\"mc-column content-text active-extra-styles \" data-block-type=\"unstyled\" data-block-weight=\"42\" data-pf_style_display=\"block\" data-pf_style_visibility=\"visible\">\n<p class=\"content-text__container added-to-list1\" data-track-category=\"Link no Texto\" data-track-links=\"\" data-pf_style_display=\"block\" data-pf_style_visibility=\"visible\"><span class=\"text-node\">A rela\u00e7\u00e3o entre alvos de investiga\u00e7\u00f5es e pol\u00edticos da regi\u00e3o, contudo, vai al\u00e9m de declara\u00e7\u00f5es de apoio. Segundo a PF, doa\u00e7\u00f5es eleitorais feitas em 2020 a candidatos de Novo Progresso (PA), vizinha a Itaituba, foram usadas para lavar dinheiro da extra\u00e7\u00e3o ilegal. <\/span><\/p>\n<\/div>\n<div class=\"mc-column content-text active-extra-styles \" data-block-type=\"unstyled\" data-block-weight=\"67\" data-pf_style_display=\"block\" data-pf_style_visibility=\"visible\">\n<p class=\"content-text__container added-to-list1\" data-track-category=\"Link no Texto\" data-track-links=\"\" data-pf_style_display=\"block\" data-pf_style_visibility=\"visible\"><span class=\"text-node\">O principal alvo do inqu\u00e9rito em curso \u00e9 Marcio Macedo Sobrinho, dono de mineradora que chegou a ficar preso por 22 dias em 2022. A PF identificou que uma empresa dele movimentou R$ 29,4 milh\u00f5es em contas ligadas a Ubiraci Soares Silva (Uni\u00e3o Brasil), o Macarr\u00e3o, que foi prefeito at\u00e9 2020 de Novo Progresso e nas elei\u00e7\u00f5es atuais mira voltar ao poder municipal como candidato a vice. <\/span><\/p>\n<\/div>\n<div class=\"mc-column content-text active-extra-styles \" data-block-type=\"unstyled\" data-block-weight=\"45\" data-pf_style_display=\"block\" data-pf_style_visibility=\"visible\">\n<p class=\"content-text__container added-to-list1\" data-track-category=\"Link no Texto\" data-track-links=\"\" data-pf_style_display=\"block\" data-pf_style_visibility=\"visible\"><span class=\"text-node\">Al\u00e9m dos repasses para o ex-prefeito, a PF aponta que Macedo Sobrinho doou R$ 67 mil nas elei\u00e7\u00f5es de 2020 a um candidato a prefeito e a outros seis postulantes a vereador com o suposto intuito de obter licen\u00e7as ambientais para explorar ouro na regi\u00e3o. <\/span><\/p>\n<\/div>\n<div class=\"row medium-uncollapsed content-media content-photo\" data-block-type=\"backstage-photo\" data-pf_style_display=\"block\" data-pf_style_visibility=\"visible\">\n<div class=\"mc-column content-media__container\" data-pf_style_display=\"block\" data-pf_style_visibility=\"visible\">\n<div class=\"content-media-container\" data-pf_style_display=\"block\" data-pf_style_visibility=\"visible\">\n<figure class=\"content-media__figure pf-caption flex-width mediumImage pf-size-full\" data-pf_style_display=\"block\" data-pf_style_visibility=\"visible\"><img data-recalc-dims=\"1\" decoding=\"async\" class=\"content-media__image pf-large-image caption-img flex-width pf-size-full mediumImage\" src=\"https:\/\/i0.wp.com\/s2-oglobo.glbimg.com\/jUPswnga4b-wpxECf2m7OxWWE34%3D\/0x0%3A648x216\/984x0\/smart\/filters%3Astrip_icc%28%29\/i.s3.glbimg.com\/v1\/AUTH_da025474c0c44edd99332dddb09cabe8\/internal_photos\/bs\/2024\/f\/X\/9WhVlwQ7C11l9m1GXKEg\/pol-22-09-garimpo-ilegal-rasgadinho.jpg?w=600&#038;ssl=1\" srcset=\"\" alt=\"Relat\u00f3rio da PF aponta ind\u00edcios  de que dono de mineradora fez  doa\u00e7\u00f5es eleitorais a candidatos  para obter licen\u00e7as ambientais  para garimpo na regi\u00e3o do Tapaj\u00f3s \u2014 Foto: Reprodu\u00e7\u00e3o\"  data-pf_style_display=\"inline\" data-pf_style_visibility=\"visible\" data-pf_rect_width=\"704\" data-pf_rect_height=\"36\" \/><figcaption class=\"content-media__description\" data-pf_style_display=\"block\" data-pf_style_visibility=\"visible\"><span class=\"text-node\">Relat\u00f3rio da PF aponta ind\u00edcios de que dono de mineradora fez doa\u00e7\u00f5es eleitorais a candidatos para obter licen\u00e7as ambientais para garimpo na regi\u00e3o do Tapaj\u00f3s \u2014 Foto: Reprodu\u00e7\u00e3o <\/span><\/figcaption><\/figure>\n<\/div>\n<\/div>\n<\/div>\n<p class=\"content-ads content-ads--reveal added-to-list1\">\n<div class=\"mc-column content-text active-extra-styles \" data-block-type=\"unstyled\" data-block-weight=\"51\" data-pf_style_display=\"block\" data-pf_style_visibility=\"visible\">\n<p class=\"content-text__container added-to-list1\" data-track-category=\"Link no Texto\" data-track-links=\"\" data-pf_style_display=\"block\" data-pf_style_visibility=\"visible\"><span class=\"text-node\">\u201cForam apontadas doa\u00e7\u00f5es de campanha no ano de 2020 para diversos candidatos no munic\u00edpio de Novo Progresso (PA), onde possui a grande maioria dos seus empreendimentos, gerando ind\u00edcios de financiamento de campanha para posterior obten\u00e7\u00e3o de benef\u00edcios il\u00edcitos, tal como a pr\u00f3pria aprova\u00e7\u00e3o das licen\u00e7as requeridas\u201d, pontua o relat\u00f3rio da investiga\u00e7\u00e3o. <\/span><\/p>\n<\/div>\n<div class=\"mc-column content-text active-extra-styles \" data-block-type=\"unstyled\" data-block-weight=\"56\" data-pf_style_display=\"block\" data-pf_style_visibility=\"visible\">\n<p class=\"content-text__container added-to-list1\" data-track-category=\"Link no Texto\" data-track-links=\"\" data-pf_style_display=\"block\" data-pf_style_visibility=\"visible\"><span class=\"text-node\">A defesa do dono de mineradora diz que as doa\u00e7\u00f5es eleitorais foram feitas \u201cdentro da lei\u201d e que as investiga\u00e7\u00f5es ainda n\u00e3o terminaram. \u201c(A empresa de Macedo Sobrinho) nunca fez lavagem de dinheiro, sendo precipitadas as afirma\u00e7\u00f5es da Pol\u00edcia Federal nesse sentido\u201d, sustenta a nota. Procurado, Macarr\u00e3o, que tamb\u00e9m foi alvo da PF, n\u00e3o se manifestou. <\/span><\/p>\n<\/div>\n<div class=\"mc-column content-text active-extra-styles \" data-block-type=\"unstyled\" data-block-weight=\"55\" data-pf_style_display=\"block\" data-pf_style_visibility=\"visible\">\n<p class=\"content-text__container added-to-list1\" data-track-category=\"Link no Texto\" data-track-links=\"\" data-pf_style_display=\"block\" data-pf_style_visibility=\"visible\"><span class=\"text-node\">A liga\u00e7\u00e3o de Macarr\u00e3o, o ex-prefeito candidato a vice de Novo Progresso (PA), com empres\u00e1rios do garimpo inclui outro alvo da PF. O principal doador de sua campanha em 2020 foi Dirceu Santos Frederico, dono de uma empresa de com\u00e9rcio de ouro e mineradora na cidade que repassou R$ 90 mil para a sua candidatura. <\/span><\/p>\n<\/div>\n<div class=\"show-flourish-embed-block\" data-pf_style_display=\"block\" data-pf_style_visibility=\"visible\">\n<p class=\"show-flourish-embed-block__container show-flourish-embed-block__container--visualization added-to-list1\">\n<\/div>\n<div class=\"mc-column content-text active-extra-styles \" data-block-type=\"unstyled\" data-block-weight=\"74\" data-pf_style_display=\"block\" data-pf_style_visibility=\"visible\">\n<p class=\"content-text__container added-to-list1\" data-track-category=\"Link no Texto\" data-track-links=\"\" data-pf_style_display=\"block\" data-pf_style_visibility=\"visible\"><span class=\"text-node\">Frederico, que foi diretor da Associa\u00e7\u00e3o dos Mineradores do Alto Tapaj\u00f3s (Amot) e secret\u00e1rio municipal de Meio Ambiente de Itaituba, chegou a ser preso por cinco dias em setembro de 2022 sob suspeita de comprar ouro extra\u00eddo de \u00e1reas protegidas da Amaz\u00f4nia. Meses antes, a PF havia interceptado um carregamento avaliado em R$ 23 milh\u00f5es em barras do min\u00e9rio que pertenciam \u00e0 sua empresa. Na ocasi\u00e3o, Frederico afirmou que a carga tinha origem legal. <\/span><\/p>\n<\/div>\n<p class=\"content-ads content-ads--reveal added-to-list1\">\n<div class=\"mc-column content-text active-extra-styles \" data-block-type=\"unstyled\" data-block-weight=\"58\" data-pf_style_display=\"block\" data-pf_style_visibility=\"visible\">\n<p class=\"content-text__container added-to-list1\" data-track-category=\"Link no Texto\" data-track-links=\"\" data-pf_style_display=\"block\" data-pf_style_visibility=\"visible\"><span class=\"text-node\">Uma a\u00e7\u00e3o civil p\u00fablica tamb\u00e9m aponta suspeitas de utiliza\u00e7\u00e3o de garimpos fantasmas por Frederico para \u201cesquentar\u201d ouro retirado de reservas ambientais. Procurado, o empres\u00e1rio n\u00e3o respondeu. No processo, a defesa dele alegou que a empresa nunca teve conhecimento de que o ouro adquirido tinha envolvimento com atividades il\u00edcitas e que todas as transa\u00e7\u00f5es foram rigorosamente registradas na contabilidade. <\/span><\/p>\n<\/div>\n<div class=\"show-flourish-embed-block\" data-pf_style_display=\"block\" data-pf_style_visibility=\"visible\">\n<p class=\"show-flourish-embed-block__container show-flourish-embed-block__container--visualization added-to-list1\">\n<\/div>\n<div class=\"mc-column content-text active-extra-styles\" data-block-type=\"raw\" data-block-weight=\"4\" data-pf_style_display=\"block\" data-pf_style_visibility=\"visible\">\n<p class=\"content-intertitle added-to-list1\">\n<h2 data-pf_style_display=\"block\" data-pf_style_visibility=\"visible\"><span class=\"text-node\">\u2018Que ven\u00e7a o melhor\u2019<\/span><\/h2>\n<\/div>\n<div class=\"mc-column content-text active-extra-styles \" data-block-type=\"unstyled\" data-block-weight=\"70\" data-pf_style_display=\"block\" data-pf_style_visibility=\"visible\">\n<p class=\"content-text__container added-to-list1\" data-track-category=\"Link no Texto\" data-track-links=\"\" data-pf_style_display=\"block\" data-pf_style_visibility=\"visible\"><span class=\"text-node\">O maior doador eleitoral ligado ao garimpo nos \u00faltimos anos \u00e9 Valdinei Mauro de Souza, conhecido como Nei Garimpeiro, apelido que ganhou na \u00e9poca que retirava ouro do subsolo do Rio Tapaj\u00f3s com bateia e picareta. Em 2020, ele enviou R$ 200 mil para reeleger Valmir Climaco (MDB), o atual prefeito de Itaituba, onde o empres\u00e1rio possui uma licen\u00e7a para explorar ouro e autoriza\u00e7\u00f5es para pesquisar a exist\u00eancia do min\u00e9rio. <\/span><\/p>\n<\/div>\n<div class=\"mc-column content-text active-extra-styles \" data-block-type=\"unstyled\" data-block-weight=\"76\" data-pf_style_display=\"block\" data-pf_style_visibility=\"visible\">\n<p class=\"content-text__container added-to-list1\" data-track-category=\"Link no Texto\" data-track-links=\"\" data-pf_style_display=\"block\" data-pf_style_visibility=\"visible\"><span class=\"text-node\">Nei Garimpeiro tamb\u00e9m doou R$ 100 mil \u00e0 reelei\u00e7\u00e3o de Jair Bolsonaro (PL) em 2022. No caso do ex-presidente, o apoio extrapolou o financiamento de campanha e lhe rendeu uma a\u00e7\u00e3o na Justi\u00e7a do Trabalho por ass\u00e9dio eleitoral a funcion\u00e1rios de suas empresas \u2014 uma delas chegou a ser obrigada, na ocasi\u00e3o, a se abster de tentar influenciar o voto dos empregados. O magistrado tamb\u00e9m estipulou uma multa de R$ 10 mil se a press\u00e3o continuasse. <\/span><\/p>\n<\/div>\n<p class=\"content-ads content-ads--reveal added-to-list1\">\n<div class=\"mc-column content-text active-extra-styles \" data-block-type=\"unstyled\" data-block-weight=\"62\" data-pf_style_display=\"block\" data-pf_style_visibility=\"visible\">\n<p class=\"content-text__container added-to-list1\" data-track-category=\"Link no Texto\" data-track-links=\"\" data-pf_style_display=\"block\" data-pf_style_visibility=\"visible\"><span class=\"text-node\">A exemplo de outros empres\u00e1rios do garimpo que financiaram campanhas eleitorais, Nei Garimpeiro \u00e9 alvo de uma investiga\u00e7\u00e3o da PF. Ele \u00e9 suspeito de ser benefici\u00e1rio de um suposto esquema de contrabando de merc\u00fario de pa\u00edses como M\u00e9xico, Bol\u00edvia e China. O produto, considerado essencial para a extra\u00e7\u00e3o do ouro, tem a comercializa\u00e7\u00e3o controlada no Brasil pelo seu alto grau de toxicidade. <\/span><\/p>\n<\/div>\n<div class=\"show-flourish-embed-block\" data-pf_style_display=\"block\" data-pf_style_visibility=\"visible\">\n<p class=\"show-flourish-embed-block__container show-flourish-embed-block__container--visualization added-to-list1\">\n<\/div>\n<div class=\"mc-column content-text active-extra-styles \" data-block-type=\"unstyled\" data-block-weight=\"58\" data-pf_style_display=\"block\" data-pf_style_visibility=\"visible\">\n<p class=\"content-text__container added-to-list1\" data-track-category=\"Link no Texto\" data-track-links=\"\" data-pf_style_display=\"block\" data-pf_style_visibility=\"visible\"><span class=\"text-node\">O empres\u00e1rio foi alvo de mandados de busca e apreens\u00e3o em dezembro de 2022, ap\u00f3s comprar uma grande quantidade do produto trazida ao pa\u00eds de forma clandestina. Ele diz que n\u00e3o sabia das irregularidades da fornecedora e que a compra foi realizada com autoriza\u00e7\u00e3o do Ibama e da PF. O mandado foi posteriormente anulado pelo Tribunal Regional Federal. <\/span><\/p>\n<\/div>\n<div class=\"mc-column content-text active-extra-styles \" data-block-type=\"unstyled\" data-block-weight=\"29\" data-pf_style_display=\"block\" data-pf_style_visibility=\"visible\">\n<p class=\"content-text__container added-to-list1\" data-track-category=\"Link no Texto\" data-track-links=\"\" data-pf_style_display=\"block\" data-pf_style_visibility=\"visible\"><span class=\"text-node\">Sob a mira da PF, Nei Garimpeiro decidiu ficar longe da pol\u00edtica neste ano e disse que, desta vez, n\u00e3o se envolver\u00e1 com campanhas na cidade onde possui garimpos. <\/span><\/p>\n<\/div>\n<div class=\"mc-column content-text active-extra-styles \" data-block-type=\"unstyled\" data-block-weight=\"28\" data-pf_style_display=\"block\" data-pf_style_visibility=\"visible\">\n<p class=\"content-text__container added-to-list1\" data-track-category=\"Link no Texto\" data-track-links=\"\" data-pf_style_display=\"block\" data-pf_style_visibility=\"visible\"><span class=\"text-node\">\u2014 Conhe\u00e7o os dois candidatos (de Itaituba) e n\u00e3o participarei do processo eleitoral, nem com apoio, nem com doa\u00e7\u00f5es. Tor\u00e7o para que ven\u00e7a o melhor \u2014 afirmou ele. <\/span><\/p>\n<\/div>\n<div class=\"row medium-uncollapsed content-media content-photo\" data-block-type=\"backstage-photo\" data-pf_style_display=\"block\" data-pf_style_visibility=\"visible\">\n<div class=\"mc-column content-media__container\" data-pf_style_display=\"block\" data-pf_style_visibility=\"visible\">\n<div class=\"content-media-container\" data-pf_style_display=\"block\" data-pf_style_visibility=\"visible\">\n<figure class=\"content-media__figure pf-caption flex-width mediumImage pf-size-full\" data-pf_style_display=\"block\" data-pf_style_visibility=\"visible\"><img data-recalc-dims=\"1\" decoding=\"async\" class=\"content-media__image pf-large-image caption-img flex-width pf-size-full mediumImage\" src=\"https:\/\/i0.wp.com\/s2-oglobo.glbimg.com\/wUrGU5h1OPHWrmrmVchDCyQyWBI%3D\/0x0%3A5832x3856\/984x0\/smart\/filters%3Astrip_icc%28%29\/i.s3.glbimg.com\/v1\/AUTH_da025474c0c44edd99332dddb09cabe8\/internal_photos\/bs\/2024\/v\/T\/mMkttdQxOf9PePGYqZBg\/108507015-mariz-pa-itaituba-09-09-2024-igreja-religiao-vila-nova-transgarimpeira-especial-eleicoes.jpg?w=600&#038;ssl=1\" srcset=\"\" alt=\"Igreja evang\u00e9lica na Vila Nova, comunidade \u00e0s margens da Rodovia Transgarimpeira, em Itaituba, Par\u00e1 \u2014 Foto: Cristiano Mariz\/Ag\u00eancia O Globo\"  data-pf_style_display=\"inline\" data-pf_style_visibility=\"visible\" data-pf_rect_width=\"704\" data-pf_rect_height=\"36\" \/><figcaption class=\"content-media__description\" data-pf_style_display=\"block\" data-pf_style_visibility=\"visible\"><span class=\"text-node\">Igreja evang\u00e9lica na Vila Nova, comunidade \u00e0s margens da Rodovia Transgarimpeira, em Itaituba, Par\u00e1 \u2014 Foto: Cristiano Mariz\/Ag\u00eancia O Globo <\/span><\/figcaption><\/figure>\n<\/div>\n<\/div>\n<\/div>\n<p class=\"content-ads content-ads--reveal added-to-list1\">\n<div class=\"mc-column content-text active-extra-styles\" data-block-type=\"raw\" data-block-weight=\"3\" data-pf_style_display=\"block\" data-pf_style_visibility=\"visible\">\n<p class=\"content-intertitle added-to-list1\">\n<h2 data-pf_style_display=\"block\" data-pf_style_visibility=\"visible\"><span class=\"text-node\">A \u2018cidade pepita\u2019<\/span><\/h2>\n<\/div>\n<div class=\"mc-column content-text active-extra-styles \" data-block-type=\"unstyled\" data-block-weight=\"84\" data-pf_style_display=\"block\" data-pf_style_visibility=\"visible\">\n<p class=\"content-text__container added-to-list1\" data-track-category=\"Link no Texto\" data-track-links=\"\" data-pf_style_display=\"block\" data-pf_style_visibility=\"visible\"><span class=\"text-node\">Chamada de \u201cCidade Pepita\u201d, Itaituba \u00e9 a origem de 41% do ouro ilegal do territ\u00f3rio brasileiro, segundo um estudo da Universidade Federal de Minas Gerais (UFMG). A rela\u00e7\u00e3o entre o min\u00e9rio e a pol\u00edtica pode ser observada logo na sede da prefeitura, instalada ao lado de uma cooperativa de garimpeiros, um posto de compra e venda do metal precioso e uma empresa de t\u00e1xi a\u00e9reo. Os dois primeiros estabelecimentos, por\u00e9m, est\u00e3o atualmente fechados em raz\u00e3o de opera\u00e7\u00f5es da PF por suspeita de crime ambiental. <\/span><\/p>\n<\/div>\n<div class=\"mc-column content-text active-extra-styles \" data-block-type=\"unstyled\" data-block-weight=\"104\" data-pf_style_display=\"block\" data-pf_style_visibility=\"visible\">\n<p class=\"content-text__container added-to-list1\" data-track-category=\"Link no Texto\" data-track-links=\"\" data-pf_style_display=\"block\" data-pf_style_visibility=\"visible\"><span class=\"text-node\">Os dois principais monumentos da cidade s\u00e3o a est\u00e1tua de um garimpeiro com sua bateia (utens\u00edlio usado para minera\u00e7\u00e3o) e de um pequeno avi\u00e3o usado na d\u00e9cada de 1980 para se chegar \u00e0s \u00e1reas de garimpo. As ruas levam nomes de garimpeiros hist\u00f3ricos \u2014 como o de Wagner Domingues, o \u201cPai Velho\u201d \u2014 e os a\u00e7ougues, padarias e farm\u00e1cias homenageiam a principal fonte de renda do munic\u00edpio: Boi de Ouro, P\u00e3o de Ouro e Ouro Farma. O plen\u00e1rio da C\u00e2mara Municipal exibe um grande painel com a imagem de um garimpeiro e o hino oficial canta na estrofe \u201cos garimpos, as praias, a fonte\u201d. <\/span><\/p>\n<\/div>\n<div class=\"row medium-uncollapsed content-media content-photo\" data-block-type=\"backstage-photo\" data-pf_style_display=\"block\" data-pf_style_visibility=\"visible\">\n<div class=\"mc-column content-media__container\" data-pf_style_display=\"block\" data-pf_style_visibility=\"visible\">\n<div class=\"content-media-container\" data-pf_style_display=\"block\" data-pf_style_visibility=\"visible\">\n<figure class=\"content-media__figure pf-caption flex-width mediumImage pf-size-full\" data-pf_style_display=\"block\" data-pf_style_visibility=\"visible\"><img data-recalc-dims=\"1\" decoding=\"async\" class=\"content-media__image pf-large-image caption-img flex-width pf-size-full mediumImage\" src=\"https:\/\/i0.wp.com\/s2-oglobo.glbimg.com\/sbxZSeHNYdx7yJ7Zhcn2K-d3QKU%3D\/0x0%3A1920x1321\/984x0\/smart\/filters%3Astrip_icc%28%29\/i.s3.glbimg.com\/v1\/AUTH_da025474c0c44edd99332dddb09cabe8\/internal_photos\/bs\/2024\/d\/6\/lBpen2QZScfI1cIiatBg\/foto2.jpg?w=600&#038;ssl=1\" srcset=\"\" alt=\"Rua S\u00e3o Jos\u00e9, conhecida como Rua do Ouro, em Itaituba (PA) \u2014 Foto: Cristiano Mariz\/Ag\u00eancia O Globo\"  data-pf_style_display=\"inline\" data-pf_style_visibility=\"visible\" data-pf_rect_width=\"694.40625\" data-pf_rect_height=\"18\" \/><figcaption class=\"content-media__description\" data-pf_style_display=\"block\" data-pf_style_visibility=\"visible\"><span class=\"text-node\">Rua S\u00e3o Jos\u00e9, conhecida como Rua do Ouro, em Itaituba (PA) \u2014 Foto: Cristiano Mariz\/Ag\u00eancia O Globo <\/span><\/figcaption><\/figure>\n<\/div>\n<\/div>\n<\/div>\n<div class=\"mc-column content-text active-extra-styles \" data-block-type=\"unstyled\" data-block-weight=\"58\" data-pf_style_display=\"block\" data-pf_style_visibility=\"visible\">\n<p class=\"content-text__container added-to-list1\" data-track-category=\"Link no Texto\" data-track-links=\"\" data-pf_style_display=\"block\" data-pf_style_visibility=\"visible\"><span class=\"text-node\">Itaituba responde, sozinha, por 30% de todas as permiss\u00f5es de lavra garimpeira (PLGs) do pa\u00eds \u2014 a autoriza\u00e7\u00e3o oficial para que um garimpeiro possa escavar o subsolo em busca do metal precioso. A prolifera\u00e7\u00e3o dessas licen\u00e7as, que al\u00e7ou a cidade ao topo da explora\u00e7\u00e3o do ouro no pa\u00eds, tem sido alvo da PF e do Minist\u00e9rio P\u00fablico Federal. <\/span><\/p>\n<\/div>\n<p class=\"content-ads content-ads--reveal added-to-list1\">\n<div class=\"mc-column content-text active-extra-styles \" data-block-type=\"unstyled\" data-block-weight=\"43\" data-pf_style_display=\"block\" data-pf_style_visibility=\"visible\">\n<p class=\"content-text__container added-to-list1\" data-track-category=\"Link no Texto\" data-track-links=\"\" data-pf_style_display=\"block\" data-pf_style_visibility=\"visible\"><span class=\"text-node\">Uma das respons\u00e1veis pelas investiga\u00e7\u00f5es, a procuradora Thais Medeiros aponta que o modelo em que cabe ao prefeito autorizar novas \u00e1reas de minera\u00e7\u00e3o \u00e9 \u201cfr\u00e1gil\u201d, pois vinha sendo utilizado para \u201clegalizar\u201d o ouro extra\u00eddo de reservas ind\u00edgenas e unidades de conserva\u00e7\u00e3o da Amaz\u00f4nia. <\/span><\/p>\n<\/div>\n<div class=\"mc-column content-text active-extra-styles \" data-block-type=\"unstyled\" data-block-weight=\"48\" data-pf_style_display=\"block\" data-pf_style_visibility=\"visible\">\n<p class=\"content-text__container added-to-list1\" data-track-category=\"Link no Texto\" data-track-links=\"\" data-pf_style_display=\"block\" data-pf_style_visibility=\"visible\"><span class=\"text-node\">\u2014 O licenciamento pelas prefeituras dificulta a fiscaliza\u00e7\u00e3o de \u00f3rg\u00e3os ambientais. E h\u00e1 uma possibilidade de isso estar sendo utilizado como mecanismo de ganho pol\u00edtico, porque nos munic\u00edpios do Par\u00e1 a atividade de minera\u00e7\u00e3o e garimpagem \u00e9 a principal fonte de renda para grupos econ\u00f4micos \u2014 explica Medeiros. <\/span><\/p>\n<\/div>\n<div class=\"show-flourish-embed-block\" data-pf_style_display=\"block\" data-pf_style_visibility=\"visible\">\n<p class=\"show-flourish-embed-block__container show-flourish-embed-block__container--visualization added-to-list1\">\n<\/div>\n<div class=\"mc-column content-text active-extra-styles \" data-block-type=\"unstyled\" data-block-weight=\"42\" data-pf_style_display=\"block\" data-pf_style_visibility=\"visible\">\n<p class=\"content-text__container added-to-list1\" data-track-category=\"Link no Texto\" data-track-links=\"\" data-pf_style_display=\"block\" data-pf_style_visibility=\"visible\"><span class=\"text-node\">A expans\u00e3o de licen\u00e7as de explora\u00e7\u00e3o de ouro em Itaituba \u00e9 atribu\u00edda ao atual prefeito, o garimpeiro Valmir Climaco (MDB), que, em seu terceiro mandato \u00e0 frente de Itaituba, j\u00e1 declarou ter liberado de 400 a 500 \u00e1reas de minera\u00e7\u00e3o na cidade. <\/span><\/p>\n<\/div>\n<div class=\"mc-column content-text active-extra-styles \" data-block-type=\"unstyled\" data-block-weight=\"68\" data-pf_style_display=\"block\" data-pf_style_visibility=\"visible\">\n<p class=\"content-text__container added-to-list1\" data-track-category=\"Link no Texto\" data-track-links=\"\" data-pf_style_display=\"block\" data-pf_style_visibility=\"visible\"><span class=\"text-node\">Climaco j\u00e1 foi processado por extrair ouro de garimpo irregular na Amaz\u00f4nia. A Justi\u00e7a Federal decidiu suspender a a\u00e7\u00e3o, em 2022, depois que o prefeito aceitou pagar uma multa de R$ 40 mil. Em outro caso, foi condenado a 4 anos e 9 meses de pris\u00e3o em 2019 por desmatar \u00e1rea de preserva\u00e7\u00e3o na mesma regi\u00e3o. Ele nega irregularidades e afirma que, atualmente, s\u00f3 atua em locais legalizados. <\/span><\/p>\n<\/div>\n<p class=\"content-ads content-ads--reveal added-to-list1\">\n<div class=\"show-flourish-embed-block\" data-pf_style_display=\"block\" data-pf_style_visibility=\"visible\">\n<p class=\"show-flourish-embed-block__container show-flourish-embed-block__container--visualization added-to-list1\">\n<\/div>\n<div class=\"mc-column content-text active-extra-styles \" data-block-type=\"unstyled\" data-block-weight=\"58\" data-pf_style_display=\"block\" data-pf_style_visibility=\"visible\">\n<p class=\"content-text__container added-to-list1\" data-track-category=\"Link no Texto\" data-track-links=\"\" data-pf_style_display=\"block\" data-pf_style_visibility=\"visible\"><span class=\"text-node\">Em busca de tentar emplacar como sucessor o seu vice, Nicodemus Aguiar (MDB), Climaco tem recorrido ao apoio de garimpeiros da regi\u00e3o. No \u00faltimo dia 5 de setembro, ele participou de um evento na sede de uma das maiores cooperativas de exploradores de ouro da cidade. Ao falar com eleitores, comparou a busca por votos \u00e0 de riquezas: <\/span><\/p>\n<\/div>\n<div class=\"mc-column content-text active-extra-styles \" data-block-type=\"unstyled\" data-block-weight=\"8\" data-pf_style_display=\"block\" data-pf_style_visibility=\"visible\">\n<p class=\"content-text__container added-to-list1\" data-track-category=\"Link no Texto\" data-track-links=\"\" data-pf_style_display=\"block\" data-pf_style_visibility=\"visible\"><span class=\"text-node\">\u2014 Quanto mais se tem, mais se quer. <\/span><\/p>\n<\/div>\n<div data-track-category=\"multicontent\" data-track-action=\"ultimo chunk conteudo\" data-track-noninteraction=\"false\" data-track-scroll=\"view\" data-pf_style_display=\"block\" data-pf_style_visibility=\"visible\">\n<div class=\"row medium-uncollapsed content-media content-photo\" data-block-type=\"backstage-photo\" data-pf_style_display=\"block\" data-pf_style_visibility=\"visible\">\n<div class=\"mc-column content-media__container\" data-pf_style_display=\"block\" data-pf_style_visibility=\"visible\">\n<div class=\"content-media-container\" data-pf_style_display=\"block\" data-pf_style_visibility=\"visible\">\n<figure class=\"content-media__figure pf-caption flex-width mediumImage pf-size-full\" data-pf_style_display=\"block\" data-pf_style_visibility=\"visible\"><img data-recalc-dims=\"1\" decoding=\"async\" class=\"content-media__image pf-large-image caption-img flex-width pf-size-full mediumImage\" src=\"https:\/\/i0.wp.com\/s2-oglobo.glbimg.com\/GpVJhFg1mkc7SReFUIIq2Yeh8Ac%3D\/0x0%3A3000x2000\/984x0\/smart\/filters%3Astrip_icc%28%29\/i.s3.glbimg.com\/v1\/AUTH_da025474c0c44edd99332dddb09cabe8\/internal_photos\/bs\/2024\/v\/Y\/ZUGC4yQBu1MAxH8MB5Fw\/108506920-mariz-pa-itaituba-06-09-2024-rio-tapajos-trabalhadores-balsa-especial-eleicoes-politica-g.jpg?w=600&#038;ssl=1\" srcset=\"\" alt=\"Balsa que transporta trabalhadores diariamente \u00e0s margens do Rio Tapaj\u00f3s, na cidade de Itaituba (PA.) \u2014 Foto: Cristiano Mariz\/Ag\u00eancia O Globo\"  data-pf_style_display=\"inline\" data-pf_style_visibility=\"visible\" data-pf_rect_width=\"704\" data-pf_rect_height=\"36\" \/><figcaption class=\"content-media__description\" data-pf_style_display=\"block\" data-pf_style_visibility=\"visible\"><span class=\"text-node\">Balsa que transporta trabalhadores diariamente \u00e0s margens do Rio Tapaj\u00f3s, na cidade de Itaituba (PA.) \u2014 Foto: Cristiano Mariz\/Ag\u00eancia O Globo<\/span><\/figcaption><\/figure>\n<\/div>\n<\/div>\n<\/div>\n<\/div>\n<\/div>\n","protected":false},"excerpt":{"rendered":"<p>O Globo, por Eduardo Gon\u00e7alves e Cristiano Mariz &#8211; Sob a luz de refletores improvisados na ca\u00e7amba de uma caminhonete, um grupo de cerca de 30 pessoas se reunia para tratar de elei\u00e7\u00f5es numa vila garimpeira instalada no cora\u00e7\u00e3o da floresta amaz\u00f4nica, em Itaituba (PA), a 1.200 quil\u00f4metros da capital Bel\u00e9m, no dia 14 de&#8230;<a class=\"more-link\" href=\"http:\/\/blogdalucianaoliveira.com.br\/blog\/2024\/09\/22\/o-garimpo-no-poder-como-investigados-por-exploracao-ilegal-influenciam-as-eleicoes-em-cidades-da-amazonia\/\">Continue a leitura <span class=\"meta-nav\">&raquo;<\/span><\/a><\/p>\n","protected":false},"author":1,"featured_media":0,"comment_status":"closed","ping_status":"open","sticky":false,"template":"","format":"standard","meta":{"_exactmetrics_skip_tracking":false,"_exactmetrics_sitenote_active":false,"_exactmetrics_sitenote_note":"","_exactmetrics_sitenote_category":0,"jetpack_post_was_ever_published":false,"_jetpack_newsletter_access":"","_jetpack_dont_email_post_to_subs":false,"_jetpack_newsletter_tier_id":0,"_jetpack_memberships_contains_paywalled_content":false,"_jetpack_memberships_contains_paid_content":false,"footnotes":"","jetpack_publicize_message":"","jetpack_publicize_feature_enabled":true,"jetpack_social_post_already_shared":true,"jetpack_social_options":{"image_generator_settings":{"template":"highway","enabled":false},"version":2}},"categories":[1],"tags":[252,195,4],"class_list":["post-35986","post","type-post","status-publish","format-standard","hentry","category-notas","tag-amazonia","tag-garimpo","tag-politica"],"jetpack_publicize_connections":[],"jetpack_sharing_enabled":true,"jetpack_featured_media_url":"","jetpack_shortlink":"https:\/\/wp.me\/p7wKYW-9mq","jetpack-related-posts":[],"_links":{"self":[{"href":"http:\/\/blogdalucianaoliveira.com.br\/blog\/wp-json\/wp\/v2\/posts\/35986","targetHints":{"allow":["GET"]}}],"collection":[{"href":"http:\/\/blogdalucianaoliveira.com.br\/blog\/wp-json\/wp\/v2\/posts"}],"about":[{"href":"http:\/\/blogdalucianaoliveira.com.br\/blog\/wp-json\/wp\/v2\/types\/post"}],"author":[{"embeddable":true,"href":"http:\/\/blogdalucianaoliveira.com.br\/blog\/wp-json\/wp\/v2\/users\/1"}],"replies":[{"embeddable":true,"href":"http:\/\/blogdalucianaoliveira.com.br\/blog\/wp-json\/wp\/v2\/comments?post=35986"}],"version-history":[{"count":1,"href":"http:\/\/blogdalucianaoliveira.com.br\/blog\/wp-json\/wp\/v2\/posts\/35986\/revisions"}],"predecessor-version":[{"id":35988,"href":"http:\/\/blogdalucianaoliveira.com.br\/blog\/wp-json\/wp\/v2\/posts\/35986\/revisions\/35988"}],"wp:attachment":[{"href":"http:\/\/blogdalucianaoliveira.com.br\/blog\/wp-json\/wp\/v2\/media?parent=35986"}],"wp:term":[{"taxonomy":"category","embeddable":true,"href":"http:\/\/blogdalucianaoliveira.com.br\/blog\/wp-json\/wp\/v2\/categories?post=35986"},{"taxonomy":"post_tag","embeddable":true,"href":"http:\/\/blogdalucianaoliveira.com.br\/blog\/wp-json\/wp\/v2\/tags?post=35986"}],"curies":[{"name":"wp","href":"https:\/\/api.w.org\/{rel}","templated":true}]}}