{"id":35989,"date":"2024-09-23T07:00:58","date_gmt":"2024-09-23T11:00:58","guid":{"rendered":"http:\/\/blogdalucianaoliveira.com.br\/blog\/?p=35989"},"modified":"2024-09-23T07:00:58","modified_gmt":"2024-09-23T11:00:58","slug":"ato-em-sao-paulo-alerta-para-crise-climatica-e-cobra-acoes-efetivas-de-autoridades","status":"publish","type":"post","link":"http:\/\/blogdalucianaoliveira.com.br\/blog\/2024\/09\/23\/ato-em-sao-paulo-alerta-para-crise-climatica-e-cobra-acoes-efetivas-de-autoridades\/","title":{"rendered":"Ato em S\u00e3o Paulo alerta para crise clim\u00e1tica e cobra a\u00e7\u00f5es efetivas de autoridades"},"content":{"rendered":"<p><img data-recalc-dims=\"1\" loading=\"lazy\" decoding=\"async\" data-attachment-id=\"35990\" data-permalink=\"http:\/\/blogdalucianaoliveira.com.br\/blog\/2024\/09\/23\/ato-em-sao-paulo-alerta-para-crise-climatica-e-cobra-acoes-efetivas-de-autoridades\/img_0329\/\" data-orig-file=\"https:\/\/i0.wp.com\/blogdalucianaoliveira.com.br\/blog\/wp-content\/uploads\/2024\/09\/IMG_0329.jpeg?fit=1029%2C565\" data-orig-size=\"1029,565\" data-comments-opened=\"0\" data-image-meta=\"{&quot;aperture&quot;:&quot;0&quot;,&quot;credit&quot;:&quot;&quot;,&quot;camera&quot;:&quot;&quot;,&quot;caption&quot;:&quot;&quot;,&quot;created_timestamp&quot;:&quot;0&quot;,&quot;copyright&quot;:&quot;&quot;,&quot;focal_length&quot;:&quot;0&quot;,&quot;iso&quot;:&quot;0&quot;,&quot;shutter_speed&quot;:&quot;0&quot;,&quot;title&quot;:&quot;&quot;,&quot;orientation&quot;:&quot;1&quot;}\" data-image-title=\"IMG_0329\" data-image-description=\"\" data-image-caption=\"\" data-medium-file=\"https:\/\/i0.wp.com\/blogdalucianaoliveira.com.br\/blog\/wp-content\/uploads\/2024\/09\/IMG_0329.jpeg?fit=300%2C165\" data-large-file=\"https:\/\/i0.wp.com\/blogdalucianaoliveira.com.br\/blog\/wp-content\/uploads\/2024\/09\/IMG_0329.jpeg?fit=600%2C329\" class=\"alignnone size-full wp-image-35990\" src=\"https:\/\/i0.wp.com\/blogdalucianaoliveira.com.br\/blog\/wp-content\/uploads\/2024\/09\/IMG_0329.jpeg?resize=600%2C329\" alt=\"\" width=\"600\" height=\"329\" srcset=\"https:\/\/i0.wp.com\/blogdalucianaoliveira.com.br\/blog\/wp-content\/uploads\/2024\/09\/IMG_0329.jpeg?w=1029 1029w, https:\/\/i0.wp.com\/blogdalucianaoliveira.com.br\/blog\/wp-content\/uploads\/2024\/09\/IMG_0329.jpeg?resize=300%2C165 300w, https:\/\/i0.wp.com\/blogdalucianaoliveira.com.br\/blog\/wp-content\/uploads\/2024\/09\/IMG_0329.jpeg?resize=1024%2C562 1024w, https:\/\/i0.wp.com\/blogdalucianaoliveira.com.br\/blog\/wp-content\/uploads\/2024\/09\/IMG_0329.jpeg?resize=768%2C422 768w, https:\/\/i0.wp.com\/blogdalucianaoliveira.com.br\/blog\/wp-content\/uploads\/2024\/09\/IMG_0329.jpeg?resize=546%2C300 546w\" sizes=\"auto, (max-width: 600px) 100vw, 600px\" \/><\/p>\n<p>Cidades de cinco estados e do DF foram palco de manifesta\u00e7\u00f5es em meio \u00e0s queimadas que tomam o pa\u00eds.<\/p>\n<p><!--more--><br \/>\nICL &#8211; Em meio \u00e0s queimadas que assolam o pa\u00eds, manifestantes foram \u00e0s ruas de S\u00e3o Paulo neste domingo (22) para denunciar a crise clim\u00e1tica e cobrar a atua\u00e7\u00e3o de autoridades pol\u00edticas para a mitiga\u00e7\u00e3o dos efeitos sentidos pela popula\u00e7\u00e3o. Na capital paulista, a Marcha por Justi\u00e7a Clim\u00e1tica foi realizada na avenida Paulista. Atos tamb\u00e9m foram registrados em outras cidades do estado, como Piracaia, Campinas, Bauru, Ribeir\u00e3o Preto, Limeira, Sorocaba, Piracicaba e S\u00e3o Roque.<\/p>\n<p>Presente na manifesta\u00e7\u00e3o em S\u00e3o Paulo, a ativista ind\u00edgena Txai Suru\u00ed lembrou o per\u00edodo de campanha eleitoral vivido pelo pa\u00eds, \u00e0s v\u00e9speras de elei\u00e7\u00f5es municipais, e ressaltou a import\u00e2ncia de cobrar o comprometimento de pol\u00edticos com a pauta clim\u00e1tica.<\/p>\n<p>\u201cTem pol\u00edticos que n\u00e3o falam da pauta clim\u00e1tica, da pauta ambiental, da pauta dos direitos humanos. Estamos aqui para dizer que o povo est\u00e1 de olhos abertos, para dizer que a gente n\u00e3o aceita que os nossos direitos sejam negociados, que o nosso futuro seja vendido\u201d, disse.<\/p>\n<p>Para refor\u00e7ar a relev\u00e2ncia do voto em candidaturas que tenham compromisso com o meio ambiente, a jovem Gabriela Gomes levou um cartaz com os dizeres \u201cvote pelo clima\u201d. Ela participa de organiza\u00e7\u00f5es que dialogam sobre a pauta ambiental com a juventude, como o Instituto Refloresta e a Coaliz\u00e3o Clima de Mudan\u00e7a.<\/p>\n<p>\u201cVotar pelo clima \u00e9 falar sobre o nosso presente e futuro. A gente fica nessa coisa de futuro o tempo inteiro, mas estamos sofrendo com as consequ\u00eancias da crise clim\u00e1tica agora. Precisamos de pol\u00edticas efetivas e de pessoas que levem a s\u00e9rio a pauta clim\u00e1tica, vereadores, prefeitos, pessoas que est\u00e3o do nosso lado. A gente acha que s\u00f3 o presidente pode fazer alguma coisa pelo clima, mas a gente precisa das pessoas perto da gente comprometidas com essa pauta tamb\u00e9m\u201d, destacou a Gabriela Gomes, que tamb\u00e9m tem um projeto de podcast que discute meio ambiente com a juventude.<\/p>\n<p>A presen\u00e7a de ind\u00edgenas foi marcante na manifesta\u00e7\u00e3o. Eles denunciaram o assassinato de lideran\u00e7as e destacaram o cen\u00e1rio de inseguran\u00e7a jur\u00eddica provocado pela aprova\u00e7\u00e3o da tese do marco temporal, que levou ao acirramento de conflitos. Txai Suru\u00ed recordou o recente\u00a0assassinato do jovem\u00a0Guarani Kaiow\u00e1 Neri Ramos, atingido pela pol\u00edcia do Mato Grosso do Sul em uma retomada no \u00faltimo dia 18 de setembro.<\/p>\n<p>\u201cA gente est\u00e1 aqui para mostrar a voz dos povos ind\u00edgenas, para dizer \u2018n\u00e3o\u2019 ao genoc\u00eddio, dizer \u2018sim\u2019 \u00e0 demarca\u00e7\u00e3o. O marco temporal \u00e9 uma tese genocida, que mata n\u00e3o s\u00f3 n\u00f3s, povos ind\u00edgenas. Essa n\u00e3o \u00e9 uma luta s\u00f3 nossa, \u00e9 uma luta de todos\u201d, afirmou Txai Suru\u00ed.<\/p>\n<h2>Agroneg\u00f3cio predat\u00f3rio agrava a crise<\/h2>\n<p>A marcha em S\u00e3o Paulo, convocada pela Coaliz\u00e3o pelo Clima, reuniu ativistas, movimentos populares, sindicatos e diversas organiza\u00e7\u00f5es que atuam no campo da pauta clim\u00e1tica e ambiental. A contribui\u00e7\u00e3o do agroneg\u00f3cio predat\u00f3rio para a atual crise foi destacada pela integrante do Movimento dos Trabalhadores Rurais Sem Terra (MST) Rosana Santos, que cobrou uma mudan\u00e7a urgente no \u201ccomportamento destrutivo\u201d do setor.<\/p>\n<p>\u201cSe a gente n\u00e3o parar as queimadas, o desmatamento, com esse agroneg\u00f3cio que envenena as terras, envenena os rios, que envenena tudo e queima, a gente n\u00e3o vai ter mais como sobreviver no planeta. Ent\u00e3o, temos que lutar pela mudan\u00e7a desse comportamento destrutivo, que visa o lucro\u201d, aponta.<\/p>\n<div id=\"attachment_30469\" class=\"wp-caption aligncenter\"><img data-recalc-dims=\"1\" loading=\"lazy\" decoding=\"async\" class=\"wp-image-30469 size-full\" title=\"crise\" src=\"https:\/\/i0.wp.com\/icln.b-cdn.net\/wp-content\/uploads\/2024\/09\/image_processing20240922-2362994-rfyjx2-e1727081845464.webp?resize=600%2C348&#038;ssl=1\" alt=\"\" width=\"600\" height=\"348\" aria-describedby=\"caption-attachment-30469\" \/><\/p>\n<p id=\"caption-attachment-30469\" class=\"wp-caption-text\"><em>Com cartazes, manifestantes denunciam queimadas que atingem o pa\u00eds \/ Divulga\u00e7\u00e3o \\ Greenpeace<\/em><\/p>\n<\/div>\n<p>Al\u00e9m de chamar a aten\u00e7\u00e3o para a situa\u00e7\u00e3o de calamidade, os manifestantes tamb\u00e9m exigiram\u00a0puni\u00e7\u00e3o \u00e0s pessoas que atearam fogo de forma criminosa\u00a0nas \u00faltimas semanas.<\/p>\n<p>Autoridades do governo v\u00eam apontando ind\u00edcios de que parte dos inc\u00eandios que tomaram conta do pa\u00eds foi causada por a\u00e7\u00e3o humana de forma intencional. A Pol\u00edcia Federal tem mais de 50\u00a0investiga\u00e7\u00f5es abertas\u00a0nesse sentido.<\/p>\n<p>\u201cEu estou aqui lutando pelo fim do agro predat\u00f3rio, refor\u00e7ando que sem natureza a gente n\u00e3o existe, sem a prote\u00e7\u00e3o dos territ\u00f3rios tudo vai ruir. A gente precisa estar aqui, ocupar as ruas, cobrar a pol\u00edtica para que as mudan\u00e7as concretas sejam feitas\u201d, refor\u00e7ou Mahryan Sampaio, co-fundadora da ONG Perifa Sustent\u00e1vel.<\/p>\n<h2>A\u00e7\u00f5es efetivas<\/h2>\n<p>Outras pautas levadas aos atos foram a prote\u00e7\u00e3o ao modo de vida das\u00a0comunidades tradicionais, afetadas diretamente pela crise clim\u00e1tica.\u00a0As manifesta\u00e7\u00f5es pedem respeito \u00e0 Conven\u00e7\u00e3o 169 da Organiza\u00e7\u00e3o Internacional do Trabalho (OIT), demarca\u00e7\u00e3o das terras ind\u00edgenas, titula\u00e7\u00e3o das terras quilombolas, reforma agr\u00e1ria popular e investimentos na agricultura familiar.<\/p>\n<p>Outras propostas pedem reorganiza\u00e7\u00e3o do Plano Safra; prote\u00e7\u00e3o da sa\u00fade dos trabalhadores em dias de grande polui\u00e7\u00e3o; cria\u00e7\u00e3o de um programa de empregos de interesse p\u00fablico-comunit\u00e1rio; investimentos para a indu\u00e7\u00e3o de cadeias produtivas de baixo impacto ambiental; cria\u00e7\u00e3o de um programa de restaura\u00e7\u00e3o de biomas e exclus\u00e3o dos investimentos em mitiga\u00e7\u00e3o e adapta\u00e7\u00e3o \u00e0s emerg\u00eancias clim\u00e1ticas dos limites impostos pelo novo arcabou\u00e7o fiscal.<\/p>\n<h2>Atos pelo pa\u00eds<\/h2>\n<p>Na sexta-feira (20), a\u00a0Coaliz\u00e3o Pelo Clima\u00a0organizou uma manifesta\u00e7\u00e3o com o mesmo intuito no Rio de Janeiro. O evento encerrou com um encontro nos Arcos da Lapa para lan\u00e7amento do manifesto\u00a0Rio Capital do Ca\u00f4 Clim\u00e1tico.<\/p>\n<p>J\u00e1 no s\u00e1bado (21), foi a vez de manifestantes de\u00a0Curitiba (PR)\u00a0ocuparem as ruas do centro da capital paranaense no ato intitulado\u00a0Chega de Fuma\u00e7a!<\/p>\n<p>Londrina (PR), Florian\u00f3polis (SC), Belo Horizonte (BH) e o Distrito Federal tamb\u00e9m registraram manifesta\u00e7\u00f5es.<\/p>\n","protected":false},"excerpt":{"rendered":"<p>Cidades de cinco estados e do DF foram palco de manifesta\u00e7\u00f5es em meio \u00e0s queimadas que tomam o pa\u00eds.<\/p>\n","protected":false},"author":1,"featured_media":0,"comment_status":"closed","ping_status":"open","sticky":false,"template":"","format":"standard","meta":{"_exactmetrics_skip_tracking":false,"_exactmetrics_sitenote_active":false,"_exactmetrics_sitenote_note":"","_exactmetrics_sitenote_category":0,"jetpack_post_was_ever_published":false,"_jetpack_newsletter_access":"","_jetpack_dont_email_post_to_subs":false,"_jetpack_newsletter_tier_id":0,"_jetpack_memberships_contains_paywalled_content":false,"_jetpack_memberships_contains_paid_content":false,"footnotes":"","jetpack_publicize_message":"","jetpack_publicize_feature_enabled":true,"jetpack_social_post_already_shared":true,"jetpack_social_options":{"image_generator_settings":{"template":"highway","enabled":false},"version":2}},"categories":[1],"tags":[905,1130,306,568],"class_list":["post-35989","post","type-post","status-publish","format-standard","hentry","category-notas","tag-clima","tag-emergencia","tag-indigenas","tag-manifestacao"],"jetpack_publicize_connections":[],"jetpack_sharing_enabled":true,"jetpack_featured_media_url":"","jetpack_shortlink":"https:\/\/wp.me\/p7wKYW-9mt","jetpack-related-posts":[],"_links":{"self":[{"href":"http:\/\/blogdalucianaoliveira.com.br\/blog\/wp-json\/wp\/v2\/posts\/35989","targetHints":{"allow":["GET"]}}],"collection":[{"href":"http:\/\/blogdalucianaoliveira.com.br\/blog\/wp-json\/wp\/v2\/posts"}],"about":[{"href":"http:\/\/blogdalucianaoliveira.com.br\/blog\/wp-json\/wp\/v2\/types\/post"}],"author":[{"embeddable":true,"href":"http:\/\/blogdalucianaoliveira.com.br\/blog\/wp-json\/wp\/v2\/users\/1"}],"replies":[{"embeddable":true,"href":"http:\/\/blogdalucianaoliveira.com.br\/blog\/wp-json\/wp\/v2\/comments?post=35989"}],"version-history":[{"count":1,"href":"http:\/\/blogdalucianaoliveira.com.br\/blog\/wp-json\/wp\/v2\/posts\/35989\/revisions"}],"predecessor-version":[{"id":35991,"href":"http:\/\/blogdalucianaoliveira.com.br\/blog\/wp-json\/wp\/v2\/posts\/35989\/revisions\/35991"}],"wp:attachment":[{"href":"http:\/\/blogdalucianaoliveira.com.br\/blog\/wp-json\/wp\/v2\/media?parent=35989"}],"wp:term":[{"taxonomy":"category","embeddable":true,"href":"http:\/\/blogdalucianaoliveira.com.br\/blog\/wp-json\/wp\/v2\/categories?post=35989"},{"taxonomy":"post_tag","embeddable":true,"href":"http:\/\/blogdalucianaoliveira.com.br\/blog\/wp-json\/wp\/v2\/tags?post=35989"}],"curies":[{"name":"wp","href":"https:\/\/api.w.org\/{rel}","templated":true}]}}