{"id":35995,"date":"2024-09-24T10:37:09","date_gmt":"2024-09-24T14:37:09","guid":{"rendered":"http:\/\/blogdalucianaoliveira.com.br\/blog\/?p=35995"},"modified":"2024-09-24T10:37:09","modified_gmt":"2024-09-24T14:37:09","slug":"na-amazonia-trecho-do-rio-solimoes-vira-deserto-pelo-2o-ano-consecutivo","status":"publish","type":"post","link":"http:\/\/blogdalucianaoliveira.com.br\/blog\/2024\/09\/24\/na-amazonia-trecho-do-rio-solimoes-vira-deserto-pelo-2o-ano-consecutivo\/","title":{"rendered":"Na Amaz\u00f4nia, trecho do rio Solim\u00f5es vira deserto pelo 2\u00ba ano consecutivo"},"content":{"rendered":"<p><img data-recalc-dims=\"1\" loading=\"lazy\" decoding=\"async\" data-attachment-id=\"35996\" data-permalink=\"http:\/\/blogdalucianaoliveira.com.br\/blog\/2024\/09\/24\/na-amazonia-trecho-do-rio-solimoes-vira-deserto-pelo-2o-ano-consecutivo\/img_0376-3\/\" data-orig-file=\"https:\/\/i0.wp.com\/blogdalucianaoliveira.com.br\/blog\/wp-content\/uploads\/2024\/09\/IMG_0376.webp?fit=820%2C547\" data-orig-size=\"820,547\" data-comments-opened=\"0\" data-image-meta=\"{&quot;aperture&quot;:&quot;0&quot;,&quot;credit&quot;:&quot;&quot;,&quot;camera&quot;:&quot;&quot;,&quot;caption&quot;:&quot;&quot;,&quot;created_timestamp&quot;:&quot;0&quot;,&quot;copyright&quot;:&quot;&quot;,&quot;focal_length&quot;:&quot;0&quot;,&quot;iso&quot;:&quot;0&quot;,&quot;shutter_speed&quot;:&quot;0&quot;,&quot;title&quot;:&quot;&quot;,&quot;orientation&quot;:&quot;0&quot;}\" data-image-title=\"IMG_0376\" data-image-description=\"\" data-image-caption=\"\" data-medium-file=\"https:\/\/i0.wp.com\/blogdalucianaoliveira.com.br\/blog\/wp-content\/uploads\/2024\/09\/IMG_0376.webp?fit=300%2C200\" data-large-file=\"https:\/\/i0.wp.com\/blogdalucianaoliveira.com.br\/blog\/wp-content\/uploads\/2024\/09\/IMG_0376.webp?fit=600%2C400\" class=\"alignnone size-full wp-image-35996\" src=\"https:\/\/i0.wp.com\/blogdalucianaoliveira.com.br\/blog\/wp-content\/uploads\/2024\/09\/IMG_0376.webp?resize=600%2C400\" alt=\"\" width=\"600\" height=\"400\" srcset=\"https:\/\/i0.wp.com\/blogdalucianaoliveira.com.br\/blog\/wp-content\/uploads\/2024\/09\/IMG_0376.webp?w=820 820w, https:\/\/i0.wp.com\/blogdalucianaoliveira.com.br\/blog\/wp-content\/uploads\/2024\/09\/IMG_0376.webp?resize=300%2C200 300w, https:\/\/i0.wp.com\/blogdalucianaoliveira.com.br\/blog\/wp-content\/uploads\/2024\/09\/IMG_0376.webp?resize=768%2C512 768w, https:\/\/i0.wp.com\/blogdalucianaoliveira.com.br\/blog\/wp-content\/uploads\/2024\/09\/IMG_0376.webp?resize=450%2C300 450w\" sizes=\"auto, (max-width: 600px) 100vw, 600px\" \/><\/p>\n<p>Clima Info &#8211; \u201cQuem paga?\u201d A pergunta foi escrita originalmente em ingl\u00eas por ativistas do Greenpeace num banco de areia que surgiu no meio do rio Solim\u00f5es. Assim como no ano passado, o n\u00edvel de um dos principais cursos d\u2019\u00e1gua da Amaz\u00f4nia vem caindo rapidamente devido a mais uma seca extrema. Este ano, por\u00e9m, a situa\u00e7\u00e3o parece ser ainda mais grave do que a de 2023.<!--more--><\/p>\n<p>O protesto do Greenpeace refere-se aos danos causados \u00e0 Amaz\u00f4nia pelas mudan\u00e7as clim\u00e1ticas, informa a <a href=\"https:\/\/www.reuters.com\/world\/americas\/who-pays-asks-brazil-greenpeace-protest-climate-impact-amazon-2024-09-20\/\">Reuters<\/a>, em mat\u00e9ria traduzida pelo <a href=\"https:\/\/g1.globo.com\/meio-ambiente\/noticia\/2024\/09\/22\/quem-paga-protesto-ambiental-poe-pergunta-gigante-em-banco-de-areia-criado-pela-maior-seca-da-amazonia.ghtml\">g1<\/a>, causadas principalmente pela queima de combust\u00edveis f\u00f3sseis. As petroleiras continuam livres de qualquer puni\u00e7\u00e3o e mant\u00eam seus resultados financeiros intactos de qualquer cobran\u00e7a pela crise clim\u00e1tica. J\u00e1 as comunidades amaz\u00f4nidas e a fauna e flora da regi\u00e3o pagam um pre\u00e7o alt\u00edssimo e t\u00eam sua sobreviv\u00eancia amea\u00e7ada.<\/p>\n<p>\u00c9 o caso dos moradores da Terra Ind\u00edgena Porto Praia de Baixo, na regi\u00e3o de Tef\u00e9 (AM). Nas secas extremas de 2023 e 2024, o destino das mais de cem fam\u00edlias do territ\u00f3rio foi radicalmente alterado. O trecho do Solim\u00f5es em frente a Porto Praia virou deserto outra vez, destaca a <a href=\"https:\/\/www1.folha.uol.com.br\/ambiente\/2024\/09\/trecho-do-solimoes-vira-deserto-pela-2a-vez-e-sequencia-de-secas-extremas-mingua-pesca-de-comunidade.shtml\">Folha<\/a>, que esteve na regi\u00e3o em outubro do ano passado e retornou neste m\u00eas.<\/p>\n<p>Ind\u00edgenas dizem que a crise neste ano \u00e9 ainda mais severa, por ter sido antecipada em um m\u00eas e por obrigar a ancoragem dos barcos pequenos a uma dist\u00e2ncia ainda maior do portinho da aldeia \u2013 3 km, ante 2 km em 2023. Com o desaparecimento do Solim\u00f5es, ind\u00edgenas Kokamas, Tikunas e Mayorunas venderam o material de pesca.<\/p>\n<p>Al\u00e9m das comunidades atingidas pela estiagem extrema, Tef\u00e9 ficou marcada no ano passado pela mortandade de mais de 200 botos no lago hom\u00f4nimo. E a carca\u00e7a de um filhote de boto vista semana passada na margem arenosa, exposta pelo recuo das \u00e1guas, acendeu o alerta para a possibilidade de uma nova trag\u00e9dia ambiental.<\/p>\n<p>\u201cTemos encontrado v\u00e1rios animais mortos. Na semana passada, tivemos uma m\u00e9dia de um por dia\u201d, contou \u00e0 <a href=\"https:\/\/www1.folha.uol.com.br\/ambiente\/2024\/09\/botos-morrem-novamente-em-lago-da-amazonia-em-meio-a-seca.shtml\">Folha<\/a> Miriam Marmontel, chefe do projeto de pesquisa em mam\u00edferos aqu\u00e1ticos amaz\u00f4nicos no Instituto de Desenvolvimento Sustent\u00e1vel Mamirau\u00e1.<\/p>\n<p>Pesquisadores mediram a temperatura da \u00e1gua, que vem subindo \u00e0 medida que o n\u00edvel do lago diminui. Mas ainda n\u00e3o est\u00e3o associando as mortes a esse fen\u00f4meno diretamente, mas sim ao aumento da proximidade humana, causada justamente por causa da seca extrema, acrescentou Miriam.<\/p>\n<p><b>Em tempo 1<\/b>: O Rio Madeira, em Rond\u00f4nia, chegou na madrugada de 2\u00aa feira (23\/9) a um n\u00edvel nunca observado na hist\u00f3ria em Porto Velho, capital do estado: 25 cent\u00edmetros. Locais onde antes os ribeirinhos passavam de barco para pescar foram substitu\u00eddos por bancos de areia. Al\u00e9m disso, o horizonte onde antes era poss\u00edvel ver o nascer e o p\u00f4r do sol foi encoberto por fuma\u00e7a das queimadas na Amaz\u00f4nia, relata o <a href=\"https:\/\/g1.globo.com\/ro\/rondonia\/noticia\/2024\/09\/23\/sem-agua-e-peixes-ribeirinhos-enfrentam-a-maior-seca-do-rio-madeira.ghtml\">g1<\/a>.<\/p>\n<p><b>Em tempo 2<\/b>: Com 1,23 metro alcan\u00e7ado no s\u00e1bado (21\/9), o rio Acre chegou \u00e0 menor marca registrada nos \u00faltimos 53 anos na capital acreana, Rio Branco, estabelecendo a seca de 2024 como a maior da hist\u00f3ria do estado, informa o <a href=\"https:\/\/g1.globo.com\/ac\/acre\/noticia\/2024\/09\/21\/seca-historica-rio-acre-chega-a-123-metro-e-seca-de-2024-se-torna-a-maior-em-mais-de-meio-de-seculo-no-estado.ghtml\">g1<\/a>. A \u00faltima chuva significativa registrada pela Defesa Civil municipal foi dia 6 de setembro, quando choveu pouco mais de 10 mil\u00edmetros. O rio Acre est\u00e1 abaixo de 2 metros h\u00e1 cerca de 100 dias.<\/p>\n<p><b>Em tempo 3<\/b>: Manifestantes foram \u00e0s ruas de S\u00e3o Paulo no domingo (22\/9) para denunciar a crise clim\u00e1tica e cobrar a atua\u00e7\u00e3o de autoridades pol\u00edticas para a mitiga\u00e7\u00e3o dos efeitos sentidos pela popula\u00e7\u00e3o. Na capital paulista, a Marcha por Justi\u00e7a Clim\u00e1tica foi realizada na Avenida Paulista. Atos tamb\u00e9m foram registrados em outras cidades do estado, como Piracaia, Campinas, Bauru, Ribeir\u00e3o Preto, Limeira, Sorocaba, Piracicaba e S\u00e3o Roque, informa o <a href=\"https:\/\/www.brasildefato.com.br\/2024\/09\/22\/estamos-de-olhos-abertos-ato-em-sao-paulo-alerta-para-crise-climatica-e-cobra-acoes-efetivas-de-autoridades\">Brasil de Fato<\/a>. No Rio de Janeiro, a marcha ocorreu na 6\u00aa feira (20\/9), relata a <a href=\"https:\/\/agenciabrasil.ebc.com.br\/geral\/noticia\/2024-09\/marcha-pelo-clima-no-rio-pede-justica-ambiental-e-climatica\">Ag\u00eancia Brasil<\/a>.<\/p>\n","protected":false},"excerpt":{"rendered":"<p>Clima Info &#8211; \u201cQuem paga?\u201d A pergunta foi escrita originalmente em ingl\u00eas por ativistas do Greenpeace num banco de areia que surgiu no meio do rio Solim\u00f5es. Assim como no ano passado, o n\u00edvel de um dos principais cursos d\u2019\u00e1gua da Amaz\u00f4nia vem caindo rapidamente devido a mais uma seca extrema. Este ano, por\u00e9m, a&#8230;<a class=\"more-link\" href=\"http:\/\/blogdalucianaoliveira.com.br\/blog\/2024\/09\/24\/na-amazonia-trecho-do-rio-solimoes-vira-deserto-pelo-2o-ano-consecutivo\/\">Continue a leitura <span class=\"meta-nav\">&raquo;<\/span><\/a><\/p>\n","protected":false},"author":1,"featured_media":0,"comment_status":"closed","ping_status":"open","sticky":false,"template":"","format":"standard","meta":{"_exactmetrics_skip_tracking":false,"_exactmetrics_sitenote_active":false,"_exactmetrics_sitenote_note":"","_exactmetrics_sitenote_category":0,"jetpack_post_was_ever_published":false,"_jetpack_newsletter_access":"","_jetpack_dont_email_post_to_subs":false,"_jetpack_newsletter_tier_id":0,"_jetpack_memberships_contains_paywalled_content":false,"_jetpack_memberships_contains_paid_content":false,"footnotes":"","jetpack_publicize_message":"","jetpack_publicize_feature_enabled":true,"jetpack_social_post_already_shared":true,"jetpack_social_options":{"image_generator_settings":{"template":"highway","enabled":false},"version":2}},"categories":[1],"tags":[252,864,1132],"class_list":["post-35995","post","type-post","status-publish","format-standard","hentry","category-notas","tag-amazonia","tag-seca","tag-solimoes"],"jetpack_publicize_connections":[],"jetpack_sharing_enabled":true,"jetpack_featured_media_url":"","jetpack_shortlink":"https:\/\/wp.me\/p7wKYW-9mz","jetpack-related-posts":[],"_links":{"self":[{"href":"http:\/\/blogdalucianaoliveira.com.br\/blog\/wp-json\/wp\/v2\/posts\/35995","targetHints":{"allow":["GET"]}}],"collection":[{"href":"http:\/\/blogdalucianaoliveira.com.br\/blog\/wp-json\/wp\/v2\/posts"}],"about":[{"href":"http:\/\/blogdalucianaoliveira.com.br\/blog\/wp-json\/wp\/v2\/types\/post"}],"author":[{"embeddable":true,"href":"http:\/\/blogdalucianaoliveira.com.br\/blog\/wp-json\/wp\/v2\/users\/1"}],"replies":[{"embeddable":true,"href":"http:\/\/blogdalucianaoliveira.com.br\/blog\/wp-json\/wp\/v2\/comments?post=35995"}],"version-history":[{"count":1,"href":"http:\/\/blogdalucianaoliveira.com.br\/blog\/wp-json\/wp\/v2\/posts\/35995\/revisions"}],"predecessor-version":[{"id":35997,"href":"http:\/\/blogdalucianaoliveira.com.br\/blog\/wp-json\/wp\/v2\/posts\/35995\/revisions\/35997"}],"wp:attachment":[{"href":"http:\/\/blogdalucianaoliveira.com.br\/blog\/wp-json\/wp\/v2\/media?parent=35995"}],"wp:term":[{"taxonomy":"category","embeddable":true,"href":"http:\/\/blogdalucianaoliveira.com.br\/blog\/wp-json\/wp\/v2\/categories?post=35995"},{"taxonomy":"post_tag","embeddable":true,"href":"http:\/\/blogdalucianaoliveira.com.br\/blog\/wp-json\/wp\/v2\/tags?post=35995"}],"curies":[{"name":"wp","href":"https:\/\/api.w.org\/{rel}","templated":true}]}}