{"id":35999,"date":"2024-09-25T10:50:26","date_gmt":"2024-09-25T14:50:26","guid":{"rendered":"http:\/\/blogdalucianaoliveira.com.br\/blog\/?p=35999"},"modified":"2024-09-25T10:50:26","modified_gmt":"2024-09-25T14:50:26","slug":"tarifa-zero-por-que-cidades-com-onibus-de-graca-triplicaram-e-proposta-avanca-na-direita","status":"publish","type":"post","link":"http:\/\/blogdalucianaoliveira.com.br\/blog\/2024\/09\/25\/tarifa-zero-por-que-cidades-com-onibus-de-graca-triplicaram-e-proposta-avanca-na-direita\/","title":{"rendered":"Tarifa zero: por que cidades com \u00f4nibus de gra\u00e7a triplicaram e proposta avan\u00e7a na direita"},"content":{"rendered":"<p><img data-recalc-dims=\"1\" loading=\"lazy\" decoding=\"async\" data-attachment-id=\"36000\" data-permalink=\"http:\/\/blogdalucianaoliveira.com.br\/blog\/2024\/09\/25\/tarifa-zero-por-que-cidades-com-onibus-de-graca-triplicaram-e-proposta-avanca-na-direita\/img_0438\/\" data-orig-file=\"https:\/\/i0.wp.com\/blogdalucianaoliveira.com.br\/blog\/wp-content\/uploads\/2024\/09\/IMG_0438.jpeg?fit=961%2C523\" data-orig-size=\"961,523\" data-comments-opened=\"0\" data-image-meta=\"{&quot;aperture&quot;:&quot;0&quot;,&quot;credit&quot;:&quot;&quot;,&quot;camera&quot;:&quot;&quot;,&quot;caption&quot;:&quot;&quot;,&quot;created_timestamp&quot;:&quot;0&quot;,&quot;copyright&quot;:&quot;&quot;,&quot;focal_length&quot;:&quot;0&quot;,&quot;iso&quot;:&quot;0&quot;,&quot;shutter_speed&quot;:&quot;0&quot;,&quot;title&quot;:&quot;&quot;,&quot;orientation&quot;:&quot;1&quot;}\" data-image-title=\"IMG_0438\" data-image-description=\"\" data-image-caption=\"\" data-medium-file=\"https:\/\/i0.wp.com\/blogdalucianaoliveira.com.br\/blog\/wp-content\/uploads\/2024\/09\/IMG_0438.jpeg?fit=300%2C163\" data-large-file=\"https:\/\/i0.wp.com\/blogdalucianaoliveira.com.br\/blog\/wp-content\/uploads\/2024\/09\/IMG_0438.jpeg?fit=600%2C327\" class=\"alignnone size-full wp-image-36000\" src=\"https:\/\/i0.wp.com\/blogdalucianaoliveira.com.br\/blog\/wp-content\/uploads\/2024\/09\/IMG_0438.jpeg?resize=600%2C327\" alt=\"\" width=\"600\" height=\"327\" srcset=\"https:\/\/i0.wp.com\/blogdalucianaoliveira.com.br\/blog\/wp-content\/uploads\/2024\/09\/IMG_0438.jpeg?w=961 961w, https:\/\/i0.wp.com\/blogdalucianaoliveira.com.br\/blog\/wp-content\/uploads\/2024\/09\/IMG_0438.jpeg?resize=300%2C163 300w, https:\/\/i0.wp.com\/blogdalucianaoliveira.com.br\/blog\/wp-content\/uploads\/2024\/09\/IMG_0438.jpeg?resize=768%2C418 768w, https:\/\/i0.wp.com\/blogdalucianaoliveira.com.br\/blog\/wp-content\/uploads\/2024\/09\/IMG_0438.jpeg?resize=551%2C300 551w\" sizes=\"auto, (max-width: 600px) 100vw, 600px\" \/><br \/>\nPor que cidades com tarifa zero triplicaram e proposta avan\u00e7a entre candidatos da direita<\/p>\n<p><!--more--><\/p>\n<div class=\"bbc-19j92fr ebmt73l0\" dir=\"ltr\" data-pf_style_display=\"block\" data-pf_style_visibility=\"visible\">\n<p class=\"bbc-hhl7in e17g058b0 added-to-list1\" dir=\"ltr\" data-pf_style_display=\"block\" data-pf_style_visibility=\"visible\"><span class=\"text-node\">&#8220;Uma bandeira, \u00e0s vezes, coloca uma utopia, mas que indica um problema que \u00e9 o peso do transporte no bolso do trabalhador.&#8221;<\/span><\/p>\n<\/div>\n<div class=\"bbc-19j92fr ebmt73l0\" dir=\"ltr\" data-pf_style_display=\"block\" data-pf_style_visibility=\"visible\">\n<p class=\"bbc-hhl7in e17g058b0 added-to-list1\" dir=\"ltr\" data-pf_style_display=\"block\" data-pf_style_visibility=\"visible\"><span class=\"text-node\">&#8220;Utopia&#8221; foi o termo usado pelo ent\u00e3o prefeito de S\u00e3o Paulo, <\/span><a class=\"focusIndicatorReducedWidth bbc-n8oauk e1p3sufg0\" href=\"https:\/\/www.bbc.com\/portuguese\/topics\/cr50y511376t\" data-pf_style_display=\"inline\" data-pf_style_visibility=\"visible\"><span class=\"text-node\">Fernando Haddad<\/span><\/a><span class=\"text-node\"> (PT) \u2014 hoje ministro da Fazenda \u2014, para classificar a <\/span><a class=\"focusIndicatorReducedWidth bbc-n8oauk e1p3sufg0\" href=\"https:\/\/www.bbc.com\/portuguese\/articles\/cy65e4qnjjpo\" data-pf_style_display=\"inline\" data-pf_style_visibility=\"visible\"><span class=\"text-node\">tarifa zero<\/span><\/a><span class=\"text-node\">, pol\u00edtica de gratuidade no transporte coletivo. <\/span><\/p>\n<\/div>\n<div class=\"bbc-19j92fr ebmt73l0\" dir=\"ltr\" data-pf_style_display=\"block\" data-pf_style_visibility=\"visible\">\n<p class=\"bbc-hhl7in e17g058b0 added-to-list1\" dir=\"ltr\" data-pf_style_display=\"block\" data-pf_style_visibility=\"visible\"><span class=\"text-node\">A declara\u00e7\u00e3o foi feita em entrevista \u00e0 Folha de S.Paulo, em <\/span><a class=\"focusIndicatorReducedWidth bbc-n8oauk e1p3sufg0\" href=\"https:\/\/www.bbc.com\/portuguese\/articles\/c0j5125089do\" data-pf_style_display=\"inline\" data-pf_style_visibility=\"visible\"><span class=\"text-node\">junho de 2013<\/span><\/a><span class=\"text-node\">, em meio \u00e0 onda de protestos deflagrada pelo <\/span><a class=\"focusIndicatorReducedWidth bbc-n8oauk e1p3sufg0\" href=\"https:\/\/www.bbc.com\/portuguese\/brasil-65994351\" data-pf_style_display=\"inline\" data-pf_style_visibility=\"visible\"><span class=\"text-node\">Movimento Passe Livre<\/span><\/a><span class=\"text-node\">(MPL) contra o aumento da passagem de \u00f4nibus naquele ano.<\/span><\/p>\n<\/div>\n<div class=\"bbc-19j92fr ebmt73l0\" dir=\"ltr\" data-pf_style_display=\"block\" data-pf_style_visibility=\"visible\">\n<p class=\"bbc-hhl7in e17g058b0 added-to-list1\" dir=\"ltr\" data-pf_style_display=\"block\" data-pf_style_visibility=\"visible\"><span class=\"text-node\">Pouco mais de dez anos depois, 675 programas de governo de candidatos \u00e0s Prefeituras nas elei\u00e7\u00f5es de 2024 citam os termos &#8220;tarifa zero&#8221; ou &#8220;<\/span><a class=\"focusIndicatorReducedWidth bbc-n8oauk e1p3sufg0\" href=\"https:\/\/www.bbc.com\/portuguese\/vert-cap-57802696\" data-pf_style_display=\"inline\" data-pf_style_visibility=\"visible\"><span class=\"text-node\">passe livre<\/span><\/a><span class=\"text-node\">&#8220;, segundo levantamento do projeto Vota A\u00ed, uma parceria entre o Centro de Estudos de Opini\u00e3o P\u00fablica da Universidade Estadual de Campinas (Cesop\/Unicamp) e o Laborat\u00f3rio de Estudos Eleitorais, de Comunica\u00e7\u00e3o Pol\u00edtica e Opini\u00e3o P\u00fablica da Universidade do Estado do Rio de Janeiro (Doxa\/Uerj).<\/span><\/p>\n<\/div>\n<section class=\"bbc-geybui\" role=\"region\" aria-label=\"Publicidade 2\" aria-hidden=\"true\" data-e2e=\"advertisement\" data-pf_style_display=\"block\" data-pf_style_visibility=\"visible\"><\/section>\n<div class=\"bbc-19j92fr ebmt73l0\" dir=\"ltr\" data-pf_style_display=\"block\" data-pf_style_visibility=\"visible\">\n<p class=\"bbc-hhl7in e17g058b0 added-to-list1\" dir=\"ltr\" data-pf_style_display=\"block\" data-pf_style_visibility=\"visible\"><span class=\"text-node\">O n\u00famero praticamente dobrou em rela\u00e7\u00e3o a 2016, quando 384 candidatos citavam a gratuidade no transporte entre suas propostas. Em 2020, foram 434 men\u00e7\u00f5es.<\/span><\/p>\n<\/div>\n<div class=\"bbc-1oz17mt\" data-e2e=\"embed-image\" data-pf_style_display=\"block\" data-pf_style_visibility=\"visible\">\n<div class=\"bbc-j1srjl\" data-pf_style_display=\"block\" data-pf_style_visibility=\"visible\"><img decoding=\"async\" class=\"bbc-139onq pf-large-image flex-width pf-size-full mediumImage\" src=\"https:\/\/ichef.bbci.co.uk\/news\/1632\/idt2\/idt2\/43924dc0-3a53-494f-86fd-fac90dbe5eeb\/image\/816\" srcset=\"\" alt=\"Tarifa Zero est\u00e1 na pauta das elei\u00e7\u00f5es municipais. Cita\u00e7\u00f5es a 'tarifa zero' ou 'passe livre' em programas de governo de candidatos \u00e0s prefeituras.  .\" width=\"1632\" data-pf_style_display=\"inline\" data-pf_style_visibility=\"visible\" data-pf_rect_width=\"784\" data-pf_rect_height=\"36\" \/><\/div>\n<\/div>\n<div class=\"bbc-19j92fr ebmt73l0\" dir=\"ltr\" data-pf_style_display=\"block\" data-pf_style_visibility=\"visible\">\n<p class=\"bbc-hhl7in e17g058b0 added-to-list1\" dir=\"ltr\" data-pf_style_display=\"block\" data-pf_style_visibility=\"visible\"><span class=\"text-node\">A presen\u00e7a crescente da tarifa zero na pauta das elei\u00e7\u00f5es municipais acompanha o avan\u00e7o dessa pol\u00edtica nos munic\u00edpios. <\/span><\/p>\n<\/div>\n<div class=\"bbc-19j92fr ebmt73l0\" dir=\"ltr\" data-pf_style_display=\"block\" data-pf_style_visibility=\"visible\">\n<p class=\"bbc-hhl7in e17g058b0 added-to-list1\" dir=\"ltr\" data-pf_style_display=\"block\" data-pf_style_visibility=\"visible\"><span class=\"text-node\">At\u00e9 setembro de 2024, 136 cidades brasileiras j\u00e1 adotavam a tarifa zero, segundo levantamento da Associa\u00e7\u00e3o Nacional das Empresas de Transportes Urbanos (NTU).<\/span><\/p>\n<\/div>\n<div class=\"bbc-19j92fr ebmt73l0\" dir=\"ltr\" data-pf_style_display=\"block\" data-pf_style_visibility=\"visible\">\n<p class=\"bbc-hhl7in e17g058b0 added-to-list1\" dir=\"ltr\" data-pf_style_display=\"block\" data-pf_style_visibility=\"visible\"><span class=\"text-node\">Em 116 delas, a gratuidade no transporte abrange todo o sistema, todos os dias da semana. <\/span><\/p>\n<\/div>\n<div class=\"bbc-19j92fr ebmt73l0\" dir=\"ltr\" data-pf_style_display=\"block\" data-pf_style_visibility=\"visible\">\n<p class=\"bbc-hhl7in e17g058b0 added-to-list1\" dir=\"ltr\" data-pf_style_display=\"block\" data-pf_style_visibility=\"visible\"><span class=\"text-node\">Nas outras 20, h\u00e1 tarifa zero em dias espec\u00edficos, ou para benefici\u00e1rios, linhas e bairros determinados.<\/span><\/p>\n<\/div>\n<div class=\"bbc-19j92fr ebmt73l0\" dir=\"ltr\" data-pf_style_display=\"block\" data-pf_style_visibility=\"visible\">\n<p class=\"bbc-hhl7in e17g058b0 added-to-list1\" dir=\"ltr\" data-pf_style_display=\"block\" data-pf_style_visibility=\"visible\"><span class=\"text-node\">O avan\u00e7o da tarifa zero no pa\u00eds ganhou f\u00f4lego ap\u00f3s a pandemia: at\u00e9 2020, eram 42 cidades com passe livre no Brasil. Desde 2021, outras 94 implementaram a gratuidade \u2014 ou seja, o n\u00famero mais do que triplicou em quatro anos.<\/span><\/p>\n<\/div>\n<div class=\"bbc-19j92fr ebmt73l0\" dir=\"ltr\" data-pf_style_display=\"block\" data-pf_style_visibility=\"visible\">\n<p class=\"bbc-hhl7in e17g058b0 added-to-list1\" dir=\"ltr\" data-pf_style_display=\"block\" data-pf_style_visibility=\"visible\"><span class=\"text-node\">Ao menos seis capitais j\u00e1 adotam a pol\u00edtica, ainda que de forma parcial: Belo Horizonte (MG), Florian\u00f3polis (SC), Macei\u00f3 (AL), Palmas (TO), S\u00e3o Lu\u00eds (MA) e S\u00e3o Paulo (SP).<\/span><\/p>\n<\/div>\n<div class=\"bbc-19j92fr ebmt73l0\" dir=\"ltr\" data-pf_style_display=\"block\" data-pf_style_visibility=\"visible\">\n<p class=\"bbc-hhl7in e17g058b0 added-to-list1\" dir=\"ltr\" data-pf_style_display=\"block\" data-pf_style_visibility=\"visible\"><span class=\"text-node\">&#8220;Para quem dizia que a tarifa zero era algo irrealiz\u00e1vel, que era uma proposta de moleque, uma bobagem juvenil de quem s\u00f3 queria fazer baderna, hoje fica claro que essas pessoas estavam erradas&#8221;, diz Paique Duques Santar\u00e9m, antrop\u00f3logo, urbanista e militante do MPL desde sua funda\u00e7\u00e3o.<\/span><\/p>\n<\/div>\n<div class=\"bbc-axsk9o\" data-testid=\"embed\" data-pf_style_display=\"block\" data-pf_style_visibility=\"visible\">\n<div class=\"sc-bdVaJa rPqeC\" data-uuid=\"6680a3f7-43eb-42df-bc87-5af8c2e55f74\" data-pf_style_display=\"block\" data-pf_style_visibility=\"visible\">\n<div class=\"sc-htpNat kUePcj\" data-graphicpic=\"true\" data-pf_style_display=\"block\" data-pf_style_visibility=\"visible\"><img decoding=\"async\" class=\"sc-bwzfXH kbdCcb pf-large-image flex-width pf-size-full mediumImage\" src=\"https:\/\/c.files.bbci.co.uk\/assets\/7d800a07-5818-4b78-a01f-e8d4b80fb4ac\" srcset=\"\" alt=\"\" data-pf_style_display=\"inline\" data-pf_style_visibility=\"visible\" data-pf_rect_width=\"0\" data-pf_rect_height=\"0\" \/><\/p>\n<p class=\"sc-bxivhb huvKBR added-to-list1\"><span class=\"text-node\">Divulga\u00e7\u00e3o\/PMSP<\/span><\/p>\n<\/div>\n<div class=\"sc-kEYyzF koizFp\" dir=\"ltr\" data-graphictext=\"true\" data-pf_style_display=\"block\" data-pf_style_visibility=\"visible\"><span class=\"sc-kkGfuU gXOHTF\" data-pf_style_display=\"inline\" data-pf_style_visibility=\"visible\"><span class=\"text-node\">Tarifa Zero avan\u00e7a<\/span><\/span><\/p>\n<p class=\"sc-dxgOiQ deooVo added-to-list1\" data-pf_style_display=\"block\" data-pf_style_visibility=\"visible\"><span class=\"text-node\">Cidades brasileiras com gratuidade no transporte coletivo<\/span><\/p>\n<ul class=\"idt-cloud-super-figures sc-jzJRlG fsaFRi added-to-list1\" data-pf_style_display=\"block\" data-pf_style_visibility=\"visible\">\n<li class=\"sc-cSHVUG dibKIM\" data-pf_style_display=\"list-item\" data-pf_style_visibility=\"visible\">\n<p class=\"added-to-list1\" data-pf_style_display=\"block\" data-pf_style_visibility=\"visible\"><strong class=\"sc-ckVGcZ kDZsKD\" data-pf_style_display=\"inline\" data-pf_style_visibility=\"visible\"><span class=\"text-node\">136<\/span><\/strong><span class=\"sc-eNQAEJ iYeFfu\" data-pf_style_display=\"inline\" data-pf_style_visibility=\"visible\"><span class=\"text-node\">munic\u00edpios possuem tarifa zero<\/span><\/span><\/p>\n<\/li>\n<li class=\"sc-cSHVUG dibKIM\" data-pf_style_display=\"list-item\" data-pf_style_visibility=\"visible\">\n<p class=\"added-to-list1\" data-pf_style_display=\"block\" data-pf_style_visibility=\"visible\"><strong class=\"sc-ckVGcZ kDZsKD\" data-pf_style_display=\"inline\" data-pf_style_visibility=\"visible\"><span class=\"text-node\">116<\/span><\/strong><span class=\"sc-eNQAEJ iYeFfu\" data-pf_style_display=\"inline\" data-pf_style_visibility=\"visible\"><span class=\"text-node\">deles t\u00eam tarifa zero em todo o sistema, todos os dias da semana<\/span><\/span><\/p>\n<\/li>\n<\/ul>\n<p><span class=\"sc-kpOJdX gwtAO\" data-pf_style_display=\"inline\" data-pf_style_visibility=\"visible\"><span class=\"text-node\">Fonte: NTU, setembro de 2024.<\/span><\/span><\/div>\n<\/div>\n<\/div>\n<p class=\"bbc-19j92fr ebmt73l0 added-to-list1\">\n<h2 id=\"Proposta-avan\u00e7a-entre-candidatos-da-direita\" class=\"bbc-1f03ibc eglt09e0\" tabindex=\"-1\" data-pf_style_display=\"block\" data-pf_style_visibility=\"visible\"><span class=\"text-node\">Proposta avan\u00e7a entre candidatos da direita<\/span><\/h2>\n<div class=\"bbc-4quw3x e1rfboeq7\" dir=\"ltr\" data-pf_style_display=\"block\" data-pf_style_visibility=\"visible\">\n<div class=\"bbc-19j92fr ebmt73l0\" dir=\"ltr\" data-pf_style_display=\"block\" data-pf_style_visibility=\"visible\">\n<p class=\"bbc-hhl7in e17g058b0 added-to-list1\" dir=\"ltr\" data-pf_style_display=\"block\" data-pf_style_visibility=\"visible\"><span class=\"text-node\">Desde 2009, <\/span><a class=\"focusIndicatorReducedWidth bbc-n8oauk e1p3sufg0\" href=\"https:\/\/planalto.gov.br\/ccivil_03\/\/\/\/\/_Ato2007-2010\/2009\/Lei\/L12034.htm#:~:text=LEI%20N%C2%BA%2012.034%2C%20DE%2029%20DE%20SETEMBRO%20DE%202009.&amp;text=Altera%20as%20Leis%20nos,julho%20de%201965%20%2D%20C%C3%B3digo%20Eleitoral.\" aria-label=\"a lei, externo\" data-pf_style_display=\"inline\" data-pf_style_visibility=\"visible\"><span class=\"text-node\">a lei<\/span><\/a><span class=\"text-node\"> obriga os candidatos ao Executivo municipal a registrarem seus programas de governo no Tribunal Superior Eleitoral (TSE). <\/span><\/p>\n<\/div>\n<div class=\"bbc-19j92fr ebmt73l0\" dir=\"ltr\" data-pf_style_display=\"block\" data-pf_style_visibility=\"visible\">\n<p class=\"bbc-hhl7in e17g058b0 added-to-list1\" dir=\"ltr\" data-pf_style_display=\"block\" data-pf_style_visibility=\"visible\"><span class=\"text-node\">O levantamento do projeto Vota A\u00ed foi feito a partir destes documentos, de forma automatizada, com a coleta de informa\u00e7\u00f5es que constam nos programas.<\/span><\/p>\n<\/div>\n<div class=\"bbc-19j92fr ebmt73l0\" dir=\"ltr\" data-pf_style_display=\"block\" data-pf_style_visibility=\"visible\">\n<p class=\"bbc-hhl7in e17g058b0 added-to-list1\" dir=\"ltr\" data-pf_style_display=\"block\" data-pf_style_visibility=\"visible\"><span class=\"text-node\">Nara Salles, coordenadora do projeto, avalia que o crescimento do n\u00famero de programas que citam a tarifa zero \u00e9 significativo, principalmente considerando que n\u00e3o s\u00e3o todos os munic\u00edpios brasileiros que t\u00eam transporte coletivo.<\/span><\/p>\n<\/div>\n<div class=\"bbc-19j92fr ebmt73l0\" dir=\"ltr\" data-pf_style_display=\"block\" data-pf_style_visibility=\"visible\">\n<p class=\"bbc-hhl7in e17g058b0 added-to-list1\" dir=\"ltr\" data-pf_style_display=\"block\" data-pf_style_visibility=\"visible\"><span class=\"text-node\">Segundo a NTU, no Brasil, 2.703 munic\u00edpios s\u00e3o atendidos por servi\u00e7os organizados de transporte p\u00fablico (49% do total de 5.570 munic\u00edpios).<\/span><\/p>\n<\/div>\n<div class=\"bbc-19j92fr ebmt73l0\" dir=\"ltr\" data-pf_style_display=\"block\" data-pf_style_visibility=\"visible\">\n<p class=\"bbc-hhl7in e17g058b0 added-to-list1\" dir=\"ltr\" data-pf_style_display=\"block\" data-pf_style_visibility=\"visible\"><span class=\"text-node\">&#8220;O n\u00famero de cita\u00e7\u00f5es \u00e0 tarifa zero nos programas de governo vem aumentando ao longo dos anos pelo destaque que o tema vem recebendo, o que tem a ver com uma demanda da popula\u00e7\u00e3o, mas tamb\u00e9m com as experi\u00eancias que t\u00eam sido implementadas nos \u00faltimos anos&#8221;, diz Salles.<\/span><\/p>\n<\/div>\n<div class=\"bbc-19j92fr ebmt73l0\" dir=\"ltr\" data-pf_style_display=\"block\" data-pf_style_visibility=\"visible\">\n<p class=\"bbc-hhl7in e17g058b0 added-to-list1\" dir=\"ltr\" data-pf_style_display=\"block\" data-pf_style_visibility=\"visible\"><span class=\"text-node\">A pesquisadora destaca ainda que a proposta era antes mais presente entre candidatos de partidos de esquerda<\/span><\/p>\n<\/div>\n<div class=\"bbc-19j92fr ebmt73l0\" dir=\"ltr\" data-pf_style_display=\"block\" data-pf_style_visibility=\"visible\">\n<p class=\"bbc-hhl7in e17g058b0 added-to-list1\" dir=\"ltr\" data-pf_style_display=\"block\" data-pf_style_visibility=\"visible\"><span class=\"text-node\">&#8220;Nas elei\u00e7\u00f5es de 2016 e 2020, PSOL, PT e PSTU capitalizavam o maior n\u00famero dessas propostas no Brasil, representando mais de 50% do total&#8221;, afirma.<\/span><\/p>\n<\/div>\n<div class=\"bbc-19j92fr ebmt73l0\" dir=\"ltr\" data-pf_style_display=\"block\" data-pf_style_visibility=\"visible\">\n<p class=\"bbc-hhl7in e17g058b0 added-to-list1\" dir=\"ltr\" data-pf_style_display=\"block\" data-pf_style_visibility=\"visible\"><span class=\"text-node\">Agora, o tema avan\u00e7a tamb\u00e9m entre partidos de direita e centro-direita, observa a pesquisadora.<\/span><\/p>\n<\/div>\n<div class=\"bbc-19j92fr ebmt73l0\" dir=\"ltr\" data-pf_style_display=\"block\" data-pf_style_visibility=\"visible\">\n<p class=\"bbc-hhl7in e17g058b0 added-to-list1\" dir=\"ltr\" data-pf_style_display=\"block\" data-pf_style_visibility=\"visible\"><span class=\"text-node\">&#8220;Em 2024, PT e PSOL continuam sendo os partidos que mais trazem essas propostas em seus programas de governo, mas outros ganham espa\u00e7o, como PL, MDB, PSD e outros.&#8221;<\/span><\/p>\n<\/div>\n<div class=\"bbc-1oz17mt\" data-e2e=\"embed-image\" data-pf_style_display=\"block\" data-pf_style_visibility=\"visible\">\n<div class=\"bbc-j1srjl\" data-pf_style_display=\"block\" data-pf_style_visibility=\"visible\"><img decoding=\"async\" class=\"bbc-139onq pf-large-image flex-width pf-size-full mediumImage\" src=\"https:\/\/ichef.bbci.co.uk\/news\/1632\/idt2\/idt2\/06b5bca0-005b-4677-ab84-31738faba274\/image\/816\" srcset=\"\" alt=\"Tarifa zero nas elei\u00e7\u00f5es vai da esquerda \u00e0 direita. Os dez partidos com mais cita\u00e7\u00f5es a 'tarifa zero' em programas de governo de candidatos \u00e0s prefeituras em 2024.  .\" width=\"1632\" data-pf_style_display=\"inline\" data-pf_style_visibility=\"visible\" data-pf_rect_width=\"784\" data-pf_rect_height=\"36\" \/><\/div>\n<\/div>\n<p class=\"bbc-19j92fr ebmt73l0 added-to-list1\">\n<h2 id=\"De-proposta-do-PT-\u00e0-crise-do-transporte\" class=\"bbc-1f03ibc eglt09e0\" tabindex=\"-1\" data-pf_style_display=\"block\" data-pf_style_visibility=\"visible\"><span class=\"text-node\">De proposta do PT \u00e0 crise do transporte<\/span><\/h2>\n<div class=\"bbc-19j92fr ebmt73l0\" dir=\"ltr\" data-pf_style_display=\"block\" data-pf_style_visibility=\"visible\">\n<p class=\"bbc-hhl7in e17g058b0 added-to-list1\" dir=\"ltr\" data-pf_style_display=\"block\" data-pf_style_visibility=\"visible\"><span class=\"text-node\">A tarifa zero ou passe livre \u00e9 uma pol\u00edtica p\u00fablica que prev\u00ea o uso do transporte coletivo sem cobran\u00e7a de tarifa do cidad\u00e3o. <\/span><\/p>\n<\/div>\n<div class=\"bbc-19j92fr ebmt73l0\" dir=\"ltr\" data-pf_style_display=\"block\" data-pf_style_visibility=\"visible\">\n<p class=\"bbc-hhl7in e17g058b0 added-to-list1\" dir=\"ltr\" data-pf_style_display=\"block\" data-pf_style_visibility=\"visible\"><span class=\"text-node\">Nesse modelo, o sistema \u00e9 financiado pelo or\u00e7amento do munic\u00edpio, com fontes de recursos que variam, a partir do desenho adotado por cada cidade.<\/span><\/p>\n<\/div>\n<div class=\"bbc-19j92fr ebmt73l0\" dir=\"ltr\" data-pf_style_display=\"block\" data-pf_style_visibility=\"visible\">\n<p class=\"bbc-hhl7in e17g058b0 added-to-list1\" dir=\"ltr\" data-pf_style_display=\"block\" data-pf_style_visibility=\"visible\"><span class=\"text-node\">O modelo foi proposto pela primeira vez quando <\/span><a class=\"focusIndicatorReducedWidth bbc-n8oauk e1p3sufg0\" href=\"https:\/\/www.bbc.com\/portuguese\/brasil-37447572\" data-pf_style_display=\"inline\" data-pf_style_visibility=\"visible\"><span class=\"text-node\">Luiza Erundina<\/span><\/a><span class=\"text-node\">, ent\u00e3o no PT, estava \u00e0 frente da Prefeitura de S\u00e3o Paulo (1989-1993). <\/span><\/p>\n<\/div>\n<div class=\"bbc-19j92fr ebmt73l0\" dir=\"ltr\" data-pf_style_display=\"block\" data-pf_style_visibility=\"visible\">\n<p class=\"bbc-hhl7in e17g058b0 added-to-list1\" dir=\"ltr\" data-pf_style_display=\"block\" data-pf_style_visibility=\"visible\"><span class=\"text-node\">Quem primeiro teve a ideia foi o engenheiro L\u00facio Gregori, \u00e0 \u00e9poca secret\u00e1rio municipal dos Transportes.<\/span><\/p>\n<\/div>\n<div class=\"bbc-19j92fr ebmt73l0\" dir=\"ltr\" data-pf_style_display=\"block\" data-pf_style_visibility=\"visible\">\n<p class=\"bbc-hhl7in e17g058b0 added-to-list1\" dir=\"ltr\" data-pf_style_display=\"block\" data-pf_style_visibility=\"visible\"><span class=\"text-node\">Gregori recorda que a inspira\u00e7\u00e3o veio de sua experi\u00eancia, no in\u00edcio do mandato de Erundina, como secret\u00e1rio de Servi\u00e7os e Obras, \u00e1rea ent\u00e3o respons\u00e1vel pela gest\u00e3o do lixo da cidade. <\/span><\/p>\n<\/div>\n<div class=\"bbc-19j92fr ebmt73l0\" dir=\"ltr\" data-pf_style_display=\"block\" data-pf_style_visibility=\"visible\">\n<p class=\"bbc-hhl7in e17g058b0 added-to-list1\" dir=\"ltr\" data-pf_style_display=\"block\" data-pf_style_visibility=\"visible\"><span class=\"text-node\">&#8220;Como todos sabem, quando o lixeiro passa em casa, voc\u00ea n\u00e3o paga nada; simplesmente ele recolhe o lixo, e isso \u00e9 coberto por uma taxa chamada taxa de lixo ou por uma parte do IPTU que cobre esses gastos&#8221;, disse o engenheiro, <\/span><a class=\"focusIndicatorReducedWidth bbc-n8oauk e1p3sufg0\" href=\"https:\/\/rosalux.org.br\/a-revolucao-da-tarifa-zero-uma-conversa-com-lucio-gregori\/\" aria-label=\"em entrevista publicada em junho, externo\" data-pf_style_display=\"inline\" data-pf_style_visibility=\"visible\"><span class=\"text-node\">em entrevista publicada em junho<\/span><\/a><span class=\"text-node\"> pela Funda\u00e7\u00e3o Rosa Luxemburgo.<\/span><\/p>\n<\/div>\n<div class=\"bbc-19j92fr ebmt73l0\" dir=\"ltr\" data-pf_style_display=\"block\" data-pf_style_visibility=\"visible\">\n<p class=\"bbc-hhl7in e17g058b0 added-to-list1\" dir=\"ltr\" data-pf_style_display=\"block\" data-pf_style_visibility=\"visible\"><span class=\"text-node\">&#8220;Quando me tornei secret\u00e1rio de Transportes, um certo dia, vendo as filas gigantescas e as dificuldades do transporte coletivo, pensei: &#8216;Por que n\u00e3o fazemos o mesmo que fazemos com a coleta de lixo?&#8221;, prosseguiu. <\/span><\/p>\n<\/div>\n<div class=\"bbc-19j92fr ebmt73l0\" dir=\"ltr\" data-pf_style_display=\"block\" data-pf_style_visibility=\"visible\">\n<p class=\"bbc-hhl7in e17g058b0 added-to-list1\" dir=\"ltr\" data-pf_style_display=\"block\" data-pf_style_visibility=\"visible\"><span class=\"text-node\">&#8220;&#8216;Em vez de pagar cada vez que se entra no transporte coletivo, pagamos uma taxa que cubra os custos.&#8217; Ent\u00e3o, quando voc\u00ea usa o transporte coletivo, n\u00e3o paga nada. Dessa ideia b\u00e1sica surge a proposta de fazer o transporte coletivo com tarifa zero.&#8221;<\/span><\/p>\n<\/div>\n<figure class=\"bbc-1qn0xuy pf-caption added-to-list1 flex-width mediumImage pf-size-full\" data-pf_style_display=\"block\" data-pf_style_visibility=\"visible\">\n<div class=\"bbc-j1srjl\" data-pf_style_display=\"block\" data-pf_style_visibility=\"visible\"><img data-recalc-dims=\"1\" decoding=\"async\" class=\"bbc-139onq pf-large-image caption-img flex-width pf-size-full mediumImage\" src=\"https:\/\/i0.wp.com\/ichef.bbci.co.uk\/ace\/ws\/640\/cpsprodpb\/b123\/live\/bc5e62c0-7786-11ef-8d71-79d43e0b10a1.jpg.webp?w=600&#038;ssl=1\" sizes=\"(min-width: 1008px) 760px, 100vw\" srcset=\"\" alt=\"Entrevista coletiva da ent\u00e3o prefeita Luiza Erundina e do secret\u00e1rio de Transportes L\u00facio Gregori sobre a tarifa zero para os \u00f4nibus. S\u00e3o Paulo\/SP, 1990.\"  data-pf_style_display=\"inline\" data-pf_style_visibility=\"visible\" data-pf_rect_width=\"704\" data-pf_rect_height=\"36\" \/><\/p>\n<p class=\"bbc-by8ykd added-to-list1\" role=\"text\" data-pf_style_display=\"block\" data-pf_style_visibility=\"visible\"><span class=\"bbc-m04vo2\" data-pf_style_display=\"inline\" data-pf_style_visibility=\"visible\"><span class=\"text-node\">Cr\u00e9dito, <\/span><\/span><span lang=\"en-GB\" data-pf_style_display=\"inline\" data-pf_style_visibility=\"visible\"><span class=\"text-node\">Acervo CSBH\/FPA<\/span><\/span><\/p>\n<\/div><figcaption class=\"bbc-15f1ujd\" dir=\"ltr\" data-pf_style_display=\"block\" data-pf_style_visibility=\"visible\"><span role=\"text\" data-pf_style_display=\"inline\" data-pf_style_visibility=\"visible\"><span class=\"bbc-m04vo2\" data-pf_style_display=\"inline\" data-pf_style_visibility=\"visible\"><span class=\"text-node\">Legenda da foto, <\/span><\/span><span data-testid=\"caption-paragraph\" data-pf_style_display=\"inline\" data-pf_style_visibility=\"visible\"><span class=\"text-node\">Entrevista coletiva da ent\u00e3o prefeita Luiza Erundina e do secret\u00e1rio de Transportes L\u00facio Gregori sobre a tarifa zero para os \u00f4nibus em S\u00e3o Paulo (SP), em 1990<\/span><\/span><\/span><\/figcaption><\/figure>\n<div class=\"bbc-19j92fr ebmt73l0\" dir=\"ltr\" data-pf_style_display=\"block\" data-pf_style_visibility=\"visible\">\n<p class=\"bbc-hhl7in e17g058b0 added-to-list1\" dir=\"ltr\" data-pf_style_display=\"block\" data-pf_style_visibility=\"visible\"><span class=\"text-node\">Com Erundina governando com minoria na C\u00e2mara Municipal e isolada dentro do pr\u00f3prio partido, a proposta n\u00e3o avan\u00e7ou durante sua gest\u00e3o. <\/span><\/p>\n<\/div>\n<div class=\"bbc-19j92fr ebmt73l0\" dir=\"ltr\" data-pf_style_display=\"block\" data-pf_style_visibility=\"visible\">\n<p class=\"bbc-hhl7in e17g058b0 added-to-list1\" dir=\"ltr\" data-pf_style_display=\"block\" data-pf_style_visibility=\"visible\"><span class=\"text-node\">Mais de dez anos depois, em 2005, foi criado o MPL. Ap\u00f3s um per\u00edodo defendendo a gratuidade nos transportes apenas para estudantes, o grupo passou a reivindicar a tarifa zero universal e ganhou notoriedade nacional com os <\/span><a class=\"focusIndicatorReducedWidth bbc-n8oauk e1p3sufg0\" href=\"https:\/\/www.bbc.com\/portuguese\/articles\/c0j5125089do\" data-pf_style_display=\"inline\" data-pf_style_visibility=\"visible\"><span class=\"text-node\">protestos de junho de 2013<\/span><\/a><span class=\"text-node\">.<\/span><\/p>\n<\/div>\n<div class=\"bbc-19j92fr ebmt73l0\" dir=\"ltr\" data-pf_style_display=\"block\" data-pf_style_visibility=\"visible\">\n<p class=\"bbc-hhl7in e17g058b0 added-to-list1\" dir=\"ltr\" data-pf_style_display=\"block\" data-pf_style_visibility=\"visible\"><span class=\"text-node\">Desde ent\u00e3o, a proposta se tornou realidade em 136 cidades brasileiras, mas por um motivo talvez surpreendente para uma proposta que surgiu de um governo de esquerda e foi defendida por um movimento social em protestos de rua, muitas vezes duramente reprimidos pela pol\u00edcia.<\/span><\/p>\n<\/div>\n<div class=\"bbc-19j92fr ebmt73l0\" dir=\"ltr\" data-pf_style_display=\"block\" data-pf_style_visibility=\"visible\">\n<p class=\"bbc-hhl7in e17g058b0 added-to-list1\" dir=\"ltr\" data-pf_style_display=\"block\" data-pf_style_visibility=\"visible\"><span class=\"text-node\">A tarifa zero se tornou uma solu\u00e7\u00e3o para prefeitos e empres\u00e1rios do transporte coletivo, em meio \u00e0 crise do setor, provocada pela queda no n\u00famero de passageiros, agravada pela pandemia.<\/span><\/p>\n<\/div>\n<p class=\"bbc-19j92fr ebmt73l0 added-to-list1\">\n<h2 id=\"Solu\u00e7\u00e3o-para-a-perda-de-passageiros\" class=\"bbc-1f03ibc eglt09e0\" tabindex=\"-1\" data-pf_style_display=\"block\" data-pf_style_visibility=\"visible\"><span class=\"text-node\">Solu\u00e7\u00e3o para a perda de passageiros<\/span><\/h2>\n<div class=\"bbc-19j92fr ebmt73l0\" dir=\"ltr\" data-pf_style_display=\"block\" data-pf_style_visibility=\"visible\">\n<p class=\"bbc-hhl7in e17g058b0 added-to-list1\" dir=\"ltr\" data-pf_style_display=\"block\" data-pf_style_visibility=\"visible\"><span class=\"text-node\">Daniel Santini, pesquisador da tarifa zero e autor dos livros <\/span><i class=\"bbc-h1y5j7 eih42320\" data-pf_style_display=\"inline\" data-pf_style_visibility=\"visible\"><span class=\"text-node\">Sem Catraca: da utopia \u00e0 realidade da Tarifa Zero<\/span><\/i><span class=\"text-node\"> (a ser lan\u00e7ado pela editora Autonomia Liter\u00e1ria em 28 de setembro) e <\/span><i class=\"bbc-h1y5j7 eih42320\" data-pf_style_display=\"inline\" data-pf_style_visibility=\"visible\"><span class=\"text-node\">Passe Livre: as possibilidades da Tarifa Zero contra a Distopia da Uberiza\u00e7\u00e3o<\/span><\/i><span class=\"text-node\"> (2019), aponta tr\u00eas motivos principais para o avan\u00e7o desta pol\u00edtica nas cidades brasileiras.<\/span><\/p>\n<\/div>\n<div class=\"bbc-19j92fr ebmt73l0\" dir=\"ltr\" data-pf_style_display=\"block\" data-pf_style_visibility=\"visible\">\n<p class=\"bbc-hhl7in e17g058b0 added-to-list1\" dir=\"ltr\" data-pf_style_display=\"block\" data-pf_style_visibility=\"visible\"><span class=\"text-node\">O primeiro deles, segundo Santini, \u00e9 econ\u00f4mico, fruto da queda no n\u00famero de passageiros em meio ao avan\u00e7o do transporte individual e da &#8220;uberiza\u00e7\u00e3o&#8221;, mas tamb\u00e9m do modelo de financiamento do transporte p\u00fablico na maior parte das cidades brasileiras, baseado na remunera\u00e7\u00e3o por passageiro.<\/span><\/p>\n<\/div>\n<div class=\"bbc-19j92fr ebmt73l0\" dir=\"ltr\" data-pf_style_display=\"block\" data-pf_style_visibility=\"visible\">\n<p class=\"bbc-hhl7in e17g058b0 added-to-list1\" dir=\"ltr\" data-pf_style_display=\"block\" data-pf_style_visibility=\"visible\"><span class=\"text-node\">&#8220;Esse modelo j\u00e1 estava em crise antes da covid, mas, depois dela, a diminui\u00e7\u00e3o no n\u00famero de passageiros se agrava&#8221;, diz Santini.<\/span><\/p>\n<\/div>\n<div class=\"bbc-19j92fr ebmt73l0\" dir=\"ltr\" data-pf_style_display=\"block\" data-pf_style_visibility=\"visible\">\n<p class=\"bbc-hhl7in e17g058b0 added-to-list1\" dir=\"ltr\" data-pf_style_display=\"block\" data-pf_style_visibility=\"visible\"><span class=\"text-node\">Quando os sistemas come\u00e7am a perder passageiros, os empres\u00e1rios buscam aumentar o pre\u00e7o da passagem para compensar a perda de receita ou reduzem a frequ\u00eancia dos \u00f4nibus para reduzir custos, afirma o pesquisador. <\/span><\/p>\n<\/div>\n<div class=\"bbc-19j92fr ebmt73l0\" dir=\"ltr\" data-pf_style_display=\"block\" data-pf_style_visibility=\"visible\">\n<p class=\"bbc-hhl7in e17g058b0 added-to-list1\" dir=\"ltr\" data-pf_style_display=\"block\" data-pf_style_visibility=\"visible\"><span class=\"text-node\">&#8220;Quando isso acontece, mais passageiros s\u00e3o perdidos, porque as pessoas n\u00e3o querem andar esmagadas ou n\u00e3o t\u00eam dinheiro para pagar os valores mais altos. \u00c9 um ciclo vicioso, que gera uma espiral de queda [no n\u00famero de passageiros], o que vai minando a sustentabilidade do transporte p\u00fablico&#8221;, aponta Santini.<\/span><\/p>\n<\/div>\n<div class=\"bbc-19j92fr ebmt73l0\" dir=\"ltr\" data-pf_style_display=\"block\" data-pf_style_visibility=\"visible\">\n<p class=\"bbc-hhl7in e17g058b0 added-to-list1\" dir=\"ltr\" data-pf_style_display=\"block\" data-pf_style_visibility=\"visible\"><span class=\"text-node\">&#8220;Com isso, voc\u00ea come\u00e7a a ter empres\u00e1rios n\u00e3o s\u00f3 favor\u00e1veis ao aumento do subs\u00eddio [valor pago pelas prefeituras para financiar parte do sistema de transporte p\u00fablico], como da tarifa zero.&#8221;<\/span><\/p>\n<\/div>\n<div class=\"bbc-19j92fr ebmt73l0\" dir=\"ltr\" data-pf_style_display=\"block\" data-pf_style_visibility=\"visible\">\n<p class=\"bbc-hhl7in e17g058b0 added-to-list1\" dir=\"ltr\" data-pf_style_display=\"block\" data-pf_style_visibility=\"visible\"><span class=\"text-node\">Isso porque a gratuidade para o cidad\u00e3o implica no subs\u00eddio total da tarifa pelo poder p\u00fablico.<\/span><\/p>\n<\/div>\n<figure class=\"bbc-1qn0xuy pf-caption added-to-list1 flex-width mediumImage pf-size-full\" data-pf_style_display=\"block\" data-pf_style_visibility=\"visible\">\n<div class=\"bbc-j1srjl\" data-pf_style_display=\"block\" data-pf_style_visibility=\"visible\"><img data-recalc-dims=\"1\" decoding=\"async\" class=\"bbc-139onq pf-large-image caption-img flex-width pf-size-full mediumImage\" src=\"https:\/\/i0.wp.com\/ichef.bbci.co.uk\/ace\/ws\/640\/cpsprodpb\/27e0\/live\/8b873900-7787-11ef-8d71-79d43e0b10a1.jpg.webp?w=600&#038;ssl=1\" sizes=\"(min-width: 1008px) 760px, 100vw\" srcset=\"\" alt=\"\u00f4nibus no terminal do Parque Dom Pedro II, em S\u00e3o Paulo\"  data-pf_style_display=\"inline\" data-pf_style_visibility=\"visible\" data-pf_rect_width=\"392.390625\" data-pf_rect_height=\"18\" \/><\/p>\n<p class=\"bbc-by8ykd added-to-list1\" role=\"text\" data-pf_style_display=\"block\" data-pf_style_visibility=\"visible\"><span class=\"bbc-m04vo2\" data-pf_style_display=\"inline\" data-pf_style_visibility=\"visible\"><span class=\"text-node\">Cr\u00e9dito, <\/span><\/span><span lang=\"en-GB\" data-pf_style_display=\"inline\" data-pf_style_visibility=\"visible\"><span class=\"text-node\">AFP<\/span><\/span><\/p>\n<\/div><figcaption class=\"bbc-15f1ujd\" dir=\"ltr\" data-pf_style_display=\"block\" data-pf_style_visibility=\"visible\"><span role=\"text\" data-pf_style_display=\"inline\" data-pf_style_visibility=\"visible\"><span class=\"bbc-m04vo2\" data-pf_style_display=\"inline\" data-pf_style_visibility=\"visible\"><span class=\"text-node\">Legenda da foto, <\/span><\/span><span data-testid=\"caption-paragraph\" data-pf_style_display=\"inline\" data-pf_style_visibility=\"visible\"><span class=\"text-node\">&#8216;Modelo j\u00e1 estava em crise antes da covid, mas depois dela, a diminui\u00e7\u00e3o no n\u00famero de passageiros se agrava&#8217;, diz Daniel Santini, pesquisador da tarifa zero<\/span><\/span><\/span><\/figcaption><\/figure>\n<div class=\"bbc-19j92fr ebmt73l0\" dir=\"ltr\" data-pf_style_display=\"block\" data-pf_style_visibility=\"visible\">\n<p class=\"bbc-hhl7in e17g058b0 added-to-list1\" dir=\"ltr\" data-pf_style_display=\"block\" data-pf_style_visibility=\"visible\"><span class=\"text-node\">Francisco Christovam, diretor-executivo da NTU, afirma que a ideia de que os empres\u00e1rios de \u00f4nibus se beneficiam com a tarifa zero \u00e9 equivocada.<\/span><\/p>\n<\/div>\n<div class=\"bbc-19j92fr ebmt73l0\" dir=\"ltr\" data-pf_style_display=\"block\" data-pf_style_visibility=\"visible\">\n<p class=\"bbc-hhl7in e17g058b0 added-to-list1\" dir=\"ltr\" data-pf_style_display=\"block\" data-pf_style_visibility=\"visible\"><span class=\"text-node\">&#8220;Eventualmente, ela beneficia as empresas que est\u00e3o instaladas no munic\u00edpio [que adota tarifa zero], porque essas empresas n\u00e3o t\u00eam que fornecer mais o vale-transporte. As empresas de \u00f4nibus n\u00e3o se beneficiam, porque o subs\u00eddio n\u00e3o \u00e9 para elas, quem s\u00e3o subsidiados s\u00e3o os passageiros, que t\u00eam a possibilidade de usufruir de um servi\u00e7o p\u00fablico sem a necessidade de pagar tarifa&#8221;, argumenta o representante do setor empresarial.<\/span><\/p>\n<\/div>\n<div class=\"bbc-19j92fr ebmt73l0\" dir=\"ltr\" data-pf_style_display=\"block\" data-pf_style_visibility=\"visible\">\n<p class=\"bbc-hhl7in e17g058b0 added-to-list1\" dir=\"ltr\" data-pf_style_display=\"block\" data-pf_style_visibility=\"visible\"><span class=\"text-node\">&#8220;O custo do transporte tem de ser coberto, seja pelos usu\u00e1rios atrav\u00e9s do pagamento da tarifa, ou pela Prefeitura, quando ela decide trabalhar com tarifa zero. Ent\u00e3o, dizer que tarifa zero beneficia empresa de \u00f4nibus \u00e9 ledo engano, para n\u00e3o dizer, m\u00e1-f\u00e9.&#8221;<\/span><\/p>\n<\/div>\n<p class=\"bbc-19j92fr ebmt73l0 added-to-list1\">\n<h2 id=\"Tarifa-zero-d\u00e1-voto\" class=\"bbc-1f03ibc eglt09e0\" tabindex=\"-1\" data-pf_style_display=\"block\" data-pf_style_visibility=\"visible\"><span class=\"text-node\">&#8216;Tarifa zero d\u00e1 voto&#8217;<\/span><\/h2>\n<div class=\"bbc-19j92fr ebmt73l0\" dir=\"ltr\" data-pf_style_display=\"block\" data-pf_style_visibility=\"visible\">\n<p class=\"bbc-hhl7in e17g058b0 added-to-list1\" dir=\"ltr\" data-pf_style_display=\"block\" data-pf_style_visibility=\"visible\"><span class=\"text-node\">O segundo fator que explica o avan\u00e7o da tarifa zero nas cidades \u00e9 pol\u00edtico, diz Santini.<\/span><\/p>\n<\/div>\n<div class=\"bbc-19j92fr ebmt73l0\" dir=\"ltr\" data-pf_style_display=\"block\" data-pf_style_visibility=\"visible\">\n<p class=\"bbc-hhl7in e17g058b0 added-to-list1\" dir=\"ltr\" data-pf_style_display=\"block\" data-pf_style_visibility=\"visible\"><span class=\"text-node\">&#8220;A tarifa zero \u00e9 uma pol\u00edtica que d\u00e1 votos, porque ela resulta em muita ades\u00e3o por parte da popula\u00e7\u00e3o&#8221;, observa o pesquisador.<\/span><\/p>\n<\/div>\n<div class=\"bbc-19j92fr ebmt73l0\" dir=\"ltr\" data-pf_style_display=\"block\" data-pf_style_visibility=\"visible\">\n<p class=\"bbc-hhl7in e17g058b0 added-to-list1\" dir=\"ltr\" data-pf_style_display=\"block\" data-pf_style_visibility=\"visible\"><span class=\"text-node\">Ele destaca como evid\u00eancia disso o fato de serem poucas as cidades que reverteram a pol\u00edtica depois de sua implementa\u00e7\u00e3o, mesmo ap\u00f3s mudan\u00e7as de administra\u00e7\u00e3o.<\/span><\/p>\n<\/div>\n<div class=\"bbc-19j92fr ebmt73l0\" dir=\"ltr\" data-pf_style_display=\"block\" data-pf_style_visibility=\"visible\">\n<p class=\"bbc-hhl7in e17g058b0 added-to-list1\" dir=\"ltr\" data-pf_style_display=\"block\" data-pf_style_visibility=\"visible\"><span class=\"text-node\">&#8220;H\u00e1 uma taxa de manuten\u00e7\u00e3o superior a 96%. Isso mostra que \u00e9 uma pol\u00edtica de sucesso e muitos pol\u00edticos \u2014 inclusive muitos que n\u00e3o s\u00e3o ligados ao campo mais progressista \u2014 perceberam isso.&#8221;<\/span><\/p>\n<\/div>\n<div class=\"bbc-19j92fr ebmt73l0\" dir=\"ltr\" data-pf_style_display=\"block\" data-pf_style_visibility=\"visible\">\n<p class=\"bbc-hhl7in e17g058b0 added-to-list1\" dir=\"ltr\" data-pf_style_display=\"block\" data-pf_style_visibility=\"visible\"><span class=\"text-node\">Um levantamento feito por Santini para seu novo livro mostra que, das 116 cidades com tarifa zero integral atualmente em vigor, a maioria \u00e9 governada por partidos de centro-direita, direita e mesmo direita radical. <\/span><\/p>\n<\/div>\n<div class=\"bbc-19j92fr ebmt73l0\" dir=\"ltr\" data-pf_style_display=\"block\" data-pf_style_visibility=\"visible\">\n<p class=\"bbc-hhl7in e17g058b0 added-to-list1\" dir=\"ltr\" data-pf_style_display=\"block\" data-pf_style_visibility=\"visible\"><span class=\"text-node\">Apenas uma pequena parcela dos prefeitos e prefeitas que implementaram a pol\u00edtica pode ser considerada de esquerda ou centro-esquerda, de acordo com o pesquisador.<\/span><\/p>\n<\/div>\n<div class=\"bbc-1oz17mt\" data-e2e=\"embed-image\" data-pf_style_display=\"block\" data-pf_style_visibility=\"visible\">\n<div class=\"bbc-j1srjl\" data-pf_style_display=\"block\" data-pf_style_visibility=\"visible\"><img decoding=\"async\" class=\"bbc-139onq pf-large-image flex-width pf-size-full mediumImage\" src=\"https:\/\/ichef.bbci.co.uk\/news\/1632\/idt2\/idt2\/69806747-6c1f-49b7-9d85-fa7756b4af4d\/image\/816\" srcset=\"\" alt=\"Tarifa zero virou pol\u00edtica 'supra-ideol\u00f3gica'. Os onze partidos que governam maior n\u00famero de cidades com gratuidade integral no transporte coletivo.  .\" width=\"1632\" data-pf_style_display=\"inline\" data-pf_style_visibility=\"visible\" data-pf_rect_width=\"784\" data-pf_rect_height=\"36\" \/><\/div>\n<\/div>\n<div class=\"bbc-19j92fr ebmt73l0\" dir=\"ltr\" data-pf_style_display=\"block\" data-pf_style_visibility=\"visible\">\n<p class=\"bbc-hhl7in e17g058b0 added-to-list1\" dir=\"ltr\" data-pf_style_display=\"block\" data-pf_style_visibility=\"visible\"><span class=\"text-node\">Paique Duques Santar\u00e9m, do MPL, avalia que esses dados refletem o fato de que a maioria das pequenas cidades brasileiras s\u00e3o governadas pela direita. <\/span><\/p>\n<\/div>\n<div class=\"bbc-19j92fr ebmt73l0\" dir=\"ltr\" data-pf_style_display=\"block\" data-pf_style_visibility=\"visible\">\n<p class=\"bbc-hhl7in e17g058b0 added-to-list1\" dir=\"ltr\" data-pf_style_display=\"block\" data-pf_style_visibility=\"visible\"><span class=\"text-node\">E s\u00e3o essas as cidades que mais t\u00eam implementado a gratuidade no transporte, porque foram as primeiras a sofrer com o colapso financeiro de seus sistemas de transporte, afirma.<\/span><\/p>\n<\/div>\n<div class=\"bbc-19j92fr ebmt73l0\" dir=\"ltr\" data-pf_style_display=\"block\" data-pf_style_visibility=\"visible\">\n<p class=\"bbc-hhl7in e17g058b0 added-to-list1\" dir=\"ltr\" data-pf_style_display=\"block\" data-pf_style_visibility=\"visible\"><span class=\"text-node\">Um levantamento do Laborat\u00f3rio de Partidos Pol\u00edticos e Sistemas Partid\u00e1rios da Universidade Federal do Paran\u00e1 (UFPR) feito ap\u00f3s as elei\u00e7\u00f5es municipais de 2020, e citado em <\/span><a class=\"focusIndicatorReducedWidth bbc-n8oauk e1p3sufg0\" href=\"https:\/\/g1.globo.com\/politica\/eleicoes\/2020\/eleicao-em-numeros\/noticia\/2020\/12\/01\/partidos-de-direita-ampliam-numero-de-prefeituras-esquerda-perde-espaco.ghtml\" aria-label=\"reportagem do portal G1, externo\" data-pf_style_display=\"inline\" data-pf_style_visibility=\"visible\"><span class=\"text-node\">reportagem do portal G1<\/span><\/a><span class=\"text-node\">, estimou que partidos de direita comandam 82% dos munic\u00edpios brasileiros desde a \u00faltima elei\u00e7\u00e3o, superando por uma larga margem a esquerda (15%) e o centro (4%).<\/span><\/p>\n<\/div>\n<div class=\"bbc-19j92fr ebmt73l0\" dir=\"ltr\" data-pf_style_display=\"block\" data-pf_style_visibility=\"visible\">\n<p class=\"bbc-hhl7in e17g058b0 added-to-list1\" dir=\"ltr\" data-pf_style_display=\"block\" data-pf_style_visibility=\"visible\"><span class=\"text-node\">J\u00e1 os dados da NTU mostram que mais de 60% dos munic\u00edpios a adotar tarifa zero t\u00eam at\u00e9 50 mil habitantes e uma frota total de, no m\u00e1ximo, dez \u00f4nibus.<\/span><\/p>\n<\/div>\n<div class=\"bbc-19j92fr ebmt73l0\" dir=\"ltr\" data-pf_style_display=\"block\" data-pf_style_visibility=\"visible\">\n<p class=\"bbc-hhl7in e17g058b0 added-to-list1\" dir=\"ltr\" data-pf_style_display=\"block\" data-pf_style_visibility=\"visible\"><span class=\"text-node\">&#8220;As cidades menores t\u00eam uma frota muito pequena, ent\u00e3o, \u00e9 mais f\u00e1cil para a Prefeitura bancar o custo da presta\u00e7\u00e3o do servi\u00e7o&#8221;, diz Francisco Christovam.<\/span><\/p>\n<\/div>\n<div class=\"bbc-19j92fr ebmt73l0\" dir=\"ltr\" data-pf_style_display=\"block\" data-pf_style_visibility=\"visible\">\n<p class=\"bbc-hhl7in e17g058b0 added-to-list1\" dir=\"ltr\" data-pf_style_display=\"block\" data-pf_style_visibility=\"visible\"><span class=\"text-node\">Por fim, o terceiro fator citado por Santini para o avan\u00e7o da tarifa zero nas cidades \u00e9 o papel da mobiliza\u00e7\u00e3o social das \u00faltimas duas d\u00e9cadas em prol da ideia de mobilidade como direito. Paique Santar\u00e9m compartilha dessa avalia\u00e7\u00e3o. <\/span><\/p>\n<\/div>\n<div class=\"bbc-19j92fr ebmt73l0\" dir=\"ltr\" data-pf_style_display=\"block\" data-pf_style_visibility=\"visible\">\n<p class=\"bbc-hhl7in e17g058b0 added-to-list1\" dir=\"ltr\" data-pf_style_display=\"block\" data-pf_style_visibility=\"visible\"><span class=\"text-node\">&#8220;As lutas sociais criaram progressivamente empecilhos para que o transporte coletivo sanasse sua crise de financiamento por meio de aumento de tarifas, que era a forma hist\u00f3rica que o setor utilizava para resolver suas dificuldades&#8221;, defende o militante do MPL.<\/span><\/p>\n<\/div>\n<p class=\"bbc-19j92fr ebmt73l0 added-to-list1\">\n<h2 id=\"Impactos-sociais\" class=\"bbc-1f03ibc eglt09e0\" tabindex=\"-1\" data-pf_style_display=\"block\" data-pf_style_visibility=\"visible\"><span class=\"text-node\">Impactos sociais<\/span><\/h2>\n<div class=\"bbc-19j92fr ebmt73l0\" dir=\"ltr\" data-pf_style_display=\"block\" data-pf_style_visibility=\"visible\">\n<p class=\"bbc-hhl7in e17g058b0 added-to-list1\" dir=\"ltr\" data-pf_style_display=\"block\" data-pf_style_visibility=\"visible\"><span class=\"text-node\">Passada mais de uma d\u00e9cada de junho de 2013 e com a explos\u00e3o no n\u00famero de cidades com tarifa zero nos \u00faltimos quatro anos, j\u00e1 \u00e9 poss\u00edvel fazer um balan\u00e7o dos impactos dessa pol\u00edtica nas cidades.<\/span><\/p>\n<\/div>\n<div class=\"bbc-19j92fr ebmt73l0\" dir=\"ltr\" data-pf_style_display=\"block\" data-pf_style_visibility=\"visible\">\n<p class=\"bbc-hhl7in e17g058b0 added-to-list1\" dir=\"ltr\" data-pf_style_display=\"block\" data-pf_style_visibility=\"visible\"><span class=\"text-node\">Um primeiro efeito observado por gestores municipais \u00e9 um forte aumento na demanda pelo transporte p\u00fablico ap\u00f3s a ado\u00e7\u00e3o da gratuidade.<\/span><\/p>\n<\/div>\n<div class=\"bbc-19j92fr ebmt73l0\" dir=\"ltr\" data-pf_style_display=\"block\" data-pf_style_visibility=\"visible\">\n<p class=\"bbc-hhl7in e17g058b0 added-to-list1\" dir=\"ltr\" data-pf_style_display=\"block\" data-pf_style_visibility=\"visible\"><span class=\"text-node\">&#8220;Aqui em Maric\u00e1, [a demanda] cresceu mais de seis vezes&#8221;, disse Celso Haddad, presidente da Empresa P\u00fablica de Transportes (EPT) de Maric\u00e1 (RJ), <\/span><a class=\"focusIndicatorReducedWidth bbc-n8oauk e1p3sufg0\" href=\"https:\/\/www.bbc.com\/portuguese\/articles\/cy65e4qnjjpo\" data-pf_style_display=\"inline\" data-pf_style_visibility=\"visible\"><span class=\"text-node\">em entrevista \u00e0 BBC News Brasil em abril de 2023<\/span><\/a><span class=\"text-node\">.<\/span><\/p>\n<\/div>\n<div class=\"bbc-19j92fr ebmt73l0\" dir=\"ltr\" data-pf_style_display=\"block\" data-pf_style_visibility=\"visible\">\n<p class=\"bbc-hhl7in e17g058b0 added-to-list1\" dir=\"ltr\" data-pf_style_display=\"block\" data-pf_style_visibility=\"visible\"><span class=\"text-node\">&#8220;T\u00ednhamos em torno de 15 mil a 20 mil pessoas transportadas diariamente e, hoje, transportamos mais de 120 mil. A tarifa zero \u00e9 um propulsor do direito de ir e vir, \u00e9 muito avassaladora a diferen\u00e7a.&#8221;<\/span><\/p>\n<\/div>\n<div class=\"bbc-19j92fr ebmt73l0\" dir=\"ltr\" data-pf_style_display=\"block\" data-pf_style_visibility=\"visible\">\n<p class=\"bbc-hhl7in e17g058b0 added-to-list1\" dir=\"ltr\" data-pf_style_display=\"block\" data-pf_style_visibility=\"visible\"><span class=\"text-node\">A cidade fluminense iniciou seu projeto de tarifa zero em 2014, durante o mandato de Washington Quaqu\u00e1 (PT) na Prefeitura, financiando o modelo gra\u00e7as a um or\u00e7amento turbinado por <\/span><i class=\"bbc-h1y5j7 eih42320\" data-pf_style_display=\"inline\" data-pf_style_visibility=\"visible\"><span class=\"text-node\">royalties<\/span><\/i><span class=\"text-node\"> do petr\u00f3leo \u2014 compensa\u00e7\u00e3o recebida por munic\u00edpios pela explora\u00e7\u00e3o do \u00f3leo em suas \u00e1guas.<\/span><\/p>\n<\/div>\n<figure class=\"bbc-1qn0xuy pf-caption added-to-list1 flex-width mediumImage pf-size-full\" data-pf_style_display=\"block\" data-pf_style_visibility=\"visible\">\n<div class=\"bbc-j1srjl\" data-pf_style_display=\"block\" data-pf_style_visibility=\"visible\"><img data-recalc-dims=\"1\" decoding=\"async\" class=\"bbc-139onq pf-large-image caption-img flex-width pf-size-full mediumImage\" src=\"https:\/\/i0.wp.com\/ichef.bbci.co.uk\/ace\/ws\/640\/cpsprodpb\/51d6\/live\/8d295ad0-7788-11ef-8d71-79d43e0b10a1.jpg.webp?w=600&#038;ssl=1\" sizes=\"(min-width: 1008px) 760px, 100vw\" srcset=\"\" alt=\"\u00d4nibus vermelho gratuito da cidade de Maric\u00e1, em frente a uma Unidade de Sa\u00fade da Fam\u00edlia, com oper\u00e1rios vestidos em uniformes laranjas trabalhando em obra na cal\u00e7ada\"  data-pf_style_display=\"inline\" data-pf_style_visibility=\"visible\" data-pf_rect_width=\"704\" data-pf_rect_height=\"36\" \/><\/p>\n<p class=\"bbc-by8ykd added-to-list1\" role=\"text\" data-pf_style_display=\"block\" data-pf_style_visibility=\"visible\"><span class=\"bbc-m04vo2\" data-pf_style_display=\"inline\" data-pf_style_visibility=\"visible\"><span class=\"text-node\">Cr\u00e9dito, <\/span><\/span><span lang=\"en-GB\" data-pf_style_display=\"inline\" data-pf_style_visibility=\"visible\"><span class=\"text-node\">Divulga\u00e7\u00e3o\/Prefeitura de Maric\u00e1<\/span><\/span><\/p>\n<\/div><figcaption class=\"bbc-15f1ujd\" dir=\"ltr\" data-pf_style_display=\"block\" data-pf_style_visibility=\"visible\"><span role=\"text\" data-pf_style_display=\"inline\" data-pf_style_visibility=\"visible\"><span class=\"bbc-m04vo2\" data-pf_style_display=\"inline\" data-pf_style_visibility=\"visible\"><span class=\"text-node\">Legenda da foto, <\/span><\/span><span data-testid=\"caption-paragraph\" data-pf_style_display=\"inline\" data-pf_style_visibility=\"visible\"><span class=\"text-node\">&#8216;T\u00ednhamos em torno de 15 mil a 20 mil pessoas transportadas diariamente e hoje transportamos mais de 120 mil&#8217;, disse o presidente da EPT de Maric\u00e1 em 2023<\/span><\/span><\/span><\/figcaption><\/figure>\n<div class=\"bbc-19j92fr ebmt73l0\" dir=\"ltr\" data-pf_style_display=\"block\" data-pf_style_visibility=\"visible\">\n<p class=\"bbc-hhl7in e17g058b0 added-to-list1\" dir=\"ltr\" data-pf_style_display=\"block\" data-pf_style_visibility=\"visible\"><span class=\"text-node\">Um segundo impacto apontado por gestores p\u00fablicos \u00e9 o aquecimento das economias municipais, com o dinheiro economizado nas passagens sendo destinado ao varejo e servi\u00e7os locais, resultando em maior arrecada\u00e7\u00e3o de impostos para os cofres das cidades. E o maior acesso a servi\u00e7os de sa\u00fade e bens culturais.<\/span><\/p>\n<\/div>\n<div class=\"bbc-19j92fr ebmt73l0\" dir=\"ltr\" data-pf_style_display=\"block\" data-pf_style_visibility=\"visible\">\n<p class=\"bbc-hhl7in e17g058b0 added-to-list1\" dir=\"ltr\" data-pf_style_display=\"block\" data-pf_style_visibility=\"visible\"><span class=\"text-node\">&#8220;\u00c9 uma quest\u00e3o muito maior do que a de mobilidade. Existe a quest\u00e3o social, a de gera\u00e7\u00e3o de recursos, porque, na hora em que eu implantei a tarifa zero, aumentou o gasto no com\u00e9rcio, a arrecada\u00e7\u00e3o de ICMS, de ISS&#8221;, relatou Josu\u00e9 Ramos (PL), prefeito de Vargem Grande Paulista (SP), que implementou a tarifa zero no munic\u00edpio em 2019 devido \u00e0 necessidade crescente de subs\u00eddios para o transporte.<\/span><\/p>\n<\/div>\n<div class=\"bbc-19j92fr ebmt73l0\" dir=\"ltr\" data-pf_style_display=\"block\" data-pf_style_visibility=\"visible\">\n<p class=\"bbc-hhl7in e17g058b0 added-to-list1\" dir=\"ltr\" data-pf_style_display=\"block\" data-pf_style_visibility=\"visible\"><span class=\"text-node\">Na cidade, a gratuidade \u00e9 financiada por meio de um fundo, cujas principais receitas s\u00e3o uma taxa paga pelas empresas locais no lugar do vale-transporte, publicidade nos \u00f4nibus, loca\u00e7\u00e3o de lojas nos terminais e 30% do valor das multas de tr\u00e2nsito.<\/span><\/p>\n<\/div>\n<div class=\"bbc-19j92fr ebmt73l0\" dir=\"ltr\" data-pf_style_display=\"block\" data-pf_style_visibility=\"visible\">\n<p class=\"bbc-hhl7in e17g058b0 added-to-list1\" dir=\"ltr\" data-pf_style_display=\"block\" data-pf_style_visibility=\"visible\"><span class=\"text-node\">&#8220;Existe tamb\u00e9m a quest\u00e3o da sa\u00fade: t\u00ednhamos 30% de pessoas que faltavam \u00e0 consulta m\u00e9dica e esse \u00edndice reduziu, porque as pessoas n\u00e3o tinham dinheiro para ir \u00e0 consulta. Ent\u00e3o ajudou em todas as \u00e1reas. A tarifa zero, ao ser debatida, precisa levar em conta tudo isso.&#8221;<\/span><\/p>\n<\/div>\n<figure class=\"bbc-1qn0xuy pf-caption added-to-list1 flex-width mediumImage pf-size-full\" data-pf_style_display=\"block\" data-pf_style_visibility=\"visible\">\n<div class=\"bbc-j1srjl\" data-pf_style_display=\"block\" data-pf_style_visibility=\"visible\"><img data-recalc-dims=\"1\" decoding=\"async\" class=\"bbc-139onq pf-large-image caption-img flex-width pf-size-full mediumImage\" src=\"https:\/\/i0.wp.com\/ichef.bbci.co.uk\/ace\/ws\/640\/cpsprodpb\/9813\/live\/df8401d0-7789-11ef-8d71-79d43e0b10a1.jpg.webp?w=600&#038;ssl=1\" sizes=\"(min-width: 1008px) 760px, 100vw\" srcset=\"\" alt=\"\u00d4nibus com tarifa zero em Vargem Grande Paulista, na Grande S\u00e3o Paulo\"  data-pf_style_display=\"inline\" data-pf_style_visibility=\"visible\" data-pf_rect_width=\"488.171875\" data-pf_rect_height=\"18\" \/><\/p>\n<p class=\"bbc-by8ykd added-to-list1\" role=\"text\" data-pf_style_display=\"block\" data-pf_style_visibility=\"visible\"><span class=\"bbc-m04vo2\" data-pf_style_display=\"inline\" data-pf_style_visibility=\"visible\"><span class=\"text-node\">Cr\u00e9dito, <\/span><\/span><span lang=\"en-GB\" data-pf_style_display=\"inline\" data-pf_style_visibility=\"visible\"><span class=\"text-node\">Prefeitura de Vargem Grande Paulista<\/span><\/span><\/p>\n<\/div><figcaption class=\"bbc-15f1ujd\" dir=\"ltr\" data-pf_style_display=\"block\" data-pf_style_visibility=\"visible\"><span role=\"text\" data-pf_style_display=\"inline\" data-pf_style_visibility=\"visible\"><span class=\"bbc-m04vo2\" data-pf_style_display=\"inline\" data-pf_style_visibility=\"visible\"><span class=\"text-node\">Legenda da foto, <\/span><\/span><span data-testid=\"caption-paragraph\" data-pf_style_display=\"inline\" data-pf_style_visibility=\"visible\"><span class=\"text-node\">&#8216;T\u00ednhamos 30% de pessoas que faltavam \u00e0 consulta m\u00e9dica e esse \u00edndice reduziu, porque as pessoas n\u00e3o tinham dinheiro para ir \u00e0 consulta&#8217;, diz prefeito de Vargem Grande Paulista<\/span><\/span><\/span><\/figcaption><\/figure>\n<p class=\"bbc-19j92fr ebmt73l0 added-to-list1\">\n<h2 id=\"O-desafio-das-grandes-cidades\" class=\"bbc-1f03ibc eglt09e0\" tabindex=\"-1\" data-pf_style_display=\"block\" data-pf_style_visibility=\"visible\"><span class=\"text-node\">O desafio das grandes cidades<\/span><\/h2>\n<div class=\"bbc-19j92fr ebmt73l0\" dir=\"ltr\" data-pf_style_display=\"block\" data-pf_style_visibility=\"visible\">\n<p class=\"bbc-hhl7in e17g058b0 added-to-list1\" dir=\"ltr\" data-pf_style_display=\"block\" data-pf_style_visibility=\"visible\"><span class=\"text-node\">Embora a tarifa zero esteja avan\u00e7ando nas pequenas e m\u00e9dias cidades, ainda n\u00e3o h\u00e1 nenhuma capital que tenha adotado o modelo de forma integral.<\/span><\/p>\n<\/div>\n<div class=\"bbc-19j92fr ebmt73l0\" dir=\"ltr\" data-pf_style_display=\"block\" data-pf_style_visibility=\"visible\">\n<p class=\"bbc-hhl7in e17g058b0 added-to-list1\" dir=\"ltr\" data-pf_style_display=\"block\" data-pf_style_visibility=\"visible\"><span class=\"text-node\">Entre as seis delas que adotam as medidas, h\u00e1 restri\u00e7\u00f5es de dias de funcionamento, regi\u00f5es ou usu\u00e1rios atendidos, segundo a NTU:<\/span><\/p>\n<\/div>\n<div class=\"etpldq00 bbc-oa9drk ebmt73l0\" dir=\"ltr\" data-pf_style_display=\"block\" data-pf_style_visibility=\"visible\">\n<ul class=\"bbc-1lxq1jn added-to-list1\" role=\"list\" data-pf_style_display=\"block\" data-pf_style_visibility=\"visible\">\n<li class=\"bbc-1maxgwy\" role=\"listitem\" data-pf_style_display=\"list-item\" data-pf_style_visibility=\"visible\"><span class=\"text-node\">Belo Horizonte: somente nas linhas que atendem vilas e favelas;<\/span><\/li>\n<li class=\"bbc-1maxgwy\" role=\"listitem\" data-pf_style_display=\"list-item\" data-pf_style_visibility=\"visible\"><span class=\"text-node\">Florian\u00f3polis: somente no \u00faltimo domingo de cada m\u00eas;<\/span><\/li>\n<li class=\"bbc-1maxgwy\" role=\"listitem\" data-pf_style_display=\"list-item\" data-pf_style_visibility=\"visible\"><span class=\"text-node\">Macei\u00f3: apenas aos domingos;<\/span><\/li>\n<li class=\"bbc-1maxgwy\" role=\"listitem\" data-pf_style_display=\"list-item\" data-pf_style_visibility=\"visible\"><span class=\"text-node\">Palmas: apenas aos domingos e feriados;<\/span><\/li>\n<li class=\"bbc-1maxgwy\" role=\"listitem\" data-pf_style_display=\"list-item\" data-pf_style_visibility=\"visible\"><span class=\"text-node\">S\u00e3o Lu\u00eds: somente para trabalhadores com cart\u00e3o do Programa Expresso Trabalhador;<\/span><\/li>\n<li class=\"bbc-1maxgwy\" role=\"listitem\" data-pf_style_display=\"list-item\" data-pf_style_visibility=\"visible\"><span class=\"text-node\">S\u00e3o Paulo: apenas aos domingos.<\/span><\/li>\n<\/ul>\n<\/div>\n<div class=\"bbc-19j92fr ebmt73l0\" dir=\"ltr\" data-pf_style_display=\"block\" data-pf_style_visibility=\"visible\">\n<p class=\"bbc-hhl7in e17g058b0 added-to-list1\" dir=\"ltr\" data-pf_style_display=\"block\" data-pf_style_visibility=\"visible\"><span class=\"text-node\">Entre os desafios para a ado\u00e7\u00e3o da tarifa zero nas grandes cidades, est\u00e1 o custo de implanta\u00e7\u00e3o.<\/span><\/p>\n<\/div>\n<div class=\"bbc-19j92fr ebmt73l0\" dir=\"ltr\" data-pf_style_display=\"block\" data-pf_style_visibility=\"visible\">\n<p class=\"bbc-hhl7in e17g058b0 added-to-list1\" dir=\"ltr\" data-pf_style_display=\"block\" data-pf_style_visibility=\"visible\"><span class=\"text-node\">Em S\u00e3o Paulo, por exemplo, o custo de opera\u00e7\u00e3o do sistema de \u00f4nibus municipais \u00e9 estimado em R$ 12 bilh\u00f5es, sendo R$ 5 bilh\u00f5es financiados via subs\u00eddio. <\/span><\/p>\n<\/div>\n<div class=\"bbc-19j92fr ebmt73l0\" dir=\"ltr\" data-pf_style_display=\"block\" data-pf_style_visibility=\"visible\">\n<p class=\"bbc-hhl7in e17g058b0 added-to-list1\" dir=\"ltr\" data-pf_style_display=\"block\" data-pf_style_visibility=\"visible\"><span class=\"text-node\">Para bancar somente a tarifa zero aos domingos, foram destinados R$ 500 milh\u00f5es do Or\u00e7amento da Prefeitura em 2024.<\/span><\/p>\n<\/div>\n<div class=\"bbc-19j92fr ebmt73l0\" dir=\"ltr\" data-pf_style_display=\"block\" data-pf_style_visibility=\"visible\">\n<p class=\"bbc-hhl7in e17g058b0 added-to-list1\" dir=\"ltr\" data-pf_style_display=\"block\" data-pf_style_visibility=\"visible\"><span class=\"text-node\">Para al\u00e9m do custo, h\u00e1 outros entraves, como conseguir atender ao esperado aumento de demanda, que exige investimentos n\u00e3o apenas no aumento de frota, mas em infraestrutura urbana.<\/span><\/p>\n<\/div>\n<div class=\"bbc-19j92fr ebmt73l0\" dir=\"ltr\" data-pf_style_display=\"block\" data-pf_style_visibility=\"visible\">\n<p class=\"bbc-hhl7in e17g058b0 added-to-list1\" dir=\"ltr\" data-pf_style_display=\"block\" data-pf_style_visibility=\"visible\"><span class=\"text-node\">H\u00e1 tamb\u00e9m desafios na integra\u00e7\u00e3o com o transporte sobre trilhos, j\u00e1 que metr\u00f4s e trens operam em muitas capitais no limite de sua capacidade e costumam ser geridos pelos governos estaduais.<\/span><\/p>\n<\/div>\n<p class=\"bbc-19j92fr ebmt73l0 added-to-list1\">\n<h2 id=\"Bolsa-Fam\u00edlia-sobre-rodas\" class=\"bbc-1f03ibc eglt09e0\" tabindex=\"-1\" data-pf_style_display=\"block\" data-pf_style_visibility=\"visible\"><span class=\"text-node\">&#8216;Bolsa Fam\u00edlia sobre rodas&#8217;<\/span><\/h2>\n<div class=\"bbc-19j92fr ebmt73l0\" dir=\"ltr\" data-pf_style_display=\"block\" data-pf_style_visibility=\"visible\">\n<p class=\"bbc-hhl7in e17g058b0 added-to-list1\" dir=\"ltr\" data-pf_style_display=\"block\" data-pf_style_visibility=\"visible\"><span class=\"text-node\">Para Paique Santar\u00e9m, do MPL, apesar da satisfa\u00e7\u00e3o em ver um n\u00famero crescente de pessoas conquistando o direito \u00e0 mobilidade \u2014 que foi assegurado no artigo 6\u00ba da Constitui\u00e7\u00e3o atrav\u00e9s da Emenda Constitucional 90 de 2015 \u2014, ainda h\u00e1 muito a ser feito pela democratiza\u00e7\u00e3o de fato do transporte p\u00fablico no pa\u00eds.<\/span><\/p>\n<\/div>\n<div class=\"bbc-19j92fr ebmt73l0\" dir=\"ltr\" data-pf_style_display=\"block\" data-pf_style_visibility=\"visible\">\n<p class=\"bbc-hhl7in e17g058b0 added-to-list1\" dir=\"ltr\" data-pf_style_display=\"block\" data-pf_style_visibility=\"visible\"><span class=\"text-node\">&#8220;N\u00e3o encaramos s\u00f3 como uma conquista, porque consideramos que estamos no meio de um processo de luta&#8221;, diz o ativista.<\/span><\/p>\n<\/div>\n<div class=\"bbc-19j92fr ebmt73l0\" dir=\"ltr\" data-pf_style_display=\"block\" data-pf_style_visibility=\"visible\">\n<p class=\"bbc-hhl7in e17g058b0 added-to-list1\" dir=\"ltr\" data-pf_style_display=\"block\" data-pf_style_visibility=\"visible\"><span class=\"text-node\">&#8220;Estamos ainda distantes da constru\u00e7\u00e3o de um Sistema \u00danico de Mobilidade no pa\u00eds, em que usu\u00e1rios e trabalhadores do transporte tenham direito de gest\u00e3o sobre o tema, e com financiamento progressivo [isto \u00e9, com contribui\u00e7\u00e3o maior da parcela mais rica da popula\u00e7\u00e3o].&#8221;<\/span><\/p>\n<\/div>\n<div class=\"bbc-19j92fr ebmt73l0\" dir=\"ltr\" data-pf_style_display=\"block\" data-pf_style_visibility=\"visible\">\n<p class=\"bbc-hhl7in e17g058b0 added-to-list1\" dir=\"ltr\" data-pf_style_display=\"block\" data-pf_style_visibility=\"visible\"><span class=\"text-node\">A proposta de cria\u00e7\u00e3o de um Sistema \u00danico de Mobilidade (SUM), baseada no exemplo do Sistema \u00danico de Sa\u00fade (SUS), foi apresentada pela hoje deputada federal Luiza Erundina (PSOL-SP) na <\/span><a class=\"focusIndicatorReducedWidth bbc-n8oauk e1p3sufg0\" href=\"https:\/\/www.camara.leg.br\/proposicoesWeb\/fichadetramitacao?idProposicao=2362526\" aria-label=\"PEC 25\/2023, externo\" data-pf_style_display=\"inline\" data-pf_style_visibility=\"visible\"><span class=\"text-node\">PEC 25\/2023<\/span><\/a><span class=\"text-node\">.<\/span><\/p>\n<\/div>\n<div class=\"bbc-19j92fr ebmt73l0\" dir=\"ltr\" data-pf_style_display=\"block\" data-pf_style_visibility=\"visible\">\n<p class=\"bbc-hhl7in e17g058b0 added-to-list1\" dir=\"ltr\" data-pf_style_display=\"block\" data-pf_style_visibility=\"visible\"><span class=\"text-node\">&#8220;Essa PEC nacionaliza a tarifa zero, tornando-a uma pol\u00edtica p\u00fablica nacional, financiada por meio de recursos dos munic\u00edpios, Estados e Uni\u00e3o. Essa \u00e9 hoje nossa bandeira&#8221;, diz Santar\u00e9m.<\/span><\/p>\n<\/div>\n<div class=\"bbc-19j92fr ebmt73l0\" dir=\"ltr\" data-pf_style_display=\"block\" data-pf_style_visibility=\"visible\">\n<p class=\"bbc-hhl7in e17g058b0 added-to-list1\" dir=\"ltr\" data-pf_style_display=\"block\" data-pf_style_visibility=\"visible\"><span class=\"text-node\">Para Santini, que estudou em seu mestrado a experi\u00eancia da tarifa zero em Mariana (MG), a nacionaliza\u00e7\u00e3o da pol\u00edtica seria equivalente a um &#8220;novo Bolsa Fam\u00edlia&#8221;.<\/span><\/p>\n<\/div>\n<div class=\"bbc-19j92fr ebmt73l0\" dir=\"ltr\" data-pf_style_display=\"block\" data-pf_style_visibility=\"visible\">\n<p class=\"bbc-hhl7in e17g058b0 added-to-list1\" dir=\"ltr\" data-pf_style_display=\"block\" data-pf_style_visibility=\"visible\"><span class=\"text-node\">&#8220;Cruzando dados do Cad\u00danico [cadastro de fam\u00edlias brasileiras em situa\u00e7\u00e3o de pobreza e extrema pobreza] com o n\u00famero de viagens georreferenciadas, para identificar onde houve o maior aumento do uso do transporte p\u00fablico [com a tarifa zero em Mariana], fica evidente que houve um aumento expressivo nos bairros mais pobres, em linhas que conectam \u00e0s regi\u00f5es centrais, onde est\u00e3o os equipamentos de sa\u00fade, de cultura e os empregos&#8221;, diz o pesquisador.<\/span><\/p>\n<\/div>\n<div class=\"bbc-19j92fr ebmt73l0\" dir=\"ltr\" data-pf_style_display=\"block\" data-pf_style_visibility=\"visible\">\n<p class=\"bbc-hhl7in e17g058b0 added-to-list1\" dir=\"ltr\" data-pf_style_display=\"block\" data-pf_style_visibility=\"visible\"><span class=\"text-node\">&#8220;Ent\u00e3o, com a tarifa zero, h\u00e1 uma redu\u00e7\u00e3o da segrega\u00e7\u00e3o que marca nossas cidades e um aumento da possibilidade de pessoas pobres alcan\u00e7arem servi\u00e7os essenciais. \u00c9 uma ferramenta clara para redu\u00e7\u00e3o da desigualdade social, com potencial para ter impacto como um Bolsa Fam\u00edlia.&#8221;<\/span><\/p>\n<\/div>\n<\/div>\n","protected":false},"excerpt":{"rendered":"<p>Por que cidades com tarifa zero triplicaram e proposta avan\u00e7a entre candidatos da direita<\/p>\n","protected":false},"author":1,"featured_media":0,"comment_status":"closed","ping_status":"open","sticky":false,"template":"","format":"standard","meta":{"_exactmetrics_skip_tracking":false,"_exactmetrics_sitenote_active":false,"_exactmetrics_sitenote_note":"","_exactmetrics_sitenote_category":0,"jetpack_post_was_ever_published":false,"_jetpack_newsletter_access":"","_jetpack_dont_email_post_to_subs":false,"_jetpack_newsletter_tier_id":0,"_jetpack_memberships_contains_paywalled_content":false,"_jetpack_memberships_contains_paid_content":false,"footnotes":"","jetpack_publicize_message":"","jetpack_publicize_feature_enabled":true,"jetpack_social_post_already_shared":true,"jetpack_social_options":{"image_generator_settings":{"template":"highway","enabled":false},"version":2}},"categories":[1],"tags":[1134,1133,1135],"class_list":["post-35999","post","type-post","status-publish","format-standard","hentry","category-notas","tag-onibus","tag-tarifa-zero","tag-transporte"],"jetpack_publicize_connections":[],"jetpack_sharing_enabled":true,"jetpack_featured_media_url":"","jetpack_shortlink":"https:\/\/wp.me\/p7wKYW-9mD","jetpack-related-posts":[],"_links":{"self":[{"href":"http:\/\/blogdalucianaoliveira.com.br\/blog\/wp-json\/wp\/v2\/posts\/35999","targetHints":{"allow":["GET"]}}],"collection":[{"href":"http:\/\/blogdalucianaoliveira.com.br\/blog\/wp-json\/wp\/v2\/posts"}],"about":[{"href":"http:\/\/blogdalucianaoliveira.com.br\/blog\/wp-json\/wp\/v2\/types\/post"}],"author":[{"embeddable":true,"href":"http:\/\/blogdalucianaoliveira.com.br\/blog\/wp-json\/wp\/v2\/users\/1"}],"replies":[{"embeddable":true,"href":"http:\/\/blogdalucianaoliveira.com.br\/blog\/wp-json\/wp\/v2\/comments?post=35999"}],"version-history":[{"count":2,"href":"http:\/\/blogdalucianaoliveira.com.br\/blog\/wp-json\/wp\/v2\/posts\/35999\/revisions"}],"predecessor-version":[{"id":36002,"href":"http:\/\/blogdalucianaoliveira.com.br\/blog\/wp-json\/wp\/v2\/posts\/35999\/revisions\/36002"}],"wp:attachment":[{"href":"http:\/\/blogdalucianaoliveira.com.br\/blog\/wp-json\/wp\/v2\/media?parent=35999"}],"wp:term":[{"taxonomy":"category","embeddable":true,"href":"http:\/\/blogdalucianaoliveira.com.br\/blog\/wp-json\/wp\/v2\/categories?post=35999"},{"taxonomy":"post_tag","embeddable":true,"href":"http:\/\/blogdalucianaoliveira.com.br\/blog\/wp-json\/wp\/v2\/tags?post=35999"}],"curies":[{"name":"wp","href":"https:\/\/api.w.org\/{rel}","templated":true}]}}