{"id":36004,"date":"2024-09-30T11:54:21","date_gmt":"2024-09-30T15:54:21","guid":{"rendered":"http:\/\/blogdalucianaoliveira.com.br\/blog\/?p=36004"},"modified":"2024-09-30T11:54:21","modified_gmt":"2024-09-30T15:54:21","slug":"no-brasil-247-25","status":"publish","type":"post","link":"http:\/\/blogdalucianaoliveira.com.br\/blog\/2024\/09\/30\/no-brasil-247-25\/","title":{"rendered":"No Brasil 247"},"content":{"rendered":"<p><img data-recalc-dims=\"1\" loading=\"lazy\" decoding=\"async\" data-attachment-id=\"36005\" data-permalink=\"http:\/\/blogdalucianaoliveira.com.br\/blog\/2024\/09\/30\/no-brasil-247-25\/img_0814-2\/\" data-orig-file=\"https:\/\/i0.wp.com\/blogdalucianaoliveira.com.br\/blog\/wp-content\/uploads\/2024\/09\/IMG_0814.jpeg?fit=816%2C464\" data-orig-size=\"816,464\" data-comments-opened=\"0\" data-image-meta=\"{&quot;aperture&quot;:&quot;0&quot;,&quot;credit&quot;:&quot;&quot;,&quot;camera&quot;:&quot;&quot;,&quot;caption&quot;:&quot;&quot;,&quot;created_timestamp&quot;:&quot;0&quot;,&quot;copyright&quot;:&quot;&quot;,&quot;focal_length&quot;:&quot;0&quot;,&quot;iso&quot;:&quot;0&quot;,&quot;shutter_speed&quot;:&quot;0&quot;,&quot;title&quot;:&quot;&quot;,&quot;orientation&quot;:&quot;1&quot;}\" data-image-title=\"IMG_0814\" data-image-description=\"\" data-image-caption=\"\" data-medium-file=\"https:\/\/i0.wp.com\/blogdalucianaoliveira.com.br\/blog\/wp-content\/uploads\/2024\/09\/IMG_0814.jpeg?fit=300%2C171\" data-large-file=\"https:\/\/i0.wp.com\/blogdalucianaoliveira.com.br\/blog\/wp-content\/uploads\/2024\/09\/IMG_0814.jpeg?fit=600%2C341\" class=\"alignnone size-full wp-image-36005\" src=\"https:\/\/i0.wp.com\/blogdalucianaoliveira.com.br\/blog\/wp-content\/uploads\/2024\/09\/IMG_0814.jpeg?resize=600%2C341\" alt=\"\" width=\"600\" height=\"341\" srcset=\"https:\/\/i0.wp.com\/blogdalucianaoliveira.com.br\/blog\/wp-content\/uploads\/2024\/09\/IMG_0814.jpeg?w=816 816w, https:\/\/i0.wp.com\/blogdalucianaoliveira.com.br\/blog\/wp-content\/uploads\/2024\/09\/IMG_0814.jpeg?resize=300%2C171 300w, https:\/\/i0.wp.com\/blogdalucianaoliveira.com.br\/blog\/wp-content\/uploads\/2024\/09\/IMG_0814.jpeg?resize=768%2C437 768w, https:\/\/i0.wp.com\/blogdalucianaoliveira.com.br\/blog\/wp-content\/uploads\/2024\/09\/IMG_0814.jpeg?resize=528%2C300 528w\" sizes=\"auto, (max-width: 600px) 100vw, 600px\" \/><\/p>\n<p>Veja reportagem com um pouco da hist\u00f3ria e da 9\u00aa Assembleia da Associa\u00e7\u00e3o das Guerreiras Ind\u00edgenas de Rond\u00f4nia.<\/p>\n<p>O evento contou com a presen\u00e7a da Ministra dos Povos Ind\u00edgenas, S\u00f4nia Guajajara, da presidenta da FUNAI, Jo\u00eania Wapichana e v\u00e1rios representantes dos governos federal e estadual.<!--more--><\/p>\n<p>Assista<br \/>\nCurta<br \/>\nCompartilhe<br \/>\n\ud83d\udc47\ud83c\udffc<\/p>\n<div class=\"jetpack-video-wrapper\"><iframe loading=\"lazy\" title=\"RESIST\u00caNCIA E LUTA DAS GUERREIRAS IND\u00cdGENAS DE ROND\u00d4NIA\" width=\"600\" height=\"338\" src=\"https:\/\/www.youtube.com\/embed\/mJBsLtGwTcs?feature=oembed\" frameborder=\"0\" allow=\"accelerometer; autoplay; clipboard-write; encrypted-media; gyroscope; picture-in-picture; web-share\" referrerpolicy=\"strict-origin-when-cross-origin\" allowfullscreen><\/iframe><\/div>\n","protected":false},"excerpt":{"rendered":"<p>Veja reportagem com um pouco da hist\u00f3ria e da 9\u00aa Assembleia da Associa\u00e7\u00e3o das Guerreiras Ind\u00edgenas de Rond\u00f4nia. O evento contou com a presen\u00e7a da Ministra dos Povos Ind\u00edgenas, S\u00f4nia Guajajara, da presidenta da FUNAI, Jo\u00eania Wapichana e v\u00e1rios representantes dos governos federal e estadual.<\/p>\n","protected":false},"author":1,"featured_media":0,"comment_status":"closed","ping_status":"open","sticky":false,"template":"","format":"standard","meta":{"_exactmetrics_skip_tracking":false,"_exactmetrics_sitenote_active":false,"_exactmetrics_sitenote_note":"","_exactmetrics_sitenote_category":0,"jetpack_post_was_ever_published":false,"_jetpack_newsletter_access":"","_jetpack_dont_email_post_to_subs":false,"_jetpack_newsletter_tier_id":0,"_jetpack_memberships_contains_paywalled_content":false,"_jetpack_memberships_contains_paid_content":false,"footnotes":"","jetpack_publicize_message":"","jetpack_publicize_feature_enabled":true,"jetpack_social_post_already_shared":true,"jetpack_social_options":{"image_generator_settings":{"template":"highway","enabled":false},"version":2}},"categories":[1],"tags":[1136,1137,306],"class_list":["post-36004","post","type-post","status-publish","format-standard","hentry","category-notas","tag-agir","tag-guerreiras","tag-indigenas"],"jetpack_publicize_connections":[],"jetpack_sharing_enabled":true,"jetpack_featured_media_url":"","jetpack_shortlink":"https:\/\/wp.me\/p7wKYW-9mI","jetpack-related-posts":[],"_links":{"self":[{"href":"http:\/\/blogdalucianaoliveira.com.br\/blog\/wp-json\/wp\/v2\/posts\/36004","targetHints":{"allow":["GET"]}}],"collection":[{"href":"http:\/\/blogdalucianaoliveira.com.br\/blog\/wp-json\/wp\/v2\/posts"}],"about":[{"href":"http:\/\/blogdalucianaoliveira.com.br\/blog\/wp-json\/wp\/v2\/types\/post"}],"author":[{"embeddable":true,"href":"http:\/\/blogdalucianaoliveira.com.br\/blog\/wp-json\/wp\/v2\/users\/1"}],"replies":[{"embeddable":true,"href":"http:\/\/blogdalucianaoliveira.com.br\/blog\/wp-json\/wp\/v2\/comments?post=36004"}],"version-history":[{"count":1,"href":"http:\/\/blogdalucianaoliveira.com.br\/blog\/wp-json\/wp\/v2\/posts\/36004\/revisions"}],"predecessor-version":[{"id":36006,"href":"http:\/\/blogdalucianaoliveira.com.br\/blog\/wp-json\/wp\/v2\/posts\/36004\/revisions\/36006"}],"wp:attachment":[{"href":"http:\/\/blogdalucianaoliveira.com.br\/blog\/wp-json\/wp\/v2\/media?parent=36004"}],"wp:term":[{"taxonomy":"category","embeddable":true,"href":"http:\/\/blogdalucianaoliveira.com.br\/blog\/wp-json\/wp\/v2\/categories?post=36004"},{"taxonomy":"post_tag","embeddable":true,"href":"http:\/\/blogdalucianaoliveira.com.br\/blog\/wp-json\/wp\/v2\/tags?post=36004"}],"curies":[{"name":"wp","href":"https:\/\/api.w.org\/{rel}","templated":true}]}}