{"id":36008,"date":"2024-09-30T12:13:40","date_gmt":"2024-09-30T16:13:40","guid":{"rendered":"http:\/\/blogdalucianaoliveira.com.br\/blog\/?p=36008"},"modified":"2024-09-30T12:13:40","modified_gmt":"2024-09-30T16:13:40","slug":"eleicoes-2024-conheca-o-perfil-dos-eleitores-e-candidatos-no-brasil","status":"publish","type":"post","link":"http:\/\/blogdalucianaoliveira.com.br\/blog\/2024\/09\/30\/eleicoes-2024-conheca-o-perfil-dos-eleitores-e-candidatos-no-brasil\/","title":{"rendered":"Elei\u00e7\u00f5es 2024: conhe\u00e7a o perfil dos eleitores e candidatos no Brasil"},"content":{"rendered":"<p><img data-recalc-dims=\"1\" loading=\"lazy\" decoding=\"async\" data-attachment-id=\"36009\" data-permalink=\"http:\/\/blogdalucianaoliveira.com.br\/blog\/2024\/09\/30\/eleicoes-2024-conheca-o-perfil-dos-eleitores-e-candidatos-no-brasil\/img_0815\/\" data-orig-file=\"https:\/\/i0.wp.com\/blogdalucianaoliveira.com.br\/blog\/wp-content\/uploads\/2024\/09\/IMG_0815.jpeg?fit=1064%2C701\" data-orig-size=\"1064,701\" data-comments-opened=\"0\" data-image-meta=\"{&quot;aperture&quot;:&quot;0&quot;,&quot;credit&quot;:&quot;&quot;,&quot;camera&quot;:&quot;&quot;,&quot;caption&quot;:&quot;&quot;,&quot;created_timestamp&quot;:&quot;0&quot;,&quot;copyright&quot;:&quot;&quot;,&quot;focal_length&quot;:&quot;0&quot;,&quot;iso&quot;:&quot;0&quot;,&quot;shutter_speed&quot;:&quot;0&quot;,&quot;title&quot;:&quot;&quot;,&quot;orientation&quot;:&quot;1&quot;}\" data-image-title=\"IMG_0815\" data-image-description=\"\" data-image-caption=\"\" data-medium-file=\"https:\/\/i0.wp.com\/blogdalucianaoliveira.com.br\/blog\/wp-content\/uploads\/2024\/09\/IMG_0815.jpeg?fit=300%2C198\" data-large-file=\"https:\/\/i0.wp.com\/blogdalucianaoliveira.com.br\/blog\/wp-content\/uploads\/2024\/09\/IMG_0815.jpeg?fit=600%2C396\" class=\"alignnone size-full wp-image-36009\" src=\"https:\/\/i0.wp.com\/blogdalucianaoliveira.com.br\/blog\/wp-content\/uploads\/2024\/09\/IMG_0815.jpeg?resize=600%2C395\" alt=\"\" width=\"600\" height=\"395\" srcset=\"https:\/\/i0.wp.com\/blogdalucianaoliveira.com.br\/blog\/wp-content\/uploads\/2024\/09\/IMG_0815.jpeg?w=1064 1064w, https:\/\/i0.wp.com\/blogdalucianaoliveira.com.br\/blog\/wp-content\/uploads\/2024\/09\/IMG_0815.jpeg?resize=300%2C198 300w, https:\/\/i0.wp.com\/blogdalucianaoliveira.com.br\/blog\/wp-content\/uploads\/2024\/09\/IMG_0815.jpeg?resize=1024%2C675 1024w, https:\/\/i0.wp.com\/blogdalucianaoliveira.com.br\/blog\/wp-content\/uploads\/2024\/09\/IMG_0815.jpeg?resize=768%2C506 768w, https:\/\/i0.wp.com\/blogdalucianaoliveira.com.br\/blog\/wp-content\/uploads\/2024\/09\/IMG_0815.jpeg?resize=455%2C300 455w\" sizes=\"auto, (max-width: 600px) 100vw, 600px\" \/><\/p>\n<h2 class=\"Text__TextBase-sc-1d75gww-0 cUGlZd noticiaCabecalho__subtitulo\">As elei\u00e7\u00f5es municipais de 2024 ocorrem em 6 de outubro. Mais de 115 milh\u00f5es de eleitores ir\u00e3o \u00e0s urnas exercer o direito de votar<\/h2>\n<p><!--more--><\/p>\n<p>No Metr\u00f3poles, por Giovana Estrela &#8211; <span class=\"text-node\">No dia 6 de outubro<\/span><span class=\"text-node\">, mais de 155,9 milh\u00f5es de eleitores e eleitoras ir\u00e3o \u00e0s urnas para escolher prefeitos, vice-prefeitos e vereadores em 5.569 cidades do pa\u00eds.<\/span><\/p>\n<p class=\"added-to-list1\" data-pf_style_display=\"block\" data-pf_style_visibility=\"visible\"><span class=\"text-node\">Mas, afinal, quem s\u00e3o esses eleitores e candidatos? Para responder essas quest\u00f5es, o <\/span><a href=\"https:\/\/www.tse.jus.br\/\" target=\"_blank\" rel=\"noopener\" data-pf_style_display=\"inline\" data-pf_style_visibility=\"visible\"><span class=\"text-node\">Tribunal Superior Eleitoral (TSE)<\/span><\/a><span class=\"text-node\"> divulgou dados que tra\u00e7am, justamente, esses perfis.<\/span><\/p>\n<div class=\"m-wrapper-banner-video\" data-pf_style_display=\"block\" data-pf_style_visibility=\"visible\">\n<p class=\"m-banner-video m-banner-wrap m-banner-rectangle m-publicity-content-middle added-to-list1\">\n<\/div>\n<h4 data-pf_style_display=\"block\" data-pf_style_visibility=\"visible\"><span class=\"text-node\">Eleitores<\/span><\/h4>\n<p class=\"added-to-list1\" data-pf_style_display=\"block\" data-pf_style_visibility=\"visible\"><span class=\"text-node\">As mulheres s\u00e3o maioria, representando 52% do eleitorado, enquanto os homens comp\u00f5em 48%. A faixa et\u00e1ria mais representativa entre as eleitoras \u00e9 de 40 a 44 anos (8,3 milh\u00f5es), enquanto, entre os homens, os jovens de 25 a 29 anos (7,7 milh\u00f5es) s\u00e3o os que mais votam.<\/span><\/p>\n<p data-pf_style_display=\"block\" data-pf_style_visibility=\"visible\"><img data-recalc-dims=\"1\" loading=\"lazy\" decoding=\"async\" data-attachment-id=\"36010\" data-permalink=\"http:\/\/blogdalucianaoliveira.com.br\/blog\/2024\/09\/30\/eleicoes-2024-conheca-o-perfil-dos-eleitores-e-candidatos-no-brasil\/img_0816-3\/\" data-orig-file=\"https:\/\/i0.wp.com\/blogdalucianaoliveira.com.br\/blog\/wp-content\/uploads\/2024\/09\/IMG_0816.jpeg?fit=1170%2C1226\" data-orig-size=\"1170,1226\" data-comments-opened=\"0\" data-image-meta=\"{&quot;aperture&quot;:&quot;0&quot;,&quot;credit&quot;:&quot;&quot;,&quot;camera&quot;:&quot;&quot;,&quot;caption&quot;:&quot;&quot;,&quot;created_timestamp&quot;:&quot;0&quot;,&quot;copyright&quot;:&quot;&quot;,&quot;focal_length&quot;:&quot;0&quot;,&quot;iso&quot;:&quot;0&quot;,&quot;shutter_speed&quot;:&quot;0&quot;,&quot;title&quot;:&quot;&quot;,&quot;orientation&quot;:&quot;1&quot;}\" data-image-title=\"IMG_0816\" data-image-description=\"\" data-image-caption=\"\" data-medium-file=\"https:\/\/i0.wp.com\/blogdalucianaoliveira.com.br\/blog\/wp-content\/uploads\/2024\/09\/IMG_0816.jpeg?fit=286%2C300\" data-large-file=\"https:\/\/i0.wp.com\/blogdalucianaoliveira.com.br\/blog\/wp-content\/uploads\/2024\/09\/IMG_0816.jpeg?fit=600%2C629\" class=\"alignnone size-full wp-image-36010\" src=\"https:\/\/i0.wp.com\/blogdalucianaoliveira.com.br\/blog\/wp-content\/uploads\/2024\/09\/IMG_0816.jpeg?resize=600%2C629\" alt=\"\" width=\"600\" height=\"629\" srcset=\"https:\/\/i0.wp.com\/blogdalucianaoliveira.com.br\/blog\/wp-content\/uploads\/2024\/09\/IMG_0816.jpeg?w=1170 1170w, https:\/\/i0.wp.com\/blogdalucianaoliveira.com.br\/blog\/wp-content\/uploads\/2024\/09\/IMG_0816.jpeg?resize=286%2C300 286w, https:\/\/i0.wp.com\/blogdalucianaoliveira.com.br\/blog\/wp-content\/uploads\/2024\/09\/IMG_0816.jpeg?resize=977%2C1024 977w, https:\/\/i0.wp.com\/blogdalucianaoliveira.com.br\/blog\/wp-content\/uploads\/2024\/09\/IMG_0816.jpeg?resize=768%2C805 768w\" sizes=\"auto, (max-width: 600px) 100vw, 600px\" \/><\/p>\n<p class=\"added-to-list1\" data-pf_style_display=\"block\" data-pf_style_visibility=\"visible\"><span class=\"text-node\">Al\u00e9m disso, 724,3 mil adolescentes de 16 anos votar\u00e3o pela primeira vez, enquanto 213,8 mil eleitores t\u00eam 100 anos ou mais.<\/span><\/p>\n<p class=\"added-to-list1\" data-pf_style_display=\"block\" data-pf_style_visibility=\"visible\"><span class=\"text-node\">Em termos raciais, a maioria dos eleitores se autodeclara parda (53,57%), seguida de brancos (33,34%) e pretos (11,39%). Ind\u00edgenas e amarelos representam uma parcela menor do eleitorado, com 0,98% e 0,72%, respectivamente.<\/span><\/p>\n<p data-pf_style_display=\"block\" data-pf_style_visibility=\"visible\"><img data-recalc-dims=\"1\" loading=\"lazy\" decoding=\"async\" data-attachment-id=\"36011\" data-permalink=\"http:\/\/blogdalucianaoliveira.com.br\/blog\/2024\/09\/30\/eleicoes-2024-conheca-o-perfil-dos-eleitores-e-candidatos-no-brasil\/img_0817-2\/\" data-orig-file=\"https:\/\/i0.wp.com\/blogdalucianaoliveira.com.br\/blog\/wp-content\/uploads\/2024\/09\/IMG_0817.jpeg?fit=1170%2C839\" data-orig-size=\"1170,839\" data-comments-opened=\"0\" data-image-meta=\"{&quot;aperture&quot;:&quot;0&quot;,&quot;credit&quot;:&quot;&quot;,&quot;camera&quot;:&quot;&quot;,&quot;caption&quot;:&quot;&quot;,&quot;created_timestamp&quot;:&quot;0&quot;,&quot;copyright&quot;:&quot;&quot;,&quot;focal_length&quot;:&quot;0&quot;,&quot;iso&quot;:&quot;0&quot;,&quot;shutter_speed&quot;:&quot;0&quot;,&quot;title&quot;:&quot;&quot;,&quot;orientation&quot;:&quot;1&quot;}\" data-image-title=\"IMG_0817\" data-image-description=\"\" data-image-caption=\"\" data-medium-file=\"https:\/\/i0.wp.com\/blogdalucianaoliveira.com.br\/blog\/wp-content\/uploads\/2024\/09\/IMG_0817.jpeg?fit=300%2C215\" data-large-file=\"https:\/\/i0.wp.com\/blogdalucianaoliveira.com.br\/blog\/wp-content\/uploads\/2024\/09\/IMG_0817.jpeg?fit=600%2C430\" class=\"alignnone size-full wp-image-36011\" src=\"https:\/\/i0.wp.com\/blogdalucianaoliveira.com.br\/blog\/wp-content\/uploads\/2024\/09\/IMG_0817.jpeg?resize=600%2C430\" alt=\"\" width=\"600\" height=\"430\" srcset=\"https:\/\/i0.wp.com\/blogdalucianaoliveira.com.br\/blog\/wp-content\/uploads\/2024\/09\/IMG_0817.jpeg?w=1170 1170w, https:\/\/i0.wp.com\/blogdalucianaoliveira.com.br\/blog\/wp-content\/uploads\/2024\/09\/IMG_0817.jpeg?resize=300%2C215 300w, https:\/\/i0.wp.com\/blogdalucianaoliveira.com.br\/blog\/wp-content\/uploads\/2024\/09\/IMG_0817.jpeg?resize=1024%2C734 1024w, https:\/\/i0.wp.com\/blogdalucianaoliveira.com.br\/blog\/wp-content\/uploads\/2024\/09\/IMG_0817.jpeg?resize=768%2C551 768w, https:\/\/i0.wp.com\/blogdalucianaoliveira.com.br\/blog\/wp-content\/uploads\/2024\/09\/IMG_0817.jpeg?resize=418%2C300 418w\" sizes=\"auto, (max-width: 600px) 100vw, 600px\" \/><\/p>\n<p class=\"added-to-list1\" data-pf_style_display=\"block\" data-pf_style_visibility=\"visible\"><span class=\"text-node\">Outro dado relevante \u00e9 o grau de instru\u00e7\u00e3o: 27,04% dos eleitores conclu\u00edram o ensino m\u00e9dio, enquanto uma parcela significativa n\u00e3o terminou o ensino fundamental (22,48%) ou o m\u00e9dio (17,78%). O percentual de eleitores com ensino superior completo \u00e9 de 10,75%.<\/span><\/p>\n<p class=\"m-banner-wrap m-banner-rectangle m-publicity-content-middle added-to-list1\"><img data-recalc-dims=\"1\" loading=\"lazy\" decoding=\"async\" data-attachment-id=\"36012\" data-permalink=\"http:\/\/blogdalucianaoliveira.com.br\/blog\/2024\/09\/30\/eleicoes-2024-conheca-o-perfil-dos-eleitores-e-candidatos-no-brasil\/img_0818-3\/\" data-orig-file=\"https:\/\/i0.wp.com\/blogdalucianaoliveira.com.br\/blog\/wp-content\/uploads\/2024\/09\/IMG_0818.jpeg?fit=1170%2C1049\" data-orig-size=\"1170,1049\" data-comments-opened=\"0\" data-image-meta=\"{&quot;aperture&quot;:&quot;0&quot;,&quot;credit&quot;:&quot;&quot;,&quot;camera&quot;:&quot;&quot;,&quot;caption&quot;:&quot;&quot;,&quot;created_timestamp&quot;:&quot;0&quot;,&quot;copyright&quot;:&quot;&quot;,&quot;focal_length&quot;:&quot;0&quot;,&quot;iso&quot;:&quot;0&quot;,&quot;shutter_speed&quot;:&quot;0&quot;,&quot;title&quot;:&quot;&quot;,&quot;orientation&quot;:&quot;1&quot;}\" data-image-title=\"IMG_0818\" data-image-description=\"\" data-image-caption=\"\" data-medium-file=\"https:\/\/i0.wp.com\/blogdalucianaoliveira.com.br\/blog\/wp-content\/uploads\/2024\/09\/IMG_0818.jpeg?fit=300%2C269\" data-large-file=\"https:\/\/i0.wp.com\/blogdalucianaoliveira.com.br\/blog\/wp-content\/uploads\/2024\/09\/IMG_0818.jpeg?fit=600%2C538\" class=\"alignnone size-full wp-image-36012\" src=\"https:\/\/i0.wp.com\/blogdalucianaoliveira.com.br\/blog\/wp-content\/uploads\/2024\/09\/IMG_0818.jpeg?resize=600%2C538\" alt=\"\" width=\"600\" height=\"538\" srcset=\"https:\/\/i0.wp.com\/blogdalucianaoliveira.com.br\/blog\/wp-content\/uploads\/2024\/09\/IMG_0818.jpeg?w=1170 1170w, https:\/\/i0.wp.com\/blogdalucianaoliveira.com.br\/blog\/wp-content\/uploads\/2024\/09\/IMG_0818.jpeg?resize=300%2C269 300w, https:\/\/i0.wp.com\/blogdalucianaoliveira.com.br\/blog\/wp-content\/uploads\/2024\/09\/IMG_0818.jpeg?resize=1024%2C918 1024w, https:\/\/i0.wp.com\/blogdalucianaoliveira.com.br\/blog\/wp-content\/uploads\/2024\/09\/IMG_0818.jpeg?resize=768%2C689 768w, https:\/\/i0.wp.com\/blogdalucianaoliveira.com.br\/blog\/wp-content\/uploads\/2024\/09\/IMG_0818.jpeg?resize=335%2C300 335w\" sizes=\"auto, (max-width: 600px) 100vw, 600px\" \/><\/p>\n<p class=\"added-to-list1\" data-pf_style_display=\"block\" data-pf_style_visibility=\"visible\"><span class=\"text-node\">O n\u00famero de eleitores com defici\u00eancia cresceu de forma significativa, saltando de 242,8 mil em 2012 para 1,4 milh\u00e3o em 2024, representando um aumento de 497,79%.<\/span><\/p>\n<h4 data-pf_style_display=\"block\" data-pf_style_visibility=\"visible\"><span class=\"text-node\">Maiores e menores col\u00e9gios eleitorais<\/span><\/h4>\n<p class=\"added-to-list1\" data-pf_style_display=\"block\" data-pf_style_visibility=\"visible\"><span class=\"text-node\">Os estados de S\u00e3o Paulo, Minas Gerais e <\/span><a href=\"https:\/\/www.metropoles.com\/tag\/rio-de-janeiro\" target=\"_blank\" rel=\"noopener\" data-pf_style_display=\"inline\" data-pf_style_visibility=\"visible\"><span class=\"text-node\">Rio de Janeiro<\/span><\/a><span class=\"text-node\"> t\u00eam os maiores col\u00e9gios eleitorais, concentrando juntos quase 41% dos eleitores do pa\u00eds.<\/span><\/p>\n<p class=\"m-banner-wrap m-banner-rectangle m-publicity-content-middle added-to-list1\">\n<p class=\"added-to-list1\" data-pf_style_display=\"block\" data-pf_style_visibility=\"visible\"><strong data-pf_style_display=\"inline\" data-pf_style_visibility=\"visible\"><span class=\"text-node\">Veja ranking:<\/span><\/strong><\/p>\n<ul class=\"added-to-list1\" data-pf_style_display=\"block\" data-pf_style_visibility=\"visible\">\n<li data-pf_style_display=\"list-item\" data-pf_style_visibility=\"visible\"><span class=\"text-node\">1\u00ba \u2013 S\u00e3o Paulo, com 34,4 milh\u00f5es de votantes;<\/span><\/li>\n<li data-pf_style_display=\"list-item\" data-pf_style_visibility=\"visible\"><span class=\"text-node\">2\u00ba \u2013 Minas Gerais, com 16,4 milh\u00f5es de votantes;<\/span><\/li>\n<li data-pf_style_display=\"list-item\" data-pf_style_visibility=\"visible\"><span class=\"text-node\">3\u00ba \u2013 Rio de Janeiro, com 13 milh\u00f5es de votantes.<\/span><\/li>\n<\/ul>\n<p class=\"added-to-list1\" data-pf_style_display=\"block\" data-pf_style_visibility=\"visible\"><span class=\"text-node\">Em contrapartida, os menores col\u00e9gios eleitorais est\u00e3o na Regi\u00e3o Norte, com destaque para Roraima (389,8 mil), Amap\u00e1 (571,2 mil) e Acre (612,4 mil).<\/span><\/p>\n<p class=\"m-banner-wrap m-banner-rectangle m-publicity-content-middle added-to-list1\">\n<h4 data-pf_style_display=\"block\" data-pf_style_visibility=\"visible\"><span class=\"text-node\">Candidatos<\/span><\/h4>\n<p class=\"added-to-list1\" data-pf_style_display=\"block\" data-pf_style_visibility=\"visible\"><span class=\"text-node\">Diferente do perfil do eleitorado,\u00a0<\/span><a href=\"https:\/\/www.metropoles.com\/brasil\/perfil-candidatos-eleicoes-2024\" target=\"_blank\" rel=\"noopener\" data-pf_style_display=\"inline\" data-pf_style_visibility=\"visible\"><span class=\"text-node\">os candidatos apresentam uma imagem menos diversa<\/span><\/a><span class=\"text-node\">. A maioria deles \u00e9 composta por homens brancos, com idade entre 45 e 49 anos.<\/span><\/p>\n<p class=\"added-to-list1\" data-pf_style_display=\"block\" data-pf_style_visibility=\"visible\"><span class=\"text-node\">Dos 463,3 mil candidatos registrados, 66% s\u00e3o homens e 34% s\u00e3o mulheres, um contraste com a paridade de g\u00eanero entre os eleitores.<\/span><\/p>\n<p data-pf_style_display=\"block\" data-pf_style_visibility=\"visible\"><img data-recalc-dims=\"1\" loading=\"lazy\" decoding=\"async\" data-attachment-id=\"36013\" data-permalink=\"http:\/\/blogdalucianaoliveira.com.br\/blog\/2024\/09\/30\/eleicoes-2024-conheca-o-perfil-dos-eleitores-e-candidatos-no-brasil\/img_0819-2\/\" data-orig-file=\"https:\/\/i0.wp.com\/blogdalucianaoliveira.com.br\/blog\/wp-content\/uploads\/2024\/09\/IMG_0819.jpeg?fit=1141%2C1184\" data-orig-size=\"1141,1184\" data-comments-opened=\"0\" data-image-meta=\"{&quot;aperture&quot;:&quot;0&quot;,&quot;credit&quot;:&quot;&quot;,&quot;camera&quot;:&quot;&quot;,&quot;caption&quot;:&quot;&quot;,&quot;created_timestamp&quot;:&quot;0&quot;,&quot;copyright&quot;:&quot;&quot;,&quot;focal_length&quot;:&quot;0&quot;,&quot;iso&quot;:&quot;0&quot;,&quot;shutter_speed&quot;:&quot;0&quot;,&quot;title&quot;:&quot;&quot;,&quot;orientation&quot;:&quot;1&quot;}\" data-image-title=\"IMG_0819\" data-image-description=\"\" data-image-caption=\"\" data-medium-file=\"https:\/\/i0.wp.com\/blogdalucianaoliveira.com.br\/blog\/wp-content\/uploads\/2024\/09\/IMG_0819.jpeg?fit=289%2C300\" data-large-file=\"https:\/\/i0.wp.com\/blogdalucianaoliveira.com.br\/blog\/wp-content\/uploads\/2024\/09\/IMG_0819.jpeg?fit=600%2C622\" class=\"alignnone size-full wp-image-36013\" src=\"https:\/\/i0.wp.com\/blogdalucianaoliveira.com.br\/blog\/wp-content\/uploads\/2024\/09\/IMG_0819.jpeg?resize=600%2C623\" alt=\"\" width=\"600\" height=\"623\" srcset=\"https:\/\/i0.wp.com\/blogdalucianaoliveira.com.br\/blog\/wp-content\/uploads\/2024\/09\/IMG_0819.jpeg?w=1141 1141w, https:\/\/i0.wp.com\/blogdalucianaoliveira.com.br\/blog\/wp-content\/uploads\/2024\/09\/IMG_0819.jpeg?resize=289%2C300 289w, https:\/\/i0.wp.com\/blogdalucianaoliveira.com.br\/blog\/wp-content\/uploads\/2024\/09\/IMG_0819.jpeg?resize=987%2C1024 987w, https:\/\/i0.wp.com\/blogdalucianaoliveira.com.br\/blog\/wp-content\/uploads\/2024\/09\/IMG_0819.jpeg?resize=768%2C797 768w\" sizes=\"auto, (max-width: 600px) 100vw, 600px\" \/><\/p>\n<p class=\"added-to-list1\" data-pf_style_display=\"block\" data-pf_style_visibility=\"visible\"><span class=\"text-node\">Do total, 52,73% dos candidatos se declararam pardos ou pretos, o que forma maioria de negros na concorr\u00eancia por uma vaga.\u00a0Brancos s\u00e3o 45,64%; amarelos, 0,39%; e ind\u00edgenas,0,55%. Em 2020, os negros eram 50,02% dos inscritos na Justi\u00e7a Eleitoral e os brancos, 48,04%.<\/span><\/p>\n<p data-pf_style_display=\"block\" data-pf_style_visibility=\"visible\"><img data-recalc-dims=\"1\" loading=\"lazy\" decoding=\"async\" data-attachment-id=\"36014\" data-permalink=\"http:\/\/blogdalucianaoliveira.com.br\/blog\/2024\/09\/30\/eleicoes-2024-conheca-o-perfil-dos-eleitores-e-candidatos-no-brasil\/img_0820\/\" data-orig-file=\"https:\/\/i0.wp.com\/blogdalucianaoliveira.com.br\/blog\/wp-content\/uploads\/2024\/09\/IMG_0820.jpeg?fit=1170%2C772\" data-orig-size=\"1170,772\" data-comments-opened=\"0\" data-image-meta=\"{&quot;aperture&quot;:&quot;0&quot;,&quot;credit&quot;:&quot;&quot;,&quot;camera&quot;:&quot;&quot;,&quot;caption&quot;:&quot;&quot;,&quot;created_timestamp&quot;:&quot;0&quot;,&quot;copyright&quot;:&quot;&quot;,&quot;focal_length&quot;:&quot;0&quot;,&quot;iso&quot;:&quot;0&quot;,&quot;shutter_speed&quot;:&quot;0&quot;,&quot;title&quot;:&quot;&quot;,&quot;orientation&quot;:&quot;1&quot;}\" data-image-title=\"IMG_0820\" data-image-description=\"\" data-image-caption=\"\" data-medium-file=\"https:\/\/i0.wp.com\/blogdalucianaoliveira.com.br\/blog\/wp-content\/uploads\/2024\/09\/IMG_0820.jpeg?fit=300%2C198\" data-large-file=\"https:\/\/i0.wp.com\/blogdalucianaoliveira.com.br\/blog\/wp-content\/uploads\/2024\/09\/IMG_0820.jpeg?fit=600%2C396\" class=\"alignnone size-full wp-image-36014\" src=\"https:\/\/i0.wp.com\/blogdalucianaoliveira.com.br\/blog\/wp-content\/uploads\/2024\/09\/IMG_0820.jpeg?resize=600%2C396\" alt=\"\" width=\"600\" height=\"396\" srcset=\"https:\/\/i0.wp.com\/blogdalucianaoliveira.com.br\/blog\/wp-content\/uploads\/2024\/09\/IMG_0820.jpeg?w=1170 1170w, https:\/\/i0.wp.com\/blogdalucianaoliveira.com.br\/blog\/wp-content\/uploads\/2024\/09\/IMG_0820.jpeg?resize=300%2C198 300w, https:\/\/i0.wp.com\/blogdalucianaoliveira.com.br\/blog\/wp-content\/uploads\/2024\/09\/IMG_0820.jpeg?resize=1024%2C676 1024w, https:\/\/i0.wp.com\/blogdalucianaoliveira.com.br\/blog\/wp-content\/uploads\/2024\/09\/IMG_0820.jpeg?resize=768%2C507 768w, https:\/\/i0.wp.com\/blogdalucianaoliveira.com.br\/blog\/wp-content\/uploads\/2024\/09\/IMG_0820.jpeg?resize=455%2C300 455w\" sizes=\"auto, (max-width: 600px) 100vw, 600px\" \/><\/p>\n<p class=\"added-to-list1\" data-pf_style_display=\"block\" data-pf_style_visibility=\"visible\"><span class=\"text-node\">A orienta\u00e7\u00e3o sexual de 98,27% dos candidatos foi declarada como heterossexual. H\u00e1 ainda 0,72% de gays; 0,44% de l\u00e9sbicas; 0,31%, bissexuais; 0,13% de assexuais; e 0,05% de pansexuais. Com rela\u00e7\u00e3o \u00e0 identidade de g\u00eanero, 80% s\u00e3o cisg\u00eaneros e 20% preferiram n\u00e3o informar. Entre os transg\u00eaneros, 967 pessoas se candidataram.<\/span><\/p>\n<p class=\"m-banner-wrap m-banner-rectangle m-publicity-content-middle added-to-list1\"><img data-recalc-dims=\"1\" loading=\"lazy\" decoding=\"async\" data-attachment-id=\"36015\" data-permalink=\"http:\/\/blogdalucianaoliveira.com.br\/blog\/2024\/09\/30\/eleicoes-2024-conheca-o-perfil-dos-eleitores-e-candidatos-no-brasil\/img_0821\/\" data-orig-file=\"https:\/\/i0.wp.com\/blogdalucianaoliveira.com.br\/blog\/wp-content\/uploads\/2024\/09\/IMG_0821.jpeg?fit=1170%2C1122\" data-orig-size=\"1170,1122\" data-comments-opened=\"0\" data-image-meta=\"{&quot;aperture&quot;:&quot;0&quot;,&quot;credit&quot;:&quot;&quot;,&quot;camera&quot;:&quot;&quot;,&quot;caption&quot;:&quot;&quot;,&quot;created_timestamp&quot;:&quot;0&quot;,&quot;copyright&quot;:&quot;&quot;,&quot;focal_length&quot;:&quot;0&quot;,&quot;iso&quot;:&quot;0&quot;,&quot;shutter_speed&quot;:&quot;0&quot;,&quot;title&quot;:&quot;&quot;,&quot;orientation&quot;:&quot;1&quot;}\" data-image-title=\"IMG_0821\" data-image-description=\"\" data-image-caption=\"\" data-medium-file=\"https:\/\/i0.wp.com\/blogdalucianaoliveira.com.br\/blog\/wp-content\/uploads\/2024\/09\/IMG_0821.jpeg?fit=300%2C288\" data-large-file=\"https:\/\/i0.wp.com\/blogdalucianaoliveira.com.br\/blog\/wp-content\/uploads\/2024\/09\/IMG_0821.jpeg?fit=600%2C575\" class=\"alignnone size-full wp-image-36015\" src=\"https:\/\/i0.wp.com\/blogdalucianaoliveira.com.br\/blog\/wp-content\/uploads\/2024\/09\/IMG_0821.jpeg?resize=600%2C575\" alt=\"\" width=\"600\" height=\"575\" srcset=\"https:\/\/i0.wp.com\/blogdalucianaoliveira.com.br\/blog\/wp-content\/uploads\/2024\/09\/IMG_0821.jpeg?w=1170 1170w, https:\/\/i0.wp.com\/blogdalucianaoliveira.com.br\/blog\/wp-content\/uploads\/2024\/09\/IMG_0821.jpeg?resize=300%2C288 300w, https:\/\/i0.wp.com\/blogdalucianaoliveira.com.br\/blog\/wp-content\/uploads\/2024\/09\/IMG_0821.jpeg?resize=1024%2C982 1024w, https:\/\/i0.wp.com\/blogdalucianaoliveira.com.br\/blog\/wp-content\/uploads\/2024\/09\/IMG_0821.jpeg?resize=768%2C736 768w, https:\/\/i0.wp.com\/blogdalucianaoliveira.com.br\/blog\/wp-content\/uploads\/2024\/09\/IMG_0821.jpeg?resize=313%2C300 313w\" sizes=\"auto, (max-width: 600px) 100vw, 600px\" \/><\/p>\n<p class=\"added-to-list1\" data-pf_style_display=\"block\" data-pf_style_visibility=\"visible\"><span class=\"text-node\"><br \/>\nA escolaridade tamb\u00e9m varia: 38,98% dos candidatos possuem ensino m\u00e9dio completo, e 28,28% conclu\u00edram o ensino superior.<\/span><\/p>\n<p data-pf_style_display=\"block\" data-pf_style_visibility=\"visible\"><img data-recalc-dims=\"1\" loading=\"lazy\" decoding=\"async\" data-attachment-id=\"36016\" data-permalink=\"http:\/\/blogdalucianaoliveira.com.br\/blog\/2024\/09\/30\/eleicoes-2024-conheca-o-perfil-dos-eleitores-e-candidatos-no-brasil\/img_0823\/\" data-orig-file=\"https:\/\/i0.wp.com\/blogdalucianaoliveira.com.br\/blog\/wp-content\/uploads\/2024\/09\/IMG_0823.jpeg?fit=1170%2C904\" data-orig-size=\"1170,904\" data-comments-opened=\"0\" data-image-meta=\"{&quot;aperture&quot;:&quot;0&quot;,&quot;credit&quot;:&quot;&quot;,&quot;camera&quot;:&quot;&quot;,&quot;caption&quot;:&quot;&quot;,&quot;created_timestamp&quot;:&quot;0&quot;,&quot;copyright&quot;:&quot;&quot;,&quot;focal_length&quot;:&quot;0&quot;,&quot;iso&quot;:&quot;0&quot;,&quot;shutter_speed&quot;:&quot;0&quot;,&quot;title&quot;:&quot;&quot;,&quot;orientation&quot;:&quot;1&quot;}\" data-image-title=\"IMG_0823\" data-image-description=\"\" data-image-caption=\"\" data-medium-file=\"https:\/\/i0.wp.com\/blogdalucianaoliveira.com.br\/blog\/wp-content\/uploads\/2024\/09\/IMG_0823.jpeg?fit=300%2C232\" data-large-file=\"https:\/\/i0.wp.com\/blogdalucianaoliveira.com.br\/blog\/wp-content\/uploads\/2024\/09\/IMG_0823.jpeg?fit=600%2C463\" class=\"alignnone size-full wp-image-36016\" src=\"https:\/\/i0.wp.com\/blogdalucianaoliveira.com.br\/blog\/wp-content\/uploads\/2024\/09\/IMG_0823.jpeg?resize=600%2C464\" alt=\"\" width=\"600\" height=\"464\" srcset=\"https:\/\/i0.wp.com\/blogdalucianaoliveira.com.br\/blog\/wp-content\/uploads\/2024\/09\/IMG_0823.jpeg?w=1170 1170w, https:\/\/i0.wp.com\/blogdalucianaoliveira.com.br\/blog\/wp-content\/uploads\/2024\/09\/IMG_0823.jpeg?resize=300%2C232 300w, https:\/\/i0.wp.com\/blogdalucianaoliveira.com.br\/blog\/wp-content\/uploads\/2024\/09\/IMG_0823.jpeg?resize=1024%2C791 1024w, https:\/\/i0.wp.com\/blogdalucianaoliveira.com.br\/blog\/wp-content\/uploads\/2024\/09\/IMG_0823.jpeg?resize=768%2C593 768w, https:\/\/i0.wp.com\/blogdalucianaoliveira.com.br\/blog\/wp-content\/uploads\/2024\/09\/IMG_0823.jpeg?resize=388%2C300 388w\" sizes=\"auto, (max-width: 600px) 100vw, 600px\" \/><\/p>\n<p class=\"added-to-list1\" data-pf_style_display=\"block\" data-pf_style_visibility=\"visible\"><span class=\"text-node\">Os principais ocupantes dos cargos p\u00fablicos v\u00eam de diversas profiss\u00f5es, como empres\u00e1rios (7,63%), servidores p\u00fablicos (6,83%) e agricultores (6,77%), enquanto outros, como vereadores (5,76%) e comerciantes (4,34%), tamb\u00e9m est\u00e3o presentes.<\/span><\/p>\n<p data-pf_style_display=\"block\" data-pf_style_visibility=\"visible\"><img data-recalc-dims=\"1\" loading=\"lazy\" decoding=\"async\" data-attachment-id=\"36018\" data-permalink=\"http:\/\/blogdalucianaoliveira.com.br\/blog\/2024\/09\/30\/eleicoes-2024-conheca-o-perfil-dos-eleitores-e-candidatos-no-brasil\/img_0824\/\" data-orig-file=\"https:\/\/i0.wp.com\/blogdalucianaoliveira.com.br\/blog\/wp-content\/uploads\/2024\/09\/IMG_0824.jpeg?fit=1170%2C896\" data-orig-size=\"1170,896\" data-comments-opened=\"0\" data-image-meta=\"{&quot;aperture&quot;:&quot;0&quot;,&quot;credit&quot;:&quot;&quot;,&quot;camera&quot;:&quot;&quot;,&quot;caption&quot;:&quot;&quot;,&quot;created_timestamp&quot;:&quot;0&quot;,&quot;copyright&quot;:&quot;&quot;,&quot;focal_length&quot;:&quot;0&quot;,&quot;iso&quot;:&quot;0&quot;,&quot;shutter_speed&quot;:&quot;0&quot;,&quot;title&quot;:&quot;&quot;,&quot;orientation&quot;:&quot;1&quot;}\" data-image-title=\"IMG_0824\" data-image-description=\"\" data-image-caption=\"\" data-medium-file=\"https:\/\/i0.wp.com\/blogdalucianaoliveira.com.br\/blog\/wp-content\/uploads\/2024\/09\/IMG_0824.jpeg?fit=300%2C230\" data-large-file=\"https:\/\/i0.wp.com\/blogdalucianaoliveira.com.br\/blog\/wp-content\/uploads\/2024\/09\/IMG_0824.jpeg?fit=600%2C459\" class=\"alignnone size-full wp-image-36018\" src=\"https:\/\/i0.wp.com\/blogdalucianaoliveira.com.br\/blog\/wp-content\/uploads\/2024\/09\/IMG_0824.jpeg?resize=600%2C459\" alt=\"\" width=\"600\" height=\"459\" srcset=\"https:\/\/i0.wp.com\/blogdalucianaoliveira.com.br\/blog\/wp-content\/uploads\/2024\/09\/IMG_0824.jpeg?w=1170 1170w, https:\/\/i0.wp.com\/blogdalucianaoliveira.com.br\/blog\/wp-content\/uploads\/2024\/09\/IMG_0824.jpeg?resize=300%2C230 300w, https:\/\/i0.wp.com\/blogdalucianaoliveira.com.br\/blog\/wp-content\/uploads\/2024\/09\/IMG_0824.jpeg?resize=1024%2C784 1024w, https:\/\/i0.wp.com\/blogdalucianaoliveira.com.br\/blog\/wp-content\/uploads\/2024\/09\/IMG_0824.jpeg?resize=768%2C588 768w, https:\/\/i0.wp.com\/blogdalucianaoliveira.com.br\/blog\/wp-content\/uploads\/2024\/09\/IMG_0824.jpeg?resize=392%2C300 392w\" sizes=\"auto, (max-width: 600px) 100vw, 600px\" \/><\/p>\n<h4 data-pf_style_display=\"block\" data-pf_style_visibility=\"visible\"><span class=\"text-node\">Concorr\u00eancia<\/span><\/h4>\n<p class=\"added-to-list1\" data-pf_style_display=\"block\" data-pf_style_visibility=\"visible\"><span class=\"text-node\">A disputa por cadeiras nas c\u00e2maras municipais \u00e9 acirrada. Com 93,22% dos candidatos concorrendo ao cargo de vereador, a m\u00e9dia nacional \u00e9 de 7,39 candidatos por vaga.<\/span><\/p>\n<p class=\"added-to-list1\" data-pf_style_display=\"block\" data-pf_style_visibility=\"visible\"><span class=\"text-node\">Quando se trata de concorr\u00eancia alt\u00edssima, a cidade de Queimados, no Rio de Janeiro, \u00e9 a que se destaca: s\u00e3o 21,9 postulantes por cadeira.<\/span><\/p>\n<p class=\"added-to-list1\" data-pf_style_display=\"block\" data-pf_style_visibility=\"visible\"><span class=\"text-node\">Nas capitais, Belo Horizonte lidera com 21,3 candidatos por vaga, seguida por <\/span><a href=\"https:\/\/www.metropoles.com\/tag\/manaus\" target=\"_blank\" rel=\"noopener\" data-pf_style_display=\"inline\" data-pf_style_visibility=\"visible\"><span class=\"text-node\">Manaus<\/span><\/a><span class=\"text-node\"> e Rio de Janeiro.<\/span><\/p>\n<p class=\"added-to-list1\" data-pf_style_display=\"block\" data-pf_style_visibility=\"visible\"><span class=\"text-node\">Para o cargo de prefeito, a m\u00e9dia nacional \u00e9 de 2,8 candidatos por vaga, com destaque para Ubatuba (SP) e Arauc\u00e1ria (PR), que t\u00eam 11 concorrentes para cada vaga. Em 212 munic\u00edpios, por\u00e9m, h\u00e1 apenas um candidato disputando o cargo de prefeito.<\/span><\/p>\n","protected":false},"excerpt":{"rendered":"<p>As elei\u00e7\u00f5es municipais de 2024 ocorrem em 6 de outubro. Mais de 115 milh\u00f5es de eleitores ir\u00e3o \u00e0s urnas exercer o direito de votar<\/p>\n","protected":false},"author":1,"featured_media":0,"comment_status":"closed","ping_status":"open","sticky":false,"template":"","format":"standard","meta":{"_exactmetrics_skip_tracking":false,"_exactmetrics_sitenote_active":false,"_exactmetrics_sitenote_note":"","_exactmetrics_sitenote_category":0,"jetpack_post_was_ever_published":false,"_jetpack_newsletter_access":"","_jetpack_dont_email_post_to_subs":false,"_jetpack_newsletter_tier_id":0,"_jetpack_memberships_contains_paywalled_content":false,"_jetpack_memberships_contains_paid_content":false,"footnotes":"","jetpack_publicize_message":"","jetpack_publicize_feature_enabled":true,"jetpack_social_post_already_shared":true,"jetpack_social_options":{"image_generator_settings":{"template":"highway","enabled":false},"version":2}},"categories":[1],"tags":[1101,1088,1089],"class_list":["post-36008","post","type-post","status-publish","format-standard","hentry","category-notas","tag-eleicoes-2024","tag-eleitorado","tag-perfil"],"jetpack_publicize_connections":[],"jetpack_sharing_enabled":true,"jetpack_featured_media_url":"","jetpack_shortlink":"https:\/\/wp.me\/p7wKYW-9mM","jetpack-related-posts":[],"_links":{"self":[{"href":"http:\/\/blogdalucianaoliveira.com.br\/blog\/wp-json\/wp\/v2\/posts\/36008","targetHints":{"allow":["GET"]}}],"collection":[{"href":"http:\/\/blogdalucianaoliveira.com.br\/blog\/wp-json\/wp\/v2\/posts"}],"about":[{"href":"http:\/\/blogdalucianaoliveira.com.br\/blog\/wp-json\/wp\/v2\/types\/post"}],"author":[{"embeddable":true,"href":"http:\/\/blogdalucianaoliveira.com.br\/blog\/wp-json\/wp\/v2\/users\/1"}],"replies":[{"embeddable":true,"href":"http:\/\/blogdalucianaoliveira.com.br\/blog\/wp-json\/wp\/v2\/comments?post=36008"}],"version-history":[{"count":1,"href":"http:\/\/blogdalucianaoliveira.com.br\/blog\/wp-json\/wp\/v2\/posts\/36008\/revisions"}],"predecessor-version":[{"id":36019,"href":"http:\/\/blogdalucianaoliveira.com.br\/blog\/wp-json\/wp\/v2\/posts\/36008\/revisions\/36019"}],"wp:attachment":[{"href":"http:\/\/blogdalucianaoliveira.com.br\/blog\/wp-json\/wp\/v2\/media?parent=36008"}],"wp:term":[{"taxonomy":"category","embeddable":true,"href":"http:\/\/blogdalucianaoliveira.com.br\/blog\/wp-json\/wp\/v2\/categories?post=36008"},{"taxonomy":"post_tag","embeddable":true,"href":"http:\/\/blogdalucianaoliveira.com.br\/blog\/wp-json\/wp\/v2\/tags?post=36008"}],"curies":[{"name":"wp","href":"https:\/\/api.w.org\/{rel}","templated":true}]}}