{"id":36020,"date":"2024-09-30T13:16:26","date_gmt":"2024-09-30T17:16:26","guid":{"rendered":"http:\/\/blogdalucianaoliveira.com.br\/blog\/?p=36020"},"modified":"2024-09-30T13:16:26","modified_gmt":"2024-09-30T17:16:26","slug":"floresta-prioridade-e-o-boi","status":"publish","type":"post","link":"http:\/\/blogdalucianaoliveira.com.br\/blog\/2024\/09\/30\/floresta-prioridade-e-o-boi\/","title":{"rendered":"Floresta? Prioridade \u00e9 o boi"},"content":{"rendered":"<p><img data-recalc-dims=\"1\" loading=\"lazy\" decoding=\"async\" data-attachment-id=\"36021\" data-permalink=\"http:\/\/blogdalucianaoliveira.com.br\/blog\/2024\/09\/30\/floresta-prioridade-e-o-boi\/img_0828\/\" data-orig-file=\"https:\/\/i0.wp.com\/blogdalucianaoliveira.com.br\/blog\/wp-content\/uploads\/2024\/09\/IMG_0828.jpeg?fit=1170%2C1113\" data-orig-size=\"1170,1113\" data-comments-opened=\"0\" data-image-meta=\"{&quot;aperture&quot;:&quot;0&quot;,&quot;credit&quot;:&quot;&quot;,&quot;camera&quot;:&quot;&quot;,&quot;caption&quot;:&quot;&quot;,&quot;created_timestamp&quot;:&quot;0&quot;,&quot;copyright&quot;:&quot;&quot;,&quot;focal_length&quot;:&quot;0&quot;,&quot;iso&quot;:&quot;0&quot;,&quot;shutter_speed&quot;:&quot;0&quot;,&quot;title&quot;:&quot;&quot;,&quot;orientation&quot;:&quot;1&quot;}\" data-image-title=\"IMG_0828\" data-image-description=\"\" data-image-caption=\"\" data-medium-file=\"https:\/\/i0.wp.com\/blogdalucianaoliveira.com.br\/blog\/wp-content\/uploads\/2024\/09\/IMG_0828.jpeg?fit=300%2C285\" data-large-file=\"https:\/\/i0.wp.com\/blogdalucianaoliveira.com.br\/blog\/wp-content\/uploads\/2024\/09\/IMG_0828.jpeg?fit=600%2C571\" class=\"alignnone size-full wp-image-36021\" src=\"https:\/\/i0.wp.com\/blogdalucianaoliveira.com.br\/blog\/wp-content\/uploads\/2024\/09\/IMG_0828.jpeg?resize=600%2C571\" alt=\"\" width=\"600\" height=\"571\" srcset=\"https:\/\/i0.wp.com\/blogdalucianaoliveira.com.br\/blog\/wp-content\/uploads\/2024\/09\/IMG_0828.jpeg?w=1170 1170w, https:\/\/i0.wp.com\/blogdalucianaoliveira.com.br\/blog\/wp-content\/uploads\/2024\/09\/IMG_0828.jpeg?resize=300%2C285 300w, https:\/\/i0.wp.com\/blogdalucianaoliveira.com.br\/blog\/wp-content\/uploads\/2024\/09\/IMG_0828.jpeg?resize=1024%2C974 1024w, https:\/\/i0.wp.com\/blogdalucianaoliveira.com.br\/blog\/wp-content\/uploads\/2024\/09\/IMG_0828.jpeg?resize=768%2C731 768w, https:\/\/i0.wp.com\/blogdalucianaoliveira.com.br\/blog\/wp-content\/uploads\/2024\/09\/IMG_0828.jpeg?resize=315%2C300 315w\" sizes=\"auto, (max-width: 600px) 100vw, 600px\" \/><\/p>\n<p>Amaz\u00f4nia Real, por L\u00facio Fl\u00e1vio Pinto &#8211; O Par\u00e1 possu\u00eda o segundo maior rebanho bovino do Brasil no ano passado, com 25 milh\u00f5es de animais, 10,5% do rebanho nacional. Ficou abaixo apenas de Mato Grosso, que liderou a cria\u00e7\u00e3o de bovinos, com plantel de 34 milh\u00f5es de cabe\u00e7as, 14,2% da soma nacional. Goi\u00e1s, com 23,7 milh\u00f5es de bovinos, teve participa\u00e7\u00e3o de 9,9%.<!--more--><\/p>\n<p>Na regi\u00e3o Norte o aumento em 2023 foi de 3,2% no rebanho, que atingiu 63 milh\u00f5es de animais, participa\u00e7\u00e3o de 26,4% do total nacional. No Centro-Oeste est\u00e3o 76,7 milh\u00f5es de cabe\u00e7as, o equivalente a 32,1% do rebanho nacional. No Nordeste, alta de 6,4%, para 35,3 milh\u00f5es de animais, uma fatia de 14,8% do rebanho brasileiro. No Sudeste, o efetivo caiu 2%, para 38,2 milh\u00f5es de animais, 16% do total nacional. No Sul, houve incremento de 3,9% no n\u00famero de animais, com 25,3 milh\u00f5es de bovinos, 10,6% do rebanho nacional.<\/p>\n<p>Esses n\u00fameros demonstram o fortalecimento da tend\u00eancia do deslocamento do rebanho bovino para as regi\u00f5es de fronteira do pa\u00eds, sobretudo a Amaz\u00f4nia, ou mais pobres, como o Nordeste.<\/p>\n<p>Grande parte da produ\u00e7\u00e3o dessas regi\u00f5es se destina \u00e0 exporta\u00e7\u00e3o de carne bovina in natura. Embora o pre\u00e7o no mercado internacional tenha registrado crescimentos de apenas0,7% e reduzindo o faturamento em 19,6%, a oferta se manteve. O principal destino foi a China, que adquiriu 59,6% de toda carne in natura exportada. De menor valor relativo, naturalmente.<\/p>\n<p>O rebanho bovino brasileiro alcan\u00e7ou o recorde de 238,6 milh\u00f5es de animais em 2023, uma alta de 1,6% em rela\u00e7\u00e3o a 2022. Os dados s\u00e3o da pesquisa Produ\u00e7\u00e3o da Pecu\u00e1ria Municipal 2023, divulgada pelo IBGE. Assim, o efetivo de cabe\u00e7as de gado continua superior ao n\u00famero de habitantes do pa\u00eds. Em 2023, a popula\u00e7\u00e3o brasileira somava 212 milh\u00f5es de habitantes.<\/p>\n<p>S\u00e3o F\u00e9lix do Xingu, no Par\u00e1, que j\u00e1 teve das mais ricas florestas do Brasil, continua a liderar o ranking municipal, com 2,5 milh\u00f5es de cabe\u00e7as, o equivalente a 1% do total brasileiro. O segundo lugar foi de Corumb\u00e1, no Mato Grosso do Sul, com 2,2 milh\u00f5es de animais, 0,9% do efetivo nacional, seguido por Porto Velho, em Rond\u00f4nia, com 1,8 milh\u00e3o de bovinos, 0,7% do rebanho brasileiro.<\/p>\n","protected":false},"excerpt":{"rendered":"<p>Amaz\u00f4nia Real, por L\u00facio Fl\u00e1vio Pinto &#8211; O Par\u00e1 possu\u00eda o segundo maior rebanho bovino do Brasil no ano passado, com 25 milh\u00f5es de animais, 10,5% do rebanho nacional. Ficou abaixo apenas de Mato Grosso, que liderou a cria\u00e7\u00e3o de bovinos, com plantel de 34 milh\u00f5es de cabe\u00e7as, 14,2% da soma nacional. Goi\u00e1s, com 23,7&#8230;<a class=\"more-link\" href=\"http:\/\/blogdalucianaoliveira.com.br\/blog\/2024\/09\/30\/floresta-prioridade-e-o-boi\/\">Continue a leitura <span class=\"meta-nav\">&raquo;<\/span><\/a><\/p>\n","protected":false},"author":1,"featured_media":0,"comment_status":"closed","ping_status":"open","sticky":false,"template":"","format":"standard","meta":{"_exactmetrics_skip_tracking":false,"_exactmetrics_sitenote_active":false,"_exactmetrics_sitenote_note":"","_exactmetrics_sitenote_category":0,"jetpack_post_was_ever_published":false,"_jetpack_newsletter_access":"","_jetpack_dont_email_post_to_subs":false,"_jetpack_newsletter_tier_id":0,"_jetpack_memberships_contains_paywalled_content":false,"_jetpack_memberships_contains_paid_content":false,"footnotes":"","jetpack_publicize_message":"","jetpack_publicize_feature_enabled":true,"jetpack_social_post_already_shared":true,"jetpack_social_options":{"image_generator_settings":{"template":"highway","enabled":false},"version":2}},"categories":[1],"tags":[1138,1139,1140],"class_list":["post-36020","post","type-post","status-publish","format-standard","hentry","category-notas","tag-boi","tag-floresta","tag-rebanho"],"jetpack_publicize_connections":[],"jetpack_sharing_enabled":true,"jetpack_featured_media_url":"","jetpack_shortlink":"https:\/\/wp.me\/p7wKYW-9mY","jetpack-related-posts":[],"_links":{"self":[{"href":"http:\/\/blogdalucianaoliveira.com.br\/blog\/wp-json\/wp\/v2\/posts\/36020","targetHints":{"allow":["GET"]}}],"collection":[{"href":"http:\/\/blogdalucianaoliveira.com.br\/blog\/wp-json\/wp\/v2\/posts"}],"about":[{"href":"http:\/\/blogdalucianaoliveira.com.br\/blog\/wp-json\/wp\/v2\/types\/post"}],"author":[{"embeddable":true,"href":"http:\/\/blogdalucianaoliveira.com.br\/blog\/wp-json\/wp\/v2\/users\/1"}],"replies":[{"embeddable":true,"href":"http:\/\/blogdalucianaoliveira.com.br\/blog\/wp-json\/wp\/v2\/comments?post=36020"}],"version-history":[{"count":1,"href":"http:\/\/blogdalucianaoliveira.com.br\/blog\/wp-json\/wp\/v2\/posts\/36020\/revisions"}],"predecessor-version":[{"id":36022,"href":"http:\/\/blogdalucianaoliveira.com.br\/blog\/wp-json\/wp\/v2\/posts\/36020\/revisions\/36022"}],"wp:attachment":[{"href":"http:\/\/blogdalucianaoliveira.com.br\/blog\/wp-json\/wp\/v2\/media?parent=36020"}],"wp:term":[{"taxonomy":"category","embeddable":true,"href":"http:\/\/blogdalucianaoliveira.com.br\/blog\/wp-json\/wp\/v2\/categories?post=36020"},{"taxonomy":"post_tag","embeddable":true,"href":"http:\/\/blogdalucianaoliveira.com.br\/blog\/wp-json\/wp\/v2\/tags?post=36020"}],"curies":[{"name":"wp","href":"https:\/\/api.w.org\/{rel}","templated":true}]}}