{"id":36023,"date":"2024-10-01T18:39:15","date_gmt":"2024-10-01T22:39:15","guid":{"rendered":"http:\/\/blogdalucianaoliveira.com.br\/blog\/?p=36023"},"modified":"2024-10-01T18:39:15","modified_gmt":"2024-10-01T22:39:15","slug":"protecao-de-povos-originarios-faz-de-terras-indigenas-as-areas-mais-preservadas-do-brasil","status":"publish","type":"post","link":"http:\/\/blogdalucianaoliveira.com.br\/blog\/2024\/10\/01\/protecao-de-povos-originarios-faz-de-terras-indigenas-as-areas-mais-preservadas-do-brasil\/","title":{"rendered":"Prote\u00e7\u00e3o de povos origin\u00e1rios faz de terras ind\u00edgenas as \u00e1reas mais preservadas do Brasil"},"content":{"rendered":"<p><img data-recalc-dims=\"1\" loading=\"lazy\" decoding=\"async\" data-attachment-id=\"36024\" data-permalink=\"http:\/\/blogdalucianaoliveira.com.br\/blog\/2024\/10\/01\/protecao-de-povos-originarios-faz-de-terras-indigenas-as-areas-mais-preservadas-do-brasil\/img_0870\/\" data-orig-file=\"https:\/\/i0.wp.com\/blogdalucianaoliveira.com.br\/blog\/wp-content\/uploads\/2024\/10\/IMG_0870.jpeg?fit=1077%2C622\" data-orig-size=\"1077,622\" data-comments-opened=\"0\" data-image-meta=\"{&quot;aperture&quot;:&quot;0&quot;,&quot;credit&quot;:&quot;&quot;,&quot;camera&quot;:&quot;&quot;,&quot;caption&quot;:&quot;&quot;,&quot;created_timestamp&quot;:&quot;0&quot;,&quot;copyright&quot;:&quot;&quot;,&quot;focal_length&quot;:&quot;0&quot;,&quot;iso&quot;:&quot;0&quot;,&quot;shutter_speed&quot;:&quot;0&quot;,&quot;title&quot;:&quot;&quot;,&quot;orientation&quot;:&quot;1&quot;}\" data-image-title=\"IMG_0870\" data-image-description=\"\" data-image-caption=\"\" data-medium-file=\"https:\/\/i0.wp.com\/blogdalucianaoliveira.com.br\/blog\/wp-content\/uploads\/2024\/10\/IMG_0870.jpeg?fit=300%2C173\" data-large-file=\"https:\/\/i0.wp.com\/blogdalucianaoliveira.com.br\/blog\/wp-content\/uploads\/2024\/10\/IMG_0870.jpeg?fit=600%2C346\" class=\"alignnone size-full wp-image-36024\" src=\"https:\/\/i0.wp.com\/blogdalucianaoliveira.com.br\/blog\/wp-content\/uploads\/2024\/10\/IMG_0870.jpeg?resize=600%2C347\" alt=\"\" width=\"600\" height=\"347\" srcset=\"https:\/\/i0.wp.com\/blogdalucianaoliveira.com.br\/blog\/wp-content\/uploads\/2024\/10\/IMG_0870.jpeg?w=1077 1077w, https:\/\/i0.wp.com\/blogdalucianaoliveira.com.br\/blog\/wp-content\/uploads\/2024\/10\/IMG_0870.jpeg?resize=300%2C173 300w, https:\/\/i0.wp.com\/blogdalucianaoliveira.com.br\/blog\/wp-content\/uploads\/2024\/10\/IMG_0870.jpeg?resize=1024%2C591 1024w, https:\/\/i0.wp.com\/blogdalucianaoliveira.com.br\/blog\/wp-content\/uploads\/2024\/10\/IMG_0870.jpeg?resize=768%2C444 768w, https:\/\/i0.wp.com\/blogdalucianaoliveira.com.br\/blog\/wp-content\/uploads\/2024\/10\/IMG_0870.jpeg?resize=519%2C300 519w\" sizes=\"auto, (max-width: 600px) 100vw, 600px\" \/><\/p>\n<h2 class=\"description\" data-pf_style_display=\"block\" data-pf_style_visibility=\"visible\"><span class=\"text-node\">Segundo o MapBiomas, territ\u00f3rios perderam menos de 1% de vegeta\u00e7\u00e3o nativa; \u00e1reas privados perderam 28%<\/span><\/h2>\n<p><!--more--><\/p>\n<p class=\"added-to-list1\" data-pf_style_display=\"block\" data-pf_style_visibility=\"visible\"><span class=\"text-node\">Brasil de Fato, por Mariana Castro &#8211; Mais de 180 povos ind\u00edgenas, al\u00e9m de grupos isolados, vivem na <\/span><a href=\"https:\/\/www.brasildefato.com.br\/2024\/09\/27\/mineracao-na-regiao-amazonica-aumentou-em-mais-de-1-000-em-39-anos-aponta-mapbiomas\" target=\"_blank\" rel=\"noopener\" data-pf_style_display=\"inline\" data-pf_style_visibility=\"visible\"><span class=\"text-node\">Amaz\u00f4nia<\/span><\/a><span class=\"text-node\"> e cultuam a floresta n\u00e3o apenas como moradia, mas como parte de si, a partir da conex\u00e3o profunda com o meio ambiente e a defesa dos territ\u00f3rios.<\/span><\/p>\n<p class=\"ads-googletag article_1 added-to-list1\">\n<p class=\"added-to-list1\" data-pf_style_display=\"block\" data-pf_style_visibility=\"visible\"><span class=\"text-node\">Segundo o\u00a0<\/span><a href=\"https:\/\/brasil.mapbiomas.org\/wp-content\/uploads\/sites\/4\/2024\/08\/Fact_Colecao-9_21.08-OK.pdf\" data-pf_style_display=\"inline\" data-pf_style_visibility=\"visible\"><span class=\"text-node\">levantamento<\/span><\/a><span class=\"text-node\"> do MapBiomas, divulgado em agosto, as <\/span><a href=\"https:\/\/www.brasildefato.com.br\/2024\/09\/05\/ministerio-da-justica-autoriza-tres-novas-terras-indigenas-apos-seis-anos-sem-demarcacao\" target=\"_blank\" rel=\"noopener\" data-pf_style_display=\"inline\" data-pf_style_visibility=\"visible\"><span class=\"text-node\">terras ind\u00edgenas<\/span><\/a><span class=\"text-node\"> s\u00e3o os territ\u00f3rios mais preservados do Brasil e perderam apenas 1% da vegeta\u00e7\u00e3o nativa em 38 anos, entre 1985 e 2023 \u2013 enquanto as terras privadas perderam 28%.<\/span><\/p>\n<p class=\"ads-googletag article_2 added-to-list1\">\n<p class=\"ckeditor-img-caption added-to-list1\" data-pf_style_display=\"block\" data-pf_style_visibility=\"visible\"><img data-recalc-dims=\"1\" decoding=\"async\" class=\"pf-large-image flex-width pf-size-full mediumImage\" src=\"https:\/\/i0.wp.com\/images02.brasildefato.com.br\/1378d8e9852b1d3ab648da793060539c.webp?w=600&#038;ssl=1\" srcset=\"\" data-pf_style_display=\"inline\" data-pf_style_visibility=\"visible\" data-pf_rect_width=\"0\" data-pf_rect_height=\"0\" \/><br data-pf_style_display=\"inline\" data-pf_style_visibility=\"visible\" \/><span class=\"text-node\">Em uma \u00e1rea de 280 mil hectares de extens\u00e3o, a TI Alto Rio Guam\u00e1 conta com 33 aldeias. \/ Mariana Castro\/ Brasil de Fato<\/span><\/p>\n<p class=\"added-to-list1\" data-pf_style_display=\"block\" data-pf_style_visibility=\"visible\"><span class=\"text-node\">A Terra Ind\u00edgena Alto Rio Guam\u00e1, localizada no Par\u00e1, \u00e9 um dos territ\u00f3rios que acumula hist\u00f3rico de viol\u00eancia, luta e resist\u00eancia em defesa das florestas.<\/span><\/p>\n<p class=\"ads-googletag article_4 added-to-list1\">\n<p class=\"added-to-list1\" data-pf_style_display=\"block\" data-pf_style_visibility=\"visible\"><span class=\"text-node\">\u201cNo passado teve muitos conflitos, tanto queimada quanto devasta\u00e7\u00e3o. O pessoal colocava muito pasto, mas agora n\u00e3o, n\u00f3s temos uma equipe fiscalizando, que vai duas vezes por m\u00eas. S\u00e3o os guarda-parque, os guardas florestais\u201d, explica o cacique da Edivaldo Temb\u00e9, da aldeia P\u2019 Noir, no munic\u00edpio de Santa Luzia do Par\u00e1, localizado no nordeste paraense.<\/span><\/p>\n<p class=\"added-to-list1\" data-pf_style_display=\"block\" data-pf_style_visibility=\"visible\"><span class=\"text-node\">Edivaldo Temb\u00e9 foi uma das lideran\u00e7as presas durante a chamada<\/span><a href=\"https:\/\/www.brasildefato.com.br\/2021\/07\/09\/gigante-do-agronegocio-ocupa-e-viola-tres-cemiterios-quilombolas-e-um-indigena-no-para\" target=\"_blank\" rel=\"noopener\" data-pf_style_display=\"inline\" data-pf_style_visibility=\"visible\"><span class=\"text-node\"> Batalha do Livramento<\/span><\/a><span class=\"text-node\">, no ano de 1996, que resultou em uma das maiores apreens\u00f5es de madeira do Brasil a partir de opera\u00e7\u00e3o conjunta entre os ind\u00edgenas, a Funai e o Ibama.<\/span><\/p>\n<p class=\"ckeditor-img-caption added-to-list1\" data-pf_style_display=\"block\" data-pf_style_visibility=\"visible\"><img data-recalc-dims=\"1\" decoding=\"async\" class=\"pf-large-image flex-width pf-size-full mediumImage\" src=\"https:\/\/i0.wp.com\/images03.brasildefato.com.br\/55cee6ba2c35f72c992882e8b2eaff09.webp?w=600&#038;ssl=1\" srcset=\"\" data-pf_style_display=\"inline\" data-pf_style_visibility=\"visible\" data-pf_rect_width=\"0\" data-pf_rect_height=\"0\" \/><br data-pf_style_display=\"inline\" data-pf_style_visibility=\"visible\" \/><span class=\"text-node\">Com hist\u00f3rico de viol\u00eancias e amea\u00e7as, ind\u00edgenas Temb\u00e9 retomam territ\u00f3rio e prote\u00e7\u00e3o da floresta. \/ Mariana Castro\/ Brasil de Fato<\/span><\/p>\n<p class=\"added-to-list1\" data-pf_style_display=\"block\" data-pf_style_visibility=\"visible\"><span class=\"text-node\">Nessa batalha em defesa das florestas e do territ\u00f3rio, os fazendeiros aprisionaram 77 ind\u00edgenas Temb\u00e9 e, em uma disputa de narrativas, garantiram o apoio de parte da popula\u00e7\u00e3o. Os ind\u00edgenas dizem ter sido submetidos \u00e0 tortura e \u00e0 falta de condi\u00e7\u00f5es m\u00ednimas para sobreviver durante tr\u00eas dias.<\/span><\/p>\n<p class=\"added-to-list1\" data-pf_style_display=\"block\" data-pf_style_visibility=\"visible\"><span class=\"text-node\">\u201cA gente entrou para fiscalizar madeireiro, que tinha muito na \u00e9poca. Os madeireiros mobilizaram o pessoal e acabaram prendendo a gente l\u00e1 na Vila, foi um desconforto muito grande, houve muita amea\u00e7a, voc\u00ea sabe como \u00e9, a Justi\u00e7a \u00e9 muito lenta, tocaram fogo nos nossos carros, e a briga sempre foi essa a\u00ed\u201d, relembra o cacique.<\/span><\/p>\n<p class=\"added-to-list1\" data-pf_style_display=\"block\" data-pf_style_visibility=\"visible\"><span class=\"text-node\">Ao longo dos anos, os Temb\u00e9 sofreram com a invas\u00e3o de colonos e tiveram a terra, a fauna e os rios degradados. Somente em mar\u00e7o deste ano, ap\u00f3s 40 anos de luta pela desintrus\u00e3o, mais de 1.600 invasores foram retirados pelo governo federal e eles receberam direito exclusivo ao territ\u00f3rio.<\/span><\/p>\n<p class=\"ads-googletag article_middle added-to-list1\">\n<p class=\"added-to-list1\" data-pf_style_display=\"block\" data-pf_style_visibility=\"visible\"><img data-recalc-dims=\"1\" decoding=\"async\" class=\"pf-large-image flex-width pf-size-full mediumImage\" src=\"https:\/\/i0.wp.com\/images03.brasildefato.com.br\/6d11343e64d3a7d55367013df78f9f71.webp?w=600&#038;ssl=1\" srcset=\"\" data-pf_style_display=\"inline\" data-pf_style_visibility=\"visible\" data-pf_rect_width=\"0\" data-pf_rect_height=\"0\" \/><br data-pf_style_display=\"inline\" data-pf_style_visibility=\"visible\" \/><span class=\"text-node\">Rec\u00e9m criado, grupo de guardi\u00f5es da etnia Temb\u00e9 atua na defesa das florestas e do territ\u00f3rio. \/ Arquivo<\/span><\/p>\n<p class=\"added-to-list1\" data-pf_style_display=\"block\" data-pf_style_visibility=\"visible\"><span class=\"text-node\">Desde ent\u00e3o, a \u00e1rea conta com o grupo de Guardi\u00f5es da Floresta, que, a exemplo de outros territ\u00f3rios, \u00e9 composto por ind\u00edgenas com a miss\u00e3o de proteger o territ\u00f3rio, impedir o desmatamento da floresta e expulsar invasores.<\/span><\/p>\n<p class=\"added-to-list1\" data-pf_style_display=\"block\" data-pf_style_visibility=\"visible\"><span class=\"text-node\">\u201cEsse projeto surgiu para que a gente viesse proteger a floresta das queimadas, e inclusive j\u00e1 fomos para algumas miss\u00f5es, j\u00e1 apreendemos drogas, armas, quase tivemos conflitos e \u00e9 uma coisa muito importante para o povo Temb\u00e9 e estamos querendo ir muito al\u00e9m disso e proteger mais a natureza\u201d, explica o jovem guardi\u00e3o Ronald Temb\u00e9.<\/span><\/p>\n<p class=\"added-to-list1\" data-pf_style_display=\"block\" data-pf_style_visibility=\"visible\"><span class=\"text-node\">A Terra Ind\u00edgena Alto Rio Guam\u00e1 tem mais de 280 mil hectares, onde abriga 42 aldeias e vivem cerca de 2.500 ind\u00edgenas das etnias Temb\u00e9, Timbira, Kaapor, Urubu-Kaap\u00f3r e Guajajara. No caso dos Temb\u00e9, a desintrus\u00e3o \u00e9 um marco hist\u00f3rico e d\u00e1 in\u00edcio a uma retomada recente dos modos de vida. Mas os novos tempos trouxeram tamb\u00e9m novos problemas, como a pulveriza\u00e7\u00e3o a\u00e9rea de agrot\u00f3xicos por aeronaves e drones.<\/span><\/p>\n<p class=\"added-to-list1\" data-pf_style_display=\"block\" data-pf_style_visibility=\"visible\"><span class=\"text-node\">\u201cA gente conseguiu controlar o avi\u00e3o, mas recentemente soubemos que h\u00e1 drones. A gente j\u00e1 denunciou isso, porque de qualquer forma vai afetar a gente, vai afetar o a\u00e7aizal que geralmente \u00e9 a \u00fanica coisa que existe no entorno da reserva, e aqui dentro existe uma colheita de a\u00e7a\u00ed muito grande. Estamos tentando preservar isso\u201d, explica o cacique Edivaldo Temb\u00e9.<\/span><\/p>\n<p class=\"ckeditor-img-caption added-to-list1\" data-pf_style_display=\"block\" data-pf_style_visibility=\"visible\"><img data-recalc-dims=\"1\" decoding=\"async\" class=\"pf-large-image flex-width pf-size-full mediumImage\" src=\"https:\/\/i0.wp.com\/images01.brasildefato.com.br\/3b0f392ca3611f41fcac71c236dad9b9.webp?w=600&#038;ssl=1\" srcset=\"\" data-pf_style_display=\"inline\" data-pf_style_visibility=\"visible\" data-pf_rect_width=\"0\" data-pf_rect_height=\"0\" \/><br data-pf_style_display=\"inline\" data-pf_style_visibility=\"visible\" \/><span class=\"text-node\">Festa da Menina Mo\u00e7a necessita de recursos naturais que v\u00e3o desde a ornamenta\u00e7\u00e3o at\u00e9 a alimenta\u00e7\u00e3o. \/ Reprodu\u00e7\u00e3o\/Governo Federal<\/span><\/p>\n<p class=\"added-to-list1\" data-pf_style_display=\"block\" data-pf_style_visibility=\"visible\"><span class=\"text-node\">Para os povos ind\u00edgenas, a floresta cumpre ainda papel fundamental na preserva\u00e7\u00e3o dos ritos tradicionais, como a Festa da Menina Mo\u00e7a, que celebra a passagem da inf\u00e2ncia das meninas para a vida adulta.<\/span><\/p>\n<p class=\"added-to-list1\" data-pf_style_display=\"block\" data-pf_style_visibility=\"visible\"><span class=\"text-node\">\u201cSe n\u00e3o tiver a floresta, n\u00e3o podemos ter festa, porque essa festa depende do porco, do nambu e do jacu, entre outras coisas como o jenipapo. H\u00e1 20 anos n\u00e3o existia essa festa, porque n\u00e3o tinha a mat\u00e9ria-prima para a gente fazer uma festa dessas. A gente ia para muito longe. Hoje n\u00e3o, a gente j\u00e1 conseguiu ter [novamente] esse tipo de coisa aqui dentro devido ao afastamento dos colonos\u201d, complementa.<\/span><\/p>\n<p class=\"added-to-list1\" data-pf_style_display=\"block\" data-pf_style_visibility=\"visible\"><span class=\"text-node\">A maioria das terras ind\u00edgenas concentra-se na Amaz\u00f4nia Legal: s\u00e3o 430 \u00e1reas, 115.803.611 hectares, representando 23% do territ\u00f3rio amaz\u00f4nico e 98.25% da extens\u00e3o de todas as unidades desse tipo do pa\u00eds. Diante do cen\u00e1rio devastador de crise clim\u00e1tica e inc\u00eandios florestais, cumprem um papel fundamental na preserva\u00e7\u00e3o do bioma, mas os povos ind\u00edgenas alertam que isso n\u00e3o \u00e9 suficiente.<\/span><\/p>\n<p class=\"added-to-list1\" data-pf_style_display=\"block\" data-pf_style_visibility=\"visible\"><span class=\"text-node\">\u201cS\u00f3 as \u00e1reas ind\u00edgenas n\u00e3o s\u00e3o suficientes. Se o governo n\u00e3o tomar uma atitude de preservar, s\u00f3 as \u00e1reas ind\u00edgenas n\u00e3o v\u00e3o suprir a necessidade. A gente sabe que estamos preservando. Mas [por exemplo] aqui mesmo, n\u00e3o existe devasta\u00e7\u00e3o, mas a quentura \u00e9 imensa\u201d, explica Edivaldo Temb\u00e9.<\/span><\/p>\n<p class=\"added-to-list1\" data-pf_style_display=\"block\" data-pf_style_visibility=\"visible\"><span class=\"text-node\">Para al\u00e9m de manter a luta em defesa das florestas com a pr\u00f3pria vida, a urg\u00eancia dos impactos da crise clim\u00e1tica apontam para um cen\u00e1rio cada vez mais devastador. \u00a0<\/span><\/p>\n<p class=\"added-to-list1\" data-pf_style_display=\"block\" data-pf_style_visibility=\"visible\"><span class=\"text-node\">\u201cIsso aqui \u00e9 um pedido de socorro. A floresta precisa de ajuda, n\u00e3o s\u00f3 dos ind\u00edgenas. Hoje ningu\u00e9m precisa s\u00f3 de dinheiro ou s\u00f3 de gado, n\u00e3o&#8230; de tudo a gente precisa um pouco. E se n\u00e3o tiver ajuda de algu\u00e9m esse pouco vai acabar e o mundo vai incendiar&#8221;, diz.<\/span><\/p>\n","protected":false},"excerpt":{"rendered":"<p>Segundo o MapBiomas, territ\u00f3rios perderam menos de 1% de vegeta\u00e7\u00e3o nativa; \u00e1reas privados perderam 28%<\/p>\n","protected":false},"author":1,"featured_media":0,"comment_status":"closed","ping_status":"open","sticky":false,"template":"","format":"standard","meta":{"_exactmetrics_skip_tracking":false,"_exactmetrics_sitenote_active":false,"_exactmetrics_sitenote_note":"","_exactmetrics_sitenote_category":0,"jetpack_post_was_ever_published":false,"_jetpack_newsletter_access":"","_jetpack_dont_email_post_to_subs":false,"_jetpack_newsletter_tier_id":0,"_jetpack_memberships_contains_paywalled_content":false,"_jetpack_memberships_contains_paid_content":false,"footnotes":"","jetpack_publicize_message":"","jetpack_publicize_feature_enabled":true,"jetpack_social_post_already_shared":true,"jetpack_social_options":{"image_generator_settings":{"template":"highway","enabled":false},"version":2}},"categories":[1],"tags":[386,1142,1141],"class_list":["post-36023","post","type-post","status-publish","format-standard","hentry","category-notas","tag-meio-ambiente","tag-protecao","tag-territorios-indigenas"],"jetpack_publicize_connections":[],"jetpack_sharing_enabled":true,"jetpack_featured_media_url":"","jetpack_shortlink":"https:\/\/wp.me\/p7wKYW-9n1","jetpack-related-posts":[],"_links":{"self":[{"href":"http:\/\/blogdalucianaoliveira.com.br\/blog\/wp-json\/wp\/v2\/posts\/36023","targetHints":{"allow":["GET"]}}],"collection":[{"href":"http:\/\/blogdalucianaoliveira.com.br\/blog\/wp-json\/wp\/v2\/posts"}],"about":[{"href":"http:\/\/blogdalucianaoliveira.com.br\/blog\/wp-json\/wp\/v2\/types\/post"}],"author":[{"embeddable":true,"href":"http:\/\/blogdalucianaoliveira.com.br\/blog\/wp-json\/wp\/v2\/users\/1"}],"replies":[{"embeddable":true,"href":"http:\/\/blogdalucianaoliveira.com.br\/blog\/wp-json\/wp\/v2\/comments?post=36023"}],"version-history":[{"count":1,"href":"http:\/\/blogdalucianaoliveira.com.br\/blog\/wp-json\/wp\/v2\/posts\/36023\/revisions"}],"predecessor-version":[{"id":36025,"href":"http:\/\/blogdalucianaoliveira.com.br\/blog\/wp-json\/wp\/v2\/posts\/36023\/revisions\/36025"}],"wp:attachment":[{"href":"http:\/\/blogdalucianaoliveira.com.br\/blog\/wp-json\/wp\/v2\/media?parent=36023"}],"wp:term":[{"taxonomy":"category","embeddable":true,"href":"http:\/\/blogdalucianaoliveira.com.br\/blog\/wp-json\/wp\/v2\/categories?post=36023"},{"taxonomy":"post_tag","embeddable":true,"href":"http:\/\/blogdalucianaoliveira.com.br\/blog\/wp-json\/wp\/v2\/tags?post=36023"}],"curies":[{"name":"wp","href":"https:\/\/api.w.org\/{rel}","templated":true}]}}