{"id":36027,"date":"2024-10-04T15:35:19","date_gmt":"2024-10-04T19:35:19","guid":{"rendered":"http:\/\/blogdalucianaoliveira.com.br\/blog\/?p=36027"},"modified":"2024-10-04T15:35:19","modified_gmt":"2024-10-04T19:35:19","slug":"mensagens-de-odio-sao-direcionadas-600-vezes-mais-a-candidatas-mulheres-diz-estudo","status":"publish","type":"post","link":"http:\/\/blogdalucianaoliveira.com.br\/blog\/2024\/10\/04\/mensagens-de-odio-sao-direcionadas-600-vezes-mais-a-candidatas-mulheres-diz-estudo\/","title":{"rendered":"Mensagens de \u00f3dio s\u00e3o direcionadas 600 vezes mais a candidatas mulheres, diz estudo"},"content":{"rendered":"<p><img data-recalc-dims=\"1\" loading=\"lazy\" decoding=\"async\" data-attachment-id=\"36028\" data-permalink=\"http:\/\/blogdalucianaoliveira.com.br\/blog\/2024\/10\/04\/mensagens-de-odio-sao-direcionadas-600-vezes-mais-a-candidatas-mulheres-diz-estudo\/img_0962\/\" data-orig-file=\"https:\/\/i0.wp.com\/blogdalucianaoliveira.com.br\/blog\/wp-content\/uploads\/2024\/10\/IMG_0962.jpeg?fit=1106%2C621\" data-orig-size=\"1106,621\" data-comments-opened=\"0\" data-image-meta=\"{&quot;aperture&quot;:&quot;0&quot;,&quot;credit&quot;:&quot;&quot;,&quot;camera&quot;:&quot;&quot;,&quot;caption&quot;:&quot;&quot;,&quot;created_timestamp&quot;:&quot;0&quot;,&quot;copyright&quot;:&quot;&quot;,&quot;focal_length&quot;:&quot;0&quot;,&quot;iso&quot;:&quot;0&quot;,&quot;shutter_speed&quot;:&quot;0&quot;,&quot;title&quot;:&quot;&quot;,&quot;orientation&quot;:&quot;1&quot;}\" data-image-title=\"IMG_0962\" data-image-description=\"\" data-image-caption=\"\" data-medium-file=\"https:\/\/i0.wp.com\/blogdalucianaoliveira.com.br\/blog\/wp-content\/uploads\/2024\/10\/IMG_0962.jpeg?fit=300%2C168\" data-large-file=\"https:\/\/i0.wp.com\/blogdalucianaoliveira.com.br\/blog\/wp-content\/uploads\/2024\/10\/IMG_0962.jpeg?fit=600%2C337\" class=\"alignnone size-full wp-image-36028\" src=\"https:\/\/i0.wp.com\/blogdalucianaoliveira.com.br\/blog\/wp-content\/uploads\/2024\/10\/IMG_0962.jpeg?resize=600%2C337\" alt=\"\" width=\"600\" height=\"337\" srcset=\"https:\/\/i0.wp.com\/blogdalucianaoliveira.com.br\/blog\/wp-content\/uploads\/2024\/10\/IMG_0962.jpeg?w=1106 1106w, https:\/\/i0.wp.com\/blogdalucianaoliveira.com.br\/blog\/wp-content\/uploads\/2024\/10\/IMG_0962.jpeg?resize=300%2C168 300w, https:\/\/i0.wp.com\/blogdalucianaoliveira.com.br\/blog\/wp-content\/uploads\/2024\/10\/IMG_0962.jpeg?resize=1024%2C575 1024w, https:\/\/i0.wp.com\/blogdalucianaoliveira.com.br\/blog\/wp-content\/uploads\/2024\/10\/IMG_0962.jpeg?resize=768%2C431 768w, https:\/\/i0.wp.com\/blogdalucianaoliveira.com.br\/blog\/wp-content\/uploads\/2024\/10\/IMG_0962.jpeg?resize=534%2C300 534w\" sizes=\"auto, (max-width: 600px) 100vw, 600px\" \/><\/p>\n<p class=\"added-to-list1\" data-pf_style_display=\"block\" data-pf_style_visibility=\"visible\"><span class=\"text-node\">Revista F\u00f3rum &#8211; A <\/span><a href=\"https:\/\/revistaforum.com.br\/temas\/violncia-politica-46176.html\" data-pf_style_display=\"inline\" data-pf_style_visibility=\"visible\"><span class=\"text-node\">viol\u00eancia pol\u00edtica<\/span><\/a><span class=\"text-node\"> pelas redes sociais atinge em sua maioria as <\/span><a href=\"https:\/\/revistaforum.com.br\/mulher\/\" data-pf_style_display=\"inline\" data-pf_style_visibility=\"visible\"><span class=\"text-node\">mulheres candidatas<\/span><\/a><span class=\"text-node\">. Um estudo revelou que elas receberam mais do dobro de insultos e quase cinco vezes mais ataques em compara\u00e7\u00e3o aos homens. Os ataques, que v\u00e3o da <\/span><a href=\"https:\/\/revistaforum.com.br\/temas\/misoginia-4975.html\" data-pf_style_display=\"inline\" data-pf_style_visibility=\"visible\"><span class=\"text-node\">misoginia<\/span><\/a><span class=\"text-node\"> \u00e0 <\/span><a href=\"https:\/\/revistaforum.com.br\/temas\/xenofobia-3880.html\" data-pf_style_display=\"inline\" data-pf_style_visibility=\"visible\"><span class=\"text-node\">xenofobia<\/span><\/a><span class=\"text-node\">, refor\u00e7am estere\u00f3tipos de g\u00eanero sobre\u00a0apar\u00eancia, idade e capacidade.<\/span><!--more--><\/p>\n<p class=\"added-to-list1\" data-pf_style_display=\"block\" data-pf_style_visibility=\"visible\"><span class=\"text-node\">Enquanto os homens receberam 417 insultos e 105 ataques, mulheres j\u00e1 foram alvo de 733 insultos e 462 ataques, <\/span><strong data-pf_style_display=\"inline\" data-pf_style_visibility=\"visible\"><span class=\"text-node\">673 insultos e ataques a mais em compara\u00e7\u00e3o aos homens em cidades do interior do Brasil<\/span><\/strong><span class=\"text-node\">, o que representa um acr\u00e9scimo de 128,9% no cen\u00e1rio de viol\u00eancia pol\u00edtica de g\u00eanero.<\/span><\/p>\n<p class=\"added-to-list1\" data-pf_style_display=\"block\" data-pf_style_visibility=\"visible\"><span class=\"text-node\">A <\/span><a href=\"https:\/\/revistaforum.com.br\/temas\/violncia-politica-46176.html\" data-pf_style_display=\"inline\" data-pf_style_visibility=\"visible\"><span class=\"text-node\">viol\u00eancia pol\u00edtica<\/span><\/a><span class=\"text-node\"> pelas redes sociais atinge em sua maioria as <\/span><a href=\"https:\/\/revistaforum.com.br\/mulher\/\" data-pf_style_display=\"inline\" data-pf_style_visibility=\"visible\"><span class=\"text-node\">mulheres candidatas<\/span><\/a><span class=\"text-node\">. Um estudo revelou que elas receberam mais do dobro de insultos e quase cinco vezes mais ataques em compara\u00e7\u00e3o aos homens. Os ataques, que v\u00e3o da <\/span><a href=\"https:\/\/revistaforum.com.br\/temas\/misoginia-4975.html\" data-pf_style_display=\"inline\" data-pf_style_visibility=\"visible\"><span class=\"text-node\">misoginia<\/span><\/a><span class=\"text-node\"> \u00e0 <\/span><a href=\"https:\/\/revistaforum.com.br\/temas\/xenofobia-3880.html\" data-pf_style_display=\"inline\" data-pf_style_visibility=\"visible\"><span class=\"text-node\">xenofobia<\/span><\/a><span class=\"text-node\">, refor\u00e7am estere\u00f3tipos de g\u00eanero sobre\u00a0apar\u00eancia, idade e capacidade.<\/span><\/p>\n<p class=\"added-to-list1\" data-pf_style_display=\"block\" data-pf_style_visibility=\"visible\"><span class=\"text-node\">Enquanto os homens receberam 417 insultos e 105 ataques, mulheres j\u00e1 foram alvo de 733 insultos e 462 ataques, <\/span><strong data-pf_style_display=\"inline\" data-pf_style_visibility=\"visible\"><span class=\"text-node\">673 insultos e ataques a mais em compara\u00e7\u00e3o aos homens em cidades do interior do Brasil<\/span><\/strong><span class=\"text-node\">, o que representa um acr\u00e9scimo de 128,9% no cen\u00e1rio de viol\u00eancia pol\u00edtica de g\u00eanero.<\/span><\/p>\n<p class=\"added-to-list1\" data-pf_style_display=\"block\" data-pf_style_visibility=\"visible\"><span class=\"text-node\">Os dados s\u00e3o do Instituto <\/span><a href=\"https:\/\/azmina.com.br\/reportagens\/violencia-online-tambem-candidatas-no-interior-do-brasil\/\" data-pf_style_display=\"inline\" data-pf_style_visibility=\"visible\"><span class=\"text-node\">MonitorA<\/span><\/a><span class=\"text-node\">, observat\u00f3rio desenvolvido pelo Instituto <\/span><strong data-pf_style_display=\"inline\" data-pf_style_visibility=\"visible\"><span class=\"text-node\">AzMina<\/span><\/strong><span class=\"text-node\">, <\/span><strong data-pf_style_display=\"inline\" data-pf_style_visibility=\"visible\"><span class=\"text-node\">InternetLab<\/span><\/strong><span class=\"text-node\">, <\/span><strong data-pf_style_display=\"inline\" data-pf_style_visibility=\"visible\"><span class=\"text-node\">N\u00facleo Jornalismo<\/span><\/strong><span class=\"text-node\"> e<\/span><strong data-pf_style_display=\"inline\" data-pf_style_visibility=\"visible\"><span class=\"text-node\"> Laborat\u00f3rio de Humanidades Digitais da Universidade Federal da Bahia<\/span><\/strong><span class=\"text-node\">.<\/span><\/p>\n<p class=\"content-banner added-to-list1\">\n<p class=\"added-to-list1\" data-pf_style_display=\"block\" data-pf_style_visibility=\"visible\"><span class=\"text-node\">Mais de 5 mil coment\u00e1rios em debates pol\u00edticos transmitidos online contra 37 candidatas em 25 cidades brasileiras foram identificados. A pesquisa, realizada entre agosto e setembro de 2024, analisou transmiss\u00f5es de YouTube em diferentes regi\u00f5es do pa\u00eds.<\/span><\/p>\n<div class=\"content-banner\" data-pf_style_display=\"block\" data-pf_style_visibility=\"visible\"><\/div>\n<p class=\"added-to-list1\" data-pf_style_display=\"block\" data-pf_style_visibility=\"visible\"><span class=\"text-node\">O <\/span><strong data-pf_style_display=\"inline\" data-pf_style_visibility=\"visible\"><span class=\"text-node\">Sudeste concentrou a maior parte dos coment\u00e1rios (48,3%)<\/span><\/strong><span class=\"text-node\">, seguido por Nordeste (28,94%), Sul (20,07%) e Centro-Oeste (2,69%). Essa distribui\u00e7\u00e3o, no entanto, n\u00e3o reflete diretamente a intensidade da viol\u00eancia verbal, j\u00e1 que um mesmo usu\u00e1rio pode realizar m\u00faltiplos ataques em um \u00fanico coment\u00e1rio.<\/span><\/p>\n<p class=\"added-to-list1\" data-pf_style_display=\"block\" data-pf_style_visibility=\"visible\"><span class=\"text-node\">Segundo o instituto, na regi\u00e3o Norte h\u00e1 uma aus\u00eancia de dados, evidenciando a presen\u00e7a dos \u201cdesertos de not\u00edcias\u201d \u2013 \u00e1reas onde a cobertura jornal\u00edstica \u00e9 inexistente ou, em casos menos extremos, onde apenas um ou dois ve\u00edculos est\u00e3o presentes. Nos locais onde a reportagem conseguiu identificar a transmiss\u00e3o de debates ou sabatinas, a participa\u00e7\u00e3o do p\u00fablico nos coment\u00e1rios foi escassa.<\/span><\/p>\n<p class=\"added-to-list1\" data-pf_style_display=\"block\" data-pf_style_visibility=\"visible\"><span class=\"text-node\">A pesquisa identificou <\/span><strong data-pf_style_display=\"inline\" data-pf_style_visibility=\"visible\"><span class=\"text-node\">Santos (SP) como a cidade com o maior volume de coment\u00e1rios potencialmente ofensivos<\/span><\/strong><span class=\"text-node\">, seguida por Ass\u00fa (RN), Piracicaba (SP), Olinda (PE), S\u00e3o Jo\u00e3o de Meriti (RJ), Santo Andr\u00e9 (SP) e Santa Cruz do Capibaribe (PE).\u00a0<\/span><\/p>\n<p class=\"added-to-list1\" data-pf_style_display=\"block\" data-pf_style_visibility=\"visible\"><span class=\"text-node\">Juntas, essas cidades concentraram mais de 30% dos coment\u00e1rios analisados. As palavras que mais apareceram eram com vi\u00e9s de inferioriza\u00e7\u00e3o, como \u201cvergonha\u201d, \u201cpiada\u201d e \u201clixo\u201d. Al\u00e9m disso, a maior parte das candidatas atacadas verbalmente s\u00e3o de esquerda. <\/span><\/p>\n<p class=\"added-to-list1\" data-pf_style_display=\"block\" data-pf_style_visibility=\"visible\"><span class=\"text-node\">A viol\u00eancia pol\u00edtica de g\u00eanero tamb\u00e9m reflete no ambiente f\u00edsico. Na madrugada desta sexta-feira (4), por exemplo, <\/span><a href=\"https:\/\/revistaforum.com.br\/brasil\/2024\/10\/4\/vereadora-taina-de-paula-do-pt-alvo-de-atentado-tiros-no-rio-166745.html\" data-pf_style_display=\"inline\" data-pf_style_visibility=\"visible\"><span class=\"text-node\">a vereadora Tain\u00e1 de Paula (PT), do Rio de Janeiro, foi alvo de um atentado a tiros em Vila Isabel, bairro na Zona Norte da capital fluminense<\/span><\/a><span class=\"text-node\">. Ela estava retornando de um compromisso na Zona Oeste e pararia em Vila Isabel para a \u00faltima agenda. No deslocamento, dois homens armados se aproximaram do carro da vereadora e sua equipe e abriram fogo com pistolas contra o ve\u00edculo. <\/span><\/p>\n<p class=\"added-to-list1\" data-pf_style_display=\"block\" data-pf_style_visibility=\"visible\"><span class=\"text-node\">As candidatas \u00e0 C\u00e2mara\u00a0e\u00a0\u00e0 prefeitura que sofreram ataques mis\u00f3ginos e machistas, identificadas pela pesquisa, foram: <\/span><\/p>\n<h3 data-pf_style_display=\"block\" data-pf_style_visibility=\"visible\"><strong data-pf_style_display=\"inline\" data-pf_style_visibility=\"visible\"><span class=\"text-node\">Cear\u00e1 (Cascavel e Caucaia)<\/span><\/strong><\/h3>\n<ul class=\"added-to-list1\" data-pf_style_display=\"block\" data-pf_style_visibility=\"visible\">\n<li data-pf_style_display=\"list-item\" data-pf_style_visibility=\"visible\"><span class=\"text-node\">Ana Afif Queiroz (PP-CE)<\/span><\/li>\n<li data-pf_style_display=\"list-item\" data-pf_style_visibility=\"visible\"><span class=\"text-node\">Paulinha Dantas (PODE-CE)<\/span><\/li>\n<li data-pf_style_display=\"list-item\" data-pf_style_visibility=\"visible\"><span class=\"text-node\">Emilia Pessoa (PSDB-CE)<\/span><\/li>\n<\/ul>\n<h3 data-pf_style_display=\"block\" data-pf_style_visibility=\"visible\"><strong data-pf_style_display=\"inline\" data-pf_style_visibility=\"visible\"><span class=\"text-node\">Goi\u00e1s (Jata\u00ed)<\/span><\/strong><\/h3>\n<ul class=\"added-to-list1\" data-pf_style_display=\"block\" data-pf_style_visibility=\"visible\">\n<li data-pf_style_display=\"list-item\" data-pf_style_visibility=\"visible\"><span class=\"text-node\">Soraia Rodrigues Chaves (PT-GO)<\/span><\/li>\n<\/ul>\n<h3 data-pf_style_display=\"block\" data-pf_style_visibility=\"visible\"><strong data-pf_style_display=\"inline\" data-pf_style_visibility=\"visible\"><span class=\"text-node\">Pernambuco (Olinda, Jabot\u00e3o dos Guararapes e Santa Cruz do Capibaribe)<\/span><\/strong><\/h3>\n<ul class=\"added-to-list1\" data-pf_style_display=\"block\" data-pf_style_visibility=\"visible\">\n<li data-pf_style_display=\"list-item\" data-pf_style_visibility=\"visible\"><span class=\"text-node\">Izabel Urquiza de Olinda (PL-PE)<\/span><\/li>\n<li data-pf_style_display=\"list-item\" data-pf_style_visibility=\"visible\"><span class=\"text-node\">Mirella (PSD-PE)<\/span><\/li>\n<li data-pf_style_display=\"list-item\" data-pf_style_visibility=\"visible\"><span class=\"text-node\">Alessandra Vieira (PL-PE)<\/span><\/li>\n<li data-pf_style_display=\"list-item\" data-pf_style_visibility=\"visible\"><span class=\"text-node\">Clarissa T\u00e9rcio (PP-PE)<\/span><\/li>\n<\/ul>\n<h3 data-pf_style_display=\"block\" data-pf_style_visibility=\"visible\"><strong data-pf_style_display=\"inline\" data-pf_style_visibility=\"visible\"><span class=\"text-node\">Rio de Janeiro (Niter\u00f3i, S\u00e3o Jo\u00e3o de Meriti e S\u00e3o Gon\u00e7alo)<\/span><\/strong><\/h3>\n<ul class=\"added-to-list1\" data-pf_style_display=\"block\" data-pf_style_visibility=\"visible\">\n<li data-pf_style_display=\"list-item\" data-pf_style_visibility=\"visible\"><span class=\"text-node\">Taliria Petrone (PSOL-RJ)<\/span><\/li>\n<li data-pf_style_display=\"list-item\" data-pf_style_visibility=\"visible\"><span class=\"text-node\">Alessandra Marques (PCO-RJ)<\/span><\/li>\n<li data-pf_style_display=\"list-item\" data-pf_style_visibility=\"visible\"><span class=\"text-node\">Danielle Bornia (PSTU-RJ)<\/span><\/li>\n<li data-pf_style_display=\"list-item\" data-pf_style_visibility=\"visible\"><span class=\"text-node\">Juliana Drummond (PSOL-RJ)<\/span><\/li>\n<li data-pf_style_display=\"list-item\" data-pf_style_visibility=\"visible\"><span class=\"text-node\">Jacqueline Pedroza (Novo-RJ)<\/span><\/li>\n<li data-pf_style_display=\"list-item\" data-pf_style_visibility=\"visible\"><span class=\"text-node\">Viviane Carvalho (Mobiliza-RJ)<\/span><\/li>\n<\/ul>\n<h3 data-pf_style_display=\"block\" data-pf_style_visibility=\"visible\"><strong data-pf_style_display=\"inline\" data-pf_style_visibility=\"visible\"><span class=\"text-node\">S\u00e3o Paulo (Santos, Ilhabela, Jaboticaba\u00ed, Mar\u00edlia, Piracicaba, Santo Andr\u00e9 e S\u00e3o Joa\u00f5 da Boa Vista)<\/span><\/strong><\/h3>\n<ul class=\"added-to-list1\" data-pf_style_display=\"block\" data-pf_style_visibility=\"visible\">\n<li data-pf_style_display=\"list-item\" data-pf_style_visibility=\"visible\"><span class=\"text-node\">Telma Souza (PT-SP)<\/span><\/li>\n<li data-pf_style_display=\"list-item\" data-pf_style_visibility=\"visible\"><span class=\"text-node\">Rosana Valle (PL-SP)<\/span><\/li>\n<li data-pf_style_display=\"list-item\" data-pf_style_visibility=\"visible\"><span class=\"text-node\">Adriana Hori (PSD-SP)<\/span><\/li>\n<li data-pf_style_display=\"list-item\" data-pf_style_visibility=\"visible\"><span class=\"text-node\">Profa. Bebel (PT-SP)<\/span><\/li>\n<li data-pf_style_display=\"list-item\" data-pf_style_visibility=\"visible\"><span class=\"text-node\">Clenilza (PCO-SP)<\/span><\/li>\n<li data-pf_style_display=\"list-item\" data-pf_style_visibility=\"visible\"><span class=\"text-node\">Bete Siraque (PT-SP)<\/span><\/li>\n<li data-pf_style_display=\"list-item\" data-pf_style_visibility=\"visible\"><span class=\"text-node\">Teresinha (PL-SP)<\/span><\/li>\n<li data-pf_style_display=\"list-item\" data-pf_style_visibility=\"visible\"><span class=\"text-node\">Lilian Miranda (PCO-SP)<\/span><\/li>\n<li data-pf_style_display=\"list-item\" data-pf_style_visibility=\"visible\"><span class=\"text-node\">Nayara Mazini (PSOL-SP)<\/span><\/li>\n<li data-pf_style_display=\"list-item\" data-pf_style_visibility=\"visible\"><span class=\"text-node\">Diana Almeida (PODE-SP)<\/span><\/li>\n<li data-pf_style_display=\"list-item\" data-pf_style_visibility=\"visible\"><span class=\"text-node\">Enfermeira Juliana (UNI\u00c3O-SP)<\/span><\/li>\n<\/ul>\n<h3 data-pf_style_display=\"block\" data-pf_style_visibility=\"visible\"><strong data-pf_style_display=\"inline\" data-pf_style_visibility=\"visible\"><span class=\"text-node\">Paran\u00e1 (Londrina e Toledo)<\/span><\/strong><\/h3>\n<ul class=\"added-to-list1\" data-pf_style_display=\"block\" data-pf_style_visibility=\"visible\">\n<li data-pf_style_display=\"list-item\" data-pf_style_visibility=\"visible\"><span class=\"text-node\">Isabel Diniz (PT-PR)<\/span><\/li>\n<li data-pf_style_display=\"list-item\" data-pf_style_visibility=\"visible\"><span class=\"text-node\">Profa. Maria Tereza (PP-PR)<\/span><\/li>\n<li data-pf_style_display=\"list-item\" data-pf_style_visibility=\"visible\"><span class=\"text-node\">Profa. Nelsi Welter (PT-PR)<\/span><\/li>\n<\/ul>\n<h3 data-pf_style_display=\"block\" data-pf_style_visibility=\"visible\"><strong data-pf_style_display=\"inline\" data-pf_style_visibility=\"visible\"><span class=\"text-node\">Rio Grande do Norte (Ass\u00fa)<\/span><\/strong><\/h3>\n<ul class=\"added-to-list1\" data-pf_style_display=\"block\" data-pf_style_visibility=\"visible\">\n<li data-pf_style_display=\"list-item\" data-pf_style_visibility=\"visible\"><span class=\"text-node\">Dra. Vanessa (UNI\u00c3O-RN)<\/span><\/li>\n<\/ul>\n<h3 data-pf_style_display=\"block\" data-pf_style_visibility=\"visible\"><strong data-pf_style_display=\"inline\" data-pf_style_visibility=\"visible\"><span class=\"text-node\">Santa Catarina (Blumenau, Penha e Barra Velha)<\/span><\/strong><\/h3>\n<ul class=\"added-to-list1\" data-pf_style_display=\"block\" data-pf_style_visibility=\"visible\">\n<li data-pf_style_display=\"list-item\" data-pf_style_visibility=\"visible\"><span class=\"text-node\">Ana Paula Lima (PT)<\/span><\/li>\n<li data-pf_style_display=\"list-item\" data-pf_style_visibility=\"visible\"><span class=\"text-node\">Rosane (PSOL)<\/span><\/li>\n<li data-pf_style_display=\"list-item\" data-pf_style_visibility=\"visible\"><span class=\"text-node\">Janete Krueger (PSB-SC)<\/span><\/li>\n<li data-pf_style_display=\"list-item\" data-pf_style_visibility=\"visible\"><span class=\"text-node\">Profa.Juraci (MDB-SC)<\/span><\/li>\n<li data-pf_style_display=\"list-item\" data-pf_style_visibility=\"visible\"><span class=\"text-node\">Profa. Betinha Tamanini (PT-SC)<\/span><\/li>\n<\/ul>\n<h3 data-pf_style_display=\"block\" data-pf_style_visibility=\"visible\"><strong data-pf_style_display=\"inline\" data-pf_style_visibility=\"visible\"><span class=\"text-node\">Rio Grande do Sul (Sapucaia do Sul, Novo Hamburgo e Santa Cruz do Sul)<\/span><\/strong><\/h3>\n<ul class=\"added-to-list1\" data-pf_style_display=\"block\" data-pf_style_visibility=\"visible\">\n<li data-pf_style_display=\"list-item\" data-pf_style_visibility=\"visible\"><span class=\"text-node\">Dra. Im\u00edlia de Souza (PL-RS)<\/span><\/li>\n<li data-pf_style_display=\"list-item\" data-pf_style_visibility=\"visible\"><span class=\"text-node\">T\u00e2nia da Silva (MDB-RS)<\/span><\/li>\n<\/ul>\n","protected":false},"excerpt":{"rendered":"<p>Revista F\u00f3rum &#8211; A viol\u00eancia pol\u00edtica pelas redes sociais atinge em sua maioria as mulheres candidatas. Um estudo revelou que elas receberam mais do dobro de insultos e quase cinco vezes mais ataques em compara\u00e7\u00e3o aos homens. Os ataques, que v\u00e3o da misoginia \u00e0 xenofobia, refor\u00e7am estere\u00f3tipos de g\u00eanero sobre\u00a0apar\u00eancia, idade e capacidade.<\/p>\n","protected":false},"author":1,"featured_media":0,"comment_status":"closed","ping_status":"open","sticky":false,"template":"","format":"standard","meta":{"_exactmetrics_skip_tracking":false,"_exactmetrics_sitenote_active":false,"_exactmetrics_sitenote_note":"","_exactmetrics_sitenote_category":0,"jetpack_post_was_ever_published":false,"_jetpack_newsletter_access":"","_jetpack_dont_email_post_to_subs":false,"_jetpack_newsletter_tier_id":0,"_jetpack_memberships_contains_paywalled_content":false,"_jetpack_memberships_contains_paid_content":false,"footnotes":"","jetpack_publicize_message":"","jetpack_publicize_feature_enabled":true,"jetpack_social_post_already_shared":true,"jetpack_social_options":{"image_generator_settings":{"template":"highway","enabled":false},"version":2}},"categories":[1],"tags":[972,46,34],"class_list":["post-36027","post","type-post","status-publish","format-standard","hentry","category-notas","tag-eleicoes","tag-mulheres","tag-violencia"],"jetpack_publicize_connections":[],"jetpack_sharing_enabled":true,"jetpack_featured_media_url":"","jetpack_shortlink":"https:\/\/wp.me\/p7wKYW-9n5","jetpack-related-posts":[],"_links":{"self":[{"href":"http:\/\/blogdalucianaoliveira.com.br\/blog\/wp-json\/wp\/v2\/posts\/36027","targetHints":{"allow":["GET"]}}],"collection":[{"href":"http:\/\/blogdalucianaoliveira.com.br\/blog\/wp-json\/wp\/v2\/posts"}],"about":[{"href":"http:\/\/blogdalucianaoliveira.com.br\/blog\/wp-json\/wp\/v2\/types\/post"}],"author":[{"embeddable":true,"href":"http:\/\/blogdalucianaoliveira.com.br\/blog\/wp-json\/wp\/v2\/users\/1"}],"replies":[{"embeddable":true,"href":"http:\/\/blogdalucianaoliveira.com.br\/blog\/wp-json\/wp\/v2\/comments?post=36027"}],"version-history":[{"count":1,"href":"http:\/\/blogdalucianaoliveira.com.br\/blog\/wp-json\/wp\/v2\/posts\/36027\/revisions"}],"predecessor-version":[{"id":36029,"href":"http:\/\/blogdalucianaoliveira.com.br\/blog\/wp-json\/wp\/v2\/posts\/36027\/revisions\/36029"}],"wp:attachment":[{"href":"http:\/\/blogdalucianaoliveira.com.br\/blog\/wp-json\/wp\/v2\/media?parent=36027"}],"wp:term":[{"taxonomy":"category","embeddable":true,"href":"http:\/\/blogdalucianaoliveira.com.br\/blog\/wp-json\/wp\/v2\/categories?post=36027"},{"taxonomy":"post_tag","embeddable":true,"href":"http:\/\/blogdalucianaoliveira.com.br\/blog\/wp-json\/wp\/v2\/tags?post=36027"}],"curies":[{"name":"wp","href":"https:\/\/api.w.org\/{rel}","templated":true}]}}