{"id":36030,"date":"2024-10-04T15:43:39","date_gmt":"2024-10-04T19:43:39","guid":{"rendered":"http:\/\/blogdalucianaoliveira.com.br\/blog\/?p=36030"},"modified":"2024-10-04T15:43:39","modified_gmt":"2024-10-04T19:43:39","slug":"facebook-e-a-empresa-que-mais-lucrou-com-a-campanha-para-as-eleicoes-municipais-no-brasil","status":"publish","type":"post","link":"http:\/\/blogdalucianaoliveira.com.br\/blog\/2024\/10\/04\/facebook-e-a-empresa-que-mais-lucrou-com-a-campanha-para-as-eleicoes-municipais-no-brasil\/","title":{"rendered":"Facebook \u00e9 a empresa que mais lucrou com a campanha para as elei\u00e7\u00f5es municipais no Brasil"},"content":{"rendered":"<h2 class=\"description\"><img data-recalc-dims=\"1\" loading=\"lazy\" decoding=\"async\" data-attachment-id=\"36031\" data-permalink=\"http:\/\/blogdalucianaoliveira.com.br\/blog\/2024\/10\/04\/facebook-e-a-empresa-que-mais-lucrou-com-a-campanha-para-as-eleicoes-municipais-no-brasil\/img_0963-2\/\" data-orig-file=\"https:\/\/i0.wp.com\/blogdalucianaoliveira.com.br\/blog\/wp-content\/uploads\/2024\/10\/IMG_0963.jpeg?fit=1037%2C723\" data-orig-size=\"1037,723\" data-comments-opened=\"0\" data-image-meta=\"{&quot;aperture&quot;:&quot;0&quot;,&quot;credit&quot;:&quot;&quot;,&quot;camera&quot;:&quot;&quot;,&quot;caption&quot;:&quot;&quot;,&quot;created_timestamp&quot;:&quot;0&quot;,&quot;copyright&quot;:&quot;&quot;,&quot;focal_length&quot;:&quot;0&quot;,&quot;iso&quot;:&quot;0&quot;,&quot;shutter_speed&quot;:&quot;0&quot;,&quot;title&quot;:&quot;&quot;,&quot;orientation&quot;:&quot;1&quot;}\" data-image-title=\"IMG_0963\" data-image-description=\"\" data-image-caption=\"\" data-medium-file=\"https:\/\/i0.wp.com\/blogdalucianaoliveira.com.br\/blog\/wp-content\/uploads\/2024\/10\/IMG_0963.jpeg?fit=300%2C209\" data-large-file=\"https:\/\/i0.wp.com\/blogdalucianaoliveira.com.br\/blog\/wp-content\/uploads\/2024\/10\/IMG_0963.jpeg?fit=600%2C418\" class=\"alignnone size-full wp-image-36031\" src=\"https:\/\/i0.wp.com\/blogdalucianaoliveira.com.br\/blog\/wp-content\/uploads\/2024\/10\/IMG_0963.jpeg?resize=600%2C418\" alt=\"\" width=\"600\" height=\"418\" srcset=\"https:\/\/i0.wp.com\/blogdalucianaoliveira.com.br\/blog\/wp-content\/uploads\/2024\/10\/IMG_0963.jpeg?w=1037 1037w, https:\/\/i0.wp.com\/blogdalucianaoliveira.com.br\/blog\/wp-content\/uploads\/2024\/10\/IMG_0963.jpeg?resize=300%2C209 300w, https:\/\/i0.wp.com\/blogdalucianaoliveira.com.br\/blog\/wp-content\/uploads\/2024\/10\/IMG_0963.jpeg?resize=1024%2C714 1024w, https:\/\/i0.wp.com\/blogdalucianaoliveira.com.br\/blog\/wp-content\/uploads\/2024\/10\/IMG_0963.jpeg?resize=768%2C535 768w, https:\/\/i0.wp.com\/blogdalucianaoliveira.com.br\/blog\/wp-content\/uploads\/2024\/10\/IMG_0963.jpeg?resize=430%2C300 430w\" sizes=\"auto, (max-width: 600px) 100vw, 600px\" \/><\/p>\n<p>Empresa do bilion\u00e1rio estadunidense Mark Zuckerberg recebeu mais de R$ 76 bilh\u00f5es em recursos das campanhas<\/h2>\n<p><!--more--><\/p>\n<div class=\"details-bar\">\n<div class=\"author-time\">\n<div class=\"author\">Leonardo Fernandes<\/div>\n<div class=\"place-and-time\">\n<div class=\"place\">Brasil de Fato<\/div>\n<\/div>\n<\/div>\n<\/div>\n<p data-pf_style_display=\"block\" data-pf_style_visibility=\"visible\"><span class=\"text-node\">De acordo com o <\/span><a href=\"https:\/\/divulgacandcontas.tse.jus.br\/divulga\/#\/consulta-individual\/rank-doadores-fornecedores\/2045202024\/2024\" target=\"_blank\" rel=\"noopener\" data-pf_style_display=\"inline\" data-pf_style_visibility=\"visible\"><span class=\"text-node\">ranking de doadores e fornecedores do Tribunal Superior Eleitoral (TSE)<\/span><\/a><span class=\"text-node\">, at\u00e9 esta quinta-feira (3), a Facebook Servi\u00e7os Online do Brasil \u00e9 a empresa que mais recebeu recursos das campanhas eleitorais para as elei\u00e7\u00f5es municipal deste ano, superando os R$ 76 milh\u00f5es. Em fevereiro deste ano, o TSE publicou a <\/span><a href=\"https:\/\/www.tse.jus.br\/legislacao\/compilada\/res\/2024\/resolucao-no-23-732-de-27-de-fevereiro-de-2024\" target=\"_blank\" rel=\"noopener\" data-pf_style_display=\"inline\" data-pf_style_visibility=\"visible\"><span class=\"text-node\">Resolu\u00e7\u00e3o n\u00ba 23.732\/2024<\/span><\/a><span class=\"text-node\">, em que estabelece a proibi\u00e7\u00e3o de qualquer tipo de propaganda eleitoral paga na internet, exceto o impulsionamento de conte\u00fados nas redes sociais. \u00a0<\/span><\/p>\n<div class=\"ads-googletag article_1\" data-pf_style_display=\"block\" data-pf_style_visibility=\"visible\"><\/div>\n<p data-pf_style_display=\"block\" data-pf_style_visibility=\"visible\"><span class=\"text-node\">Essa medida, segundo Renata Mielli, coordenadora do Comit\u00ea Gestor da Internet (CGI), acabou produzindo uma concentra\u00e7\u00e3o dos recursos de campanha em poucas empresas estrangeiras que operam essas plataformas, como o Facebook, de propriedade do bilion\u00e1rio estadunidense <\/span><a href=\"https:\/\/www.brasildefato.com.br\/2019\/04\/22\/facebook-e-cumplice-nas-campanhas-de-odio-e-no-ataque-a-democracia-diz-jornalista\" target=\"_blank\" rel=\"noopener\" data-pf_style_display=\"inline\" data-pf_style_visibility=\"visible\"><span class=\"text-node\">Mark Zuckerberg<\/span><\/a><span class=\"text-node\">. Mieli acredita que h\u00e1 uma mudan\u00e7a de padr\u00e3o na publicidade eleitoral desde o surgimento das redes sociais que precisa ser regulada e observada pelo Estado, no sentido de impedir que esse novo ambiente de discuss\u00e3o seja um territ\u00f3rio sem lei. \u00a0\u00a0<\/span><\/p>\n<div class=\"ads-googletag article_2\" data-pf_style_display=\"block\" data-pf_style_visibility=\"visible\"><\/div>\n<p data-pf_style_display=\"block\" data-pf_style_visibility=\"visible\"><span class=\"text-node\">&#8220;Veja, o Google est\u00e1 passando por uma um debate na Suprema Corte dos Estados Unidos por monop\u00f3lio de recebimento de publicidade. Nesse momento hist\u00f3rico, o Google est\u00e1 sendo alvo de um de uma discuss\u00e3o da Suprema Corte pelo n\u00edvel de concentra\u00e7\u00e3o de an\u00fancio publicit\u00e1rio que est\u00e1 se dando em torno de uma \u00fanica empresa&#8221;, lembra a especialista. \u00a0\u00a0<\/span><\/p>\n<p data-pf_style_display=\"block\" data-pf_style_visibility=\"visible\"><span class=\"text-node\">Mais que a concentra\u00e7\u00e3o dos recursos, Mielli chama a aten\u00e7\u00e3o para a qualidade do debate p\u00fablico que acontece nesses ambientes digitais, sobre os quais h\u00e1 uma total falta de controle e transpar\u00eancia quanto \u00e0 entrega dos servi\u00e7os contratados. &#8220;Quem \u00e9 que controla para quem o conte\u00fado que est\u00e1 sendo impulsionado? Qual o controle que n\u00f3s temos de que esse conte\u00fado est\u00e1 sendo entregue de fato, dessa maneira, para essas pessoas? N\u00f3s n\u00e3o temos esse controle&#8221;. argumenta.\u00a0<\/span><\/p>\n<div class=\"ads-googletag article_4\" data-pf_style_display=\"block\" data-pf_style_visibility=\"visible\"><\/div>\n<p data-pf_style_display=\"block\" data-pf_style_visibility=\"visible\"><span class=\"text-node\">Mielli critica o desenho normativo elaborado pela Justi\u00e7a Eleitoral que, diante da aus\u00eancia de uma regula\u00e7\u00e3o mais ampla dessas plataformas de m\u00eddias digitais, favorece grandes corpora\u00e7\u00f5es estrangeiras, em detrimento das empresas brasileiras. \u00a0\u00a0<\/span><\/p>\n<p data-pf_style_display=\"block\" data-pf_style_visibility=\"visible\"><span class=\"text-node\">&#8220;De acordo com as regras eleitorais, a <\/span><a href=\"https:\/\/brasildefato.com.br\/2024\/08\/30\/propaganda-eleitoral-na-tv-e-no-radio-comeca-nesta-sexta-30-veja-regras-e-saiba-como-e-calculado-o-tempo-dos-candidatos\" target=\"_blank\" rel=\"noopener\" data-pf_style_display=\"inline\" data-pf_style_visibility=\"visible\"><span class=\"text-node\">propaganda na internet \u00e9 proibida<\/span><\/a><span class=\"text-node\">, excetuando o impulsionamento e a publicidade nas plataformas digitais, o que traz uma vantagem desproporcional para essas big techs<\/span><em data-pf_style_display=\"inline\" data-pf_style_visibility=\"visible\"><span class=\"text-node\">.<\/span><\/em><span class=\"text-node\"> Ou seja, por que os grandes jornais ou os grandes portais de meios de comunica\u00e7\u00e3o brasileiros n\u00e3o podem receber tamb\u00e9m publicidade eleitoral, de acordo com as regras que est\u00e3o estabelecidas?&#8221;, questiona. \u00a0<\/span><\/p>\n<p data-pf_style_display=\"block\" data-pf_style_visibility=\"visible\"><span class=\"text-node\">&#8220;Estamos legalmente estabelecendo que o debate p\u00fablico sobre elei\u00e7\u00e3o na sociedade brasileira se d\u00e1 no ambiente de plataformas digitais estrangeiras. \u00c9 essa escolha que a sociedade e as institui\u00e7\u00f5es est\u00e3o fazendo, sendo que as institui\u00e7\u00f5es e a sociedade poderiam apostar numa distribui\u00e7\u00e3o desses recursos em plataformas nacionais para mudar o ambiente de discuss\u00e3o&#8221;, critica, em refer\u00eancia \u00e0s resolu\u00e7\u00f5es adotadas pela Justi\u00e7a Eleitoral na regula\u00e7\u00e3o da propaganda digital.\u00a0<\/span><\/p>\n<div class=\"ads-googletag article_last\" data-pf_style_display=\"block\" data-pf_style_visibility=\"visible\"><\/div>\n<p data-pf_style_display=\"block\" data-pf_style_visibility=\"visible\"><span class=\"text-node\">Na campanha de 2024, os partidos tiveram \u00e0 sua disposi\u00e7\u00e3o R$ 4,9 bilh\u00f5es do Fundo Especial de Financiamento de Campanha (FEFC), aprovado pelo Congresso Nacional. Al\u00e9m disso, somaram mais R$ 270 milh\u00f5es em recursos pr\u00f3prios, e outros 763 milh\u00f5es em doa\u00e7\u00f5es e a\u00e7\u00f5es de arrecada\u00e7\u00e3o, totalizando quase R$ 6 bilh\u00f5es (R$ 5.995.676.680,74) para as campanhas municipais, de acordo com o TSE. \u00a0<\/span><\/p>\n<p class=\"editor\" data-pf_style_display=\"block\" data-pf_style_visibility=\"visible\"><span class=\"text-node\">Edi\u00e7\u00e3o: Thalita Pires<\/span><\/p>\n","protected":false},"excerpt":{"rendered":"<p>Empresa do bilion\u00e1rio estadunidense Mark Zuckerberg recebeu mais de R$ 76 bilh\u00f5es em recursos das campanhas<\/p>\n","protected":false},"author":1,"featured_media":0,"comment_status":"closed","ping_status":"open","sticky":false,"template":"","format":"standard","meta":{"_exactmetrics_skip_tracking":false,"_exactmetrics_sitenote_active":false,"_exactmetrics_sitenote_note":"","_exactmetrics_sitenote_category":0,"jetpack_post_was_ever_published":false,"_jetpack_newsletter_access":"","_jetpack_dont_email_post_to_subs":false,"_jetpack_newsletter_tier_id":0,"_jetpack_memberships_contains_paywalled_content":false,"_jetpack_memberships_contains_paid_content":false,"footnotes":"","jetpack_publicize_message":"","jetpack_publicize_feature_enabled":true,"jetpack_social_post_already_shared":true,"jetpack_social_options":{"image_generator_settings":{"template":"highway","enabled":false},"version":2}},"categories":[1],"tags":[972,1143,1144],"class_list":["post-36030","post","type-post","status-publish","format-standard","hentry","category-notas","tag-eleicoes","tag-facebook","tag-lucro"],"jetpack_publicize_connections":[],"jetpack_sharing_enabled":true,"jetpack_featured_media_url":"","jetpack_shortlink":"https:\/\/wp.me\/p7wKYW-9n8","jetpack-related-posts":[],"_links":{"self":[{"href":"http:\/\/blogdalucianaoliveira.com.br\/blog\/wp-json\/wp\/v2\/posts\/36030","targetHints":{"allow":["GET"]}}],"collection":[{"href":"http:\/\/blogdalucianaoliveira.com.br\/blog\/wp-json\/wp\/v2\/posts"}],"about":[{"href":"http:\/\/blogdalucianaoliveira.com.br\/blog\/wp-json\/wp\/v2\/types\/post"}],"author":[{"embeddable":true,"href":"http:\/\/blogdalucianaoliveira.com.br\/blog\/wp-json\/wp\/v2\/users\/1"}],"replies":[{"embeddable":true,"href":"http:\/\/blogdalucianaoliveira.com.br\/blog\/wp-json\/wp\/v2\/comments?post=36030"}],"version-history":[{"count":1,"href":"http:\/\/blogdalucianaoliveira.com.br\/blog\/wp-json\/wp\/v2\/posts\/36030\/revisions"}],"predecessor-version":[{"id":36032,"href":"http:\/\/blogdalucianaoliveira.com.br\/blog\/wp-json\/wp\/v2\/posts\/36030\/revisions\/36032"}],"wp:attachment":[{"href":"http:\/\/blogdalucianaoliveira.com.br\/blog\/wp-json\/wp\/v2\/media?parent=36030"}],"wp:term":[{"taxonomy":"category","embeddable":true,"href":"http:\/\/blogdalucianaoliveira.com.br\/blog\/wp-json\/wp\/v2\/categories?post=36030"},{"taxonomy":"post_tag","embeddable":true,"href":"http:\/\/blogdalucianaoliveira.com.br\/blog\/wp-json\/wp\/v2\/tags?post=36030"}],"curies":[{"name":"wp","href":"https:\/\/api.w.org\/{rel}","templated":true}]}}