{"id":36043,"date":"2024-10-07T16:43:46","date_gmt":"2024-10-07T20:43:46","guid":{"rendered":"http:\/\/blogdalucianaoliveira.com.br\/blog\/?p=36043"},"modified":"2024-10-07T16:43:46","modified_gmt":"2024-10-07T20:43:46","slug":"presenca-de-mulheres-nas-camaras-cresce-e-vai-a-18-dos-eleitos","status":"publish","type":"post","link":"http:\/\/blogdalucianaoliveira.com.br\/blog\/2024\/10\/07\/presenca-de-mulheres-nas-camaras-cresce-e-vai-a-18-dos-eleitos\/","title":{"rendered":"Presen\u00e7a de mulheres nas c\u00e2maras cresce e vai a 18% dos eleitos"},"content":{"rendered":"<p><img data-recalc-dims=\"1\" loading=\"lazy\" decoding=\"async\" data-attachment-id=\"36044\" data-permalink=\"http:\/\/blogdalucianaoliveira.com.br\/blog\/2024\/10\/07\/presenca-de-mulheres-nas-camaras-cresce-e-vai-a-18-dos-eleitos\/img_1068\/\" data-orig-file=\"https:\/\/i0.wp.com\/blogdalucianaoliveira.com.br\/blog\/wp-content\/uploads\/2024\/10\/IMG_1068.jpeg?fit=989%2C632\" data-orig-size=\"989,632\" data-comments-opened=\"0\" data-image-meta=\"{&quot;aperture&quot;:&quot;0&quot;,&quot;credit&quot;:&quot;&quot;,&quot;camera&quot;:&quot;&quot;,&quot;caption&quot;:&quot;&quot;,&quot;created_timestamp&quot;:&quot;0&quot;,&quot;copyright&quot;:&quot;&quot;,&quot;focal_length&quot;:&quot;0&quot;,&quot;iso&quot;:&quot;0&quot;,&quot;shutter_speed&quot;:&quot;0&quot;,&quot;title&quot;:&quot;&quot;,&quot;orientation&quot;:&quot;1&quot;}\" data-image-title=\"IMG_1068\" data-image-description=\"\" data-image-caption=\"\" data-medium-file=\"https:\/\/i0.wp.com\/blogdalucianaoliveira.com.br\/blog\/wp-content\/uploads\/2024\/10\/IMG_1068.jpeg?fit=300%2C192\" data-large-file=\"https:\/\/i0.wp.com\/blogdalucianaoliveira.com.br\/blog\/wp-content\/uploads\/2024\/10\/IMG_1068.jpeg?fit=600%2C383\" class=\"alignnone size-full wp-image-36044\" src=\"https:\/\/i0.wp.com\/blogdalucianaoliveira.com.br\/blog\/wp-content\/uploads\/2024\/10\/IMG_1068.jpeg?resize=600%2C383\" alt=\"\" width=\"600\" height=\"383\" srcset=\"https:\/\/i0.wp.com\/blogdalucianaoliveira.com.br\/blog\/wp-content\/uploads\/2024\/10\/IMG_1068.jpeg?w=989 989w, https:\/\/i0.wp.com\/blogdalucianaoliveira.com.br\/blog\/wp-content\/uploads\/2024\/10\/IMG_1068.jpeg?resize=300%2C192 300w, https:\/\/i0.wp.com\/blogdalucianaoliveira.com.br\/blog\/wp-content\/uploads\/2024\/10\/IMG_1068.jpeg?resize=768%2C491 768w, https:\/\/i0.wp.com\/blogdalucianaoliveira.com.br\/blog\/wp-content\/uploads\/2024\/10\/IMG_1068.jpeg?resize=469%2C300 469w\" sizes=\"auto, (max-width: 600px) 100vw, 600px\" \/><\/p>\n<div id=\"chunk-7hh06\" data-pf_style_display=\"block\" data-pf_style_visibility=\"visible\">\n<div class=\"mc-column content-text active-extra-styles \" data-block-type=\"unstyled\" data-block-weight=\"38\" data-pf_style_display=\"block\" data-pf_style_visibility=\"visible\">\n<p class=\" content-text__container \" data-track-category=\"Link no Texto\" data-track-links=\"\" data-pf_style_display=\"block\" data-pf_style_visibility=\"visible\"><span class=\"text-node\">G1 &#8211; O n\u00famero de mulheres eleitas para as c\u00e2maras municipais de vereadores no pa\u00eds cresceu, proporcionalmente ao total de vagas para o cargo, <\/span><strong data-pf_style_display=\"inline\" data-pf_style_visibility=\"visible\"><span class=\"text-node\">13% entre as elei\u00e7\u00f5es de 2020 e de 2024<\/span><\/strong><span class=\"text-node\">, segundo dados do Tribunal Superior Eleitoral (TSE).<\/span><\/p>\n<\/div>\n<\/div>\n<p><!--more--><\/p>\n<div class=\"wall protected-content\" data-pf_style_display=\"block\" data-pf_style_visibility=\"visible\">\n<div id=\"chunk-1lgko\" data-pf_style_display=\"block\" data-pf_style_visibility=\"visible\">\n<div class=\"mc-column content-text active-extra-styles \" data-block-type=\"unstyled\" data-block-weight=\"25\" data-pf_style_display=\"block\" data-pf_style_visibility=\"visible\">\n<p class=\" content-text__container \" data-track-category=\"Link no Texto\" data-track-links=\"\" data-pf_style_display=\"block\" data-pf_style_visibility=\"visible\"><span class=\"text-node\">Naquele ano, de 58.094 vagas de vereador, 9.371 (<\/span><strong data-pf_style_display=\"inline\" data-pf_style_visibility=\"visible\"><span class=\"text-node\">16,13%<\/span><\/strong><span class=\"text-node\">) foram preenchidas por mulheres. Agora, de 58.309 vagas, 10.603 (<\/span><strong data-pf_style_display=\"inline\" data-pf_style_visibility=\"visible\"><span class=\"text-node\">18,24%<\/span><\/strong><span class=\"text-node\">) foram ocupadas por elas (<\/span><a class=\"\" href=\"https:\/\/g1.globo.com\/politica\/eleicoes\/2024\/noticia\/2024\/10\/07\/presenca-de-mulheres-nas-camaras-cresce-e-vai-a-18percent-dos-eleitos.ghtml#tabela\" data-pf_style_display=\"inline\" data-pf_style_visibility=\"visible\"><strong data-pf_style_display=\"inline\" data-pf_style_visibility=\"visible\"><span class=\"text-node\">veja tabela<\/span><\/strong><\/a><span class=\"text-node\">). <\/span><\/p>\n<\/div>\n<\/div>\n<div id=\"chunk-apim4\" data-pf_style_display=\"block\" data-pf_style_visibility=\"visible\">\n<div class=\"mc-column content-text active-extra-styles\" data-block-type=\"raw\" data-block-weight=\"7\" data-pf_style_display=\"block\" data-pf_style_visibility=\"visible\">\n<div id=\"chunk-fatmk\" data-pf_style_display=\"block\" data-pf_style_visibility=\"visible\">\n<div class=\"mc-column content-text active-extra-styles \" data-block-type=\"unstyled\" data-block-weight=\"33\" data-pf_style_display=\"block\" data-pf_style_visibility=\"visible\">\n<p class=\" content-text__container \" data-track-category=\"Link no Texto\" data-track-links=\"\" data-pf_style_display=\"block\" data-pf_style_visibility=\"visible\"><span class=\"text-node\">Em n\u00fameros absolutos e sem considerar que o total de vagas nas c\u00e2maras municipais teve aumento nesse per\u00edodo devido ao crescimento da popula\u00e7\u00e3o brasileira, s\u00e3o <\/span><strong data-pf_style_display=\"inline\" data-pf_style_visibility=\"visible\"><span class=\"text-node\">mais 1.232 vereadoras em todo o pa\u00eds<\/span><\/strong><span class=\"text-node\">. <\/span><\/p>\n<\/div>\n<\/div>\n<div id=\"chunk-eiind\" data-pf_style_display=\"block\" data-pf_style_visibility=\"visible\">\n<div class=\"content-ads content-ads--reveal\" data-block-type=\"ads\" data-pf_style_display=\"block\" data-pf_style_visibility=\"visible\"><\/div>\n<\/div>\n<div id=\"chunk-15fr2\" data-pf_style_display=\"block\" data-pf_style_visibility=\"visible\">\n<div class=\"mc-column content-text active-extra-styles \" data-block-type=\"unstyled\" data-block-weight=\"61\" data-pf_style_display=\"block\" data-pf_style_visibility=\"visible\">\n<p class=\" content-text__container \" data-track-category=\"Link no Texto\" data-track-links=\"\" data-pf_style_display=\"block\" data-pf_style_visibility=\"visible\"><span class=\"text-node\">Apesar do crescimento de mulheres eleitas vereadoras, os n\u00fameros ainda est\u00e3o bem abaixo do percentual que elas representam entre os brasileiros que votam. Dados da Justi\u00e7a Eleitoral de julho deste ano apontam que <\/span><a class=\"\" href=\"https:\/\/g1.globo.com\/politica\/eleicoes\/2024\/noticia\/2024\/07\/18\/eleicoes-2024-eleitorado-feminino-e-de-524percent-do-total-de-cidadaos-aptos-a-votar-em-outubro.ghtml\" data-pf_style_display=\"inline\" data-pf_style_visibility=\"visible\"><span class=\"text-node\">81,8 milh\u00f5es de eleitores s\u00e3o<\/span><\/a> <a class=\"\" href=\"https:\/\/g1.globo.com\/politica\/eleicoes\/2024\/noticia\/2024\/07\/18\/eleicoes-2024-eleitorado-feminino-e-de-524percent-do-total-de-cidadaos-aptos-a-votar-em-outubro.ghtml\" data-pf_style_display=\"inline\" data-pf_style_visibility=\"visible\"><span class=\"text-node\">do sexo feminino<\/span><\/a><span class=\"text-node\">, representando 52,4% do total de cidad\u00e3os aptos a votar em outubro. Os homens somam 74 milh\u00f5es, 47,5% do total. <\/span><\/p>\n<\/div>\n<\/div>\n<div id=\"chunk-7v0an\" data-pf_style_display=\"block\" data-pf_style_visibility=\"visible\">\n<div class=\"mc-column content-text active-extra-styles \" data-block-type=\"unstyled\" data-block-weight=\"52\" data-pf_style_display=\"block\" data-pf_style_visibility=\"visible\">\n<p class=\" content-text__container \" data-track-category=\"Link no Texto\" data-track-links=\"\" data-pf_style_display=\"block\" data-pf_style_visibility=\"visible\"><span class=\"text-node\">Em rela\u00e7\u00e3o aos eleitos para os legislativos locais, s\u00f3 na cidade de <\/span><a class=\"\" href=\"https:\/\/g1.globo.com\/sp\/sao-paulo\/eleicoes\/2024\/noticia\/2024\/10\/07\/camara-de-sp-elege-20-mulheres-7-a-mais-do-que-em-2020.ghtml\" data-pf_style_display=\"inline\" data-pf_style_visibility=\"visible\"><span class=\"text-node\">S\u00e3o Paulo, por exemplo, a C\u00e2mara Municipal elegeu 20 mulheres<\/span><\/a><span class=\"text-node\">, 7 a mais do que em 2020. Isso torna a propor\u00e7\u00e3o de vereadoras no munic\u00edpio praticamente o dobro da propor\u00e7\u00e3o nacional. Na capital paulista, elas representam 36,3% dos 55 parlamentares. <\/span><\/p>\n<\/div>\n<\/div>\n<div id=\"chunk-adv7g\" data-pf_style_display=\"block\" data-pf_style_visibility=\"visible\">\n<div class=\"mc-column content-text active-extra-styles \" data-block-type=\"unstyled\" data-block-weight=\"34\" data-pf_style_display=\"block\" data-pf_style_visibility=\"visible\">\n<p class=\" content-text__container \" data-track-category=\"Link no Texto\" data-track-links=\"\" data-pf_style_display=\"block\" data-pf_style_visibility=\"visible\"><span class=\"text-node\">O total de homens eleitos em todo o pa\u00eds diminuiu em 1.048. Enquanto na elei\u00e7\u00e3o passada eles eram 48.723, representando 83,87% do total, agora eles somam 47.675, o que equivale a 81,76% dos vereadores. <\/span><\/p>\n<\/div>\n<\/div>\n<div id=\"chunk-d0tjv\" data-pf_style_display=\"block\" data-pf_style_visibility=\"visible\"><\/div>\n<div id=\"chunk-9d0pu\" data-pf_style_display=\"block\" data-pf_style_visibility=\"visible\">\n<div class=\"content-ads content-ads--reveal\" data-block-type=\"ads\" data-pf_style_display=\"block\" data-pf_style_visibility=\"visible\"><\/div>\n<\/div>\n<div id=\"chunk-colj\" data-pf_style_display=\"block\" data-pf_style_visibility=\"visible\">\n<div class=\"row medium-uncollapsed content-text\" data-block-type=\"table-plugin\" data-pf_style_display=\"block\" data-pf_style_visibility=\"visible\">\n<div class=\"column medium-centered medium-22 large-20\" data-pf_style_display=\"block\" data-pf_style_visibility=\"visible\">\n<div class=\"show-table content-media content-media--normal\" data-pf_style_display=\"block\" data-pf_style_visibility=\"visible\">\n<p class=\"mc-column show-table__title\" data-pf_style_display=\"block\" data-pf_style_visibility=\"visible\"><span class=\"text-node\">Total de vereadores eleitos por g\u00eanero<\/span><\/p>\n<div class=\"show-table__centralized\" data-pf_style_display=\"block\" data-pf_style_visibility=\"visible\">\n<div class=\"show-table__container\" data-pf_style_display=\"block\" data-pf_style_visibility=\"visible\">\n<table class=\"show-table__content\n show-table__content--highlight-top show-table__content--highlight-left        \" data-pf_style_display=\"table\" data-pf_style_visibility=\"visible\"><\/p>\n<tbody data-pf_style_display=\"table-row-group\" data-pf_style_visibility=\"visible\">\n<tr data-pf_style_display=\"table-row\" data-pf_style_visibility=\"visible\">\n<td data-pf_style_display=\"table-cell\" data-pf_style_visibility=\"visible\"><span class=\"text-node\">G\u00eanero<\/span><\/td>\n<td data-pf_style_display=\"table-cell\" data-pf_style_visibility=\"visible\"><span class=\"text-node\">2004<\/span><\/td>\n<td data-pf_style_display=\"table-cell\" data-pf_style_visibility=\"visible\"><span class=\"text-node\">2008<\/span><\/td>\n<td data-pf_style_display=\"table-cell\" data-pf_style_visibility=\"visible\"><span class=\"text-node\">2012<\/span><\/td>\n<td data-pf_style_display=\"table-cell\" data-pf_style_visibility=\"visible\"><span class=\"text-node\">2016<\/span><\/td>\n<td data-pf_style_display=\"table-cell\" data-pf_style_visibility=\"visible\"><span class=\"text-node\">2020<\/span><\/td>\n<td data-pf_style_display=\"table-cell\" data-pf_style_visibility=\"visible\"><span class=\"text-node\">2024<\/span><\/td>\n<\/tr>\n<tr data-pf_style_display=\"table-row\" data-pf_style_visibility=\"visible\">\n<td data-pf_style_display=\"table-cell\" data-pf_style_visibility=\"visible\"><span class=\"text-node\">Feminino<\/span><\/td>\n<td data-pf_style_display=\"table-cell\" data-pf_style_visibility=\"visible\"><span class=\"text-node\">6.548 (12,63 %)<\/span><\/td>\n<td data-pf_style_display=\"table-cell\" data-pf_style_visibility=\"visible\"><span class=\"text-node\">6.489 (12,53 %)<\/span><\/td>\n<td data-pf_style_display=\"table-cell\" data-pf_style_visibility=\"visible\"><span class=\"text-node\">7.652 (13,33 %)<\/span><\/td>\n<td data-pf_style_display=\"table-cell\" data-pf_style_visibility=\"visible\"><span class=\"text-node\">7.810 (13,50 %)<\/span><\/td>\n<td data-pf_style_display=\"table-cell\" data-pf_style_visibility=\"visible\"><span class=\"text-node\">9.371 (16,13 %)<\/span><\/td>\n<td data-pf_style_display=\"table-cell\" data-pf_style_visibility=\"visible\"><span class=\"text-node\">10.634 (18,24 %)<\/span><\/td>\n<\/tr>\n<tr data-pf_style_display=\"table-row\" data-pf_style_visibility=\"visible\">\n<td data-pf_style_display=\"table-cell\" data-pf_style_visibility=\"visible\"><span class=\"text-node\">Masculino<\/span><\/td>\n<td data-pf_style_display=\"table-cell\" data-pf_style_visibility=\"visible\"><span class=\"text-node\">45.274 (87,35 %)<\/span><\/td>\n<td data-pf_style_display=\"table-cell\" data-pf_style_visibility=\"visible\"><span class=\"text-node\">45.294 (87,47 %)<\/span><\/td>\n<td data-pf_style_display=\"table-cell\" data-pf_style_visibility=\"visible\"><span class=\"text-node\">49.760 (86,66 %)<\/span><\/td>\n<td data-pf_style_display=\"table-cell\" data-pf_style_visibility=\"visible\"><span class=\"text-node\">50.029 (86,49 %)<\/span><\/td>\n<td data-pf_style_display=\"table-cell\" data-pf_style_visibility=\"visible\"><span class=\"text-node\">48.723 (83,87 %)<\/span><\/td>\n<td data-pf_style_display=\"table-cell\" data-pf_style_visibility=\"visible\"><span class=\"text-node\">47.675 (81,76 %)<\/span><\/td>\n<\/tr>\n<tr data-pf_style_display=\"table-row\" data-pf_style_visibility=\"visible\">\n<td data-pf_style_display=\"table-cell\" data-pf_style_visibility=\"visible\"><span class=\"text-node\">N\u00e3o divulg\u00e1vel\/ n\u00e3o informado<\/span><\/td>\n<td data-pf_style_display=\"table-cell\" data-pf_style_visibility=\"visible\"><span class=\"text-node\">7 (0,01 %)<\/span><\/td>\n<td data-pf_style_display=\"table-cell\" data-pf_style_visibility=\"visible\"><span class=\"text-node\">&#8211;<\/span><\/td>\n<td data-pf_style_display=\"table-cell\" data-pf_style_visibility=\"visible\"><span class=\"text-node\">7 (0,01 %)<\/span><\/td>\n<td data-pf_style_display=\"table-cell\" data-pf_style_visibility=\"visible\"><span class=\"text-node\">3 (0,01 %)<\/span><\/td>\n<td data-pf_style_display=\"table-cell\" data-pf_style_visibility=\"visible\"><span class=\"text-node\">&#8211;<\/span><\/td>\n<td data-pf_style_display=\"table-cell\" data-pf_style_visibility=\"visible\"><\/td>\n<\/tr>\n<\/tbody>\n<\/table>\n<\/div>\n<div class=\"show-table__footer\" data-pf_style_display=\"block\" data-pf_style_visibility=\"visible\">\n<div class=\"show-table__source\" data-pf_style_display=\"block\" data-pf_style_visibility=\"visible\"><span class=\"text-node\">Fonte: Tribunal Superior Eleitoral<\/span><\/div>\n<div class=\"show-table__slide-to-see\" data-pf_style_display=\"block\" data-pf_style_visibility=\"visible\"><span class=\"text-node\">deslize para ver o conte\u00fado <\/span><\/div>\n<\/div>\n<\/div>\n<\/div>\n<\/div>\n<\/div>\n<\/div>\n<div id=\"chunk-4ui9r\" data-pf_style_display=\"block\" data-pf_style_visibility=\"visible\">\n<div class=\"block-podcast\" data-pf_style_display=\"block\" data-pf_style_visibility=\"visible\"><\/div>\n<\/div>\n<div id=\"chunk-5o0fq\" data-pf_style_display=\"block\" data-pf_style_visibility=\"visible\">\n<div class=\"content-ads content-ads--reveal\" data-block-type=\"ads\" data-pf_style_display=\"block\" data-pf_style_visibility=\"visible\"><\/div>\n<\/div>\n<div id=\"chunk-c9u49\" data-pf_style_display=\"block\" data-pf_style_visibility=\"visible\">\n<div class=\"mc-column content-text active-extra-styles\" data-block-type=\"raw\" data-block-weight=\"6\" data-pf_style_display=\"block\" data-pf_style_visibility=\"visible\">\n<div class=\"content-intertitle\" data-pf_style_display=\"block\" data-pf_style_visibility=\"visible\">\n<h2 data-pf_style_display=\"block\" data-pf_style_visibility=\"visible\"><span class=\"text-node\">Tend\u00eancia de aumento da representa\u00e7\u00e3o feminina<\/span><\/h2>\n<\/div>\n<\/div>\n<\/div>\n<div id=\"chunk-e8c94\" data-pf_style_display=\"block\" data-pf_style_visibility=\"visible\">\n<div class=\"mc-column content-text active-extra-styles \" data-block-type=\"unstyled\" data-block-weight=\"46\" data-pf_style_display=\"block\" data-pf_style_visibility=\"visible\">\n<p class=\" content-text__container \" data-track-category=\"Link no Texto\" data-track-links=\"\" data-pf_style_display=\"block\" data-pf_style_visibility=\"visible\"><span class=\"text-node\">O aumento da representa\u00e7\u00e3o feminina no cargo de vereador seguiu uma tend\u00eancia que se mant\u00e9m desde 2008, mas que se acentuou nas duas \u00faltimas elei\u00e7\u00f5es municipais. De 2016 para 2020, o crescimento foi de 19,4%, passando de 7.810 vereadoras eleitas (13,50% do total) para 9.371 (16,13%).<\/span><\/p>\n<\/div>\n<\/div>\n<div id=\"chunk-3dpsq\" data-pf_style_display=\"block\" data-pf_style_visibility=\"visible\">\n<div class=\"mc-column content-text active-extra-styles \" data-block-type=\"unstyled\" data-block-weight=\"41\" data-pf_style_display=\"block\" data-pf_style_visibility=\"visible\">\n<p class=\" content-text__container \" data-track-category=\"Link no Texto\" data-track-links=\"\" data-pf_style_display=\"block\" data-pf_style_visibility=\"visible\"><span class=\"text-node\">Nos pleitos anteriores, o crescimento havia sido menos substancial. De 2012 para 2016, as mulheres eleitas vereadoras passaram de 13,33% para 13,50% do total de integrantes escolhidos para as c\u00e2maras. Em n\u00fameros absolutos, os n\u00fameros foram de 7.652 para 7.810. <\/span><\/p>\n<\/div>\n<\/div>\n<div id=\"chunk-a7quo\" data-pf_style_display=\"block\" data-pf_style_visibility=\"visible\">\n<div class=\"mc-column content-text active-extra-styles \" data-block-type=\"unstyled\" data-block-weight=\"26\" data-pf_style_display=\"block\" data-pf_style_visibility=\"visible\">\n<p class=\" content-text__container \" data-track-category=\"Link no Texto\" data-track-links=\"\" data-pf_style_display=\"block\" data-pf_style_visibility=\"visible\"><span class=\"text-node\">J\u00e1 de 2008 para 2012, o aumento tinha sido um pouco maior, passando de 12,53% (6.489) do total de eleitos para as c\u00e2maras para 13,33% (7.652). <\/span><\/p>\n<\/div>\n<\/div>\n<div id=\"chunk-difuf\" data-pf_style_display=\"block\" data-pf_style_visibility=\"visible\">\n<div class=\"mc-column content-text active-extra-styles \" data-block-type=\"unstyled\" data-block-weight=\"44\" data-pf_style_display=\"block\" data-pf_style_visibility=\"visible\">\n<p class=\" content-text__container \" data-track-category=\"Link no Texto\" data-track-links=\"\" data-pf_style_display=\"block\" data-pf_style_visibility=\"visible\"><span class=\"text-node\">Nos \u00faltimos 20 anos, apenas entre 2004 e 2008 que houve queda da representa\u00e7\u00e3o feminina nos legislativos. Neste per\u00edodo, entre uma elei\u00e7\u00e3o e outra, elas passaram de 6.548, ou 12,63% do total, para 6.489, n\u00famero que representava na \u00e9poca 12,53% dos ocupantes das c\u00e2maras.<\/span><\/p>\n<div id=\"chunk-3dtgb\" data-pf_style_display=\"block\" data-pf_style_visibility=\"visible\">\n<div class=\"mc-column content-text active-extra-styles\" data-block-type=\"raw\" data-block-weight=\"5\" data-pf_style_display=\"block\" data-pf_style_visibility=\"visible\">\n<div class=\"content-intertitle\" data-pf_style_display=\"block\" data-pf_style_visibility=\"visible\">\n<h2 data-pf_style_display=\"block\" data-pf_style_visibility=\"visible\"><span class=\"text-node\">Cotas de g\u00eanero: como funcionam?<\/span><\/h2>\n<\/div>\n<\/div>\n<\/div>\n<div id=\"chunk-puh2\" data-pf_style_display=\"block\" data-pf_style_visibility=\"visible\">\n<div class=\"mc-column content-text active-extra-styles \" data-block-type=\"unstyled\" data-block-weight=\"51\" data-pf_style_display=\"block\" data-pf_style_visibility=\"visible\">\n<p class=\" content-text__container \" data-track-category=\"Link no Texto\" data-track-links=\"\" data-pf_style_display=\"block\" data-pf_style_visibility=\"visible\"><span class=\"text-node\">Como tentativa de equilibrar o n\u00famero de candidaturas femininas e masculinas, uma lei de 1997 determina que, ao registrar os nomes dos candidatos, os partidos t\u00eam de cumprir uma cota. \u00c9 exigido que as legendas assegurem o m\u00ednimo de 30% e o m\u00e1ximo de 70% de candidaturas de cada g\u00eanero. <\/span><\/p>\n<\/div>\n<\/div>\n<div id=\"chunk-bu83p\" data-pf_style_display=\"block\" data-pf_style_visibility=\"visible\">\n<div class=\"mc-column content-text active-extra-styles \" data-block-type=\"unstyled\" data-block-weight=\"44\" data-pf_style_display=\"block\" data-pf_style_visibility=\"visible\"><\/div>\n<\/div>\n<div id=\"chunk-29uqq\" data-pf_style_display=\"block\" data-pf_style_visibility=\"visible\">\n<div class=\"mc-column content-text active-extra-styles \" data-block-type=\"unstyled\" data-block-weight=\"25\" data-pf_style_display=\"block\" data-pf_style_visibility=\"visible\">\n<p class=\" content-text__container \" data-track-category=\"Link no Texto\" data-track-links=\"\" data-pf_style_display=\"block\" data-pf_style_visibility=\"visible\"><span class=\"text-node\">Em maio deste ano, o plen\u00e1rio do TSE aprovou uma s\u00famula com os crit\u00e9rios que indicam evid\u00eancias de fraude nessas cotas, como candidaturas femininas fict\u00edcias: <\/span><\/p>\n<\/div>\n<\/div>\n<div id=\"chunk-c650m\" data-pf_style_display=\"block\" data-pf_style_visibility=\"visible\">\n<div class=\"mc-column content-text active-extra-styles\" data-block-type=\"raw\" data-block-weight=\"36\" data-pf_style_display=\"block\" data-pf_style_visibility=\"visible\">\n<ul class=\"content-unordered-list\" data-pf_style_display=\"block\" data-pf_style_visibility=\"visible\">\n<li data-pf_style_display=\"list-item\" data-pf_style_visibility=\"visible\"><span class=\"text-node\">vota\u00e7\u00e3o zerada (ou seja, nem a pessoa teria votado em si pr\u00f3pria);<\/span><\/li>\n<li data-pf_style_display=\"list-item\" data-pf_style_visibility=\"visible\"><span class=\"text-node\">presta\u00e7\u00e3o de contas padronizada ou com aus\u00eancia de movimenta\u00e7\u00f5es financeiras relevantes;<\/span><\/li>\n<li data-pf_style_display=\"list-item\" data-pf_style_visibility=\"visible\"><span class=\"text-node\">aus\u00eancia de atos efetivos de campanha;<\/span><\/li>\n<li data-pf_style_display=\"list-item\" data-pf_style_visibility=\"visible\"><span class=\"text-node\">divulga\u00e7\u00e3o ou promo\u00e7\u00e3o da candidatura de terceiros.<\/span><\/li>\n<\/ul>\n<\/div>\n<\/div>\n<div data-track-category=\"multicontent\" data-track-action=\"multicontent\" data-track-noninteraction=\"false\" data-track-scroll=\"ultimo chunk conteudo\" data-track-value=\"view\" data-pf_style_display=\"block\" data-pf_style_visibility=\"visible\">\n<div id=\"chunk-f20b0\" data-pf_style_display=\"block\" data-pf_style_visibility=\"visible\">\n<div class=\"mc-column content-text active-extra-styles \" data-block-type=\"unstyled\" data-block-weight=\"33\" data-pf_style_display=\"block\" data-pf_style_visibility=\"visible\">\n<p class=\" content-text__container \" data-track-category=\"Link no Texto\" data-track-links=\"\" data-pf_style_display=\"block\" data-pf_style_visibility=\"visible\"><span class=\"text-node\">Caso alguma dessas situa\u00e7\u00f5es seja identificada, os ju\u00edzes eleitorais e os tribunais regionais eleitorais (TRE) podem cassar toda a chapa do partido envolvido, mesmo que os outros candidatos n\u00e3o soubessem da fraude.<\/span><\/p>\n<\/div>\n<\/div>\n<\/div>\n<\/div>\n<\/div>\n<\/div>\n<\/div>\n<\/div>\n","protected":false},"excerpt":{"rendered":"<p>G1 &#8211; O n\u00famero de mulheres eleitas para as c\u00e2maras municipais de vereadores no pa\u00eds cresceu, proporcionalmente ao total de vagas para o cargo, 13% entre as elei\u00e7\u00f5es de 2020 e de 2024, segundo dados do Tribunal Superior Eleitoral (TSE).<\/p>\n","protected":false},"author":1,"featured_media":0,"comment_status":"closed","ping_status":"open","sticky":false,"template":"","format":"standard","meta":{"_exactmetrics_skip_tracking":false,"_exactmetrics_sitenote_active":false,"_exactmetrics_sitenote_note":"","_exactmetrics_sitenote_category":0,"jetpack_post_was_ever_published":false,"_jetpack_newsletter_access":"","_jetpack_dont_email_post_to_subs":false,"_jetpack_newsletter_tier_id":0,"_jetpack_memberships_contains_paywalled_content":false,"_jetpack_memberships_contains_paid_content":false,"footnotes":"","jetpack_publicize_message":"","jetpack_publicize_feature_enabled":true,"jetpack_social_post_already_shared":true,"jetpack_social_options":{"image_generator_settings":{"template":"highway","enabled":false},"version":2}},"categories":[1],"tags":[972,46,1146],"class_list":["post-36043","post","type-post","status-publish","format-standard","hentry","category-notas","tag-eleicoes","tag-mulheres","tag-representatividade"],"jetpack_publicize_connections":[],"jetpack_sharing_enabled":true,"jetpack_featured_media_url":"","jetpack_shortlink":"https:\/\/wp.me\/p7wKYW-9nl","jetpack-related-posts":[],"_links":{"self":[{"href":"http:\/\/blogdalucianaoliveira.com.br\/blog\/wp-json\/wp\/v2\/posts\/36043","targetHints":{"allow":["GET"]}}],"collection":[{"href":"http:\/\/blogdalucianaoliveira.com.br\/blog\/wp-json\/wp\/v2\/posts"}],"about":[{"href":"http:\/\/blogdalucianaoliveira.com.br\/blog\/wp-json\/wp\/v2\/types\/post"}],"author":[{"embeddable":true,"href":"http:\/\/blogdalucianaoliveira.com.br\/blog\/wp-json\/wp\/v2\/users\/1"}],"replies":[{"embeddable":true,"href":"http:\/\/blogdalucianaoliveira.com.br\/blog\/wp-json\/wp\/v2\/comments?post=36043"}],"version-history":[{"count":1,"href":"http:\/\/blogdalucianaoliveira.com.br\/blog\/wp-json\/wp\/v2\/posts\/36043\/revisions"}],"predecessor-version":[{"id":36045,"href":"http:\/\/blogdalucianaoliveira.com.br\/blog\/wp-json\/wp\/v2\/posts\/36043\/revisions\/36045"}],"wp:attachment":[{"href":"http:\/\/blogdalucianaoliveira.com.br\/blog\/wp-json\/wp\/v2\/media?parent=36043"}],"wp:term":[{"taxonomy":"category","embeddable":true,"href":"http:\/\/blogdalucianaoliveira.com.br\/blog\/wp-json\/wp\/v2\/categories?post=36043"},{"taxonomy":"post_tag","embeddable":true,"href":"http:\/\/blogdalucianaoliveira.com.br\/blog\/wp-json\/wp\/v2\/tags?post=36043"}],"curies":[{"name":"wp","href":"https:\/\/api.w.org\/{rel}","templated":true}]}}