{"id":36046,"date":"2024-10-07T19:34:14","date_gmt":"2024-10-07T23:34:14","guid":{"rendered":"http:\/\/blogdalucianaoliveira.com.br\/blog\/?p=36046"},"modified":"2024-10-07T19:34:14","modified_gmt":"2024-10-07T23:34:14","slug":"centro-avanca-nas-eleicoes-municipais-enquanto-direita-se-fragmenta-e-lanca-duvidas-sobre-bolsonarismo","status":"publish","type":"post","link":"http:\/\/blogdalucianaoliveira.com.br\/blog\/2024\/10\/07\/centro-avanca-nas-eleicoes-municipais-enquanto-direita-se-fragmenta-e-lanca-duvidas-sobre-bolsonarismo\/","title":{"rendered":"Centro avan\u00e7a nas elei\u00e7\u00f5es municipais, enquanto direita se fragmenta e lan\u00e7a d\u00favidas sobre bolsonarismo"},"content":{"rendered":"<p><img data-recalc-dims=\"1\" loading=\"lazy\" decoding=\"async\" data-attachment-id=\"36047\" data-permalink=\"http:\/\/blogdalucianaoliveira.com.br\/blog\/2024\/10\/07\/centro-avanca-nas-eleicoes-municipais-enquanto-direita-se-fragmenta-e-lanca-duvidas-sobre-bolsonarismo\/img_1077\/\" data-orig-file=\"https:\/\/i0.wp.com\/blogdalucianaoliveira.com.br\/blog\/wp-content\/uploads\/2024\/10\/IMG_1077.jpeg?fit=1170%2C752\" data-orig-size=\"1170,752\" data-comments-opened=\"0\" data-image-meta=\"{&quot;aperture&quot;:&quot;0&quot;,&quot;credit&quot;:&quot;&quot;,&quot;camera&quot;:&quot;&quot;,&quot;caption&quot;:&quot;&quot;,&quot;created_timestamp&quot;:&quot;0&quot;,&quot;copyright&quot;:&quot;&quot;,&quot;focal_length&quot;:&quot;0&quot;,&quot;iso&quot;:&quot;0&quot;,&quot;shutter_speed&quot;:&quot;0&quot;,&quot;title&quot;:&quot;&quot;,&quot;orientation&quot;:&quot;1&quot;}\" data-image-title=\"IMG_1077\" data-image-description=\"\" data-image-caption=\"\" data-medium-file=\"https:\/\/i0.wp.com\/blogdalucianaoliveira.com.br\/blog\/wp-content\/uploads\/2024\/10\/IMG_1077.jpeg?fit=300%2C193\" data-large-file=\"https:\/\/i0.wp.com\/blogdalucianaoliveira.com.br\/blog\/wp-content\/uploads\/2024\/10\/IMG_1077.jpeg?fit=600%2C386\" class=\"alignnone size-full wp-image-36047\" src=\"https:\/\/i0.wp.com\/blogdalucianaoliveira.com.br\/blog\/wp-content\/uploads\/2024\/10\/IMG_1077.jpeg?resize=600%2C386\" alt=\"\" width=\"600\" height=\"386\" srcset=\"https:\/\/i0.wp.com\/blogdalucianaoliveira.com.br\/blog\/wp-content\/uploads\/2024\/10\/IMG_1077.jpeg?w=1170 1170w, https:\/\/i0.wp.com\/blogdalucianaoliveira.com.br\/blog\/wp-content\/uploads\/2024\/10\/IMG_1077.jpeg?resize=300%2C193 300w, https:\/\/i0.wp.com\/blogdalucianaoliveira.com.br\/blog\/wp-content\/uploads\/2024\/10\/IMG_1077.jpeg?resize=1024%2C658 1024w, https:\/\/i0.wp.com\/blogdalucianaoliveira.com.br\/blog\/wp-content\/uploads\/2024\/10\/IMG_1077.jpeg?resize=768%2C494 768w, https:\/\/i0.wp.com\/blogdalucianaoliveira.com.br\/blog\/wp-content\/uploads\/2024\/10\/IMG_1077.jpeg?resize=467%2C300 467w\" sizes=\"auto, (max-width: 600px) 100vw, 600px\" \/><\/p>\n<div class=\"bbc-19j92fr ebmt73l0\" dir=\"ltr\" data-pf_style_display=\"block\" data-pf_style_visibility=\"visible\">\n<p><span role=\"text\"><span class=\"bbc-1ypcc2\">Leandro Prazeres, <\/span><\/span>Da BBC News Brasil em Bras\u00edlia-\u00a0<span class=\"text-node\">O resultado do primeiro turno das <\/span><a class=\"focusIndicatorReducedWidth bbc-n8oauk e1p3sufg0\" href=\"https:\/\/www.bbc.com\/portuguese\/topics\/cy6z19wz1zet\" data-pf_style_display=\"inline\" data-pf_style_visibility=\"visible\"><span class=\"text-node\">elei\u00e7\u00f5es municipais<\/span><\/a><span class=\"text-node\"> materializou um cen\u00e1rio que era esbo\u00e7ado pelas principais pesquisas de inten\u00e7\u00e3o de voto h\u00e1 algumas semanas: um crescimento significativo no n\u00famero de prefeituras que ser\u00e3o comandadas por legendas do chamado Centr\u00e3o e da direita a partir de 2025.<\/span><\/p>\n<\/div>\n<p><!--more--><\/p>\n<div class=\"bbc-19j92fr ebmt73l0\" dir=\"ltr\" data-pf_style_display=\"block\" data-pf_style_visibility=\"visible\">\n<p class=\"bbc-hhl7in e17g058b0 added-to-list1\" dir=\"ltr\" data-pf_style_display=\"block\" data-pf_style_visibility=\"visible\"><span class=\"text-node\">Em 2020, as cinco maiores legendas de direita e centro-direita (MDB, PP, PSD, PSDB e DEM conquistaram 3.223 mil prefeituras em todo o pa\u00eds. Foi o equivalente a 57% de todas as prefeituras do pa\u00eds. <\/span><\/p>\n<\/div>\n<div class=\"bbc-19j92fr ebmt73l0\" dir=\"ltr\" data-pf_style_display=\"block\" data-pf_style_visibility=\"visible\">\n<p class=\"bbc-hhl7in e17g058b0 added-to-list1\" dir=\"ltr\" data-pf_style_display=\"block\" data-pf_style_visibility=\"visible\"><span class=\"text-node\">Neste ano, as cinco legendas no campo da direita com mais prefeituras venceram em 3.613 munic\u00edpios, o equivalente a 64% de todas as cidades do pa\u00eds. <\/span><\/p>\n<\/div>\n<div class=\"bbc-19j92fr ebmt73l0\" dir=\"ltr\" data-pf_style_display=\"block\" data-pf_style_visibility=\"visible\">\n<p class=\"bbc-hhl7in e17g058b0 added-to-list1\" dir=\"ltr\" data-pf_style_display=\"block\" data-pf_style_visibility=\"visible\"><span class=\"text-node\">Em uma primeira leitura, este resultado poderia at\u00e9 parecer contraintuitivo considerando o notici\u00e1rio relacionado \u00e0 direita desde 2022: derrota nas elei\u00e7\u00f5es presidenciais, envolvimento de militantes com a tentativa de golpe no dia 8 de janeiro, a pris\u00e3o de centenas de envolvidos e a inelegibilidade do seu maior l\u00edder, o ex-presidente <\/span><a class=\"focusIndicatorReducedWidth bbc-n8oauk e1p3sufg0\" href=\"https:\/\/www.bbc.com\/portuguese\/topics\/cg7267qv6q0t\" data-pf_style_display=\"inline\" data-pf_style_visibility=\"visible\"><span class=\"text-node\">Jair Bolsonaro (PL).<\/span><\/a><\/p>\n<\/div>\n<section class=\"bbc-geybui\" role=\"region\" aria-label=\"Publicidade 2\" aria-hidden=\"true\" data-e2e=\"advertisement\" data-pf_style_display=\"block\" data-pf_style_visibility=\"visible\"><\/section>\n<div class=\"bbc-19j92fr ebmt73l0\" dir=\"ltr\" data-pf_style_display=\"block\" data-pf_style_visibility=\"visible\">\n<p class=\"bbc-hhl7in e17g058b0 added-to-list1\" dir=\"ltr\" data-pf_style_display=\"block\" data-pf_style_visibility=\"visible\"><span class=\"text-node\">Mas especialistas ouvidos pela BBC News Brasil explicam que o crescimento no n\u00famero de prefeituras conquistadas pelas legendas de direita no Brasil \u00e9 explicado, em parte, pelo que alguns classificaram como uma esp\u00e9cie de \u201csepara\u00e7\u00e3o\u201d entre a direita tradicional e a direita bolsonarista.<\/span><\/p>\n<\/div>\n<div class=\"bbc-19j92fr ebmt73l0\" dir=\"ltr\" data-pf_style_display=\"block\" data-pf_style_visibility=\"visible\">\n<p class=\"bbc-hhl7in e17g058b0 added-to-list1\" dir=\"ltr\" data-pf_style_display=\"block\" data-pf_style_visibility=\"visible\"><span class=\"text-node\">Essa \u201csepara\u00e7\u00e3o\u201d \u00e9 marcada n\u00e3o por uma ruptura da direita tradicional com a lideran\u00e7a de Bolsonaro, mas por um certo distanciamento em rela\u00e7\u00e3o ao ex-presidente \u00e0 medida em que boa parte dos candidatos entendem que as elei\u00e7\u00f5es municipais giram em torno de temas concretos sobre a vida nas cidades e menos sobre temas pol\u00edtico-ideol\u00f3gicos.<\/span><\/p>\n<\/div>\n<div class=\"bbc-19j92fr ebmt73l0\" dir=\"ltr\" data-pf_style_display=\"block\" data-pf_style_visibility=\"visible\">\n<p class=\"bbc-hhl7in e17g058b0 added-to-list1\" dir=\"ltr\" data-pf_style_display=\"block\" data-pf_style_visibility=\"visible\"><span class=\"text-node\">Al\u00e9m disso, segundo eles, estas elei\u00e7\u00f5es viram o surgimento de potenciais novas lideran\u00e7as competitivas no campo da direita, o que imp\u00f5e um novo desafio ao campo bolsonarista.<\/span><\/p>\n<\/div>\n<div class=\"bbc-19j92fr ebmt73l0\" dir=\"ltr\" data-pf_style_display=\"block\" data-pf_style_visibility=\"visible\">\n<p class=\"bbc-hhl7in e17g058b0 added-to-list1\" dir=\"ltr\" data-pf_style_display=\"block\" data-pf_style_visibility=\"visible\"><span class=\"text-node\">Os especialistas tamb\u00e9m apontam que essa vit\u00f3ria robusta do campo da direita pode indicar um cen\u00e1rio mais favor\u00e1vel nas elei\u00e7\u00f5es de 2026.<\/span><\/p>\n<div class=\"bbc-19j92fr ebmt73l0\" dir=\"ltr\" data-pf_style_display=\"block\" data-pf_style_visibility=\"visible\">\n<p class=\"bbc-hhl7in e17g058b0 added-to-list1\" dir=\"ltr\" data-pf_style_display=\"block\" data-pf_style_visibility=\"visible\"><span class=\"text-node\">Um dos principais pontos abordados pelos especialistas ouvidos pela BBC News Brasil \u00e9 o de que a amplia\u00e7\u00e3o no n\u00famero de prefeituras conquistadas pela direita no pa\u00eds \u00e9 resultado de uma s\u00e9rie de fatores e n\u00e3o pode ser, necessariamente, atribu\u00eddo a uma suposta vit\u00f3ria do bolsonarismo, ainda que Bolsonaro se mantenha como o principal nome deste campo pol\u00edtico no Brasil.<\/span><\/p>\n<\/div>\n<div class=\"bbc-19j92fr ebmt73l0\" dir=\"ltr\" data-pf_style_display=\"block\" data-pf_style_visibility=\"visible\">\n<p class=\"bbc-hhl7in e17g058b0 added-to-list1\" dir=\"ltr\" data-pf_style_display=\"block\" data-pf_style_visibility=\"visible\"><span class=\"text-node\">O doutor em Ci\u00eancia Pol\u00edtica e diretor do Ipespe Anal\u00edtica, Vin\u00edcius Alves, disse \u00e0 BBC News Brasil que, historicamente, as legendas de direita levam mais vantagem que as da esquerda em elei\u00e7\u00f5es municipais.<\/span><\/p>\n<\/div>\n<div class=\"bbc-19j92fr ebmt73l0\" dir=\"ltr\" data-pf_style_display=\"block\" data-pf_style_visibility=\"visible\">\n<p class=\"bbc-hhl7in e17g058b0 added-to-list1\" dir=\"ltr\" data-pf_style_display=\"block\" data-pf_style_visibility=\"visible\"><span class=\"text-node\">Um dos motivos, segundo ele, \u00e9 o maior n\u00famero de partidos de direita no Brasil em compara\u00e7\u00e3o com os rivais \u00e0 esquerda.<\/span><\/p>\n<\/div>\n<div class=\"bbc-19j92fr ebmt73l0\" dir=\"ltr\" data-pf_style_display=\"block\" data-pf_style_visibility=\"visible\">\n<p class=\"bbc-hhl7in e17g058b0 added-to-list1\" dir=\"ltr\" data-pf_style_display=\"block\" data-pf_style_visibility=\"visible\"><span class=\"text-node\">Um levantamento feito pela reportagem mostra que dos 29 partidos registrados atualmente junto ao Tribunal Superior Eleitoral (TSE), somente nove s\u00e3o apontados por especialistas como de esquerda ou de centro-esquerda: PT, PDT, PSB, PCdoB, PCB, PSTU, UP, PSOL e PCO. <\/span><\/p>\n<\/div>\n<div class=\"bbc-19j92fr ebmt73l0\" dir=\"ltr\" data-pf_style_display=\"block\" data-pf_style_visibility=\"visible\">\n<p class=\"bbc-hhl7in e17g058b0 added-to-list1\" dir=\"ltr\" data-pf_style_display=\"block\" data-pf_style_visibility=\"visible\"><span class=\"text-node\">Os demais ou s\u00e3o apontados como de direita, centro-direita ou n\u00e3o se manifestam sobre isso em seus estatutos.<\/span><\/p>\n<\/div>\n<div class=\"bbc-19j92fr ebmt73l0\" dir=\"ltr\" data-pf_style_display=\"block\" data-pf_style_visibility=\"visible\">\n<p class=\"bbc-hhl7in e17g058b0 added-to-list1\" dir=\"ltr\" data-pf_style_display=\"block\" data-pf_style_visibility=\"visible\"><span class=\"text-node\">\u201cH\u00e1 um ambiente com maior oferta de candidatos de legendas \u00e0 direita. Isso tem influ\u00eancia no resultado\u201d, disse o especialista.<\/span><\/p>\n<\/div>\n<div class=\"bbc-19j92fr ebmt73l0\" dir=\"ltr\" data-pf_style_display=\"block\" data-pf_style_visibility=\"visible\">\n<p class=\"bbc-hhl7in e17g058b0 added-to-list1\" dir=\"ltr\" data-pf_style_display=\"block\" data-pf_style_visibility=\"visible\"><span class=\"text-node\">Ainda de acordo com dados do TSE, dos cinco partidos com mais candidatos ao cargo de prefeito, quatro s\u00e3o de centro-direita ou de direita: MDB (1.926), PSD (1.751), PP (1.501) e PL (1.499). <\/span><\/p>\n<\/div>\n<div class=\"bbc-19j92fr ebmt73l0\" dir=\"ltr\" data-pf_style_display=\"block\" data-pf_style_visibility=\"visible\">\n<p class=\"bbc-hhl7in e17g058b0 added-to-list1\" dir=\"ltr\" data-pf_style_display=\"block\" data-pf_style_visibility=\"visible\"><span class=\"text-node\">O \u00fanico partido de esquerda entre os cinco primeiros \u00e9 o PT, que neste ano lan\u00e7ou 1.412 candidaturas a prefeito. <\/span><\/p>\n<\/div>\n<div class=\"bbc-19j92fr ebmt73l0\" dir=\"ltr\" data-pf_style_display=\"block\" data-pf_style_visibility=\"visible\">\n<p class=\"bbc-hhl7in e17g058b0 added-to-list1\" dir=\"ltr\" data-pf_style_display=\"block\" data-pf_style_visibility=\"visible\"><span class=\"text-node\">Ou seja: das 8.089 candidaturas lan\u00e7adas pelos cinco principais partidos do pa\u00eds, apenas <\/span><b data-pf_style_display=\"inline\" data-pf_style_visibility=\"visible\"><span class=\"text-node\">82,54%<\/span><\/b><span class=\"text-node\">delas eram de legendas de direita ou centro-direita. <\/span><\/p>\n<\/div>\n<div class=\"bbc-19j92fr ebmt73l0\" dir=\"ltr\" data-pf_style_display=\"block\" data-pf_style_visibility=\"visible\">\n<p class=\"bbc-hhl7in e17g058b0 added-to-list1\" dir=\"ltr\" data-pf_style_display=\"block\" data-pf_style_visibility=\"visible\"><span class=\"text-node\">Alves disse ainda que um dos ind\u00edcios de que a vit\u00f3ria da direita n\u00e3o pode ser atribu\u00edda somente ao bolsonarismo \u00e9 o fato de que algumas das legendas mais vitoriosas n\u00e3o s\u00e3o aquelas mais ligadas diretamente ao ex-presidente.<\/span><\/p>\n<\/div>\n<div class=\"bbc-19j92fr ebmt73l0\" dir=\"ltr\" data-pf_style_display=\"block\" data-pf_style_visibility=\"visible\">\n<p class=\"bbc-hhl7in e17g058b0 added-to-list1\" dir=\"ltr\" data-pf_style_display=\"block\" data-pf_style_visibility=\"visible\"><span class=\"text-node\">\u201c\u00c9 importante n\u00e3o colocar toda a direita no colo do Bolsonaro. O que as pesquisas indicavam era um crescimento de legendas como o Uni\u00e3o Brasil, PSD e PL. S\u00e3o partidos de direita ou centro-direita que s\u00e3o diferentes entre si. O Uni\u00e3o Brasil e o PSD, por exemplo, t\u00eam cargos no governo do presidente <\/span><a class=\"focusIndicatorReducedWidth bbc-n8oauk e1p3sufg0\" href=\"https:\/\/www.bbc.com\/portuguese\/topics\/cpzd4zx0272t\" data-pf_style_display=\"inline\" data-pf_style_visibility=\"visible\"><span class=\"text-node\">Lula<\/span><\/a><span class=\"text-node\">\u201d, disse Alves.<\/span><\/p>\n<\/div>\n<div class=\"bbc-19j92fr ebmt73l0\" dir=\"ltr\" data-pf_style_display=\"block\" data-pf_style_visibility=\"visible\">\n<p class=\"bbc-hhl7in e17g058b0 added-to-list1\" dir=\"ltr\" data-pf_style_display=\"block\" data-pf_style_visibility=\"visible\"><span class=\"text-node\">O PSD e o Uni\u00e3o Brasil s\u00e3o dois dos partidos de centro-direita que viram suas fatias no n\u00famero de prefeituras aumentar nestas elei\u00e7\u00f5es. O PSD, presidido por Gilberto Kassab, saiu de 664 prefeituras em 2020 para 888 prefeituras em 2024. O Uni\u00e3o Brasil, que nasceu da fus\u00e3o entre o Democratas e o PSL, obteve 589.<\/span><\/p>\n<\/div>\n<div class=\"bbc-19j92fr ebmt73l0\" dir=\"ltr\" data-pf_style_display=\"block\" data-pf_style_visibility=\"visible\">\n<p class=\"bbc-hhl7in e17g058b0 added-to-list1\" dir=\"ltr\" data-pf_style_display=\"block\" data-pf_style_visibility=\"visible\"><span class=\"text-node\">Para o cientista de dados e CEO da empresa de an\u00e1lise dados AP Exata S\u00e9rgio Denicoli, as elei\u00e7\u00f5es deste ano trouxeram uma \u201cconsolida\u00e7\u00e3o\u201d da direita no Brasil.<\/span><\/p>\n<\/div>\n<div class=\"bbc-19j92fr ebmt73l0\" dir=\"ltr\" data-pf_style_display=\"block\" data-pf_style_visibility=\"visible\">\n<p class=\"bbc-hhl7in e17g058b0 added-to-list1\" dir=\"ltr\" data-pf_style_display=\"block\" data-pf_style_visibility=\"visible\"><span class=\"text-node\">\u201cEu diria que houve uma consolida\u00e7\u00e3o de um espa\u00e7o pol\u00edtico que \u00e9 o espa\u00e7o da direita. Antes, havia um certo receio em candidatos se assumirem como de direita. Hoje, n\u00e3o h\u00e1 mais essa preocupa\u00e7\u00e3o. Como o Brasil \u00e9 um pa\u00eds muito conservador, os membros das antigas elites pol\u00edticas do pa\u00eds usaram suas antenas para captar esse sentimento\u201d, disse \u00e0 BBC News Brasil.<\/span><\/p>\n<\/div>\n<figure class=\"bbc-1qn0xuy pf-caption added-to-list1 flex-width mediumImage pf-size-full\" data-pf_style_display=\"block\" data-pf_style_visibility=\"visible\">\n<div class=\"bbc-j1srjl\" data-pf_style_display=\"block\" data-pf_style_visibility=\"visible\"><img data-recalc-dims=\"1\" decoding=\"async\" class=\"bbc-139onq pf-large-image caption-img flex-width pf-size-full mediumImage\" src=\"https:\/\/i0.wp.com\/ichef.bbci.co.uk\/ace\/ws\/640\/cpsprodpb\/42ad\/live\/7fd02610-8481-11ef-83dd-fbf1b9732cf0.jpg.webp?w=600&#038;ssl=1\" sizes=\"(min-width: 1008px) 760px, 100vw\" srcset=\"\" alt=\"O prefeito de S\u00e3o Paulo, Ricardo Nunes, atr\u00e1s de cabine de vota\u00e7\u00e3o durante o primeiro turno da elei\u00e7\u00e3o municipal, em 06\/10\/2024\"  data-pf_style_display=\"inline\" data-pf_style_visibility=\"visible\" data-pf_rect_width=\"704\" data-pf_rect_height=\"36\" \/><\/p>\n<p class=\"bbc-by8ykd added-to-list1\" role=\"text\" data-pf_style_display=\"block\" data-pf_style_visibility=\"visible\"><span class=\"bbc-m04vo2\" data-pf_style_display=\"inline\" data-pf_style_visibility=\"visible\"><span class=\"text-node\">Cr\u00e9dito, <\/span><\/span><span lang=\"en-GB\" data-pf_style_display=\"inline\" data-pf_style_visibility=\"visible\"><span class=\"text-node\">Reuters<\/span><\/span><\/p>\n<\/div><figcaption class=\"bbc-15f1ujd\" dir=\"ltr\" data-pf_style_display=\"block\" data-pf_style_visibility=\"visible\"><span role=\"text\" data-pf_style_display=\"inline\" data-pf_style_visibility=\"visible\"><span class=\"bbc-m04vo2\" data-pf_style_display=\"inline\" data-pf_style_visibility=\"visible\"><span class=\"text-node\">Legenda da foto, <\/span><\/span><span data-testid=\"caption-paragraph\" data-pf_style_display=\"inline\" data-pf_style_visibility=\"visible\"><span class=\"text-node\">Para analista, eleitores apontam a identifica\u00e7\u00e3o partid\u00e1ria ou as pautas ideol\u00f3gicas como fatores secund\u00e1rios na escolha do candidato em uma elei\u00e7\u00e3o municipal<\/span><\/span><\/span><\/figcaption><\/figure>\n<p class=\"bbc-19j92fr ebmt73l0 added-to-list1\">\n<h2 id=\"Pausa-na-polariza\u00e7\u00e3o\" class=\"bbc-1f03ibc eglt09e0\" tabindex=\"-1\" data-pf_style_display=\"block\" data-pf_style_visibility=\"visible\"><span class=\"text-node\">Pausa na polariza\u00e7\u00e3o?<\/span><\/h2>\n<div class=\"bbc-19j92fr ebmt73l0\" dir=\"ltr\" data-pf_style_display=\"block\" data-pf_style_visibility=\"visible\">\n<p class=\"bbc-hhl7in e17g058b0 added-to-list1\" dir=\"ltr\" data-pf_style_display=\"block\" data-pf_style_visibility=\"visible\"><span class=\"text-node\">A doutora em Ci\u00eancia Pol\u00edtica pela Universidade do Estado do Rio de Janeiro (UERJ) e coordenadora do projeto Monitor do Debate P\u00fablico, Carolina de Paula, disse \u00e0 BBC News Brasil que os \u201cmotores\u201d das elei\u00e7\u00f5es municipais s\u00e3o diferentes dos de uma elei\u00e7\u00e3o presidencial e que, por isso, a polariza\u00e7\u00e3o pol\u00edtica que marcou as disputas de 2018 e 2022 acabam tendo menor peso.<\/span><\/p>\n<\/div>\n<div class=\"bbc-19j92fr ebmt73l0\" dir=\"ltr\" data-pf_style_display=\"block\" data-pf_style_visibility=\"visible\">\n<p class=\"bbc-hhl7in e17g058b0 added-to-list1\" dir=\"ltr\" data-pf_style_display=\"block\" data-pf_style_visibility=\"visible\"><span class=\"text-node\">Segundo ela, em suas pesquisas os eleitores apontam a identifica\u00e7\u00e3o partid\u00e1ria ou as pautas ideol\u00f3gicas como fatores secund\u00e1rios na escolha do candidato em uma elei\u00e7\u00e3o municipal.<\/span><\/p>\n<\/div>\n<div class=\"bbc-19j92fr ebmt73l0\" dir=\"ltr\" data-pf_style_display=\"block\" data-pf_style_visibility=\"visible\">\n<p class=\"bbc-hhl7in e17g058b0 added-to-list1\" dir=\"ltr\" data-pf_style_display=\"block\" data-pf_style_visibility=\"visible\"><span class=\"text-node\">\u201cA elei\u00e7\u00e3o municipal \u00e9 mais ligada a fatos concretos e a pol\u00edticas p\u00fablicas que afetam a vida das pessoas na ponta quando voc\u00ea pergunta aos eleitores sobre ser de esquerda ou de direita, isso n\u00e3o aparece como algo determinante na escolha dos candidatos\u201d, disse a especialista.<\/span><\/p>\n<\/div>\n<div class=\"bbc-19j92fr ebmt73l0\" dir=\"ltr\" data-pf_style_display=\"block\" data-pf_style_visibility=\"visible\">\n<p class=\"bbc-hhl7in e17g058b0 added-to-list1\" dir=\"ltr\" data-pf_style_display=\"block\" data-pf_style_visibility=\"visible\"><span class=\"text-node\">S\u00e9rgio Denicoli disse concordar.<\/span><\/p>\n<\/div>\n<div class=\"bbc-19j92fr ebmt73l0\" dir=\"ltr\" data-pf_style_display=\"block\" data-pf_style_visibility=\"visible\">\n<p class=\"bbc-hhl7in e17g058b0 added-to-list1\" dir=\"ltr\" data-pf_style_display=\"block\" data-pf_style_visibility=\"visible\"><span class=\"text-node\">\u201cElei\u00e7\u00e3o municipal \u00e9 como se a cidade fosse escolher um s\u00edndico para cuidar de problemas pontuais. A pauta ideol\u00f3gica, que \u00e9 mais ampla, ele acaba sendo mais influente numa disputa nacional\u201d, disse.<\/span><\/p>\n<\/div>\n<div class=\"bbc-19j92fr ebmt73l0\" dir=\"ltr\" data-pf_style_display=\"block\" data-pf_style_visibility=\"visible\">\n<p class=\"bbc-hhl7in e17g058b0 added-to-list1\" dir=\"ltr\" data-pf_style_display=\"block\" data-pf_style_visibility=\"visible\"><span class=\"text-node\">Para Carolina de Paula, \u00e0 medida em que a identifica\u00e7\u00e3o pol\u00edtico-partid\u00e1ria passa a ter menos relev\u00e2ncia na escolha de um candidato a prefeito ou a vereador, o peso do bolsonarismo como fator de influ\u00eancia de voto passa a ser relativizado.<\/span><\/p>\n<\/div>\n<div class=\"bbc-19j92fr ebmt73l0\" dir=\"ltr\" data-pf_style_display=\"block\" data-pf_style_visibility=\"visible\">\n<p class=\"bbc-hhl7in e17g058b0 added-to-list1\" dir=\"ltr\" data-pf_style_display=\"block\" data-pf_style_visibility=\"visible\"><span class=\"text-node\">\u201cBolsonaro teve um papel importante na consolida\u00e7\u00e3o da direita no Brasil, mas ao mesmo tempo, o seu apoio se mostrou t\u00f3xico em alguns casos. Inclusive, houve candidatos de direita que n\u00e3o se declararam bolsonaristas com todas as for\u00e7as por ficarem com receio de perder o eleitor de centro. Em alguns segmentos, h\u00e1 uma forte rejei\u00e7\u00e3o a Bolsonaro\u201d, disse.<\/span><\/p>\n<\/div>\n<div class=\"bbc-19j92fr ebmt73l0\" dir=\"ltr\" data-pf_style_display=\"block\" data-pf_style_visibility=\"visible\">\n<p class=\"bbc-hhl7in e17g058b0 added-to-list1\" dir=\"ltr\" data-pf_style_display=\"block\" data-pf_style_visibility=\"visible\"><span class=\"text-node\">A rejei\u00e7\u00e3o a Bolsonaro foi apontada por uma pesquisa realizada pelo Datafolha em agosto com eleitores e eleitoras da cidade de S\u00e3o Paulo.<\/span><\/p>\n<\/div>\n<div class=\"bbc-19j92fr ebmt73l0\" dir=\"ltr\" data-pf_style_display=\"block\" data-pf_style_visibility=\"visible\">\n<p class=\"bbc-hhl7in e17g058b0 added-to-list1\" dir=\"ltr\" data-pf_style_display=\"block\" data-pf_style_visibility=\"visible\"><span class=\"text-node\">A pesquisa apontou que 63% dos entrevistados disseram que n\u00e3o votariam \u201cde jeito nenhum\u201d em um candidato apoiado por Bolsonaro.<\/span><\/p>\n<\/div>\n<div class=\"bbc-19j92fr ebmt73l0\" dir=\"ltr\" data-pf_style_display=\"block\" data-pf_style_visibility=\"visible\">\n<p class=\"bbc-hhl7in e17g058b0 added-to-list1\" dir=\"ltr\" data-pf_style_display=\"block\" data-pf_style_visibility=\"visible\"><span class=\"text-node\">Na capital paulista, o candidato apoiado por Bolsonaro foi o atual prefeito Ricardo Nunes (MDB).<\/span><\/p>\n<\/div>\n<div class=\"bbc-19j92fr ebmt73l0\" dir=\"ltr\" data-pf_style_display=\"block\" data-pf_style_visibility=\"visible\">\n<p class=\"bbc-hhl7in e17g058b0 added-to-list1\" dir=\"ltr\" data-pf_style_display=\"block\" data-pf_style_visibility=\"visible\"><span class=\"text-node\">Da mesma forma, a pesquisa apontou que 48% dos entrevistados disseram que n\u00e3o votariam em um candidato apoiado pelo presidente <\/span><a class=\"focusIndicatorReducedWidth bbc-n8oauk e1p3sufg0\" href=\"https:\/\/www.bbc.com\/portuguese\/topics\/cpzd4zx0272t\" data-pf_style_display=\"inline\" data-pf_style_visibility=\"visible\"><span class=\"text-node\">Luiz In\u00e1cio Lula da Silva (PT).<\/span><\/a><\/p>\n<\/div>\n<figure class=\"bbc-1qn0xuy pf-caption added-to-list1 flex-width mediumImage pf-size-full\" data-pf_style_display=\"block\" data-pf_style_visibility=\"visible\">\n<div class=\"bbc-j1srjl\" data-pf_style_display=\"block\" data-pf_style_visibility=\"visible\"><img data-recalc-dims=\"1\" decoding=\"async\" class=\"bbc-139onq pf-large-image caption-img flex-width pf-size-full mediumImage\" src=\"https:\/\/i0.wp.com\/ichef.bbci.co.uk\/ace\/ws\/640\/cpsprodpb\/9d60\/live\/7518c920-8283-11ef-822c-a50726bfda2e.png.webp?w=600&#038;ssl=1\" sizes=\"(min-width: 1008px) 760px, 100vw\" srcset=\"\" alt=\"Pablo Mar\u00e7al usando terno azul marinho em um palco durante palestra\"  data-pf_style_display=\"inline\" data-pf_style_visibility=\"visible\" data-pf_rect_width=\"468.296875\" data-pf_rect_height=\"18\" \/><\/p>\n<p class=\"bbc-by8ykd added-to-list1\" role=\"text\" data-pf_style_display=\"block\" data-pf_style_visibility=\"visible\"><span class=\"bbc-m04vo2\" data-pf_style_display=\"inline\" data-pf_style_visibility=\"visible\"><span class=\"text-node\">Cr\u00e9dito, <\/span><\/span><span lang=\"en-GB\" data-pf_style_display=\"inline\" data-pf_style_visibility=\"visible\"><span class=\"text-node\">Divulga\u00e7\u00e3o<\/span><\/span><\/p>\n<\/div><figcaption class=\"bbc-15f1ujd\" dir=\"ltr\" data-pf_style_display=\"block\" data-pf_style_visibility=\"visible\"><span role=\"text\" data-pf_style_display=\"inline\" data-pf_style_visibility=\"visible\"><span class=\"bbc-m04vo2\" data-pf_style_display=\"inline\" data-pf_style_visibility=\"visible\"><span class=\"text-node\">Legenda da foto, <\/span><\/span><span data-testid=\"caption-paragraph\" data-pf_style_display=\"inline\" data-pf_style_visibility=\"visible\"><span class=\"text-node\">Pablo Mar\u00e7al surpreendeu especialistas e pol\u00edticos ao obter uma expressiva vota\u00e7\u00e3o nas elei\u00e7\u00f5es para a Prefeitura de S\u00e3o Paulo. Ex-coach \u00e9 apontado como poss\u00edvel novo l\u00edder da direita<\/span><\/span><\/span><\/figcaption><\/figure>\n<p class=\"bbc-19j92fr ebmt73l0 added-to-list1\">\n<h2 id=\"Fragmenta\u00e7\u00e3o-e-bolsonarismo-amea\u00e7ado\" class=\"bbc-1f03ibc eglt09e0\" tabindex=\"-1\" data-pf_style_display=\"block\" data-pf_style_visibility=\"visible\"><span class=\"text-node\">Fragmenta\u00e7\u00e3o e bolsonarismo amea\u00e7ado?<\/span><\/h2>\n<div class=\"bbc-19j92fr ebmt73l0\" dir=\"ltr\" data-pf_style_display=\"block\" data-pf_style_visibility=\"visible\">\n<p class=\"bbc-hhl7in e17g058b0 added-to-list1\" dir=\"ltr\" data-pf_style_display=\"block\" data-pf_style_visibility=\"visible\"><span class=\"text-node\">Um dos movimentos detectados pelos especialistas ouvidos pela BBC News Brasil \u00e9 o que eles classificaram como \u201csepara\u00e7\u00e3o\u201d ou descolamento entre a direita e o bolsonarismo.<\/span><\/p>\n<\/div>\n<div class=\"bbc-19j92fr ebmt73l0\" dir=\"ltr\" data-pf_style_display=\"block\" data-pf_style_visibility=\"visible\">\n<p class=\"bbc-hhl7in e17g058b0 added-to-list1\" dir=\"ltr\" data-pf_style_display=\"block\" data-pf_style_visibility=\"visible\"><span class=\"text-node\">Segundo eles, esse processo pode levar ao surgimento de novas lideran\u00e7as no campo pol\u00edtico at\u00e9 ent\u00e3o dominado por Bolsonaro e seu entorno. <\/span><\/p>\n<\/div>\n<div class=\"bbc-19j92fr ebmt73l0\" dir=\"ltr\" data-pf_style_display=\"block\" data-pf_style_visibility=\"visible\">\n<p class=\"bbc-hhl7in e17g058b0 added-to-list1\" dir=\"ltr\" data-pf_style_display=\"block\" data-pf_style_visibility=\"visible\"><span class=\"text-node\">Essa separa\u00e7\u00e3o, eles avaliam, n\u00e3o aconteceu de forma ruidosa, na maior parte dos casos, porque Bolsonaro segue como o principal nome deste campo. <\/span><\/p>\n<\/div>\n<div class=\"bbc-19j92fr ebmt73l0\" dir=\"ltr\" data-pf_style_display=\"block\" data-pf_style_visibility=\"visible\">\n<p class=\"bbc-hhl7in e17g058b0 added-to-list1\" dir=\"ltr\" data-pf_style_display=\"block\" data-pf_style_visibility=\"visible\"><span class=\"text-node\">\u201cA gente v\u00ea que h\u00e1 uma separa\u00e7\u00e3o, mas os pol\u00edticos de direita evitaram criticar o Bolsonaro. O bolsonarismo segue vivo. Mas a milit\u00e2ncia, ao menos nas redes, tem muitas cr\u00edticas a Bolsonaro\u201d, disse o pesquisador.<\/span><\/p>\n<\/div>\n<div class=\"bbc-19j92fr ebmt73l0\" dir=\"ltr\" data-pf_style_display=\"block\" data-pf_style_visibility=\"visible\">\n<p class=\"bbc-hhl7in e17g058b0 added-to-list1\" dir=\"ltr\" data-pf_style_display=\"block\" data-pf_style_visibility=\"visible\"><span class=\"text-node\">Denicoli aponta que Bolsonaro estaria sendo criticado por ter, supostamente, se rendido ao Centr\u00e3o e por n\u00e3o ter tomado medidas mais dr\u00e1sticas quando perdeu as elei\u00e7\u00f5es em 2022. <\/span><\/p>\n<\/div>\n<div class=\"bbc-19j92fr ebmt73l0\" dir=\"ltr\" data-pf_style_display=\"block\" data-pf_style_visibility=\"visible\">\n<p class=\"bbc-hhl7in e17g058b0 added-to-list1\" dir=\"ltr\" data-pf_style_display=\"block\" data-pf_style_visibility=\"visible\"><span class=\"text-node\">Um exemplo da relev\u00e2ncia de Bolsonaro no cen\u00e1rio pol\u00edtico, cita Denicoli, \u00e9 o que ocorreu nas elei\u00e7\u00f5es de S\u00e3o Paulo. <\/span><\/p>\n<\/div>\n<div class=\"bbc-19j92fr ebmt73l0\" dir=\"ltr\" data-pf_style_display=\"block\" data-pf_style_visibility=\"visible\">\n<p class=\"bbc-hhl7in e17g058b0 added-to-list1\" dir=\"ltr\" data-pf_style_display=\"block\" data-pf_style_visibility=\"visible\"><span class=\"text-node\">Na capital paulista, houve uma disputa acirrada entre dois candidatos no campo da direita, o atual prefeito Ricardo Nunes e <\/span><a class=\"focusIndicatorReducedWidth bbc-n8oauk e1p3sufg0\" href=\"https:\/\/www.bbc.com\/portuguese\/articles\/clyv4xv2z89o\" data-pf_style_display=\"inline\" data-pf_style_visibility=\"visible\"><span class=\"text-node\">Pablo Mar\u00e7al<\/span><\/a><span class=\"text-node\">. O ex-coach se apresentou como representante leg\u00edtimo da direita, em contraposi\u00e7\u00e3o a Nunes, que tinha o apoio formal de Bolsonaro. <\/span><\/p>\n<\/div>\n<div class=\"bbc-19j92fr ebmt73l0\" dir=\"ltr\" data-pf_style_display=\"block\" data-pf_style_visibility=\"visible\">\n<p class=\"bbc-hhl7in e17g058b0 added-to-list1\" dir=\"ltr\" data-pf_style_display=\"block\" data-pf_style_visibility=\"visible\"><span class=\"text-node\">E apesar de ter sido criticado por pessoas do entorno de Bolsonaro como seu filho, o vereador Carlos Bolsonaro (PL), Mar\u00e7al evitou confrontar o ex-presidente e trabalhou para cativar os seus ex-eleitores. <\/span><\/p>\n<\/div>\n<div class=\"bbc-19j92fr ebmt73l0\" dir=\"ltr\" data-pf_style_display=\"block\" data-pf_style_visibility=\"visible\">\n<p class=\"bbc-hhl7in e17g058b0 added-to-list1\" dir=\"ltr\" data-pf_style_display=\"block\" data-pf_style_visibility=\"visible\"><span class=\"text-node\">Para Carolina de Paula, a separa\u00e7\u00e3o entre a direita e o bolsonarismo \u00e9 n\u00edtida.<\/span><\/p>\n<\/div>\n<div class=\"bbc-19j92fr ebmt73l0\" dir=\"ltr\" data-pf_style_display=\"block\" data-pf_style_visibility=\"visible\">\n<p class=\"bbc-hhl7in e17g058b0 added-to-list1\" dir=\"ltr\" data-pf_style_display=\"block\" data-pf_style_visibility=\"visible\"><span class=\"text-node\">\u201cAcho que houve uma separa\u00e7\u00e3o bem n\u00edtida entre uma coisa e outra. Isso ficou claro, inclusive, em locais onde candidatos de direita n\u00e3o tiveram apoio do PL ou mesmo em locais onde tivemos candidatos de outros partidos como o Uni\u00e3o Brasil que n\u00e3o tocaram no nome de Bolsonaro durante a campanha\u201d, disse Carolina de Paula.<\/span><\/p>\n<\/div>\n<div class=\"bbc-19j92fr ebmt73l0\" dir=\"ltr\" data-pf_style_display=\"block\" data-pf_style_visibility=\"visible\">\n<p class=\"bbc-hhl7in e17g058b0 added-to-list1\" dir=\"ltr\" data-pf_style_display=\"block\" data-pf_style_visibility=\"visible\"><span class=\"text-node\">Apesar dessa separa\u00e7\u00e3o, os pesquisadores avaliam que o bolsonarismo segue como uma das principais correntes da direita no Brasil. Tanto \u00e9 assim que o PL, partido de Bolsonaro, viu sua fatia de prefeituras saltar de 344 em 2020 para 523 em 2024, um fen\u00f4meno semelhante ao que fez o partido obter a maior bancada de deputados federais (99) em 2022, ano em que Bolsonaro disputou e perdeu as elei\u00e7\u00f5es presidenciais pela legenda. <\/span><\/p>\n<\/div>\n<div class=\"bbc-19j92fr ebmt73l0\" dir=\"ltr\" data-pf_style_display=\"block\" data-pf_style_visibility=\"visible\">\n<p class=\"bbc-hhl7in e17g058b0 added-to-list1\" dir=\"ltr\" data-pf_style_display=\"block\" data-pf_style_visibility=\"visible\"><span class=\"text-node\">Para Denicoli, apesar do crescimento do PL, essa fragmenta\u00e7\u00e3o da direita vem abrindo espa\u00e7os para nomes que podem, potencialmente, liderar este campo pol\u00edtico a partir de 2026, considerando que Bolsonaro seguir\u00e1 ineleg\u00edvel at\u00e9 l\u00e1.<\/span><\/p>\n<\/div>\n<div class=\"bbc-19j92fr ebmt73l0\" dir=\"ltr\" data-pf_style_display=\"block\" data-pf_style_visibility=\"visible\">\n<p class=\"bbc-hhl7in e17g058b0 added-to-list1\" dir=\"ltr\" data-pf_style_display=\"block\" data-pf_style_visibility=\"visible\"><span class=\"text-node\">Em 2023, Bolsonaro foi condenado pelo TSE por abuso do poder pol\u00edtico e uso indevido de meios de comunica\u00e7\u00e3o e foi considerado ineleg\u00edvel at\u00e9 2030. Ele nega as acusa\u00e7\u00f5es. <\/span><\/p>\n<\/div>\n<div class=\"bbc-19j92fr ebmt73l0\" dir=\"ltr\" data-pf_style_display=\"block\" data-pf_style_visibility=\"visible\">\n<p class=\"bbc-hhl7in e17g058b0 added-to-list1\" dir=\"ltr\" data-pf_style_display=\"block\" data-pf_style_visibility=\"visible\"><span class=\"text-node\">Denicoli apontou Mar\u00e7al e o governador de Goi\u00e1s, Ronaldo Caiado (Uni\u00e3o Brasil) como potenciais lideran\u00e7as em 2026. Mar\u00e7al, por exemplo, disse em agosto que poderia se candidatar, novamente, \u00e0s elei\u00e7\u00f5es presidenciais em 2026. Em 2022, ele chegou a lan\u00e7ar seu nome, mas o PROS, seu antigo partido, retirou sua candidatura. <\/span><\/p>\n<\/div>\n<div class=\"bbc-19j92fr ebmt73l0\" dir=\"ltr\" data-pf_style_display=\"block\" data-pf_style_visibility=\"visible\">\n<p class=\"bbc-hhl7in e17g058b0 added-to-list1\" dir=\"ltr\" data-pf_style_display=\"block\" data-pf_style_visibility=\"visible\"><span class=\"text-node\">\u201cAs pessoas querem ocupar um v\u00e1cuo pol\u00edtico e isso faz surgir novas lideran\u00e7as. Uma delas \u00e9 Caiado, que vem se articulando muito bem nos bastidores. Ele governa um estado forte no agroneg\u00f3cio e tem muita experi\u00eancia. Outro \u00e9 Mar\u00e7al. Ele surge com um discurso ainda mais radical que o de Bolsonaro e muita experi\u00eancia em um novo tipo de campanha focado em redes\u201d, disse Denicoli.<\/span><\/p>\n<\/div>\n<figure class=\"bbc-1qn0xuy pf-caption added-to-list1 flex-width mediumImage pf-size-full\" data-pf_style_display=\"block\" data-pf_style_visibility=\"visible\">\n<div class=\"bbc-j1srjl\" data-pf_style_display=\"block\" data-pf_style_visibility=\"visible\"><img data-recalc-dims=\"1\" decoding=\"async\" class=\"bbc-139onq pf-large-image caption-img flex-width pf-size-full mediumImage\" src=\"https:\/\/i0.wp.com\/ichef.bbci.co.uk\/ace\/ws\/640\/cpsprodpb\/e37c\/live\/a2facb00-8480-11ef-83dd-fbf1b9732cf0.jpg.webp?w=600&#038;ssl=1\" sizes=\"(min-width: 1008px) 760px, 100vw\" srcset=\"\" alt=\"O governador Tarc\u00edsio de Freitas com o ex-presidente Jair Bolsonaro e o pastor Silas Malafaia durante manifesta\u00e7\u00e3o na Avenida Paulista, em S\u00e3o Paulo, no 7 de setembro de 2024\"  data-pf_style_display=\"inline\" data-pf_style_visibility=\"visible\" data-pf_rect_width=\"704\" data-pf_rect_height=\"36\" \/><\/p>\n<p class=\"bbc-by8ykd added-to-list1\" role=\"text\" data-pf_style_display=\"block\" data-pf_style_visibility=\"visible\"><span class=\"bbc-m04vo2\" data-pf_style_display=\"inline\" data-pf_style_visibility=\"visible\"><span class=\"text-node\">Cr\u00e9dito, <\/span><\/span><span lang=\"en-GB\" data-pf_style_display=\"inline\" data-pf_style_visibility=\"visible\"><span class=\"text-node\">Reuters<\/span><\/span><\/p>\n<\/div><figcaption class=\"bbc-15f1ujd\" dir=\"ltr\" data-pf_style_display=\"block\" data-pf_style_visibility=\"visible\"><span role=\"text\" data-pf_style_display=\"inline\" data-pf_style_visibility=\"visible\"><span class=\"bbc-m04vo2\" data-pf_style_display=\"inline\" data-pf_style_visibility=\"visible\"><span class=\"text-node\">Legenda da foto, <\/span><\/span><span data-testid=\"caption-paragraph\" data-pf_style_display=\"inline\" data-pf_style_visibility=\"visible\"><span class=\"text-node\">O governador Tarc\u00edsio de Freitas sai fortalecido das elei\u00e7\u00f5es e \u00e9 visto por analistas como potencial nova lideran\u00e7a no campo da direita<\/span><\/span><\/span><\/figcaption><\/figure>\n<div class=\"bbc-19j92fr ebmt73l0\" dir=\"ltr\" data-pf_style_display=\"block\" data-pf_style_visibility=\"visible\">\n<p class=\"bbc-hhl7in e17g058b0 added-to-list1\" dir=\"ltr\" data-pf_style_display=\"block\" data-pf_style_visibility=\"visible\"><span class=\"text-node\">Vinicius Alves, do Ipespe Anal\u00edtica, disse acreditar que a vit\u00f3ria expressiva da direita em 2024 abre caminho para um cen\u00e1rio mais favor\u00e1vel em 2026.<\/span><\/p>\n<\/div>\n<div class=\"bbc-19j92fr ebmt73l0\" dir=\"ltr\" data-pf_style_display=\"block\" data-pf_style_visibility=\"visible\">\n<p class=\"bbc-hhl7in e17g058b0 added-to-list1\" dir=\"ltr\" data-pf_style_display=\"block\" data-pf_style_visibility=\"visible\"><span class=\"text-node\">\u201cOs estudos mostram que h\u00e1 uma co-rela\u00e7\u00e3o entre o resultado das elei\u00e7\u00f5es municipais e as elei\u00e7\u00f5es para o Congresso Nacional em 2026. Geralmente, os partidos que elegem a maior quantidade de prefeitos e vereadores tendem a eleger maiores bancadas federais nas elei\u00e7\u00f5es seguintes. Isso me leva a crer que a direita vai nadar em uma raia mais favor\u00e1vel na pr\u00f3xima disputa\u201d, afirmou.<\/span><\/p>\n<\/div>\n<div class=\"bbc-19j92fr ebmt73l0\" dir=\"ltr\" data-pf_style_display=\"block\" data-pf_style_visibility=\"visible\">\n<p class=\"bbc-hhl7in e17g058b0 added-to-list1\" dir=\"ltr\" data-pf_style_display=\"block\" data-pf_style_visibility=\"visible\"><span class=\"text-node\">Alves, assim como Denicoli e Carolina de Paula, disse avaliar que Bolsonaro segue forte como lideran\u00e7a na direita, mas que o futuro deste campo pol\u00edtico em 2026 pode n\u00e3o passar pelo ex-presidente.<\/span><\/p>\n<\/div>\n<div class=\"bbc-19j92fr ebmt73l0\" dir=\"ltr\" data-pf_style_display=\"block\" data-pf_style_visibility=\"visible\">\n<p class=\"bbc-hhl7in e17g058b0 added-to-list1\" dir=\"ltr\" data-pf_style_display=\"block\" data-pf_style_visibility=\"visible\"><span class=\"text-node\">\u201cHoje, ele est\u00e1 ineleg\u00edvel. Uma revers\u00e3o disso \u00e9 um cen\u00e1rio improv\u00e1vel. Isso me leva a crer que, em 2026, vamos ter novas lideran\u00e7as neste campo. Al\u00e9m de Mar\u00e7al e Caiado, temos o governador de S\u00e3o Paulo, Tarc\u00edsio de Freitas\u201d, afirmou.<\/span><\/p>\n<\/div>\n<div class=\"bbc-19j92fr ebmt73l0\" dir=\"ltr\" data-pf_style_display=\"block\" data-pf_style_visibility=\"visible\">\n<p class=\"bbc-hhl7in e17g058b0 added-to-list1\" dir=\"ltr\" data-pf_style_display=\"block\" data-pf_style_visibility=\"visible\"><span class=\"text-node\">Sergio Denicoli disse avaliar que, apesar da ampla vit\u00f3ria da direita nas prefeituras do pa\u00eds, a fragmenta\u00e7\u00e3o observada neste ano pode ter consequ\u00eancias negativas em 2026.<\/span><\/p>\n<\/div>\n<div class=\"bbc-19j92fr ebmt73l0\" dir=\"ltr\" data-pf_style_display=\"block\" data-pf_style_visibility=\"visible\">\n<p class=\"bbc-hhl7in e17g058b0 added-to-list1\" dir=\"ltr\" data-pf_style_display=\"block\" data-pf_style_visibility=\"visible\"><span class=\"text-node\">\u201cA ideia da direita como um campo pol\u00edtico saiu maior destas elei\u00e7\u00f5es. Mas houve uma fragmenta\u00e7\u00e3o entre a direita e a extrema-direita. Se uma vai conseguir dialogar com a outra, n\u00e3o sabemos. Nestas elei\u00e7\u00f5es, vimos uma parte do eleitorado se encantar com um discurso ainda mais radicalizado e essa divis\u00e3o pode custar caro \u00e0 direita, principalmente em 2026\u201d, disse.<\/span><\/p>\n<\/div>\n<div class=\"bbc-19j92fr ebmt73l0\" dir=\"ltr\" data-pf_style_display=\"block\" data-pf_style_visibility=\"visible\">\n<p class=\"bbc-hhl7in e17g058b0 added-to-list1\" dir=\"ltr\" data-pf_style_display=\"block\" data-pf_style_visibility=\"visible\"><span class=\"text-node\">Para Carolina de Paula, ainda seria cedo para afirmar categoricamente que o bolsonarismo est\u00e1 amea\u00e7ado. <\/span><\/p>\n<\/div>\n<div class=\"bbc-19j92fr ebmt73l0\" dir=\"ltr\" data-pf_style_display=\"block\" data-pf_style_visibility=\"visible\">\n<p class=\"bbc-hhl7in e17g058b0 added-to-list1\" dir=\"ltr\" data-pf_style_display=\"block\" data-pf_style_visibility=\"visible\"><span class=\"text-node\">&#8220;Elei\u00e7\u00f5es municipais n\u00e3o seriam o melhor term\u00f4metro para medir o tamanho do bolsonarismo justamente porque essa disputa n\u00e3o \u00e9 tanto sobre a polariza\u00e7\u00e3o [&#8230;] seria preciso esperar um <\/span><span class=\"text-node\">pouco mais para saber&#8221;, disse a professora.<\/span><\/p>\n<\/div>\n<\/div>\n","protected":false},"excerpt":{"rendered":"<p>Leandro Prazeres, Da BBC News Brasil em Bras\u00edlia-\u00a0O resultado do primeiro turno das elei\u00e7\u00f5es municipais materializou um cen\u00e1rio que era esbo\u00e7ado pelas principais pesquisas de inten\u00e7\u00e3o de voto h\u00e1 algumas semanas: um crescimento significativo no n\u00famero de prefeituras que ser\u00e3o comandadas por legendas do chamado Centr\u00e3o e da direita a partir de 2025.<\/p>\n","protected":false},"author":1,"featured_media":0,"comment_status":"closed","ping_status":"open","sticky":false,"template":"","format":"standard","meta":{"_exactmetrics_skip_tracking":false,"_exactmetrics_sitenote_active":false,"_exactmetrics_sitenote_note":"","_exactmetrics_sitenote_category":0,"jetpack_post_was_ever_published":false,"_jetpack_newsletter_access":"","_jetpack_dont_email_post_to_subs":false,"_jetpack_newsletter_tier_id":0,"_jetpack_memberships_contains_paywalled_content":false,"_jetpack_memberships_contains_paid_content":false,"footnotes":"","jetpack_publicize_message":"","jetpack_publicize_feature_enabled":true,"jetpack_social_post_already_shared":true,"jetpack_social_options":{"image_generator_settings":{"template":"highway","enabled":false},"version":2}},"categories":[1],"tags":[796,1148,1147],"class_list":["post-36046","post","type-post","status-publish","format-standard","hentry","category-notas","tag-bolsonarismo","tag-centro","tag-direita"],"jetpack_publicize_connections":[],"jetpack_sharing_enabled":true,"jetpack_featured_media_url":"","jetpack_shortlink":"https:\/\/wp.me\/p7wKYW-9no","jetpack-related-posts":[],"_links":{"self":[{"href":"http:\/\/blogdalucianaoliveira.com.br\/blog\/wp-json\/wp\/v2\/posts\/36046","targetHints":{"allow":["GET"]}}],"collection":[{"href":"http:\/\/blogdalucianaoliveira.com.br\/blog\/wp-json\/wp\/v2\/posts"}],"about":[{"href":"http:\/\/blogdalucianaoliveira.com.br\/blog\/wp-json\/wp\/v2\/types\/post"}],"author":[{"embeddable":true,"href":"http:\/\/blogdalucianaoliveira.com.br\/blog\/wp-json\/wp\/v2\/users\/1"}],"replies":[{"embeddable":true,"href":"http:\/\/blogdalucianaoliveira.com.br\/blog\/wp-json\/wp\/v2\/comments?post=36046"}],"version-history":[{"count":1,"href":"http:\/\/blogdalucianaoliveira.com.br\/blog\/wp-json\/wp\/v2\/posts\/36046\/revisions"}],"predecessor-version":[{"id":36048,"href":"http:\/\/blogdalucianaoliveira.com.br\/blog\/wp-json\/wp\/v2\/posts\/36046\/revisions\/36048"}],"wp:attachment":[{"href":"http:\/\/blogdalucianaoliveira.com.br\/blog\/wp-json\/wp\/v2\/media?parent=36046"}],"wp:term":[{"taxonomy":"category","embeddable":true,"href":"http:\/\/blogdalucianaoliveira.com.br\/blog\/wp-json\/wp\/v2\/categories?post=36046"},{"taxonomy":"post_tag","embeddable":true,"href":"http:\/\/blogdalucianaoliveira.com.br\/blog\/wp-json\/wp\/v2\/tags?post=36046"}],"curies":[{"name":"wp","href":"https:\/\/api.w.org\/{rel}","templated":true}]}}