{"id":36050,"date":"2024-10-08T10:33:12","date_gmt":"2024-10-08T14:33:12","guid":{"rendered":"https:\/\/blogdalucianaoliveira.com.br\/blog\/?p=36050"},"modified":"2024-10-08T10:33:12","modified_gmt":"2024-10-08T14:33:12","slug":"extrema-direita-tem-importantes-derrotas-nas-prefeituras-eleitas","status":"publish","type":"post","link":"http:\/\/blogdalucianaoliveira.com.br\/blog\/2024\/10\/08\/extrema-direita-tem-importantes-derrotas-nas-prefeituras-eleitas\/","title":{"rendered":"Extrema-direita tem importantes derrotas nas Prefeituras eleitas"},"content":{"rendered":"<p><img data-recalc-dims=\"1\" loading=\"lazy\" decoding=\"async\" data-attachment-id=\"36051\" data-permalink=\"http:\/\/blogdalucianaoliveira.com.br\/blog\/2024\/10\/08\/extrema-direita-tem-importantes-derrotas-nas-prefeituras-eleitas\/nikolas-bolsonaro\/\" data-orig-file=\"https:\/\/i0.wp.com\/blogdalucianaoliveira.com.br\/blog\/wp-content\/uploads\/2024\/10\/nikolas-bolsonaro.png?fit=848%2C477\" data-orig-size=\"848,477\" data-comments-opened=\"0\" data-image-meta=\"{&quot;aperture&quot;:&quot;0&quot;,&quot;credit&quot;:&quot;&quot;,&quot;camera&quot;:&quot;&quot;,&quot;caption&quot;:&quot;&quot;,&quot;created_timestamp&quot;:&quot;0&quot;,&quot;copyright&quot;:&quot;&quot;,&quot;focal_length&quot;:&quot;0&quot;,&quot;iso&quot;:&quot;0&quot;,&quot;shutter_speed&quot;:&quot;0&quot;,&quot;title&quot;:&quot;&quot;,&quot;orientation&quot;:&quot;0&quot;}\" data-image-title=\"nikolas-bolsonaro\" data-image-description=\"\" data-image-caption=\"\" data-medium-file=\"https:\/\/i0.wp.com\/blogdalucianaoliveira.com.br\/blog\/wp-content\/uploads\/2024\/10\/nikolas-bolsonaro.png?fit=300%2C169\" data-large-file=\"https:\/\/i0.wp.com\/blogdalucianaoliveira.com.br\/blog\/wp-content\/uploads\/2024\/10\/nikolas-bolsonaro.png?fit=600%2C338\" class=\"alignnone size-full wp-image-36051\" src=\"https:\/\/i0.wp.com\/blogdalucianaoliveira.com.br\/blog\/wp-content\/uploads\/2024\/10\/nikolas-bolsonaro.png?resize=600%2C338\" alt=\"\" width=\"600\" height=\"338\" srcset=\"https:\/\/i0.wp.com\/blogdalucianaoliveira.com.br\/blog\/wp-content\/uploads\/2024\/10\/nikolas-bolsonaro.png?w=848 848w, https:\/\/i0.wp.com\/blogdalucianaoliveira.com.br\/blog\/wp-content\/uploads\/2024\/10\/nikolas-bolsonaro.png?resize=300%2C169 300w, https:\/\/i0.wp.com\/blogdalucianaoliveira.com.br\/blog\/wp-content\/uploads\/2024\/10\/nikolas-bolsonaro.png?resize=768%2C432 768w, https:\/\/i0.wp.com\/blogdalucianaoliveira.com.br\/blog\/wp-content\/uploads\/2024\/10\/nikolas-bolsonaro.png?resize=533%2C300 533w\" sizes=\"auto, (max-width: 600px) 100vw, 600px\" \/><\/p>\n<p class=\"single-resume\">Quase 60% dos candidatos apoiados por figuras de destaque da extrema-direita do Congresso perderam as elei\u00e7\u00f5es<\/p>\n<div class=\"f ac sb article__meta class-cache\">\n<div>\n<div class=\"f ac article__authors\"><\/div>\n<\/div>\n<\/div>\n<p><!--more--><\/p>\n<p>Patricia Faermann, publicada por\u00a0Jornal GGN &#8211;\u00a0Levantamento do\u00a0The Intercept Brasil\u00a0mostrou que quase 60% dos candidatos apoiados por figuras de destaque da\u00a0extrema-direita\u00a0do\u00a0Congresso\u00a0perderam as elei\u00e7\u00f5es.<\/p>\n<p>S\u00e3o 117 candidatos a prefeitos apoiados pelos deputados do PL,\u00a0Carla Zambelli,\u00a0Eduardo Bolsonaro,\u00a0Gustavo Gayer\u00a0e\u00a0Nikolas Ferreira, e pela senadora\u00a0Damares Alves, do\u00a0Republicanos\u00a0\u2013 figuras que o ve\u00edculo denominou \u201ctropa de choque da\u00a0extrema-direita\u00a0no Congresso\u201d.<\/p>\n<p>Destas centenas de candidatos a Prefeituras, 69 foram derrotados e somente 36 venceram as elei\u00e7\u00f5es. Outros 12 ainda t\u00eam chances em disputas ao segundo turno. Deste grupo, ainda, 102 candidatos eram a primeira vez que disputavam elei\u00e7\u00f5es.<\/p>\n<p>\u00c9 o caso do candidato\u00a0Fred Rodrigues\u00a0(PL), em\u00a0Goi\u00e2nia, que recebeu o apoio direto de\u00a0Eduardo Bolsonaro,\u00a0Nikolas,\u00a0Zambelli\u00a0e\u00a0Gayer. Ele conseguiu levar a disputa ao segundo turno, com 31% dos votos, com\u00a0Sandro Mabel\u00a0(Uni\u00e3o), que obteve 27%.<\/p>\n<p>Minas Gerais e S\u00e3o Paulo<\/p>\n<p>Em\u00a0Minas Gerais, 50 candidatos a prefeito foram apoiados pelo deputado\u00a0Nikolas Ferreira\u00a0(PL). No total, ele declarou apoio e ajudou a alavancar 68 candidaturas: mas s\u00f3 20 foram eleitas, 7 foram ao segundo turno e 41 foram derrotados.<\/p>\n<p>Em\u00a0S\u00e3o Paulo, foi\u00a0Carla Zambelli\u00a0que mobilizou as maiores candidaturas no estado, com o apoio a 30 candidatos: 23 deles foram derrotados, e somente 4 eleitos e 3 ao segundo turno.<\/p>\n<p>Eduardo Bolsonaro e Damares emplacam mais prefeitos<\/p>\n<p>J\u00e1 os candidatos de\u00a0Eduardo Bolsonaro\u00a0e\u00a0Damares Alves\u00a0obtiveram os resultados mais significativos. O filho do ex-mandat\u00e1rio teve 8 dos 17 candidatos apoiados eleitos e 5 garantindo a disputa para o segundo turno: 4 destes em importantes capitais \u2013\u00a0S\u00e3o Paulo,\u00a0Belo Horizonte,\u00a0Fortaleza\u00a0e\u00a0Goi\u00e2nia.<\/p>\n<p>No caso de\u00a0Damares, a ex-ministra de\u00a0Bolsonaro\u00a0conseguiu emplacar 8 de 12 candidatos, que sa\u00edram vitoriosos, e 1 ir\u00e1 ao segundo turno. Somente 3 foram derrotados.<\/p>\n<p>Caso Curitiba: dois bolsonaristas, Ros\u00e2ngela Moro fora<\/p>\n<p>Ainda nos candidatos bolsonaristas que obtiveram resultados positivos nestas elei\u00e7\u00f5es,\u00a0Curitiba\u00a0foi a capital que teve os maiores destaques da\u00a0extrema-direita, conseguindo levar ao segundo turno dois candidatos apoiados pelo cl\u00e3: o atual prefeito\u00a0Eduardo Pimentel\u00a0(PSD) e a mais recente bolsonarista\u00a0Cristina Graeml\u00a0(PMB), apresentadora de afiliada da rede Globo no Paran\u00e1.<\/p>\n<p>Mas uma terceira op\u00e7\u00e3o promissora ficou de fora da disputa: a candidata da extrema-direita\u00a0Ros\u00e2ngela Moro\u00a0(Uni\u00e3o), esposa do ex-juiz da\u00a0Lava Jato. Ela era candidata a vice-prefeita do deputado estadual\u00a0Ney Leprovost, e a dupla recebeu apenas 6,49% dos votos, relegados a quarto lugar na disputa.<\/p>\n<p>O impacto destas elei\u00e7\u00f5es para as disputas nacionais de 2026<\/p>\n<p>Em declara\u00e7\u00e3o recente, o deputado\u00a0Gustavo Gayer\u00a0(PL) afirmou que os prefeitos apoiados pelo PL e pela extrema-direita estariam comprometidos em usar \u201ctoda a m\u00e1quina e estrutura em 2026 para eleger senadores\u201d. \u201cH\u00e1 muito mais em jogo nessas elei\u00e7\u00f5es do que apenas fazer prefeitos\u201d, escreveu, na publica\u00e7\u00e3o.<\/p>\n<p>Segundo ele, o aumento dessa base de prefeitos e vereadores posicionam pautas e apoios para as campanhas de 2026, na C\u00e2mara e Senado, al\u00e9m da elei\u00e7\u00e3o presidencial.<\/p>\n<p>&nbsp;<\/p>\n<p>&nbsp;<\/p>\n<p>&nbsp;<\/p>\n","protected":false},"excerpt":{"rendered":"<p>Quase 60% dos candidatos apoiados por figuras de destaque da extrema-direita do Congresso perderam as elei\u00e7\u00f5es<\/p>\n","protected":false},"author":1,"featured_media":0,"comment_status":"closed","ping_status":"open","sticky":false,"template":"","format":"standard","meta":{"_exactmetrics_skip_tracking":false,"_exactmetrics_sitenote_active":false,"_exactmetrics_sitenote_note":"","_exactmetrics_sitenote_category":0,"jetpack_post_was_ever_published":false,"_jetpack_newsletter_access":"","_jetpack_dont_email_post_to_subs":false,"_jetpack_newsletter_tier_id":0,"_jetpack_memberships_contains_paywalled_content":false,"_jetpack_memberships_contains_paid_content":false,"footnotes":"","jetpack_publicize_message":"","jetpack_publicize_feature_enabled":true,"jetpack_social_post_already_shared":true,"jetpack_social_options":{"image_generator_settings":{"template":"highway","enabled":false},"version":2}},"categories":[1],"tags":[1150,973,1149],"class_list":["post-36050","post","type-post","status-publish","format-standard","hentry","category-notas","tag-derrota","tag-extrema-direita","tag-pl"],"jetpack_publicize_connections":[],"jetpack_sharing_enabled":true,"jetpack_featured_media_url":"","jetpack_shortlink":"https:\/\/wp.me\/p7wKYW-9ns","jetpack-related-posts":[],"_links":{"self":[{"href":"http:\/\/blogdalucianaoliveira.com.br\/blog\/wp-json\/wp\/v2\/posts\/36050","targetHints":{"allow":["GET"]}}],"collection":[{"href":"http:\/\/blogdalucianaoliveira.com.br\/blog\/wp-json\/wp\/v2\/posts"}],"about":[{"href":"http:\/\/blogdalucianaoliveira.com.br\/blog\/wp-json\/wp\/v2\/types\/post"}],"author":[{"embeddable":true,"href":"http:\/\/blogdalucianaoliveira.com.br\/blog\/wp-json\/wp\/v2\/users\/1"}],"replies":[{"embeddable":true,"href":"http:\/\/blogdalucianaoliveira.com.br\/blog\/wp-json\/wp\/v2\/comments?post=36050"}],"version-history":[{"count":1,"href":"http:\/\/blogdalucianaoliveira.com.br\/blog\/wp-json\/wp\/v2\/posts\/36050\/revisions"}],"predecessor-version":[{"id":36052,"href":"http:\/\/blogdalucianaoliveira.com.br\/blog\/wp-json\/wp\/v2\/posts\/36050\/revisions\/36052"}],"wp:attachment":[{"href":"http:\/\/blogdalucianaoliveira.com.br\/blog\/wp-json\/wp\/v2\/media?parent=36050"}],"wp:term":[{"taxonomy":"category","embeddable":true,"href":"http:\/\/blogdalucianaoliveira.com.br\/blog\/wp-json\/wp\/v2\/categories?post=36050"},{"taxonomy":"post_tag","embeddable":true,"href":"http:\/\/blogdalucianaoliveira.com.br\/blog\/wp-json\/wp\/v2\/tags?post=36050"}],"curies":[{"name":"wp","href":"https:\/\/api.w.org\/{rel}","templated":true}]}}