{"id":36057,"date":"2024-10-08T10:49:05","date_gmt":"2024-10-08T14:49:05","guid":{"rendered":"https:\/\/blogdalucianaoliveira.com.br\/blog\/?p=36057"},"modified":"2024-10-08T10:49:05","modified_gmt":"2024-10-08T14:49:05","slug":"malafaia-detona-bolsonaro-que-porcaria-de-lider-e-esse","status":"publish","type":"post","link":"http:\/\/blogdalucianaoliveira.com.br\/blog\/2024\/10\/08\/malafaia-detona-bolsonaro-que-porcaria-de-lider-e-esse\/","title":{"rendered":"Malafaia detona Bolsonaro: \u201cque porcaria de l\u00edder \u00e9 esse?\u201d"},"content":{"rendered":"<h2><img data-recalc-dims=\"1\" loading=\"lazy\" decoding=\"async\" data-attachment-id=\"36058\" data-permalink=\"http:\/\/blogdalucianaoliveira.com.br\/blog\/2024\/10\/08\/malafaia-detona-bolsonaro-que-porcaria-de-lider-e-esse\/20240213120224_e21832f1f64a79a848033fa96bf897c415af57d57778e65240d6ca593362356d\/\" data-orig-file=\"https:\/\/i0.wp.com\/blogdalucianaoliveira.com.br\/blog\/wp-content\/uploads\/2024\/10\/20240213120224_e21832f1f64a79a848033fa96bf897c415af57d57778e65240d6ca593362356d.webp?fit=1250%2C600\" data-orig-size=\"1250,600\" data-comments-opened=\"0\" data-image-meta=\"{&quot;aperture&quot;:&quot;0&quot;,&quot;credit&quot;:&quot;&quot;,&quot;camera&quot;:&quot;&quot;,&quot;caption&quot;:&quot;&quot;,&quot;created_timestamp&quot;:&quot;0&quot;,&quot;copyright&quot;:&quot;&quot;,&quot;focal_length&quot;:&quot;0&quot;,&quot;iso&quot;:&quot;0&quot;,&quot;shutter_speed&quot;:&quot;0&quot;,&quot;title&quot;:&quot;&quot;,&quot;orientation&quot;:&quot;0&quot;}\" data-image-title=\"20240213120224_e21832f1f64a79a848033fa96bf897c415af57d57778e65240d6ca593362356d\" data-image-description=\"\" data-image-caption=\"\" data-medium-file=\"https:\/\/i0.wp.com\/blogdalucianaoliveira.com.br\/blog\/wp-content\/uploads\/2024\/10\/20240213120224_e21832f1f64a79a848033fa96bf897c415af57d57778e65240d6ca593362356d.webp?fit=300%2C144\" data-large-file=\"https:\/\/i0.wp.com\/blogdalucianaoliveira.com.br\/blog\/wp-content\/uploads\/2024\/10\/20240213120224_e21832f1f64a79a848033fa96bf897c415af57d57778e65240d6ca593362356d.webp?fit=600%2C288\" class=\"alignnone size-full wp-image-36058\" src=\"https:\/\/i0.wp.com\/blogdalucianaoliveira.com.br\/blog\/wp-content\/uploads\/2024\/10\/20240213120224_e21832f1f64a79a848033fa96bf897c415af57d57778e65240d6ca593362356d.webp?resize=600%2C288\" alt=\"\" width=\"600\" height=\"288\" srcset=\"https:\/\/i0.wp.com\/blogdalucianaoliveira.com.br\/blog\/wp-content\/uploads\/2024\/10\/20240213120224_e21832f1f64a79a848033fa96bf897c415af57d57778e65240d6ca593362356d.webp?w=1250 1250w, https:\/\/i0.wp.com\/blogdalucianaoliveira.com.br\/blog\/wp-content\/uploads\/2024\/10\/20240213120224_e21832f1f64a79a848033fa96bf897c415af57d57778e65240d6ca593362356d.webp?resize=300%2C144 300w, https:\/\/i0.wp.com\/blogdalucianaoliveira.com.br\/blog\/wp-content\/uploads\/2024\/10\/20240213120224_e21832f1f64a79a848033fa96bf897c415af57d57778e65240d6ca593362356d.webp?resize=1024%2C492 1024w, https:\/\/i0.wp.com\/blogdalucianaoliveira.com.br\/blog\/wp-content\/uploads\/2024\/10\/20240213120224_e21832f1f64a79a848033fa96bf897c415af57d57778e65240d6ca593362356d.webp?resize=768%2C369 768w, https:\/\/i0.wp.com\/blogdalucianaoliveira.com.br\/blog\/wp-content\/uploads\/2024\/10\/20240213120224_e21832f1f64a79a848033fa96bf897c415af57d57778e65240d6ca593362356d.webp?resize=625%2C300 625w, https:\/\/i0.wp.com\/blogdalucianaoliveira.com.br\/blog\/wp-content\/uploads\/2024\/10\/20240213120224_e21832f1f64a79a848033fa96bf897c415af57d57778e65240d6ca593362356d.webp?w=1200 1200w\" sizes=\"auto, (max-width: 600px) 100vw, 600px\" \/><\/h2>\n<h2 class=\"article__lead\">Empres\u00e1rio da f\u00e9 elogiou o governador de S\u00e3o Paulo, Tarc\u00edsio de Freitas, afirmando que pretende apoi\u00e1-lo na corrida presidencial<\/h2>\n<p><!--more--><\/p>\n<div class=\"article__info\">\n<p><b>247 &#8211;<\/b>\u00a0Silas Malafaia, at\u00e9 ent\u00e3o bra\u00e7o direito de Jair Bolsonaro, expressou profunda decep\u00e7\u00e3o com o ex-presidente em recente entrevista \u00e0 coluna de M\u00f4nica Bergamo, no jornal<a href=\"https:\/\/www1.folha.uol.com.br\/colunas\/monicabergamo\/2024\/10\/malafaia-diz-que-bolsonaro-e-covarde-e-omisso-e-questiona-que-porcaria-de-lider-e-esse.shtml\" target=\"_blank\" rel=\"noopener noreferrer\">\u00a0Folha de S.Paulo.<\/a>\u00a0Ele critica Bolsonaro por sua omiss\u00e3o durante as elei\u00e7\u00f5es municipais em S\u00e3o Paulo, apontando que ele se preocupou mais com a possibilidade de ser derrotado por Pablo Mar\u00e7al do que em defender seus aliados. &#8220;Que porcaria de l\u00edder \u00e9 esse?&#8221;, indagou Malafaia, ressaltando que a lideran\u00e7a n\u00e3o deve ser guiada apenas pelas redes sociais.<\/p>\n<p>O empres\u00e1rio da f\u00e9 declarou ter enviado mais de 30 mensagens &#8220;dur\u00edssimas&#8221; a Bolsonaro, expressando sua insatisfa\u00e7\u00e3o. Ele se lembrou de um momento em que o ex-presidente, em uma liga\u00e7\u00e3o angustiante, chorou por cinco minutos, temendo ser preso. Malafaia, por sua vez, elogiou o governador de S\u00e3o Paulo, Tarc\u00edsio de Freitas, afirmando que pretende apoi\u00e1-lo na corrida presidencial caso Bolsonaro permane\u00e7a ineleg\u00edvel at\u00e9 2026.<\/p>\n<p><b>Decep\u00e7\u00f5es e alegrias nas elei\u00e7\u00f5es-\u00a0<\/b>Ao refletir sobre as elei\u00e7\u00f5es, Malafaia destacou suas alegrias e decep\u00e7\u00f5es. Para ele, a postura de Tarc\u00edsio foi uma &#8220;alegria&#8221;, ao demonstrar que um l\u00edder deve guiar seu povo e n\u00e3o se deixar levar pela opini\u00e3o popular. &#8220;Voc\u00ea n\u00e3o \u00e9 um verdadeiro l\u00edder at\u00e9 que n\u00e3o ande sozinho&#8221;, enfatizou. Ele tamb\u00e9m mencionou a atitude do deputado federal Gustavo Gayer, que se distanciou de Mar\u00e7al ap\u00f3s a divulga\u00e7\u00e3o de um documento m\u00e9dico forjado.<\/p>\n<p>No entanto, Malafaia expressou v\u00e1rias decep\u00e7\u00f5es, come\u00e7ando por Magno Malta, que n\u00e3o se posicionou em rela\u00e7\u00e3o a Mar\u00e7al. Ele criticou a falta de a\u00e7\u00e3o de Malta, afirmando: &#8220;Quem vai fazer alian\u00e7a com um cara que n\u00e3o \u00e9 confi\u00e1vel?&#8221; Para Malafaia, esse medo de se posicionar representa uma fraqueza que compromete a integridade da direita.<\/p>\n<div class=\"contentAd contentAd--noBackground marginBottom30\">\n<div class=\"marginTop10 adBackground\">\n<div class=\"ad marginBottom20 ad--center minHeight250\">\n<div id=\"b247-multipage-standard-3\" data-google-query-id=\"CPOjnraD_4gDFQtcuAQdpeMthw\">\n<div data-cy=\"articleBody\">\n<p><b>Bolsonaro: a maior decep\u00e7\u00e3o-\u00a0<\/b>Ao discutir sua maior decep\u00e7\u00e3o, Malafaia n\u00e3o hesitou em apontar Jair Bolsonaro. Para ele, o ex-presidente falhou em demonstrar um compromisso claro durante as elei\u00e7\u00f5es. &#8220;Um pol\u00edtico \u00e9 reconhecido por seus posicionamentos&#8221;, afirmou Malafaia, que classificou a conduta de Bolsonaro como covarde e omissa. Ele criticou a falta de apoio a aliados e a indecis\u00e3o em momentos cruciais: &#8220;Bolsonaro foi covarde, omisso. Para ficar bem sabe com quem? Com seguidores.&#8221;<\/p>\n<p>Malafaia se lembrou de um recente &#8220;zap&#8221; que enviou a Bolsonaro, questionando como ele poderia apoiar algu\u00e9m que falsificou documentos e tentava dividir a direita. &#8220;A palavra &#8216;l\u00edder&#8217; vem da l\u00edngua viking e significa o capit\u00e3o de um navio&#8221;, explicou, destacando a responsabilidade de um l\u00edder em dar um rumo claro.<\/p>\n<\/div>\n<\/div>\n<\/div>\n<\/div>\n<\/div>\n<\/div>\n","protected":false},"excerpt":{"rendered":"<p>Empres\u00e1rio da f\u00e9 elogiou o governador de S\u00e3o Paulo, Tarc\u00edsio de Freitas, afirmando que pretende apoi\u00e1-lo na corrida presidencial<\/p>\n","protected":false},"author":1,"featured_media":0,"comment_status":"closed","ping_status":"open","sticky":false,"template":"","format":"standard","meta":{"_exactmetrics_skip_tracking":false,"_exactmetrics_sitenote_active":false,"_exactmetrics_sitenote_note":"","_exactmetrics_sitenote_category":0,"jetpack_post_was_ever_published":false,"_jetpack_newsletter_access":"","_jetpack_dont_email_post_to_subs":false,"_jetpack_newsletter_tier_id":0,"_jetpack_memberships_contains_paywalled_content":false,"_jetpack_memberships_contains_paid_content":false,"footnotes":"","jetpack_publicize_message":"","jetpack_publicize_feature_enabled":true,"jetpack_social_post_already_shared":true,"jetpack_social_options":{"image_generator_settings":{"template":"highway","enabled":false},"version":2}},"categories":[1],"tags":[53,1101,221],"class_list":["post-36057","post","type-post","status-publish","format-standard","hentry","category-notas","tag-bolsonaro","tag-eleicoes-2024","tag-malafaia"],"jetpack_publicize_connections":[],"jetpack_sharing_enabled":true,"jetpack_featured_media_url":"","jetpack_shortlink":"https:\/\/wp.me\/p7wKYW-9nz","jetpack-related-posts":[],"_links":{"self":[{"href":"http:\/\/blogdalucianaoliveira.com.br\/blog\/wp-json\/wp\/v2\/posts\/36057","targetHints":{"allow":["GET"]}}],"collection":[{"href":"http:\/\/blogdalucianaoliveira.com.br\/blog\/wp-json\/wp\/v2\/posts"}],"about":[{"href":"http:\/\/blogdalucianaoliveira.com.br\/blog\/wp-json\/wp\/v2\/types\/post"}],"author":[{"embeddable":true,"href":"http:\/\/blogdalucianaoliveira.com.br\/blog\/wp-json\/wp\/v2\/users\/1"}],"replies":[{"embeddable":true,"href":"http:\/\/blogdalucianaoliveira.com.br\/blog\/wp-json\/wp\/v2\/comments?post=36057"}],"version-history":[{"count":1,"href":"http:\/\/blogdalucianaoliveira.com.br\/blog\/wp-json\/wp\/v2\/posts\/36057\/revisions"}],"predecessor-version":[{"id":36059,"href":"http:\/\/blogdalucianaoliveira.com.br\/blog\/wp-json\/wp\/v2\/posts\/36057\/revisions\/36059"}],"wp:attachment":[{"href":"http:\/\/blogdalucianaoliveira.com.br\/blog\/wp-json\/wp\/v2\/media?parent=36057"}],"wp:term":[{"taxonomy":"category","embeddable":true,"href":"http:\/\/blogdalucianaoliveira.com.br\/blog\/wp-json\/wp\/v2\/categories?post=36057"},{"taxonomy":"post_tag","embeddable":true,"href":"http:\/\/blogdalucianaoliveira.com.br\/blog\/wp-json\/wp\/v2\/tags?post=36057"}],"curies":[{"name":"wp","href":"https:\/\/api.w.org\/{rel}","templated":true}]}}