{"id":36060,"date":"2024-10-09T17:39:30","date_gmt":"2024-10-09T21:39:30","guid":{"rendered":"http:\/\/blogdalucianaoliveira.com.br\/blog\/?p=36060"},"modified":"2024-10-09T17:39:30","modified_gmt":"2024-10-09T21:39:30","slug":"seca-pressiona-preco-da-energia-e-comida-e-eleva-inflacao-em-setembro","status":"publish","type":"post","link":"http:\/\/blogdalucianaoliveira.com.br\/blog\/2024\/10\/09\/seca-pressiona-preco-da-energia-e-comida-e-eleva-inflacao-em-setembro\/","title":{"rendered":"Seca pressiona pre\u00e7o da energia e comida, e eleva infla\u00e7\u00e3o em setembro"},"content":{"rendered":"<p><img data-recalc-dims=\"1\" loading=\"lazy\" decoding=\"async\" data-attachment-id=\"36061\" data-permalink=\"http:\/\/blogdalucianaoliveira.com.br\/blog\/2024\/10\/09\/seca-pressiona-preco-da-energia-e-comida-e-eleva-inflacao-em-setembro\/img_1155\/\" data-orig-file=\"https:\/\/i0.wp.com\/blogdalucianaoliveira.com.br\/blog\/wp-content\/uploads\/2024\/10\/IMG_1155.jpeg?fit=1096%2C614\" data-orig-size=\"1096,614\" data-comments-opened=\"0\" data-image-meta=\"{&quot;aperture&quot;:&quot;0&quot;,&quot;credit&quot;:&quot;&quot;,&quot;camera&quot;:&quot;&quot;,&quot;caption&quot;:&quot;&quot;,&quot;created_timestamp&quot;:&quot;0&quot;,&quot;copyright&quot;:&quot;&quot;,&quot;focal_length&quot;:&quot;0&quot;,&quot;iso&quot;:&quot;0&quot;,&quot;shutter_speed&quot;:&quot;0&quot;,&quot;title&quot;:&quot;&quot;,&quot;orientation&quot;:&quot;1&quot;}\" data-image-title=\"IMG_1155\" data-image-description=\"\" data-image-caption=\"\" data-medium-file=\"https:\/\/i0.wp.com\/blogdalucianaoliveira.com.br\/blog\/wp-content\/uploads\/2024\/10\/IMG_1155.jpeg?fit=300%2C168\" data-large-file=\"https:\/\/i0.wp.com\/blogdalucianaoliveira.com.br\/blog\/wp-content\/uploads\/2024\/10\/IMG_1155.jpeg?fit=600%2C336\" class=\"alignnone size-full wp-image-36061\" src=\"https:\/\/i0.wp.com\/blogdalucianaoliveira.com.br\/blog\/wp-content\/uploads\/2024\/10\/IMG_1155.jpeg?resize=600%2C336\" alt=\"\" width=\"600\" height=\"336\" srcset=\"https:\/\/i0.wp.com\/blogdalucianaoliveira.com.br\/blog\/wp-content\/uploads\/2024\/10\/IMG_1155.jpeg?w=1096 1096w, https:\/\/i0.wp.com\/blogdalucianaoliveira.com.br\/blog\/wp-content\/uploads\/2024\/10\/IMG_1155.jpeg?resize=300%2C168 300w, https:\/\/i0.wp.com\/blogdalucianaoliveira.com.br\/blog\/wp-content\/uploads\/2024\/10\/IMG_1155.jpeg?resize=1024%2C574 1024w, https:\/\/i0.wp.com\/blogdalucianaoliveira.com.br\/blog\/wp-content\/uploads\/2024\/10\/IMG_1155.jpeg?resize=768%2C430 768w, https:\/\/i0.wp.com\/blogdalucianaoliveira.com.br\/blog\/wp-content\/uploads\/2024\/10\/IMG_1155.jpeg?resize=536%2C300 536w\" sizes=\"auto, (max-width: 600px) 100vw, 600px\" \/><\/p>\n<h2 class=\"description\">O ministro da Fazenda, Fernando Haddad (PT), refor\u00e7ou que apesar do aumento, pre\u00e7os seguem controlados<\/h2>\n<p><!--more--><\/p>\n<div class=\"details-bar\">\n<div class=\"author-time\">\n<div class=\"author\">Reda\u00e7\u00e3o<\/div>\n<div class=\"place-and-time\">\n<div class=\"place\">Brasil de Fato<\/div>\n<\/div>\n<div>A seca causou o aumento da conta de luz e do pre\u00e7o da comida em setembro, o que acabou elevando a <a href=\"https:\/\/www.brasildefato.com.br\/2024\/09\/26\/nova-previa-de-inflacao-coloca-em-xeque-politica-de-alta-de-juros-do-copom\" target=\"_blank\" rel=\"noopener\">infla\u00e7\u00e3o<\/a>. \u201cA mudan\u00e7a de bandeira tarif\u00e1ria de verde em agosto, quando n\u00e3o havia cobran\u00e7a adicional nas contas de luz, para vermelha 1, devido ao n\u00edvel dos reservat\u00f3rios, foi o principal motivo para essa alta. A bandeira vermelha patamar um acrescenta R$ 4,46 aproximadamente a cada 100 kwh consumidos\u201d, explicou Andr\u00e9 Almeida, gerente da pesquisa sobre infla\u00e7\u00e3o do IBGE.<\/div>\n<div>\n<p>O <a href=\"https:\/\/www.brasildefato.com.br\/2024\/09\/26\/nova-previa-de-inflacao-coloca-em-xeque-politica-de-alta-de-juros-do-copom\" target=\"_blank\" rel=\"noopener\">\u00cdndice Nacional de Pre\u00e7os ao Consumidor Amplo (IPCA)<\/a> fechou o m\u00eas em 0,44%, 0,46 ponto percentual acima do verificado em agosto, quando registrou queda de 0,02%. Com isso, ele acumula 4,42% de alta em 12 meses \u2013 dentro, mas mais pr\u00f3ximo ao limite da meta para o ano: at\u00e9 4,5%.<\/p>\n<div class=\"ads-googletag article_2\"><\/div>\n<p>Segundo Almeida, dos 0,44% do IPCA de setembro, 0,21 ponto percentual veio exclusivamente do aumento da conta de luz. O item integra a categoria de habita\u00e7\u00e3o. A categoria registrou alta de 1,8% em seus pre\u00e7os \u2013 a maior alta de setembro.<\/p>\n<p>O <a href=\"https:\/\/www.brasildefato.com.br\/2024\/09\/26\/nova-previa-de-inflacao-coloca-em-xeque-politica-de-alta-de-juros-do-copom\" target=\"_blank\" rel=\"noopener\">IPCA <\/a>foi divulgado nesta quarta-feira (9) pelo <a href=\"https:\/\/www.brasildefato.com.br\/2024\/09\/26\/nova-previa-de-inflacao-coloca-em-xeque-politica-de-alta-de-juros-do-copom\" target=\"_blank\" rel=\"noopener\">Instituto Brasileiro de Geografia e Estat\u00edstica (IBGE)<\/a>. Sua eleva\u00e7\u00e3o j\u00e1 era esperada visto que, por conta da crise h\u00eddrica, <a href=\"https:\/\/www.brasildefato.com.br\/2024\/09\/01\/aneel-muda-bandeira-tarifaria-para-vermelha-patamar-2-em-setembro\" target=\"_blank\" rel=\"noopener\">a Ag\u00eancia Nacional de Energia El\u00e9trica (Aneel) alterou a bandeira tarif\u00e1ria da energia<\/a>. Isso, automaticamente, tem um impacto sobre o \u00edndice de pre\u00e7os.<\/p>\n<p class=\"ckeditor-subtitle\"><strong>Alimentos<\/strong><\/p>\n<p>Em seguida, veio a categoria <a href=\"https:\/\/www.brasildefato.com.br\/2024\/03\/18\/falta-de-estoques-e-safra-menor-acendem-alerta-para-precos-de-alimentos-em-2024\" target=\"_blank\" rel=\"noopener\">alimenta\u00e7\u00e3o e bebidas<\/a>, a qual tamb\u00e9m sofre com o impacto da seca. A alimenta\u00e7\u00e3o no domic\u00edlio teve alta de 0,56%, ap\u00f3s dois meses consecutivos de queda. Isso foi puxado pela alta dos pre\u00e7os do mam\u00e3o (10,34%), da laranja-p\u00eara (10,02%), do caf\u00e9 mo\u00eddo (4,02%) e do contrafil\u00e9 (3,79%). Por outro lado, houve queda de pre\u00e7os da cebola (-16,95%), do tomate (-6,58%) e da batata inglesa (-6,56%).<\/p>\n<p>\u201cFalando especificamente das carnes, a forte estiagem e o clima seco foram fatores que contribu\u00edram para a diminui\u00e7\u00e3o da oferta. \u00c9 importante lembrar que tivemos quedas observadas ao longo de quase todo o primeiro semestre de 2024, com alto n\u00famero de abates. Agora, o per\u00edodo de entressafras est\u00e1 sendo intensificado pela quest\u00e3o clim\u00e1tica\u201d, acrescentou Almeida.<\/p>\n<p>O ministro da Fazenda, Fernando Haddad (PT), afirmou nesta quarta que, apesar do aumento da infla\u00e7\u00e3o, os pre\u00e7os seguem controlados no Brasil. Ressaltou ainda que o \u201cchoque de oferta\u201d causado pela seca \u00e9 tempor\u00e1rio.<\/p>\n<p>Segundo ele, inclusive, uma eventual <a href=\"https:\/\/www.brasildefato.com.br\/2024\/10\/08\/futuro-presidente-do-bc-galipolo-agrada-gregos-e-troianos-e-queda-de-juros-vira-incognita-para-2025\" target=\"_blank\" rel=\"noopener\">mudan\u00e7a na taxa b\u00e1sica de juros, a Selic, para conter a infla\u00e7\u00e3o seria em v\u00e3o<\/a>. \u201cJuros n\u00e3o fazem chover. Daqui a pouco a chuva chega e os pre\u00e7os voltam ao normal\u201d, afirmou. \u201cN\u00e3o se pode tomar uma decis\u00e3o equivocada por conta de algo que \u00e9 tempor\u00e1rio, n\u00e3o permanente\u201d<\/p>\n<p class=\"ckeditor-subtitle\"><strong>INPC sobe<\/strong><\/p>\n<p>O IBGE tamb\u00e9m divulgou nesta quarta o \u00cdndice Nacional de Pre\u00e7os ao Consumidor (INPC) de setembro. O INPC \u00e9 usado para c\u00e1lculo do reajuste do sal\u00e1rio m\u00ednimo.<\/p>\n<p>Ele teve alta de 0,48% em setembro, 0,62 ponto percentual acima do resultado observado em agosto (-0,14%). Nos \u00faltimos 12 meses, ele acumula alta de 4,09%.<\/p>\n<p class=\"editor\">Edi\u00e7\u00e3o: Nathallia Fonseca<\/p>\n<\/div>\n<\/div>\n<\/div>\n","protected":false},"excerpt":{"rendered":"<p>O ministro da Fazenda, Fernando Haddad (PT), refor\u00e7ou que apesar do aumento, pre\u00e7os seguem controlados<\/p>\n","protected":false},"author":1,"featured_media":0,"comment_status":"closed","ping_status":"open","sticky":false,"template":"","format":"standard","meta":{"_exactmetrics_skip_tracking":false,"_exactmetrics_sitenote_active":false,"_exactmetrics_sitenote_note":"","_exactmetrics_sitenote_category":0,"jetpack_post_was_ever_published":false,"_jetpack_newsletter_access":"","_jetpack_dont_email_post_to_subs":false,"_jetpack_newsletter_tier_id":0,"_jetpack_memberships_contains_paywalled_content":false,"_jetpack_memberships_contains_paid_content":false,"footnotes":"","jetpack_publicize_message":"","jetpack_publicize_feature_enabled":true,"jetpack_social_post_already_shared":true,"jetpack_social_options":{"image_generator_settings":{"template":"highway","enabled":false},"version":2}},"categories":[1],"tags":[652,715,864],"class_list":["post-36060","post","type-post","status-publish","format-standard","hentry","category-notas","tag-alimentos","tag-inflacao","tag-seca"],"jetpack_publicize_connections":[],"jetpack_sharing_enabled":true,"jetpack_featured_media_url":"","jetpack_shortlink":"https:\/\/wp.me\/p7wKYW-9nC","jetpack-related-posts":[],"_links":{"self":[{"href":"http:\/\/blogdalucianaoliveira.com.br\/blog\/wp-json\/wp\/v2\/posts\/36060","targetHints":{"allow":["GET"]}}],"collection":[{"href":"http:\/\/blogdalucianaoliveira.com.br\/blog\/wp-json\/wp\/v2\/posts"}],"about":[{"href":"http:\/\/blogdalucianaoliveira.com.br\/blog\/wp-json\/wp\/v2\/types\/post"}],"author":[{"embeddable":true,"href":"http:\/\/blogdalucianaoliveira.com.br\/blog\/wp-json\/wp\/v2\/users\/1"}],"replies":[{"embeddable":true,"href":"http:\/\/blogdalucianaoliveira.com.br\/blog\/wp-json\/wp\/v2\/comments?post=36060"}],"version-history":[{"count":1,"href":"http:\/\/blogdalucianaoliveira.com.br\/blog\/wp-json\/wp\/v2\/posts\/36060\/revisions"}],"predecessor-version":[{"id":36062,"href":"http:\/\/blogdalucianaoliveira.com.br\/blog\/wp-json\/wp\/v2\/posts\/36060\/revisions\/36062"}],"wp:attachment":[{"href":"http:\/\/blogdalucianaoliveira.com.br\/blog\/wp-json\/wp\/v2\/media?parent=36060"}],"wp:term":[{"taxonomy":"category","embeddable":true,"href":"http:\/\/blogdalucianaoliveira.com.br\/blog\/wp-json\/wp\/v2\/categories?post=36060"},{"taxonomy":"post_tag","embeddable":true,"href":"http:\/\/blogdalucianaoliveira.com.br\/blog\/wp-json\/wp\/v2\/tags?post=36060"}],"curies":[{"name":"wp","href":"https:\/\/api.w.org\/{rel}","templated":true}]}}