{"id":36063,"date":"2024-10-09T18:10:42","date_gmt":"2024-10-09T22:10:42","guid":{"rendered":"http:\/\/blogdalucianaoliveira.com.br\/blog\/?p=36063"},"modified":"2024-10-09T18:10:42","modified_gmt":"2024-10-09T22:10:42","slug":"imprensa-internacional-destaca-derrota-de-elon-musk-em-retorno-do-x-ao-brasil","status":"publish","type":"post","link":"http:\/\/blogdalucianaoliveira.com.br\/blog\/2024\/10\/09\/imprensa-internacional-destaca-derrota-de-elon-musk-em-retorno-do-x-ao-brasil\/","title":{"rendered":"Imprensa internacional destaca &#8220;derrota de Elon Musk&#8221; em retorno do X ao Brasil"},"content":{"rendered":"<p><img data-recalc-dims=\"1\" loading=\"lazy\" decoding=\"async\" data-attachment-id=\"36064\" data-permalink=\"http:\/\/blogdalucianaoliveira.com.br\/blog\/2024\/10\/09\/imprensa-internacional-destaca-derrota-de-elon-musk-em-retorno-do-x-ao-brasil\/img_1156\/\" data-orig-file=\"https:\/\/i0.wp.com\/blogdalucianaoliveira.com.br\/blog\/wp-content\/uploads\/2024\/10\/IMG_1156.jpeg?fit=935%2C630\" data-orig-size=\"935,630\" data-comments-opened=\"0\" data-image-meta=\"{&quot;aperture&quot;:&quot;0&quot;,&quot;credit&quot;:&quot;&quot;,&quot;camera&quot;:&quot;&quot;,&quot;caption&quot;:&quot;&quot;,&quot;created_timestamp&quot;:&quot;0&quot;,&quot;copyright&quot;:&quot;&quot;,&quot;focal_length&quot;:&quot;0&quot;,&quot;iso&quot;:&quot;0&quot;,&quot;shutter_speed&quot;:&quot;0&quot;,&quot;title&quot;:&quot;&quot;,&quot;orientation&quot;:&quot;1&quot;}\" data-image-title=\"IMG_1156\" data-image-description=\"\" data-image-caption=\"\" data-medium-file=\"https:\/\/i0.wp.com\/blogdalucianaoliveira.com.br\/blog\/wp-content\/uploads\/2024\/10\/IMG_1156.jpeg?fit=300%2C202\" data-large-file=\"https:\/\/i0.wp.com\/blogdalucianaoliveira.com.br\/blog\/wp-content\/uploads\/2024\/10\/IMG_1156.jpeg?fit=600%2C404\" class=\"alignnone size-full wp-image-36064\" src=\"https:\/\/i0.wp.com\/blogdalucianaoliveira.com.br\/blog\/wp-content\/uploads\/2024\/10\/IMG_1156.jpeg?resize=600%2C404\" alt=\"\" width=\"600\" height=\"404\" srcset=\"https:\/\/i0.wp.com\/blogdalucianaoliveira.com.br\/blog\/wp-content\/uploads\/2024\/10\/IMG_1156.jpeg?w=935 935w, https:\/\/i0.wp.com\/blogdalucianaoliveira.com.br\/blog\/wp-content\/uploads\/2024\/10\/IMG_1156.jpeg?resize=300%2C202 300w, https:\/\/i0.wp.com\/blogdalucianaoliveira.com.br\/blog\/wp-content\/uploads\/2024\/10\/IMG_1156.jpeg?resize=768%2C517 768w, https:\/\/i0.wp.com\/blogdalucianaoliveira.com.br\/blog\/wp-content\/uploads\/2024\/10\/IMG_1156.jpeg?resize=445%2C300 445w\" sizes=\"auto, (max-width: 600px) 100vw, 600px\" \/><\/p>\n<h2 class=\"article__lead\">The New York Times, Le Monde e BBC repercutiram a resolu\u00e7\u00e3o do impasse entre o bilion\u00e1rio de extrema direita e o STF<\/h2>\n<p><!--more--><\/p>\n<p><b>247 &#8211;<\/b> A reativa\u00e7\u00e3o do X no Brasil, ap\u00f3s um bloqueio de 39 dias imposto pelo Supremo Tribunal Federal (STF), repercutiu amplamente na imprensa internacional, <a href=\"https:\/\/oglobo.globo.com\/brasil\/noticia\/2024\/10\/09\/derrota-para-musk-como-a-imprensa-internacional-repercutiu-a-volta-da-rede-x-ao-brasil.ghtml\" target=\"_blank\" rel=\"noopener noreferrer\">de acordo<\/a> com o Jornal O Globo. Ve\u00edculos destacaram o desfecho como uma derrota pessoal para Musk, que enfrentou uma longa queda de bra\u00e7o com o Supremo Tribunal Federal (STF) brasileiro antes de sua plataforma ser liberada novamente.<\/p>\n<p>O jornal americano <i>The New York Times<\/i>descreveu o caso como &#8220;uma derrota para Musk&#8221;, ressaltando que a empresa &#8220;perdeu um m\u00eas de neg\u00f3cios em um de seus maiores mercados, permitindo que concorrentes ganhassem terreno, apenas para acabar exatamente onde come\u00e7ou&#8221;. O bilion\u00e1rio precisou obedecer \u00e0s exig\u00eancias do STF, que inclu\u00edram o pagamento de uma multa de R$ 28,6 milh\u00f5es (US$ 5,1 milh\u00f5es) e a nomea\u00e7\u00e3o de um representante local da empresa.<\/p>\n<p>J\u00e1 a rede brit\u00e2nica <i>BBC<\/i> deu \u00eanfase \u00e0s cr\u00edticas que Musk fez ao ministro Alexandre de Moraes, do STF. O jornal lembrou que Musk chegou a comparar o ministro ao vil\u00e3o Voldemort, de <i>Harry Potter<\/i>, chamando-o de &#8220;falso juiz&#8221; e denunciando a &#8220;tirania maligna&#8221; que, segundo ele, Moraes exercia.<\/p>\n<p>A cobertura francesa, por sua vez, focou na raiz do embate. O jornal <i>Le Monde<\/i> destacou que o impasse come\u00e7ou ap\u00f3s uma s\u00e9rie de desinforma\u00e7\u00f5es relacionadas \u00e0s elei\u00e7\u00f5es brasileiras de 2022, o que motivou o STF a intervir. Segundo o peri\u00f3dico, \u201cMoraes est\u00e1 envolvido em um impasse com Musk, o homem mais rico do mundo, h\u00e1 meses por causa de uma enxurrada de desinforma\u00e7\u00e3o online relacionada \u00e0 campanha eleitoral de 2022 no Brasil\u201d.<\/p>\n<p>&nbsp;<\/p>\n","protected":false},"excerpt":{"rendered":"<p>The New York Times, Le Monde e BBC repercutiram a resolu\u00e7\u00e3o do impasse entre o bilion\u00e1rio de extrema direita e o STF<\/p>\n","protected":false},"author":1,"featured_media":0,"comment_status":"closed","ping_status":"open","sticky":false,"template":"","format":"standard","meta":{"_exactmetrics_skip_tracking":false,"_exactmetrics_sitenote_active":false,"_exactmetrics_sitenote_note":"","_exactmetrics_sitenote_category":0,"jetpack_post_was_ever_published":false,"_jetpack_newsletter_access":"","_jetpack_dont_email_post_to_subs":false,"_jetpack_newsletter_tier_id":0,"_jetpack_memberships_contains_paywalled_content":false,"_jetpack_memberships_contains_paid_content":false,"footnotes":"","jetpack_publicize_message":"","jetpack_publicize_feature_enabled":true,"jetpack_social_post_already_shared":true,"jetpack_social_options":{"image_generator_settings":{"template":"highway","enabled":false},"version":2}},"categories":[1],"tags":[],"class_list":["post-36063","post","type-post","status-publish","format-standard","hentry","category-notas"],"jetpack_publicize_connections":[],"jetpack_sharing_enabled":true,"jetpack_featured_media_url":"","jetpack_shortlink":"https:\/\/wp.me\/p7wKYW-9nF","jetpack-related-posts":[],"_links":{"self":[{"href":"http:\/\/blogdalucianaoliveira.com.br\/blog\/wp-json\/wp\/v2\/posts\/36063","targetHints":{"allow":["GET"]}}],"collection":[{"href":"http:\/\/blogdalucianaoliveira.com.br\/blog\/wp-json\/wp\/v2\/posts"}],"about":[{"href":"http:\/\/blogdalucianaoliveira.com.br\/blog\/wp-json\/wp\/v2\/types\/post"}],"author":[{"embeddable":true,"href":"http:\/\/blogdalucianaoliveira.com.br\/blog\/wp-json\/wp\/v2\/users\/1"}],"replies":[{"embeddable":true,"href":"http:\/\/blogdalucianaoliveira.com.br\/blog\/wp-json\/wp\/v2\/comments?post=36063"}],"version-history":[{"count":1,"href":"http:\/\/blogdalucianaoliveira.com.br\/blog\/wp-json\/wp\/v2\/posts\/36063\/revisions"}],"predecessor-version":[{"id":36065,"href":"http:\/\/blogdalucianaoliveira.com.br\/blog\/wp-json\/wp\/v2\/posts\/36063\/revisions\/36065"}],"wp:attachment":[{"href":"http:\/\/blogdalucianaoliveira.com.br\/blog\/wp-json\/wp\/v2\/media?parent=36063"}],"wp:term":[{"taxonomy":"category","embeddable":true,"href":"http:\/\/blogdalucianaoliveira.com.br\/blog\/wp-json\/wp\/v2\/categories?post=36063"},{"taxonomy":"post_tag","embeddable":true,"href":"http:\/\/blogdalucianaoliveira.com.br\/blog\/wp-json\/wp\/v2\/tags?post=36063"}],"curies":[{"name":"wp","href":"https:\/\/api.w.org\/{rel}","templated":true}]}}