{"id":36069,"date":"2024-10-11T08:11:02","date_gmt":"2024-10-11T12:11:02","guid":{"rendered":"http:\/\/blogdalucianaoliveira.com.br\/blog\/?p=36069"},"modified":"2024-10-11T08:11:02","modified_gmt":"2024-10-11T12:11:02","slug":"area-queimada-no-brasil-entre-janeiro-e-setembro-foi-150-maior-que-no-ano-passado","status":"publish","type":"post","link":"http:\/\/blogdalucianaoliveira.com.br\/blog\/2024\/10\/11\/area-queimada-no-brasil-entre-janeiro-e-setembro-foi-150-maior-que-no-ano-passado\/","title":{"rendered":"\u00c1REA QUEIMADA NO BRASIL ENTRE JANEIRO E SETEMBRO FOI 150% MAIOR QUE NO ANO PASSADO"},"content":{"rendered":"<p><img data-recalc-dims=\"1\" loading=\"lazy\" decoding=\"async\" data-attachment-id=\"36070\" data-permalink=\"http:\/\/blogdalucianaoliveira.com.br\/blog\/2024\/10\/11\/area-queimada-no-brasil-entre-janeiro-e-setembro-foi-150-maior-que-no-ano-passado\/img_1207\/\" data-orig-file=\"https:\/\/i0.wp.com\/blogdalucianaoliveira.com.br\/blog\/wp-content\/uploads\/2024\/10\/IMG_1207.jpeg?fit=921%2C684\" data-orig-size=\"921,684\" data-comments-opened=\"0\" data-image-meta=\"{&quot;aperture&quot;:&quot;0&quot;,&quot;credit&quot;:&quot;&quot;,&quot;camera&quot;:&quot;&quot;,&quot;caption&quot;:&quot;&quot;,&quot;created_timestamp&quot;:&quot;0&quot;,&quot;copyright&quot;:&quot;&quot;,&quot;focal_length&quot;:&quot;0&quot;,&quot;iso&quot;:&quot;0&quot;,&quot;shutter_speed&quot;:&quot;0&quot;,&quot;title&quot;:&quot;&quot;,&quot;orientation&quot;:&quot;1&quot;}\" data-image-title=\"IMG_1207\" data-image-description=\"\" data-image-caption=\"\" data-medium-file=\"https:\/\/i0.wp.com\/blogdalucianaoliveira.com.br\/blog\/wp-content\/uploads\/2024\/10\/IMG_1207.jpeg?fit=300%2C223\" data-large-file=\"https:\/\/i0.wp.com\/blogdalucianaoliveira.com.br\/blog\/wp-content\/uploads\/2024\/10\/IMG_1207.jpeg?fit=600%2C446\" class=\"alignnone size-full wp-image-36070\" src=\"https:\/\/i0.wp.com\/blogdalucianaoliveira.com.br\/blog\/wp-content\/uploads\/2024\/10\/IMG_1207.jpeg?resize=600%2C446\" alt=\"\" width=\"600\" height=\"446\" srcset=\"https:\/\/i0.wp.com\/blogdalucianaoliveira.com.br\/blog\/wp-content\/uploads\/2024\/10\/IMG_1207.jpeg?w=921 921w, https:\/\/i0.wp.com\/blogdalucianaoliveira.com.br\/blog\/wp-content\/uploads\/2024\/10\/IMG_1207.jpeg?resize=300%2C223 300w, https:\/\/i0.wp.com\/blogdalucianaoliveira.com.br\/blog\/wp-content\/uploads\/2024\/10\/IMG_1207.jpeg?resize=768%2C570 768w, https:\/\/i0.wp.com\/blogdalucianaoliveira.com.br\/blog\/wp-content\/uploads\/2024\/10\/IMG_1207.jpeg?resize=404%2C300 404w\" sizes=\"auto, (max-width: 600px) 100vw, 600px\" \/><\/p>\n<p>Mapbiomas &#8211; Uma \u00e1rea compar\u00e1vel ao estado de Roraima foi queimada no Brasil entre janeiro e setembro de 2024. Foram 22,38 milh\u00f5es de hectares \u2013 13,4 milh\u00f5es de hectares a mais que em 2023. O salto de um ano para o outro foi de 150%. Mais da metade (51%, ou 11,3 milh\u00f5es de hectares) da \u00e1rea queimada nos nove primeiros meses deste ano fica na Amaz\u00f4nia. Os dados s\u00e3o do mais recente levantamento do Monitor do Fogo do MapBiomas, lan\u00e7ado dia 11 de outubro.<!--more--><\/p>\n<p>Aproximadamente tr\u00eas em cada quatro hectares queimados (73%) eram de vegeta\u00e7\u00e3o nativa, principalmente forma\u00e7\u00f5es florestais, que ocupavam 21% da \u00e1rea queimada. Entre as \u00e1reas de uso agropecu\u00e1rio, as pastagens plantadas se destacaram, com 4,6 milh\u00f5es de hectares queimados entre janeiro e setembro deste ano.<\/p>\n<p>Mais da metade da \u00e1rea queimada no Brasil (56%) fica em apenas tr\u00eas estados: Mato Grosso, Par\u00e1 e Tocantins.\u00a0 Sozinho, o Mato Grosso responde por 25% do total: foram 5,5 milh\u00f5es de hectares queimados entre janeiro e setembro. Par\u00e1 e Tocantins ficaram em segundo e terceiro lugares, com 4,6 milh\u00f5es e 2,6 milh\u00f5es de hectares, respectivamente. Os munic\u00edpios com maiores \u00e1reas queimadas foram S\u00e3o F\u00e9lix do Xingu (PA) e Corumb\u00e1 (MS), com 1 milh\u00e3o de hectares e 741 mil hectares.<\/p>\n<p><a href=\"https:\/\/brasil.mapbiomas.org\/wp-content\/uploads\/sites\/4\/2024\/10\/9_Boletim_fogo_Setembro2024.pdf\">&gt;&gt; Acesse os Destaques do Monitor do Fogo de Setembro de 2024<\/a><\/p>\n<p>\u201cO per\u00edodo de seca na Amaz\u00f4nia, que normalmente ocorre de junho a outubro, tem sido particularmente severo este ano, agravando ainda mais a crise dos inc\u00eandios na regi\u00e3o \u2013 um reflexo da intensifica\u00e7\u00e3o das mudan\u00e7as clim\u00e1ticas, que acabam tendo papel crucial para a propaga\u00e7\u00e3o de inc\u00eandios. Isso se reflete nos n\u00fameros de setembro, onde\u00a0 metade da \u00e1rea queimada na regi\u00e3o foi em forma\u00e7\u00f5es florestais\u201d, ressalta Ane Alencar, diretora de Ci\u00eancias do IPAM e coordenadora do MapBiomas Fogo.<\/p>\n<p>At\u00e9 o momento, setembro mant\u00e9m-se como o pico das queimadas deste ano. Enquanto em agosto foram queimados 5,65 milh\u00f5es de hectares, em setembro foram 10,65 milh\u00f5es de hectares \u2013 um salto de 90% de um m\u00eas para o outro. Na compara\u00e7\u00e3o com setembro de 2023, o aumento \u00e9 ainda maior: 181%, ou 6,8 milh\u00f5es de hectares a mais queimados. A extens\u00e3o queimada apenas em setembro corresponde a 47,6% de toda a \u00e1rea queimada no Brasil at\u00e9 esse m\u00eas em 2024.<\/p>\n<p>Repetindo o padr\u00e3o verificado nos primeiros nove meses deste ano, tamb\u00e9m em setembro tr\u00eas em cada quatro hectares queimados (75%) no Brasil foram de vegeta\u00e7\u00e3o nativa \u2013 a maioria em forma\u00e7\u00f5es florestais, que representam 30% da \u00e1rea queimada no m\u00eas. Entre as \u00e1reas de uso agropecu\u00e1rio, as pastagens novamente se destacaram, correspondendo a 20% da \u00e1rea queimada em setembro de 2024.<\/p>\n<p>A exemplo do total acumulado de janeiro at\u00e9 o m\u00eas passado, tamb\u00e9m em setembro os estados que mais queimaram foram Mato Grosso com 3,1 milh\u00f5es de hectares, Par\u00e1 com 2,9 milh\u00f5es e Tocantins com 1,3 milh\u00f5es de hectares.Os munic\u00edpios de S\u00e3o F\u00e9lix do Xingu (PA), Altamira (PA) e Ouril\u00e2ndia do Norte (PA) foram os que apresentaram as maiores \u00e1reas queimadas:\u00a0 786 mil, 365 mil e 318 mil hectares.<\/p>\n<p><strong>Mais da metade da \u00e1rea queimada em setembro fica na Amaz\u00f4nia<\/strong><\/p>\n<p>Um salto de 196% em rela\u00e7\u00e3o a setembro do ano passado: \u00e9 o que os 5,5 milh\u00f5es de hectares queimados na Amaz\u00f4nia no m\u00eas passado representam. Trata-se de mais da metade (52%) do total queimado no per\u00edodo em todo o pa\u00eds. Metade do que foi queimado eram de forma\u00e7\u00f5es florestais (2,8 milh\u00f5es de hectares queimados). Outros 33% (1,8 milh\u00e3o de hectares) eram de pastagem, que foi a classe de uso da antr\u00f3pico mais queimada.<\/p>\n<p>O Cerrado foi o segundo bioma mais afetado pelo fogo em setembro<strong>,<\/strong> com 4,3 milh\u00f5es de hectares queimados \u2013 quase metade dos 8,4 milh\u00f5es de hectares consumidos pelo fogo nos primeiros nove meses do ano e um aumento de 117% em rela\u00e7\u00e3o ao mesmo per\u00edodo de 2023.\u00a0 \u00c9 a maior \u00e1rea queimada em um m\u00eas de setembro nos \u00faltimos cinco anos, com 64% a mais que a m\u00e9dia hist\u00f3rica para o per\u00edodo. A maior parte das \u00e1reas queimadas (88,3%) em setembro foi em vegeta\u00e7\u00e3o nativa: foram 3,8 milh\u00f5es de hectares, com destaque para forma\u00e7\u00f5es sav\u00e2nicas (2,2 milh\u00f5es de hectares) e campos alagados (1,1 milh\u00e3o de hectares).<\/p>\n<p>\u201cSetembro marca o pico da seca no Cerrado e isso torna o impacto do fogo ainda mais severo. Com a vegeta\u00e7\u00e3o extremamente seca e vulner\u00e1vel, o fogo se espalha rapidamente, resultando inclusive na baixa qualidade do ar nas cidades pr\u00f3ximas, afetando a sa\u00fade das popula\u00e7\u00f5es urbanas e rurais\u201d, detalha Vera Arruda, pesquisadora no IPAM e coordenadora t\u00e9cnica do Monitor do Fogo.<\/p>\n<p>No Pantanal, a \u00e1rea queimada entre janeiro e setembro de 2024 aumentou 2.306% (ou + 1.479.475 hectares) em compara\u00e7\u00e3o \u00e0 m\u00e9dia dos cinco anos anteriores. Foram queimados 1,5 milh\u00e3o de hectares nos primeiros nove meses do ano. Um quinto desse total (20%) foi queimado em setembro (318 mil hectares). No m\u00eas passado, 92% da \u00e1rea queimada foram de vegeta\u00e7\u00e3o nativa, sendo 38% concentrado em forma\u00e7\u00e3o campestre e 22% em campo alagado e \u00e1rea pantanosa.<\/p>\n<p>Na Mata Atl\u00e2ntica, 896 mil hectares foram queimados entre janeiro e setembro de 2024, sendo que 71% da \u00e1rea afetada estava em \u00e1reas agropecu\u00e1rias. Um quarto (25%) desse total foi queimado em setembro: foram 283 mil hectares \u2013\u00a0 um aumento de 382% em rela\u00e7\u00e3o \u00e0 m\u00e9dia anterior. A classe antr\u00f3pica mais impactada foi a cana-de-a\u00e7\u00facar, com 72 mil hectares queimados no m\u00eas passado.<\/p>\n<p>Por outro lado, devido \u00e0 maior umidade observada este ano no Pampa, com chuvas acima da m\u00e9dia, observou-se a menor \u00e1rea queimada dos \u00faltimos tr\u00eas anos para o per\u00edodo entre janeiro e setembro: 3,1 mil hectares.<\/p>\n<p>Tamb\u00e9m foi observada redu\u00e7\u00e3o na Caatinga, onde 151 mil hectares foram queimados entre janeiro e setembro de 2024 \u2013 uma queda de 18% em rela\u00e7\u00e3o ao mesmo per\u00edodo de 2023. Mais de tr\u00eas em cada quatro hectares queimados (78%) eram de forma\u00e7\u00f5es sav\u00e2nicas, o que indica que o fogo est\u00e1 sendo utilizado para limpeza de \u00e1reas desmatadas, sem supervis\u00e3o nem controle da \u00e1rea manejada.<\/p>\n<p>Desde 2022 vem se observando uma redu\u00e7\u00e3o paulatina das \u00e1reas queimadas na Caatinga. Vale ressaltar que mesmo com os fen\u00f4menos de \u201cLa Ni\u00f1a\u201d ou \u201cEl Ni\u00f1o\u201d, os \u00faltimos 3 anos do bioma n\u00e3o foram de seca.\u00a0 No entanto, \u00e9 importante destacar que o m\u00eas que mais \u00e9 afetado por queimadas \u00e9 outubro.\u00a0 Assim, ainda existe a possibilidade de que o pico das queimadas ocorra ainda este m\u00eas, dependendo de condi\u00e7\u00f5es clim\u00e1ticas e outros fatores ambientais.<\/p>\n","protected":false},"excerpt":{"rendered":"<p>Mapbiomas &#8211; Uma \u00e1rea compar\u00e1vel ao estado de Roraima foi queimada no Brasil entre janeiro e setembro de 2024. Foram 22,38 milh\u00f5es de hectares \u2013 13,4 milh\u00f5es de hectares a mais que em 2023. O salto de um ano para o outro foi de 150%. Mais da metade (51%, ou 11,3 milh\u00f5es de hectares) da&#8230;<a class=\"more-link\" href=\"http:\/\/blogdalucianaoliveira.com.br\/blog\/2024\/10\/11\/area-queimada-no-brasil-entre-janeiro-e-setembro-foi-150-maior-que-no-ano-passado\/\">Continue a leitura <span class=\"meta-nav\">&raquo;<\/span><\/a><\/p>\n","protected":false},"author":1,"featured_media":0,"comment_status":"closed","ping_status":"open","sticky":false,"template":"","format":"standard","meta":{"_exactmetrics_skip_tracking":false,"_exactmetrics_sitenote_active":false,"_exactmetrics_sitenote_note":"","_exactmetrics_sitenote_category":0,"jetpack_post_was_ever_published":false,"_jetpack_newsletter_access":"","_jetpack_dont_email_post_to_subs":false,"_jetpack_newsletter_tier_id":0,"_jetpack_memberships_contains_paywalled_content":false,"_jetpack_memberships_contains_paid_content":false,"footnotes":"","jetpack_publicize_message":"","jetpack_publicize_feature_enabled":true,"jetpack_social_post_already_shared":true,"jetpack_social_options":{"image_generator_settings":{"template":"highway","enabled":false},"version":2}},"categories":[1],"tags":[],"class_list":["post-36069","post","type-post","status-publish","format-standard","hentry","category-notas"],"jetpack_publicize_connections":[],"jetpack_sharing_enabled":true,"jetpack_featured_media_url":"","jetpack_shortlink":"https:\/\/wp.me\/p7wKYW-9nL","jetpack-related-posts":[],"_links":{"self":[{"href":"http:\/\/blogdalucianaoliveira.com.br\/blog\/wp-json\/wp\/v2\/posts\/36069","targetHints":{"allow":["GET"]}}],"collection":[{"href":"http:\/\/blogdalucianaoliveira.com.br\/blog\/wp-json\/wp\/v2\/posts"}],"about":[{"href":"http:\/\/blogdalucianaoliveira.com.br\/blog\/wp-json\/wp\/v2\/types\/post"}],"author":[{"embeddable":true,"href":"http:\/\/blogdalucianaoliveira.com.br\/blog\/wp-json\/wp\/v2\/users\/1"}],"replies":[{"embeddable":true,"href":"http:\/\/blogdalucianaoliveira.com.br\/blog\/wp-json\/wp\/v2\/comments?post=36069"}],"version-history":[{"count":1,"href":"http:\/\/blogdalucianaoliveira.com.br\/blog\/wp-json\/wp\/v2\/posts\/36069\/revisions"}],"predecessor-version":[{"id":36071,"href":"http:\/\/blogdalucianaoliveira.com.br\/blog\/wp-json\/wp\/v2\/posts\/36069\/revisions\/36071"}],"wp:attachment":[{"href":"http:\/\/blogdalucianaoliveira.com.br\/blog\/wp-json\/wp\/v2\/media?parent=36069"}],"wp:term":[{"taxonomy":"category","embeddable":true,"href":"http:\/\/blogdalucianaoliveira.com.br\/blog\/wp-json\/wp\/v2\/categories?post=36069"},{"taxonomy":"post_tag","embeddable":true,"href":"http:\/\/blogdalucianaoliveira.com.br\/blog\/wp-json\/wp\/v2\/tags?post=36069"}],"curies":[{"name":"wp","href":"https:\/\/api.w.org\/{rel}","templated":true}]}}