{"id":36072,"date":"2024-10-11T13:34:41","date_gmt":"2024-10-11T17:34:41","guid":{"rendered":"http:\/\/blogdalucianaoliveira.com.br\/blog\/?p=36072"},"modified":"2024-10-11T13:34:41","modified_gmt":"2024-10-11T17:34:41","slug":"em-meio-a-incendios-ruralistas-buscam-derrubar-decreto-antifogo-do-governo-lula-no-congresso","status":"publish","type":"post","link":"http:\/\/blogdalucianaoliveira.com.br\/blog\/2024\/10\/11\/em-meio-a-incendios-ruralistas-buscam-derrubar-decreto-antifogo-do-governo-lula-no-congresso\/","title":{"rendered":"Em meio a inc\u00eandios, ruralistas buscam derrubar decreto antifogo do governo Lula no Congresso"},"content":{"rendered":"<p><img data-recalc-dims=\"1\" loading=\"lazy\" decoding=\"async\" data-attachment-id=\"36073\" data-permalink=\"http:\/\/blogdalucianaoliveira.com.br\/blog\/2024\/10\/11\/em-meio-a-incendios-ruralistas-buscam-derrubar-decreto-antifogo-do-governo-lula-no-congresso\/img_1275\/\" data-orig-file=\"https:\/\/i0.wp.com\/blogdalucianaoliveira.com.br\/blog\/wp-content\/uploads\/2024\/10\/IMG_1275.jpeg?fit=1046%2C675\" data-orig-size=\"1046,675\" data-comments-opened=\"0\" data-image-meta=\"{&quot;aperture&quot;:&quot;0&quot;,&quot;credit&quot;:&quot;&quot;,&quot;camera&quot;:&quot;&quot;,&quot;caption&quot;:&quot;&quot;,&quot;created_timestamp&quot;:&quot;0&quot;,&quot;copyright&quot;:&quot;&quot;,&quot;focal_length&quot;:&quot;0&quot;,&quot;iso&quot;:&quot;0&quot;,&quot;shutter_speed&quot;:&quot;0&quot;,&quot;title&quot;:&quot;&quot;,&quot;orientation&quot;:&quot;1&quot;}\" data-image-title=\"IMG_1275\" data-image-description=\"\" data-image-caption=\"\" data-medium-file=\"https:\/\/i0.wp.com\/blogdalucianaoliveira.com.br\/blog\/wp-content\/uploads\/2024\/10\/IMG_1275.jpeg?fit=300%2C194\" data-large-file=\"https:\/\/i0.wp.com\/blogdalucianaoliveira.com.br\/blog\/wp-content\/uploads\/2024\/10\/IMG_1275.jpeg?fit=600%2C387\" class=\"alignnone size-full wp-image-36073\" src=\"https:\/\/i0.wp.com\/blogdalucianaoliveira.com.br\/blog\/wp-content\/uploads\/2024\/10\/IMG_1275.jpeg?resize=600%2C387\" alt=\"\" width=\"600\" height=\"387\" srcset=\"https:\/\/i0.wp.com\/blogdalucianaoliveira.com.br\/blog\/wp-content\/uploads\/2024\/10\/IMG_1275.jpeg?w=1046 1046w, https:\/\/i0.wp.com\/blogdalucianaoliveira.com.br\/blog\/wp-content\/uploads\/2024\/10\/IMG_1275.jpeg?resize=300%2C194 300w, https:\/\/i0.wp.com\/blogdalucianaoliveira.com.br\/blog\/wp-content\/uploads\/2024\/10\/IMG_1275.jpeg?resize=1024%2C661 1024w, https:\/\/i0.wp.com\/blogdalucianaoliveira.com.br\/blog\/wp-content\/uploads\/2024\/10\/IMG_1275.jpeg?resize=768%2C496 768w, https:\/\/i0.wp.com\/blogdalucianaoliveira.com.br\/blog\/wp-content\/uploads\/2024\/10\/IMG_1275.jpeg?resize=465%2C300 465w\" sizes=\"auto, (max-width: 600px) 100vw, 600px\" \/><\/p>\n<p data-pf_style_display=\"block\" data-pf_style_visibility=\"visible\"><span class=\"text-node\">Brasil de Fato &#8211; Em meio \u00e0 desacelera\u00e7\u00e3o dos trabalhos do Congresso Nacional neste per\u00edodo eleitoral, uma proposta apresentada recentemente passou despercebida aos holofotes: parlamentares da bancada ruralista querem suspender os efeitos do Decreto n.\u00ba 12.189\/2024, que criou novas san\u00e7\u00f5es para quem provocar inc\u00eandios florestais no pa\u00eds. Assinado pelo presidente Lula (PT) em setembro, o dispositivo estipula, por exemplo, multa de R$ 10 mil para quem <\/span><a href=\"https:\/\/www.brasildefato.com.br\/2024\/09\/14\/70-das-queimadas-no-brasil-em-2024-destruiram-vegetacao-nativa\" target=\"_blank\" rel=\"noopener\" data-pf_style_display=\"inline\" data-pf_style_visibility=\"visible\"><span class=\"text-node\">gerar in\u00edcio de queimadas<\/span><\/a><span class=\"text-node\"> em florestas ou outras vegeta\u00e7\u00f5es nativas, bem como multa de R$ 5 mil para ocorr\u00eancias do tipo em florestas cultivadas.<\/span><!--more--><\/p>\n<div class=\"ads-googletag article_1\" data-pf_style_display=\"block\" data-pf_style_visibility=\"visible\"><\/div>\n<p data-pf_style_display=\"block\" data-pf_style_visibility=\"visible\"><span class=\"text-node\">A ideia de derrubar o decreto est\u00e1 expressa em pelo menos duas propostas assinadas por membros da Frente Parlamentar Agropecu\u00e1ria (FPA), sendo uma delas apresentada na C\u00e2mara dos Deputados e outra no Senado. Neste \u00faltimo tramita o Projeto de Decreto Legislativo (PDL) 353\/2024, assinado pelo l\u00edder da oposi\u00e7\u00e3o na Casa, o senador bolsonarista Marcos Rogerio (PL-RO). J\u00e1 na C\u00e2mara foi protocolado o Projeto de Decreto Legislativo (PDL) 352\/2024, de autoria do Z\u00e9 Vitor (PL-MG).<\/span><\/p>\n<div class=\"ads-googletag article_2\" data-pf_style_display=\"block\" data-pf_style_visibility=\"visible\"><\/div>\n<p class=\"ckeditor-img-caption\" data-pf_style_display=\"block\" data-pf_style_visibility=\"visible\"><img data-recalc-dims=\"1\" decoding=\"async\" class=\"pf-large-image flex-width pf-size-full mediumImage\" src=\"https:\/\/i0.wp.com\/images01.brasildefato.com.br\/b679ce1b14c69262ecd17e4fd61ace53.webp?w=600&#038;ssl=1\" srcset=\"\" data-pf_style_display=\"inline\" data-pf_style_visibility=\"visible\" data-pf_rect_width=\"0\" data-pf_rect_height=\"0\" \/><br data-pf_style_display=\"inline\" data-pf_style_visibility=\"visible\" \/><span class=\"text-node\">Membro da bancada ruralista, deputado Z\u00e9 Vitor (PL-MG) \u00e9 autor do PDL 352\/2024, contr\u00e1rio ao endurecimento de multas para inc\u00eandios criminosos \/ Cleia Viana\/C\u00e2mara dos Deputados<\/span><\/p>\n<p data-pf_style_display=\"block\" data-pf_style_visibility=\"visible\"><span class=\"text-node\">Ambos foram apresentados entre o final de setembro e o come\u00e7o de outubro e prop\u00f5em a suspens\u00e3o do Decreto 12.189, editado pelo governo como forma de responder \u00e0 escalada <\/span><a href=\"https:\/\/www.brasildefato.com.br\/2024\/10\/10\/em-ano-recorde-de-queimadas-fogo-ja-consumiu-area-do-tamanho-de-roraima\" target=\"_blank\" rel=\"noopener\" data-pf_style_display=\"inline\" data-pf_style_visibility=\"visible\"><span class=\"text-node\">do n\u00famero de queimadas<\/span><\/a><span class=\"text-node\">, que multiplicou os focos de calor no pa\u00eds ao longo de um ano. Dados do Instituto Espacial de Pesquisas Espaciais (Inpe) mostram que, de janeiro at\u00e9 o come\u00e7o de setembro deste ano, por exemplo, houve 159.411 focos de inc\u00eandios. Em 2023, foram 79.315 no mesmo per\u00edodo.<\/span><\/p>\n<div class=\"ads-googletag article_4\" data-pf_style_display=\"block\" data-pf_style_visibility=\"visible\"><\/div>\n<p data-pf_style_display=\"block\" data-pf_style_visibility=\"visible\"><span class=\"text-node\">Ao justificar o pedido pela derrubada do decreto do governo, Marcos Rog\u00e9rio afirma que as mudan\u00e7as trazidas pela norma seriam &#8220;abusivas&#8221; e que o decreto supostamente &#8220;comete ilegalidade ao tratar todo fogo em \u00e1reas rurais como a\u00e7\u00e3o criminosa, imputando responsabilidade, quase que exclusivamente, aos produtores rurais, e por confundir queimadas controladas e inc\u00eandios ilegais&#8221;. J\u00e1 no PDL 352\/2024, o deputado Z\u00e9 Vitor cita o C\u00f3digo Florestal (Lei 12.651\/2012) e a Lei do Manejo Integrado do Fogo (Lei 14.944\/2024) para argumentar que tais instrumentos seriam &#8220;suficientes para coibir o crime ambiental e imputar responsabilidade civil&#8221;.<\/span><\/p>\n<p data-pf_style_display=\"block\" data-pf_style_visibility=\"visible\"><span class=\"text-node\">A afirma\u00e7\u00e3o contrasta com o que especialistas t\u00eam apontado em rela\u00e7\u00e3o \u00e0 realidade. O artigo 46 da Lei 14.944\/2024, por exemplo, aponta que o descumprimento das regras previstas na norma sujeita os infratores \u00e0s penalidades previstas na Lei de Crimes Ambientais (Lei n\u00ba 9.605\/1998), legisla\u00e7\u00e3o que, na vis\u00e3o de organiza\u00e7\u00f5es civis que acompanham o problema, tem se mostrado in\u00f3cua.<\/span><\/p>\n<p class=\"ckeditor-img-caption\" data-pf_style_display=\"block\" data-pf_style_visibility=\"visible\"><img data-recalc-dims=\"1\" decoding=\"async\" class=\"pf-large-image flex-width pf-size-full mediumImage\" src=\"https:\/\/i0.wp.com\/images02.brasildefato.com.br\/cbd65e911e36c1afd2a5a3e91b3e9bc4.webp?w=600&#038;ssl=1\" srcset=\"\" data-pf_style_display=\"inline\" data-pf_style_visibility=\"visible\" data-pf_rect_width=\"0\" data-pf_rect_height=\"0\" \/><br data-pf_style_display=\"inline\" data-pf_style_visibility=\"visible\" \/><span class=\"text-node\">Em setembro, dois fazendeiros foram multados em R$ 100 milh\u00f5es por inc\u00eandios em Corumb\u00e1 (MS) \/ CPA-CBMMS \/ Mairinco de Pauda, Semadesc<\/span><\/p>\n<p data-pf_style_display=\"block\" data-pf_style_visibility=\"visible\"><span class=\"text-node\">O motivo tem sido o fato de as penalidades da lei resultarem, na pr\u00e1tica, em san\u00e7\u00f5es brandas, como \u00e9 o caso do pagamento de cestas b\u00e1sicas, por exemplo, o que tem se mostrado incapaz <\/span><a href=\"https:\/\/www.brasildefato.com.br\/2024\/10\/10\/em-ano-recorde-de-queimadas-fogo-ja-consumiu-area-do-tamanho-de-roraima\" target=\"_blank\" rel=\"noopener\" data-pf_style_display=\"inline\" data-pf_style_visibility=\"visible\"><span class=\"text-node\">de coibir o uso criminoso <\/span><\/a><span class=\"text-node\">do fogo. Apesar do recorde de queimadas registradas neste ano, o Brasil tem apenas 373 pessoas presas por crimes ambientais, segundo informa\u00e7\u00f5es oficiais da Secretaria Nacional de Pol\u00edticas Penais do Minist\u00e9rio da Justi\u00e7a (MJ). O n\u00famero inclui presos em regime fechado e semiaberto e representa 0,05% da popula\u00e7\u00e3o carcer\u00e1ria do pa\u00eds, onde h\u00e1 uma m\u00e9dia de 645 mil detentos.<\/span><\/p>\n<p data-pf_style_display=\"block\" data-pf_style_visibility=\"visible\"><strong data-pf_style_display=\"inline\" data-pf_style_visibility=\"visible\"><span class=\"text-node\">Tramita\u00e7\u00e3o<\/span><\/strong><\/p>\n<p data-pf_style_display=\"block\" data-pf_style_visibility=\"visible\"><span class=\"text-node\">O PDL 353\/2024, do senador Marcos Rog\u00e9rio, foi alvo de um despacho da mesa diretora do Senado na quinta-feira (10), quando foi remetido para an\u00e1lise na Comiss\u00e3o de Meio Ambiente. O projeto ainda n\u00e3o tem relator designado para cuidar da proposta. J\u00e1 o PDL 352\/2024, do deputado Z\u00e9 Vitor, est\u00e1 na mesa diretora da C\u00e2mara, onde aguarda novas movimenta\u00e7\u00f5es. As propostas ainda n\u00e3o t\u00eam data para vota\u00e7\u00e3o.<\/span><\/p>\n<p data-pf_style_display=\"block\" data-pf_style_visibility=\"visible\"><span class=\"text-node\">Pelas regras, um PDL precisa ser avaliado pelas comiss\u00f5es legislativas e, caso trate de assunto relativo a mais de quatro comiss\u00f5es de m\u00e9rito, o texto deve ser apreciado por uma comiss\u00e3o especial, tipo de colegiado criado para a an\u00e1lise de uma proposta espec\u00edfica. Alguns PDLs devem ser avaliados depois pelo plen\u00e1rio, enquanto outros podem ser conclusivos \u00e0s comiss\u00f5es, o que significa que, eventualmente aprovados por estas, seguem diretamente para a outra casa legislativa.<\/span><\/p>\n<div class=\"ads-googletag article_last\" data-pf_style_display=\"block\" data-pf_style_visibility=\"visible\"><\/div>\n<p data-pf_style_display=\"block\" data-pf_style_visibility=\"visible\"><span class=\"text-node\">Mas, na C\u00e2mara dos Deputados, por exemplo, a tend\u00eancia nos \u00faltimos anos tem sido a aprecia\u00e7\u00e3o de boa parte das proposi\u00e7\u00f5es diretamente em plen\u00e1rio, o que \u00e9 poss\u00edvel ap\u00f3s a aprova\u00e7\u00e3o de um requerimento de urg\u00eancia. Se isso vier a ocorrer, a proposta pode ser colocada em vota\u00e7\u00e3o em qualquer data em que haja sess\u00e3o deliberativa, a depender apenas de acordos entre o presidente da C\u00e2mara, Arthur Lira (PP-AL), e os l\u00edderes das bancadas.<\/span><\/p>\n<p class=\"editor\" data-pf_style_display=\"block\" data-pf_style_visibility=\"visible\"><span class=\"text-node\">Edi\u00e7\u00e3o: Martina Medina<\/span><\/p>\n","protected":false},"excerpt":{"rendered":"<p>Brasil de Fato &#8211; Em meio \u00e0 desacelera\u00e7\u00e3o dos trabalhos do Congresso Nacional neste per\u00edodo eleitoral, uma proposta apresentada recentemente passou despercebida aos holofotes: parlamentares da bancada ruralista querem suspender os efeitos do Decreto n.\u00ba 12.189\/2024, que criou novas san\u00e7\u00f5es para quem provocar inc\u00eandios florestais no pa\u00eds. Assinado pelo presidente Lula (PT) em setembro, o&#8230;<a class=\"more-link\" href=\"http:\/\/blogdalucianaoliveira.com.br\/blog\/2024\/10\/11\/em-meio-a-incendios-ruralistas-buscam-derrubar-decreto-antifogo-do-governo-lula-no-congresso\/\">Continue a leitura <span class=\"meta-nav\">&raquo;<\/span><\/a><\/p>\n","protected":false},"author":1,"featured_media":0,"comment_status":"closed","ping_status":"open","sticky":false,"template":"","format":"standard","meta":{"_exactmetrics_skip_tracking":false,"_exactmetrics_sitenote_active":false,"_exactmetrics_sitenote_note":"","_exactmetrics_sitenote_category":0,"jetpack_post_was_ever_published":false,"_jetpack_newsletter_access":"","_jetpack_dont_email_post_to_subs":false,"_jetpack_newsletter_tier_id":0,"_jetpack_memberships_contains_paywalled_content":false,"_jetpack_memberships_contains_paid_content":false,"footnotes":"","jetpack_publicize_message":"","jetpack_publicize_feature_enabled":true,"jetpack_social_post_already_shared":true,"jetpack_social_options":{"image_generator_settings":{"template":"highway","enabled":false},"version":2}},"categories":[1],"tags":[323,1113,1152],"class_list":["post-36072","post","type-post","status-publish","format-standard","hentry","category-notas","tag-decreto","tag-fogo","tag-ruralistas"],"jetpack_publicize_connections":[],"jetpack_sharing_enabled":true,"jetpack_featured_media_url":"","jetpack_shortlink":"https:\/\/wp.me\/p7wKYW-9nO","jetpack-related-posts":[],"_links":{"self":[{"href":"http:\/\/blogdalucianaoliveira.com.br\/blog\/wp-json\/wp\/v2\/posts\/36072","targetHints":{"allow":["GET"]}}],"collection":[{"href":"http:\/\/blogdalucianaoliveira.com.br\/blog\/wp-json\/wp\/v2\/posts"}],"about":[{"href":"http:\/\/blogdalucianaoliveira.com.br\/blog\/wp-json\/wp\/v2\/types\/post"}],"author":[{"embeddable":true,"href":"http:\/\/blogdalucianaoliveira.com.br\/blog\/wp-json\/wp\/v2\/users\/1"}],"replies":[{"embeddable":true,"href":"http:\/\/blogdalucianaoliveira.com.br\/blog\/wp-json\/wp\/v2\/comments?post=36072"}],"version-history":[{"count":1,"href":"http:\/\/blogdalucianaoliveira.com.br\/blog\/wp-json\/wp\/v2\/posts\/36072\/revisions"}],"predecessor-version":[{"id":36074,"href":"http:\/\/blogdalucianaoliveira.com.br\/blog\/wp-json\/wp\/v2\/posts\/36072\/revisions\/36074"}],"wp:attachment":[{"href":"http:\/\/blogdalucianaoliveira.com.br\/blog\/wp-json\/wp\/v2\/media?parent=36072"}],"wp:term":[{"taxonomy":"category","embeddable":true,"href":"http:\/\/blogdalucianaoliveira.com.br\/blog\/wp-json\/wp\/v2\/categories?post=36072"},{"taxonomy":"post_tag","embeddable":true,"href":"http:\/\/blogdalucianaoliveira.com.br\/blog\/wp-json\/wp\/v2\/tags?post=36072"}],"curies":[{"name":"wp","href":"https:\/\/api.w.org\/{rel}","templated":true}]}}