{"id":36081,"date":"2024-10-14T16:28:28","date_gmt":"2024-10-14T20:28:28","guid":{"rendered":"http:\/\/blogdalucianaoliveira.com.br\/blog\/?p=36081"},"modified":"2024-10-14T16:28:28","modified_gmt":"2024-10-14T20:28:28","slug":"fumaca-na-amazonia-os-impactos-na-saude-revelados-por-pesquisadora","status":"publish","type":"post","link":"http:\/\/blogdalucianaoliveira.com.br\/blog\/2024\/10\/14\/fumaca-na-amazonia-os-impactos-na-saude-revelados-por-pesquisadora\/","title":{"rendered":"Fuma\u00e7a na Amaz\u00f4nia: os impactos na sa\u00fade revelados por pesquisadora"},"content":{"rendered":"<p><img data-recalc-dims=\"1\" loading=\"lazy\" decoding=\"async\" data-attachment-id=\"36082\" data-permalink=\"http:\/\/blogdalucianaoliveira.com.br\/blog\/2024\/10\/14\/fumaca-na-amazonia-os-impactos-na-saude-revelados-por-pesquisadora\/img_1420\/\" data-orig-file=\"https:\/\/i0.wp.com\/blogdalucianaoliveira.com.br\/blog\/wp-content\/uploads\/2024\/10\/IMG_1420.jpeg?fit=1170%2C1150\" data-orig-size=\"1170,1150\" data-comments-opened=\"0\" data-image-meta=\"{&quot;aperture&quot;:&quot;0&quot;,&quot;credit&quot;:&quot;&quot;,&quot;camera&quot;:&quot;&quot;,&quot;caption&quot;:&quot;&quot;,&quot;created_timestamp&quot;:&quot;0&quot;,&quot;copyright&quot;:&quot;&quot;,&quot;focal_length&quot;:&quot;0&quot;,&quot;iso&quot;:&quot;0&quot;,&quot;shutter_speed&quot;:&quot;0&quot;,&quot;title&quot;:&quot;&quot;,&quot;orientation&quot;:&quot;1&quot;}\" data-image-title=\"IMG_1420\" data-image-description=\"\" data-image-caption=\"\" data-medium-file=\"https:\/\/i0.wp.com\/blogdalucianaoliveira.com.br\/blog\/wp-content\/uploads\/2024\/10\/IMG_1420.jpeg?fit=300%2C295\" data-large-file=\"https:\/\/i0.wp.com\/blogdalucianaoliveira.com.br\/blog\/wp-content\/uploads\/2024\/10\/IMG_1420.jpeg?fit=600%2C589\" class=\"alignnone size-full wp-image-36082\" src=\"https:\/\/i0.wp.com\/blogdalucianaoliveira.com.br\/blog\/wp-content\/uploads\/2024\/10\/IMG_1420.jpeg?resize=600%2C590\" alt=\"\" width=\"600\" height=\"590\" srcset=\"https:\/\/i0.wp.com\/blogdalucianaoliveira.com.br\/blog\/wp-content\/uploads\/2024\/10\/IMG_1420.jpeg?w=1170 1170w, https:\/\/i0.wp.com\/blogdalucianaoliveira.com.br\/blog\/wp-content\/uploads\/2024\/10\/IMG_1420.jpeg?resize=300%2C295 300w, https:\/\/i0.wp.com\/blogdalucianaoliveira.com.br\/blog\/wp-content\/uploads\/2024\/10\/IMG_1420.jpeg?resize=1024%2C1006 1024w, https:\/\/i0.wp.com\/blogdalucianaoliveira.com.br\/blog\/wp-content\/uploads\/2024\/10\/IMG_1420.jpeg?resize=768%2C755 768w, https:\/\/i0.wp.com\/blogdalucianaoliveira.com.br\/blog\/wp-content\/uploads\/2024\/10\/IMG_1420.jpeg?resize=305%2C300 305w\" sizes=\"auto, (max-width: 600px) 100vw, 600px\" \/><\/p>\n<p class=\"added-to-list1\" data-pf_style_display=\"block\" data-pf_style_visibility=\"visible\"><strong data-pf_style_display=\"inline\" data-pf_style_visibility=\"visible\"><span class=\"text-node\">Amaz\u00f4nia Real, por W\u00e9rica Lima \u2013 <\/span><\/strong><span class=\"text-node\">Para quem vive nas \u00e1reas mais isoladas da Amaz\u00f4nia, a fuma\u00e7a n\u00e3o \u00e9 apenas um problema de ar. Ela est\u00e1 presente nos rios e na pouca \u00e1gua da chuva que ainda cai durante a estiagem. Dissipada temporariamente nas capitais da Amaz\u00f4nia quando chove, logo retorna com o cheiro e a neblina. A Amaz\u00f4nia Legal, somente em 2024, j\u00e1 conta com 221 mil focos de inc\u00eandio at\u00e9 10 de outubro, 78% a mais que em 2023. Sandra Hacon, m\u00e9dica pesquisadora da Fiocruz, descreve e explica o impacto dessa realidade em entrevista exclusiva.<\/span><!--more--><\/p>\n<p class=\"added-to-list1\" data-pf_style_display=\"block\" data-pf_style_visibility=\"visible\"><span class=\"text-node\">A pesquisadora atua na \u00e1rea de sa\u00fade p\u00fablica e epidemiologia na Escola Nacional de Sa\u00fade P\u00fablica (ENSP\/Fiocruz). Conhecida por suas contribui\u00e7\u00f5es em estudos sobre doen\u00e7as infecciosas, vigil\u00e2ncia e pol\u00edticas de sa\u00fade, ela se destaca em trabalhos relacionados \u00e0 resposta a surtos e epidemias, como na pandemia de Covid-19.<\/span><\/p>\n<p class=\"added-to-list1\" data-pf_style_display=\"block\" data-pf_style_visibility=\"visible\"><span class=\"text-node\">Em 2021, Sandra coordenou um <\/span><a href=\"https:\/\/informe.ensp.fiocruz.br\/noticias\/51879\" data-pf_style_display=\"inline\" data-pf_style_visibility=\"visible\"><span class=\"text-node\">estudo<\/span><\/a><span class=\"text-node\"> que comprovou que temperaturas elevadas faz crescer o risco de doen\u00e7as e de \u00f3bito por \u201cestresse t\u00e9rmico\u201d, principalmente em regi\u00f5es do Norte e Nordeste do Brasil. Esse estudo considerou o aumento de temperatura global de 1,5 \u00b0C (2011-2040), 2 \u00b0C (2041-2070) e 4 \u00b0C (2071-2099), comparado aos n\u00edveis pr\u00e9-industriais.<\/span><\/p>\n<p class=\"added-to-list1\" data-pf_style_display=\"block\" data-pf_style_visibility=\"visible\"><span class=\"text-node\">Quatro anos antes, Sandra, junto a outros pesquisadores, <\/span><a href=\"https:\/\/informe.ensp.fiocruz.br\/noticias\/42509\" data-pf_style_display=\"inline\" data-pf_style_visibility=\"visible\"><span class=\"text-node\">demonstrou pela primeira vez<\/span><\/a><span class=\"text-node\"> que as part\u00edculas de queimadas da Amaz\u00f4nia, al\u00e9m de causar inflama\u00e7\u00e3o e estresse oxidativo, podem danificar material gen\u00e9tico e causar a morte de c\u00e9lulas pulmonares. Dependendo do n\u00edvel do dano, uma c\u00e9lula pulmonar pode morrer ou se reproduzir de forma desordenada, o que leva ao c\u00e2ncer de pulm\u00e3o.<\/span><\/p>\n<p class=\"added-to-list1\" data-pf_style_display=\"block\" data-pf_style_visibility=\"visible\"><span class=\"text-node\">Pesquisas conduzidas por Sandra, em 2009, j\u00e1 mostravam um efeito significativo da fuma\u00e7a gerada pelas queimadas na Amaz\u00f4nia. Um <\/span><a href=\"https:\/\/agencia.fiocruz.br\/resultados-de-pesquisas-comprovam-efeitos-nocivos-das-queimadas-%C3%A0-sa%C3%BAde-humana\" data-pf_style_display=\"inline\" data-pf_style_visibility=\"visible\"><span class=\"text-node\">estudo<\/span><\/a><span class=\"text-node\">intitulado \u201cAvalia\u00e7\u00e3o dos efeitos das queimadas para a sa\u00fade humana na \u00e1rea do arco do desmatamento: a constru\u00e7\u00e3o de indicadores para a gest\u00e3o integrada de sa\u00fade e ambiente\u201d, com dados dos munic\u00edpios de Alta Floresta e Tangar\u00e1 da Serra, em Mato Grosso, revelou uma redu\u00e7\u00e3o da capacidade pulmonar de crian\u00e7as e adolescentes em at\u00e9 0,34 litros por minuto para cada aumento de 10PM 2,5 de material particulado fino.\u00a0<\/span><\/p>\n<p class=\"added-to-list1\" data-pf_style_display=\"block\" data-pf_style_visibility=\"visible\"><span class=\"text-node\">Segundo a <\/span><a href=\"https:\/\/amazoniareal.com.br\/especiais\/fumaca-impoe-experimento-natural-na-amazonia\/\" data-pf_style_display=\"inline\" data-pf_style_visibility=\"visible\"><span class=\"text-node\">Organiza\u00e7\u00e3o Mundial da Sa\u00fade (OMS),<\/span><\/a><span class=\"text-node\"> o PM2,5 \u00e9 capaz de penetrar profundamente nos pulm\u00f5es e entrar na corrente sangu\u00ednea, causando impactos cardiovasculares, cerebrovasculares (AVC) e respirat\u00f3rios. A pesquisa da Fiocruz mostrou tamb\u00e9m um aumento de 7% nas interna\u00e7\u00f5es em unidades b\u00e1sicas de sa\u00fade para cada 10PM 2,5, al\u00e9m da presen\u00e7a de asma acima da m\u00e9dia dos munic\u00edpios brasileiros, com 21% e 26% nas respectivas cidades.\u00a0<\/span><\/p>\n<p class=\"added-to-list1\" data-pf_style_display=\"block\" data-pf_style_visibility=\"visible\"><span class=\"text-node\">H\u00e1 pelo menos 30 anos, a fuma\u00e7a n\u00e3o \u00e9 uma novidade na Amaz\u00f4nia. Respirar a fuma\u00e7a das queimadas tem sido como fumar de quatro a cinco cigarros por dia, at\u00e9 o dobro, dependendo do lugar onde o amaz\u00f4nida est\u00e1. Sem escolha, alguns s\u00e3o obrigados a \u201cfumar\u201d 24 horas por dia em algumas capitais onde a fuma\u00e7a n\u00e3o cessa desde julho. O cen\u00e1rio \u00e9 de um <\/span><a href=\"https:\/\/amazoniareal.com.br\/especiais\/fumaca-impoe-experimento-natural-na-amazonia\/\" data-pf_style_display=\"inline\" data-pf_style_visibility=\"visible\"><span class=\"text-node\">\u201cexperimento natural\u201d<\/span><\/a><span class=\"text-node\"> aplicado for\u00e7adamente \u00e0s popula\u00e7\u00f5es locais, conforme alertam os pesquisadores.\u00a0<\/span><\/p>\n<p class=\"added-to-list1\" data-pf_style_display=\"block\" data-pf_style_visibility=\"visible\"><span class=\"text-node\">O problema se mant\u00e9m presente, e ainda com a m\u00e1quina p\u00fablica incapaz de enfrentar essa quest\u00e3o. \u201cNem todas as unidades de Sa\u00fade est\u00e3o atentas, ainda que tenhamos uma situa\u00e7\u00e3o ambiental cr\u00edtica no Pa\u00eds\u201d, afirma Sandra. O problema \u00e9 que algumas \u00e1reas est\u00e3o em situa\u00e7\u00e3o bem mais cr\u00edticas do que outras. Segundo a pesquisadora, Mato Grosso, Amazonas e Rond\u00f4nia est\u00e3o entre as mais cr\u00edticas da atualidade. Leia abaixo a entrevista de Sandra Hacon \u00e0 <\/span><strong data-pf_style_display=\"inline\" data-pf_style_visibility=\"visible\"><span class=\"text-node\">Amaz\u00f4nia Real<\/span><\/strong><span class=\"text-node\">:<\/span><\/p>\n<figure class=\"wp-block-gallery has-nested-images columns-default is-cropped wp-block-gallery-1 is-layout-flex wp-block-gallery-is-layout-flex\" data-pf_style_display=\"block\" data-pf_style_visibility=\"visible\">\n<figure class=\"wp-block-image size-full\" data-pf_style_display=\"block\" data-pf_style_visibility=\"visible\"><a href=\"https:\/\/i0.wp.com\/amazoniareal.com.br\/wp-content\/uploads\/2024\/10\/Sandra-Hacon-Foto-Virginia-Damas-ENSP-Fiocruz.jpeg?ssl=1\" data-pf_style_display=\"inline\" data-pf_style_visibility=\"visible\"><img data-recalc-dims=\"1\" decoding=\"async\" class=\"wp-image-152917 pf-large-image flex-width pf-size-full mediumImage\" src=\"https:\/\/i0.wp.com\/amazoniareal.com.br\/wp-content\/uploads\/2024\/10\/Sandra-Hacon-Foto-Virginia-Damas-ENSP-Fiocruz.jpeg?w=600&#038;ssl=1\" sizes=\"(max-width: 768px) 100vw, 768px\" srcset=\"https:\/\/amazoniareal.com.br\/wp-content\/uploads\/2024\/10\/Sandra-Hacon-Foto-Virginia-Damas-ENSP-Fiocruz.jpeg 768w, https:\/\/amazoniareal.com.br\/wp-content\/uploads\/2024\/10\/Sandra-Hacon-Foto-Virginia-Damas-ENSP-Fiocruz-300x200.jpeg 300w, https:\/\/amazoniareal.com.br\/wp-content\/uploads\/2024\/10\/Sandra-Hacon-Foto-Virginia-Damas-ENSP-Fiocruz-150x100.jpeg 150w\" alt=\"\"  data-id=\"152917\" data-pf_style_display=\"inline\" data-pf_style_visibility=\"visible\" data-pf_rect_width=\"768\" data-pf_rect_height=\"513\" \/><\/a><\/figure>\n<\/figure>\n<p class=\"has-text-align-center added-to-list1\" data-pf_style_display=\"block\" data-pf_style_visibility=\"visible\"><sub data-pf_style_display=\"inline\" data-pf_style_visibility=\"visible\"><span class=\"text-node\">Dra. Sandra Hacon (Foto: Virg\u00ednia Damas\/ ENSP-Fiocruz).<\/span><\/sub><\/p>\n<p class=\"added-to-list1\" data-pf_style_display=\"block\" data-pf_style_visibility=\"visible\"><strong data-pf_style_display=\"inline\" data-pf_style_visibility=\"visible\"><span class=\"text-node\">Amaz\u00f4nia Real \u2013 Quantos brasileiros est\u00e3o internados por problemas relacionados \u00e0s fuma\u00e7as?<\/span><\/strong><\/p>\n<p class=\"added-to-list1\" data-pf_style_display=\"block\" data-pf_style_visibility=\"visible\"><strong data-pf_style_display=\"inline\" data-pf_style_visibility=\"visible\"><span class=\"text-node\">Sandra Hacon \u2013 <\/span><\/strong><span class=\"text-node\">Infelizmente, a gente n\u00e3o tem isso na ponta da l\u00edngua. Dados de quem foi internado na semana passada, no m\u00eas passado, n\u00e3o est\u00e3o no sistema. Precisar\u00edamos ser mais \u00e1geis para que a gente possa dar essa resposta. E por que n\u00e3o sabemos? Porque estes problemas que est\u00e3o acontecendo, que chamamos de hotspot,\u00a0 deveriam receber uma notifica\u00e7\u00e3o compuls\u00f3ria. Como \u00e9 que a gente sabe que foram 5 milh\u00f5es de pessoas afetadas pela dengue na epidemia de abril a mar\u00e7o? Porque \u00e9 uma doen\u00e7a notificada. Todos os casos de indiv\u00edduos que v\u00e3o ao hospital com sintomas, uma alergia muito forte, uma asma, bronquite, s\u00e3o notificados.\u00a0 N\u00e3o \u00e9 uma situa\u00e7\u00e3o trivial. A gente j\u00e1 trabalhou intensamente na Amaz\u00f4nia em situa\u00e7\u00f5es de desmatamento e de fogo, e as respostas n\u00e3o s\u00e3o muito diferentes.\u00a0<\/span><\/p>\n<p class=\"added-to-list1\" data-pf_style_display=\"block\" data-pf_style_visibility=\"visible\"><strong data-pf_style_display=\"inline\" data-pf_style_visibility=\"visible\"><span class=\"text-node\">Amaz\u00f4nia Real: \u00c9 poss\u00edvel que a sociedade saiba o n\u00famero de interna\u00e7\u00f5es di\u00e1rias por S\u00edndrome Respirat\u00f3ria Aguda Grave (SRAG), como ocorria com o boletim de Covid-19?<\/span><\/strong><\/p>\n<p class=\"added-to-list1\" data-pf_style_display=\"block\" data-pf_style_visibility=\"visible\"><strong data-pf_style_display=\"inline\" data-pf_style_visibility=\"visible\"><span class=\"text-node\">Sandra: <\/span><\/strong><span class=\"text-node\">Sim, \u00e9 poss\u00edvel. O Minist\u00e9rio da Sa\u00fade precisa dar essa ordem para as unidades de sa\u00fade. Acredito que se houver uma solicita\u00e7\u00e3o em massa da m\u00eddia por essa informa\u00e7\u00e3o, o Minist\u00e9rio da Sa\u00fade ir\u00e1 fornecer.<\/span><\/p>\n<p class=\"added-to-list1\" data-pf_style_display=\"block\" data-pf_style_visibility=\"visible\"><strong data-pf_style_display=\"inline\" data-pf_style_visibility=\"visible\"><span class=\"text-node\">Amaz\u00f4nia Real: O SUS est\u00e1 preparado e tem capacidade de lidar com o aumento de casos de doen\u00e7as respirat\u00f3rias durante os per\u00edodos de queimadas, tanto na parte de atendimento quanto na coleta de dados?<\/span><\/strong><\/p>\n<p class=\"added-to-list1\" data-pf_style_display=\"block\" data-pf_style_visibility=\"visible\"><strong data-pf_style_display=\"inline\" data-pf_style_visibility=\"visible\"><span class=\"text-node\">Sandra: <\/span><\/strong><span class=\"text-node\">O Minist\u00e9rio da Sa\u00fade n\u00e3o tem poder de mando sobre os munic\u00edpios e Estados. Eles n\u00e3o podem simplesmente exigir algo de Manaus, por exemplo. Vale lembrar a atua\u00e7\u00e3o do governador Wilson Lima durante a pandemia de Covid-19, e ele foi reeleito.<\/span><\/p>\n<p class=\"added-to-list1\" data-pf_style_display=\"block\" data-pf_style_visibility=\"visible\"><strong data-pf_style_display=\"inline\" data-pf_style_visibility=\"visible\"><span class=\"text-node\">Amaz\u00f4nia Real: A senhora acredita que pode haver omiss\u00e3o de dados por parte das Secretarias de Sa\u00fade?\u00a0<\/span><\/strong><\/p>\n<p class=\"added-to-list1\" data-pf_style_display=\"block\" data-pf_style_visibility=\"visible\"><strong data-pf_style_display=\"inline\" data-pf_style_visibility=\"visible\"><span class=\"text-node\">Sandra: <\/span><\/strong><span class=\"text-node\">\u00c9 poss\u00edvel, em qualquer lugar do Brasil. Mas o impacto dos inc\u00eandios na sa\u00fade e na economia da Amaz\u00f4nia \u00e9 t\u00e3o vis\u00edvel que n\u00e3o vejo interesse em omitir os dados. O problema \u00e9 que h\u00e1 poucos funcion\u00e1rios para analisar e publicar os dados. Precisamos de mais agilidade para ter acesso \u00e0 informa\u00e7\u00e3o. Vale ressaltar que alguns artigos internacionais t\u00eam usado intelig\u00eancia artificial para estimar esses dados, j\u00e1 que n\u00e3o est\u00e3o dispon\u00edveis oficialmente. Mesmo que o Estado tente omitir os dados, a intelig\u00eancia artificial pode fornecer estimativas pr\u00f3ximas da realidade.<\/span><\/p>\n<p class=\"added-to-list1\" data-pf_style_display=\"block\" data-pf_style_visibility=\"visible\"><strong data-pf_style_display=\"inline\" data-pf_style_visibility=\"visible\"><span class=\"text-node\">Amaz\u00f4nia Real: Um estudo de 2009 em que \u00e9 autora j\u00e1 apontava para um aumento de interna\u00e7\u00f5es por conta da fuma\u00e7a e de asma em crian\u00e7as e adolescentes de 21% em Alta Floresta e 26% em Tangar\u00e1 da Serra (MT). A senhora esteve recentemente na regi\u00e3o. O cen\u00e1rio atual \u00e9 parecido com o visto h\u00e1 15 anos?<\/span><\/strong><\/p>\n<p class=\"added-to-list1\" data-pf_style_display=\"block\" data-pf_style_visibility=\"visible\"><strong data-pf_style_display=\"inline\" data-pf_style_visibility=\"visible\"><span class=\"text-node\">Sandra: <\/span><\/strong><span class=\"text-node\">A fuma\u00e7a j\u00e1 afetava a popula\u00e7\u00e3o e aumentava a mortalidade nos munic\u00edpios, com n\u00edveis acima do recomendado pela OMS. Mas a intensidade n\u00e3o se compara com a de hoje. Realizamos diversos estudos em diferentes munic\u00edpios, e eu, pessoalmente, nunca vivenciei uma situa\u00e7\u00e3o t\u00e3o cr\u00edtica com a fuma\u00e7a em Alta Floresta como a de agora. Em 2019, o n\u00famero de interna\u00e7\u00f5es de crian\u00e7as menores de 5 anos em Mato Grosso dobrou. Infelizmente, n\u00e3o conseguimos analisar os dados em tempo real, somente ap\u00f3s o per\u00edodo, constatando a duplica\u00e7\u00e3o das interna\u00e7\u00f5es. E a situa\u00e7\u00e3o atual? \u00c9 preocupante, pois sabemos que nem todos os munic\u00edpios conseguem uma fidelidade nesses n\u00fameros, ent\u00e3o a gente n\u00e3o tem isso da noite para o dia.<\/span><\/p>\n<p class=\"added-to-list1\" data-pf_style_display=\"block\" data-pf_style_visibility=\"visible\"><strong data-pf_style_display=\"inline\" data-pf_style_visibility=\"visible\"><span class=\"text-node\">Amaz\u00f4nia Real \u2013 Voc\u00eas tamb\u00e9m n\u00e3o conseguiram esses dados de interna\u00e7\u00e3o at\u00e9 agora?<\/span><\/strong><\/p>\n<p class=\"added-to-list1\" data-pf_style_display=\"block\" data-pf_style_visibility=\"visible\"><strong data-pf_style_display=\"inline\" data-pf_style_visibility=\"visible\"><span class=\"text-node\">Sandra \u2013 <\/span><\/strong><span class=\"text-node\">A gente n\u00e3o tem isso ainda. Quem pode solicitar o aumento de interna\u00e7\u00f5es semanalmente \u00e9 o Minist\u00e9rio da Sa\u00fade, n\u00e3o n\u00f3s [Fiocruz]. N\u00e3o temos essa capacidade ou fun\u00e7\u00e3o de pedir para as Secretarias de Sa\u00fade para que mandem para n\u00f3s. Eles n\u00e3o v\u00e3o mandar. Eu comecei a fazer isso no Mato Grosso em janeiro, pedindo se poderiam mandar os boletins de interna\u00e7\u00f5es dos anos anteriores. Ainda n\u00e3o conseguimos. As pessoas nos hospitais e nas unidades de sa\u00fade est\u00e3o superocupadas com a demanda e os problemas aumentaram, enquanto o n\u00famero de profissionais diminuiu.<\/span><\/p>\n<p class=\"added-to-list1\" data-pf_style_display=\"block\" data-pf_style_visibility=\"visible\"><strong data-pf_style_display=\"inline\" data-pf_style_visibility=\"visible\"><span class=\"text-node\">Amaz\u00f4nia Real \u2013 Como analisa a ascens\u00e3o do negacionismo na Amaz\u00f4nia e a relut\u00e2ncia dos Estados em divulgar n\u00fameros?\u00a0<\/span><\/strong><\/p>\n<p class=\"added-to-list1\" data-pf_style_display=\"block\" data-pf_style_visibility=\"visible\"><strong data-pf_style_display=\"inline\" data-pf_style_visibility=\"visible\"><span class=\"text-node\">Sandra \u2013 <\/span><\/strong><span class=\"text-node\">Olha,\u00a0 esses n\u00fameros de SRAG devem ter aumentado porque a quantidade de \u00e1rea queimada hoje \u00e9 bem superior ao que acontecia em 2009. Al\u00e9m disso, temos a quest\u00e3o da seca intensa, que aumenta a inflamabilidade da floresta. Sabemos que h\u00e1 um fogo orquestrado no Brasil. N\u00e3o \u00e9 poss\u00edvel que v\u00e1rias \u00e1reas queimem ao mesmo tempo sem uma coordena\u00e7\u00e3o. Hoje temos temperaturas bem mais altas e a dura\u00e7\u00e3o dessa exposi\u00e7\u00e3o aumentou muito. Isso, combinado com uma seca intensa que reduz a umidade do solo, torna o cen\u00e1rio muito mais grave. A crise clim\u00e1tica mudou o cen\u00e1rio meteorol\u00f3gico dos biomas. Ent\u00e3o tem uma seca intensa, umidade relativa do ar muito baixa, e a gente sente isso, a gente fica com falta de ar falando, a garganta ardendo e por a\u00ed vai. Essas quest\u00f5es hoje s\u00e3o bem diferentes.\u00a0\u00a0<\/span><\/p>\n<p class=\"added-to-list1\" data-pf_style_display=\"block\" data-pf_style_visibility=\"visible\"><strong data-pf_style_display=\"inline\" data-pf_style_visibility=\"visible\"><span class=\"text-node\">Amaz\u00f4nia Real\u00a0 \u2013 H\u00e1 algum exemplo de doen\u00e7a surgindo por conta da fuma\u00e7a?<\/span><\/strong><\/p>\n<p class=\"added-to-list1\" data-pf_style_display=\"block\" data-pf_style_visibility=\"visible\"><strong data-pf_style_display=\"inline\" data-pf_style_visibility=\"visible\"><span class=\"text-node\">Sandra \u2013 <\/span><\/strong><span class=\"text-node\">Uma pediatra de Alta Floresta me contou sobre v\u00e1rios casos de miocardite em crian\u00e7as, e muitos estavam indo a \u00f3bito no seio da m\u00e3e mamando. Acho que isso est\u00e1 ligado \u00e0 condi\u00e7\u00e3o atmosf\u00e9rica. Naquela \u00e9poca, a fuma\u00e7a era muito intensa no munic\u00edpio e na Amaz\u00f4nia como um todo. A miocardite \u00e9 uma inflama\u00e7\u00e3o do m\u00fasculo do cora\u00e7\u00e3o, mas investigar isso era imposs\u00edvel para ela por falta de equipamentos. Ent\u00e3o, possivelmente, tivemos casos de miocardite relacionados \u00e0 fuma\u00e7a. Aumentou a miocardite na Amaz\u00f4nia hoje? N\u00e3o sei, precisaria ser investigado.<\/span><\/p>\n<p class=\"added-to-list1\" data-pf_style_display=\"block\" data-pf_style_visibility=\"visible\"><strong data-pf_style_display=\"inline\" data-pf_style_visibility=\"visible\"><span class=\"text-node\">Amaz\u00f4nia Real\u00a0 \u2013 Al\u00e9m dos amaz\u00f4nidas respirarem a fuma\u00e7a, muitos est\u00e3o ingerindo essa \u00e1gua e tomando banho que cont\u00eam materiais particulados. \u00c9 um ce\u00e1rio poss\u00edvel, n\u00e3o?<\/span><\/strong><\/p>\n<p class=\"added-to-list1\" data-pf_style_display=\"block\" data-pf_style_visibility=\"visible\"><strong data-pf_style_display=\"inline\" data-pf_style_visibility=\"visible\"><span class=\"text-node\">Sandra \u2013 <\/span><\/strong><span class=\"text-node\">\u00c9 muito pior do que isso, os ind\u00edgenas n\u00e3o t\u00eam \u00e1gua para beber. Eles est\u00e3o tentando beber essa \u00e1gua com gosto terr\u00edvel. \u00c9 uma queixa incessante dos ind\u00edgenas com quem trabalho no Xingu. A fuligem se deposita nos rios, na vegeta\u00e7\u00e3o. Quanto maior a part\u00edcula, mais pr\u00f3xima da fonte ela se deposita; quanto menor, mais distante ela vai e mais profundamente atinge o nosso organismo.<\/span><\/p>\n<p class=\"added-to-list1\" data-pf_style_display=\"block\" data-pf_style_visibility=\"visible\"><strong data-pf_style_display=\"inline\" data-pf_style_visibility=\"visible\"><span class=\"text-node\">Amaz\u00f4nia Real\u00a0 \u2013 N\u00e3o existem estudos sobre a ingest\u00e3o de uma \u00e1gua da chuva contaminada por fuligem?\u00a0\u00a0<\/span><\/strong><\/p>\n<p class=\"added-to-list1\" data-pf_style_display=\"block\" data-pf_style_visibility=\"visible\"><strong data-pf_style_display=\"inline\" data-pf_style_visibility=\"visible\"><span class=\"text-node\">Sandra \u2013 <\/span><\/strong><span class=\"text-node\">Nessa \u00e1gua vai ter material particulado, agrot\u00f3xicos, metais, hidrocarbonetos. A popula\u00e7\u00e3o pode beber essa \u00e1gua? N\u00e3o, n\u00e3o deveria. Com a seca intensa, os rios em \u00e1reas ind\u00edgenas est\u00e3o secando. Como eles v\u00e3o conseguir \u00e1gua? \u00c1gua de carro pipa? Acho que n\u00e3o. Mesmo pesquisadores renomados n\u00e3o haviam pensado na quest\u00e3o da \u00e1gua. Eu mostrei para eles que o material particulado nos rios traz um gosto que os ind\u00edgenas n\u00e3o conseguem beber, al\u00e9m de causar coceira na pele e problemas dermatol\u00f3gicos, j\u00e1 que usam a mesma \u00e1gua para tomar banho e beber.<\/span><\/p>\n<p class=\"added-to-list1\" data-pf_style_display=\"block\" data-pf_style_visibility=\"visible\"><strong data-pf_style_display=\"inline\" data-pf_style_visibility=\"visible\"><span class=\"text-node\">Amaz\u00f4nia Real\u00a0 \u2013 E a concentra\u00e7\u00e3o dessas subst\u00e2ncias e materiais fica muito maior com o rio seco, n\u00e9?\u00a0<\/span><\/strong><\/p>\n<p class=\"added-to-list1\" data-pf_style_display=\"block\" data-pf_style_visibility=\"visible\"><strong data-pf_style_display=\"inline\" data-pf_style_visibility=\"visible\"><span class=\"text-node\">Sandra \u2013 <\/span><\/strong><span class=\"text-node\">Sim, e n\u00e3o \u00e9 s\u00f3 o ser humano, os animais tamb\u00e9m sofrem, muitos j\u00e1 est\u00e3o morrendo por falta d\u2019\u00e1gua. O problema da \u00e1gua \u00e9 mais s\u00e9rio do que o do ar, porque a \u00e1gua acumulada se torna contaminada. O len\u00e7ol fre\u00e1tico \u00e9 alimentado pela \u00e1gua da chuva e, sem chuva, a situa\u00e7\u00e3o fica muito grave. O Minist\u00e9rio da Sa\u00fade reconhece esse problema. Eles recebem mensagens dos ind\u00edgenas dizendo que n\u00e3o t\u00eam \u00e1gua para beber. E n\u00e3o s\u00e3o s\u00f3 os ind\u00edgenas, s\u00e3o os quilombolas, os ribeirinhos, a popula\u00e7\u00e3o do interior que dependia dessa \u00e1gua. O resto dos rios \u00e9 uma \u00e1gua de lama, contaminada biol\u00f3gica e quimicamente.<\/span><\/p>\n<p class=\"added-to-list1\" data-pf_style_display=\"block\" data-pf_style_visibility=\"visible\"><strong data-pf_style_display=\"inline\" data-pf_style_visibility=\"visible\"><span class=\"text-node\">Amaz\u00f4nia Real \u2013 Como as part\u00edculas de fuligem se distribuem no organismo?<\/span><\/strong><strong data-pf_style_display=\"inline\" data-pf_style_visibility=\"visible\"><span class=\"text-node\">Sandra Hacon \u2013 <\/span><\/strong><span class=\"text-node\">As part\u00edculas grandes ficam no nariz, onde temos pelinhos que filtram essas part\u00edculas. \u00c9 por isso que \u00e0s vezes sai muita secre\u00e7\u00e3o do nariz. As part\u00edculas menores, com di\u00e2metro menor que 2,5 m\u00edcrons, conseguem alcan\u00e7ar os alv\u00e9olos pulmonares e a corrente sangu\u00ednea. Na corrente sangu\u00ednea, as nanopart\u00edculas se distribuem de forma sist\u00eamica. Se a pessoa j\u00e1 tem um problema respirat\u00f3rio ou alergia, fica mais propensa a sofrer com essas part\u00edculas. A respira\u00e7\u00e3o e a inala\u00e7\u00e3o fazem com que essas part\u00edculas cheguem \u00e0 corrente sangu\u00ednea. Crian\u00e7as que passam mais tempo ao ar livre respiram mais dessas micropart\u00edculas. \u00c9 por isso que a recomenda\u00e7\u00e3o \u00e9 n\u00e3o ficar ao ar livre e n\u00e3o fazer exerc\u00edcio, pois isso aumenta a capacidade pulmonar e a inala\u00e7\u00e3o de micropart\u00edculas.<\/span><\/p>\n<figure class=\"wp-block-image size-large is-resized pf-caption flex-width mediumImage pf-size-full\" data-pf_style_display=\"block\" data-pf_style_visibility=\"visible\"><a href=\"https:\/\/i0.wp.com\/amazoniareal.com.br\/wp-content\/uploads\/2024\/09\/DSC05170.jpg?ssl=1\" data-pf_style_display=\"inline\" data-pf_style_visibility=\"visible\"><img data-recalc-dims=\"1\" decoding=\"async\" class=\"wp-image-152357 pf-large-image caption-img flex-width pf-size-full mediumImage\" src=\"https:\/\/i0.wp.com\/amazoniareal.com.br\/wp-content\/uploads\/2024\/09\/DSC05170-1024x630.jpg?w=600&#038;ssl=1\" sizes=\"(max-width: 1024px) 100vw, 1024px\" srcset=\"https:\/\/amazoniareal.com.br\/wp-content\/uploads\/2024\/09\/DSC05170-1024x630.jpg 1024w, https:\/\/amazoniareal.com.br\/wp-content\/uploads\/2024\/09\/DSC05170-300x185.jpg 300w, https:\/\/amazoniareal.com.br\/wp-content\/uploads\/2024\/09\/DSC05170-768x473.jpg 768w, https:\/\/amazoniareal.com.br\/wp-content\/uploads\/2024\/09\/DSC05170-150x92.jpg 150w, https:\/\/amazoniareal.com.br\/wp-content\/uploads\/2024\/09\/DSC05170.jpg 1500w\" alt=\"\"  data-pf_style_display=\"inline\" data-pf_style_visibility=\"visible\" data-pf_rect_width=\"840\" data-pf_rect_height=\"516.796875\" \/><\/a><figcaption class=\"wp-element-caption\" data-pf_style_display=\"block\" data-pf_style_visibility=\"visible\"><em data-pf_style_display=\"inline\" data-pf_style_visibility=\"visible\"><sub data-pf_style_display=\"inline\" data-pf_style_visibility=\"visible\"><span class=\"text-node\">Manaus viveu ao longo dos \u00faltimos meses sem ver o azul do c\u00e9u, no horizonte s\u00f3 se via a fuma\u00e7a (Foto: Juliana Pesqueira\/ Amaz\u00f4nia Real).<\/span><\/sub><\/em><\/figcaption><\/figure>\n","protected":false},"excerpt":{"rendered":"<p>Amaz\u00f4nia Real, por W\u00e9rica Lima \u2013 Para quem vive nas \u00e1reas mais isoladas da Amaz\u00f4nia, a fuma\u00e7a n\u00e3o \u00e9 apenas um problema de ar. Ela est\u00e1 presente nos rios e na pouca \u00e1gua da chuva que ainda cai durante a estiagem. Dissipada temporariamente nas capitais da Amaz\u00f4nia quando chove, logo retorna com o cheiro e&#8230;<a class=\"more-link\" href=\"http:\/\/blogdalucianaoliveira.com.br\/blog\/2024\/10\/14\/fumaca-na-amazonia-os-impactos-na-saude-revelados-por-pesquisadora\/\">Continue a leitura <span class=\"meta-nav\">&raquo;<\/span><\/a><\/p>\n","protected":false},"author":1,"featured_media":0,"comment_status":"closed","ping_status":"open","sticky":false,"template":"","format":"standard","meta":{"_exactmetrics_skip_tracking":false,"_exactmetrics_sitenote_active":false,"_exactmetrics_sitenote_note":"","_exactmetrics_sitenote_category":0,"jetpack_post_was_ever_published":false,"_jetpack_newsletter_access":"","_jetpack_dont_email_post_to_subs":false,"_jetpack_newsletter_tier_id":0,"_jetpack_memberships_contains_paywalled_content":false,"_jetpack_memberships_contains_paid_content":false,"footnotes":"","jetpack_publicize_message":"","jetpack_publicize_feature_enabled":true,"jetpack_social_post_already_shared":true,"jetpack_social_options":{"image_generator_settings":{"template":"highway","enabled":false},"version":2}},"categories":[1],"tags":[252,605,295],"class_list":["post-36081","post","type-post","status-publish","format-standard","hentry","category-notas","tag-amazonia","tag-fumaca","tag-queimadas"],"jetpack_publicize_connections":[],"jetpack_sharing_enabled":true,"jetpack_featured_media_url":"","jetpack_shortlink":"https:\/\/wp.me\/p7wKYW-9nX","jetpack-related-posts":[],"_links":{"self":[{"href":"http:\/\/blogdalucianaoliveira.com.br\/blog\/wp-json\/wp\/v2\/posts\/36081","targetHints":{"allow":["GET"]}}],"collection":[{"href":"http:\/\/blogdalucianaoliveira.com.br\/blog\/wp-json\/wp\/v2\/posts"}],"about":[{"href":"http:\/\/blogdalucianaoliveira.com.br\/blog\/wp-json\/wp\/v2\/types\/post"}],"author":[{"embeddable":true,"href":"http:\/\/blogdalucianaoliveira.com.br\/blog\/wp-json\/wp\/v2\/users\/1"}],"replies":[{"embeddable":true,"href":"http:\/\/blogdalucianaoliveira.com.br\/blog\/wp-json\/wp\/v2\/comments?post=36081"}],"version-history":[{"count":1,"href":"http:\/\/blogdalucianaoliveira.com.br\/blog\/wp-json\/wp\/v2\/posts\/36081\/revisions"}],"predecessor-version":[{"id":36083,"href":"http:\/\/blogdalucianaoliveira.com.br\/blog\/wp-json\/wp\/v2\/posts\/36081\/revisions\/36083"}],"wp:attachment":[{"href":"http:\/\/blogdalucianaoliveira.com.br\/blog\/wp-json\/wp\/v2\/media?parent=36081"}],"wp:term":[{"taxonomy":"category","embeddable":true,"href":"http:\/\/blogdalucianaoliveira.com.br\/blog\/wp-json\/wp\/v2\/categories?post=36081"},{"taxonomy":"post_tag","embeddable":true,"href":"http:\/\/blogdalucianaoliveira.com.br\/blog\/wp-json\/wp\/v2\/tags?post=36081"}],"curies":[{"name":"wp","href":"https:\/\/api.w.org\/{rel}","templated":true}]}}