{"id":36087,"date":"2024-10-16T09:35:07","date_gmt":"2024-10-16T13:35:07","guid":{"rendered":"https:\/\/blogdalucianaoliveira.com.br\/blog\/?p=36087"},"modified":"2024-10-16T09:35:07","modified_gmt":"2024-10-16T13:35:07","slug":"brasil-de-extremos-climaticos-a-natureza-da-conta-de-se-regenerar","status":"publish","type":"post","link":"http:\/\/blogdalucianaoliveira.com.br\/blog\/2024\/10\/16\/brasil-de-extremos-climaticos-a-natureza-da-conta-de-se-regenerar\/","title":{"rendered":"Brasil de extremos clim\u00e1ticos: a natureza d\u00e1 conta de se regenerar?"},"content":{"rendered":"<p data-pf_style_display=\"block\" data-pf_style_visibility=\"visible\"><img data-recalc-dims=\"1\" loading=\"lazy\" decoding=\"async\" data-attachment-id=\"36088\" data-permalink=\"http:\/\/blogdalucianaoliveira.com.br\/blog\/2024\/10\/16\/brasil-de-extremos-climaticos-a-natureza-da-conta-de-se-regenerar\/brasil-extremos-climaticos-2\/\" data-orig-file=\"https:\/\/i0.wp.com\/blogdalucianaoliveira.com.br\/blog\/wp-content\/uploads\/2024\/10\/Brasil-extremos-climaticos-2.webp?fit=821%2C547\" data-orig-size=\"821,547\" data-comments-opened=\"0\" data-image-meta=\"{&quot;aperture&quot;:&quot;0&quot;,&quot;credit&quot;:&quot;&quot;,&quot;camera&quot;:&quot;&quot;,&quot;caption&quot;:&quot;&quot;,&quot;created_timestamp&quot;:&quot;0&quot;,&quot;copyright&quot;:&quot;&quot;,&quot;focal_length&quot;:&quot;0&quot;,&quot;iso&quot;:&quot;0&quot;,&quot;shutter_speed&quot;:&quot;0&quot;,&quot;title&quot;:&quot;&quot;,&quot;orientation&quot;:&quot;0&quot;}\" data-image-title=\"Brasil-extremos-climaticos-2\" data-image-description=\"\" data-image-caption=\"\" data-medium-file=\"https:\/\/i0.wp.com\/blogdalucianaoliveira.com.br\/blog\/wp-content\/uploads\/2024\/10\/Brasil-extremos-climaticos-2.webp?fit=300%2C200\" data-large-file=\"https:\/\/i0.wp.com\/blogdalucianaoliveira.com.br\/blog\/wp-content\/uploads\/2024\/10\/Brasil-extremos-climaticos-2.webp?fit=600%2C400\" class=\"alignnone size-full wp-image-36088\" src=\"https:\/\/i0.wp.com\/blogdalucianaoliveira.com.br\/blog\/wp-content\/uploads\/2024\/10\/Brasil-extremos-climaticos-2.webp?resize=600%2C400\" alt=\"\" width=\"600\" height=\"400\" srcset=\"https:\/\/i0.wp.com\/blogdalucianaoliveira.com.br\/blog\/wp-content\/uploads\/2024\/10\/Brasil-extremos-climaticos-2.webp?w=821 821w, https:\/\/i0.wp.com\/blogdalucianaoliveira.com.br\/blog\/wp-content\/uploads\/2024\/10\/Brasil-extremos-climaticos-2.webp?resize=300%2C200 300w, https:\/\/i0.wp.com\/blogdalucianaoliveira.com.br\/blog\/wp-content\/uploads\/2024\/10\/Brasil-extremos-climaticos-2.webp?resize=768%2C512 768w, https:\/\/i0.wp.com\/blogdalucianaoliveira.com.br\/blog\/wp-content\/uploads\/2024\/10\/Brasil-extremos-climaticos-2.webp?resize=450%2C300 450w\" sizes=\"auto, (max-width: 600px) 100vw, 600px\" \/><\/p>\n<p class=\"\" data-pf_style_display=\"block\" data-pf_style_visibility=\"visible\"><span class=\"text-node\">Especialistas correm contra o tempo para contabilizar danos \u00e0 fauna e flora;\u00a0<\/span><a class=\"\" href=\"https:\/\/www.ihu.unisinos.br\/categorias\/643496-brasil-em-chamas-dino-ve-pandemia-de-incendios-e-determina-convocacao-de-bombeiros\" data-pf_style_display=\"inline\" data-pf_style_visibility=\"visible\"><span class=\"text-node\">enchentes e inc\u00eandios<\/span><\/a><span class=\"text-node\">\u00a0est\u00e3o cada vez mais frequentes e atingem milhares de esp\u00e9cies.<\/span><!--more--><\/p>\n<p class=\"\" data-pf_style_display=\"block\" data-pf_style_visibility=\"visible\">A reportagem \u00e9 da ClimaInfo<\/p>\n<p class=\"\" data-pf_style_display=\"block\" data-pf_style_visibility=\"visible\"><span class=\"text-node\">Ap\u00f3s as\u00a0<\/span><strong class=\"\" data-pf_style_display=\"inline\" data-pf_style_visibility=\"visible\"><a href=\"https:\/\/www.ihu.unisinos.br\/categorias\/639492-enchentes-no-rio-grande-do-sul-o-que-deu-errado\" target=\"_blank\" rel=\"noopener noreferrer\" data-pf_style_display=\"inline\" data-pf_style_visibility=\"visible\"><span class=\"text-node\">enchentes hist\u00f3ricas no Rio Grande do Sul<\/span><\/a><\/strong><span class=\"text-node\">, especialistas come\u00e7aram a contabilizar os danos, comparando o evento ao impacto do\u00a0<\/span><a href=\"https:\/\/www.ihu.unisinos.br\/categorias\/639323-recuperacao-apos-um-desastre-e-complexa-e-demora-muito-entrevista-com-robert-olshansky\" target=\"_blank\" rel=\"noopener noreferrer\" data-pf_style_display=\"inline\" data-pf_style_visibility=\"visible\"><span class=\"text-node\">Furac\u00e3o Katrina<\/span><\/a><span class=\"text-node\">\u00a0em\u00a0<\/span><strong data-pf_style_display=\"inline\" data-pf_style_visibility=\"visible\"><span class=\"text-node\">New Orleans<\/span><\/strong><span class=\"text-node\">,\u00a0<\/span><strong data-pf_style_display=\"inline\" data-pf_style_visibility=\"visible\"><span class=\"text-node\">Estados Unidos<\/span><\/strong><span class=\"text-node\">, em 2005. O tempo de recupera\u00e7\u00e3o da economia do estado foi estimado em uma d\u00e9cada. Mas e quanto ao solo arrastado junto da vegeta\u00e7\u00e3o e animais, que levou para casas de\u00a0<\/span><strong data-pf_style_display=\"inline\" data-pf_style_visibility=\"visible\"><span class=\"text-node\">Porto Alegre<\/span><\/strong><span class=\"text-node\">\u00a0argilas constitu\u00eddas h\u00e1 mais de um s\u00e9culo? O tempo na natureza \u00e9 outro e isso tamb\u00e9m vale para sua recupera\u00e7\u00e3o.<\/span><\/p>\n<p class=\"\" data-pf_style_display=\"block\" data-pf_style_visibility=\"visible\"><span class=\"text-node\">Um exemplo \u00e9 a popula\u00e7\u00e3o de\u00a0<\/span><strong data-pf_style_display=\"inline\" data-pf_style_visibility=\"visible\"><span class=\"text-node\">botos<\/span><\/strong><span class=\"text-node\">\u00a0na regi\u00e3o de\u00a0<\/span><strong data-pf_style_display=\"inline\" data-pf_style_visibility=\"visible\"><span class=\"text-node\">Tef\u00e9<\/span><\/strong><span class=\"text-node\">,\u00a0<\/span><strong data-pf_style_display=\"inline\" data-pf_style_visibility=\"visible\"><span class=\"text-node\">Amazonas<\/span><\/strong><span class=\"text-node\">, que sofreu morte expressiva na seca de 2023 e, neste ano, voltou a apresentar um cen\u00e1rio preocupante: uma morte por dia em um per\u00edodo de uma semana. A regi\u00e3o Norte tem passado por secas extremas, as ondas de calor e estiagem acentuada no\u00a0<\/span><a href=\"https:\/\/www.ihu.unisinos.br\/categorias\/641637-focos-de-incendio-voltam-a-aumentar-no-pantanal\" target=\"_blank\" rel=\"noopener noreferrer\" data-pf_style_display=\"inline\" data-pf_style_visibility=\"visible\"><span class=\"text-node\">Pantanal<\/span><\/a><span class=\"text-node\">\u00a0criam cen\u00e1rios prop\u00edcios para a propaga\u00e7\u00e3o de inc\u00eandios com alta mortandade, e o\u00a0<\/span><strong class=\"\" data-pf_style_display=\"inline\" data-pf_style_visibility=\"visible\"><span class=\"text-node\">Rio Grande do Sul<\/span><\/strong><span class=\"text-node\">\u00a0ainda tenta contabilizar os danos causados \u00e0 fauna e \u00e0 flora da regi\u00e3o. A biodiversidade brasileira est\u00e1 em risco.<\/span><\/p>\n<p class=\"\" data-pf_style_display=\"block\" data-pf_style_visibility=\"visible\"><span class=\"text-node\">O\u00a0<\/span><strong data-pf_style_display=\"inline\" data-pf_style_visibility=\"visible\"><span class=\"text-node\">Pantanal<\/span><\/strong><span class=\"text-node\">, a maior plan\u00edcie alagada do mundo, acumula d\u00e9ficits de chuva desde o ver\u00e3o de 2019\/2020. A<\/span><strong data-pf_style_display=\"inline\" data-pf_style_visibility=\"visible\"><span class=\"text-node\">\u00a0extens\u00e3o do fogo<\/span><\/strong><span class=\"text-node\">\u00a0em 2024 chegou a ser 54% superior \u00e0 do per\u00edodo de 2020. Esse cen\u00e1rio de seca transforma a vegeta\u00e7\u00e3o nativa, camalotes e outras plantas flutuantes, aponta\u00a0<\/span><strong data-pf_style_display=\"inline\" data-pf_style_visibility=\"visible\"><span class=\"text-node\">Jos\u00e9 Eug\u00eanio Figueira<\/span><\/strong><span class=\"text-node\">, do departamento de\u00a0<\/span><strong data-pf_style_display=\"inline\" data-pf_style_visibility=\"visible\"><span class=\"text-node\">Gen\u00e9tica, Ecologia e Evolu\u00e7\u00e3o<\/span><\/strong><span class=\"text-node\">\u00a0do\u00a0<\/span><strong data-pf_style_display=\"inline\" data-pf_style_visibility=\"visible\"><span class=\"text-node\">Instituto de Ci\u00eancias Biol\u00f3gicas<\/span><\/strong><span class=\"text-node\">\u00a0(<\/span><strong data-pf_style_display=\"inline\" data-pf_style_visibility=\"visible\"><span class=\"text-node\">ICB<\/span><\/strong><span class=\"text-node\">) da\u00a0<\/span><strong data-pf_style_display=\"inline\" data-pf_style_visibility=\"visible\"><span class=\"text-node\">UFMG<\/span><\/strong><span class=\"text-node\">: \u201cessa vegeta\u00e7\u00e3o vai sendo incorporada no solo, camada ap\u00f3s camada e se torna um solo muito org\u00e2nico, com densidade baixa, poroso\u201d.<\/span><\/p>\n<p data-pf_style_display=\"block\" data-pf_style_visibility=\"visible\"><span class=\"text-node\">\u00c9 essa mat\u00e9ria org\u00e2nica que torna as queimadas em\u00a0<\/span><strong data-pf_style_display=\"inline\" data-pf_style_visibility=\"visible\"><a href=\"https:\/\/ihu.unisinos.br\/642435-pantanal-em-chamas-bioma-ja-contabiliza-quase-2-3-mil-focos-de-incendio-em-agosto\" target=\"_blank\" rel=\"noopener noreferrer\" data-pf_style_display=\"inline\" data-pf_style_visibility=\"visible\"><span class=\"text-node\">inc\u00eandios de elevada intensidade e dif\u00edceis de controlar<\/span><\/a><\/strong><span class=\"text-node\">. Eles se espalham rapidamente, subindo tamb\u00e9m para a copa das \u00e1rvores e subterr\u00e2neo. Neste cen\u00e1rio de devasta\u00e7\u00e3o, a fauna fica muito vulner\u00e1vel: \u201ccobras e jacar\u00e9s, por exemplo, s\u00e3o animais ectot\u00e9rmicos \u2013 a temperatura corporal deles acompanha a temperatura ambiente. Animais de pequeno porte como gamb\u00e1s, tamandu\u00e1s, macacos, animais mais lentos, como tartarugas, tamb\u00e9m s\u00e3o pegos pelo fogo\u201d.<\/span><\/p>\n<p data-pf_style_display=\"block\" data-pf_style_visibility=\"visible\"><span class=\"text-node\">E mesmo os animais que fogem do fogo, como on\u00e7as que podem farejar a fuma\u00e7a, caem em braseiros formados pelos\u00a0<\/span><strong data-pf_style_display=\"inline\" data-pf_style_visibility=\"visible\"><span class=\"text-node\">inc\u00eandios subterr\u00e2neos<\/span><\/strong><span class=\"text-node\">. Muitos tamb\u00e9m morrem pela intoxica\u00e7\u00e3o dos gases nocivos que s\u00e3o expostos. E os que sobrevivem? Para onde foi o mundo deles? \u201cEles j\u00e1 est\u00e3o fragilizados, a\u00ed vem a fome e estresse provocado pela falta de \u00e1gua e comida. Muitos acabam morrendo\u201d, completa.<\/span><\/p>\n<p data-pf_style_display=\"block\" data-pf_style_visibility=\"visible\"><span class=\"text-node\">Especialistas do\u00a0<\/span><strong data-pf_style_display=\"inline\" data-pf_style_visibility=\"visible\"><span class=\"text-node\">ICMBio<\/span><\/strong><span class=\"text-node\">\u00a0contabilizam que, nos inc\u00eandios de 2020, cerca de 75 milh\u00f5es de animais vertebrados e 4,6 bilh\u00f5es de invertebrados foram afetados diretamente e indiretamente. O bioma, ap\u00f3s quatro anos, ainda n\u00e3o se recuperou e as esp\u00e9cies n\u00e3o voltaram ao tamanho que eram.<\/span><\/p>\n<p data-pf_style_display=\"block\" data-pf_style_visibility=\"visible\"><span class=\"text-node\">Assim como\u00a0<\/span><strong data-pf_style_display=\"inline\" data-pf_style_visibility=\"visible\"><span class=\"text-node\">Pantanal<\/span><\/strong><span class=\"text-node\">, a\u00a0<\/span><strong data-pf_style_display=\"inline\" data-pf_style_visibility=\"visible\"><span class=\"text-node\">Amaz\u00f4nia<\/span><\/strong><span class=\"text-node\">\u00a0\u00e9 um bioma acostumado com per\u00edodos de altas e baixas dos rios. O que era natural e marcava a flora\u00e7\u00e3o e frutifica\u00e7\u00e3o de diversas \u00e1rvores, hoje gera d\u00favida nos especialistas sobre como ser\u00e1 o futuro das esp\u00e9cies \u2013 se elas v\u00e3o se adaptar e existir nas pr\u00f3ximas d\u00e9cadas.<\/span><\/p>\n<p data-pf_style_display=\"block\" data-pf_style_visibility=\"visible\"><span class=\"text-node\">No mesmo ano, o\u00a0<\/span><strong data-pf_style_display=\"inline\" data-pf_style_visibility=\"visible\"><span class=\"text-node\">Acre<\/span><\/strong><span class=\"text-node\">\u00a0viveu a maior enchente da sua hist\u00f3ria e a maior seca em mais de meio s\u00e9culo. O\u00a0<\/span><strong data-pf_style_display=\"inline\" data-pf_style_visibility=\"visible\"><span class=\"text-node\">rio Negro<\/span><\/strong><span class=\"text-node\">\u00a0chegou a registrar seu menor n\u00edvel em mais de 120 anos de medi\u00e7\u00e3o e a\u00a0<\/span><strong data-pf_style_display=\"inline\" data-pf_style_visibility=\"visible\"><span class=\"text-node\">Ag\u00eancia Nacional de \u00c1guas e Saneamento B\u00e1sico<\/span><\/strong><span class=\"text-node\">\u00a0(<\/span><strong data-pf_style_display=\"inline\" data-pf_style_visibility=\"visible\"><span class=\"text-node\">ANA<\/span><\/strong><span class=\"text-node\">) confirmou que todos os 1.248.000 km\u00b2 de \u00e1rea do\u00a0<\/span><strong data-pf_style_display=\"inline\" data-pf_style_visibility=\"visible\"><span class=\"text-node\">Par\u00e1<\/span><\/strong><span class=\"text-node\">\u00a0est\u00e3o sob influ\u00eancia da seca em algum n\u00edvel.<\/span><\/p>\n<p data-pf_style_display=\"block\" data-pf_style_visibility=\"visible\"><span class=\"text-node\">Em\u00a0<\/span><strong data-pf_style_display=\"inline\" data-pf_style_visibility=\"visible\"><span class=\"text-node\">Tef\u00e9<\/span><\/strong><span class=\"text-node\">, as plantas t\u00eam seus ciclos de frutifica\u00e7\u00e3o, perda e nascimento de folhas em processos ligados ao clima e as cheias da regi\u00e3o. Por\u00e9m, o cen\u00e1rio agora na regi\u00e3o da bacia do\u00a0<\/span><strong data-pf_style_display=\"inline\" data-pf_style_visibility=\"visible\"><span class=\"text-node\">rio Solim\u00f5es<\/span><\/strong><span class=\"text-node\">\u00a0\u00e9 de seca. \u201cMuitas esp\u00e9cies t\u00eam dispers\u00e3o de frutos ligados \u00e0s cheias. Se essas cheias n\u00e3o acontecem, como isso vai afetar as plantas? E os animais que dependem dos frutos dessas plantas?\u201d, questiona\u00a0<\/span><strong data-pf_style_display=\"inline\" data-pf_style_visibility=\"visible\"><span class=\"text-node\">Darlene Gris<\/span><\/strong><span class=\"text-node\">, pesquisadora do\u00a0<\/span><strong data-pf_style_display=\"inline\" data-pf_style_visibility=\"visible\"><span class=\"text-node\">Instituto de Desenvolvimento Sustent\u00e1vel Mamirau\u00e1<\/span><\/strong><span class=\"text-node\">.<\/span><\/p>\n<p data-pf_style_display=\"block\" data-pf_style_visibility=\"visible\"><span class=\"text-node\">Darlene tamb\u00e9m pontua outra caracter\u00edstica da rela\u00e7\u00e3o da flora com as cheias: a captura de carbono. \u201cSe as cheias s\u00e3o modificadas, como vai ficar o ritmo desse processo? A gente trabalha aqui no nosso grupo com modelagem para entender o que as mudan\u00e7as clim\u00e1ticas podem ocasionar na floresta\u201d, explica.<\/span><\/p>\n<p data-pf_style_display=\"block\" data-pf_style_visibility=\"visible\"><span class=\"text-node\">O aumento da temperatura e a\u00a0<\/span><strong data-pf_style_display=\"inline\" data-pf_style_visibility=\"visible\"><span class=\"text-node\">diminui\u00e7\u00e3o das chuvas<\/span><\/strong><span class=\"text-node\">, por exemplo, fez com que algumas esp\u00e9cies chamadas de \u201cgeneralistas\u201d expandissem suas \u00e1reas de ocorr\u00eancias. \u201cElas v\u00e3o acabar tomando o espa\u00e7o de outras \u00e1reas florestais\u201d, relata, \u201ce o contr\u00e1rio \u00e9 tamb\u00e9m poss\u00edvel: esp\u00e9cies mais sens\u00edveis podem deixar de existir\u201d.<\/span><\/p>\n<p data-pf_style_display=\"block\" data-pf_style_visibility=\"visible\"><span class=\"text-node\">Para\u00a0<\/span><strong data-pf_style_display=\"inline\" data-pf_style_visibility=\"visible\"><span class=\"text-node\">Darlene<\/span><\/strong><span class=\"text-node\">, o tempo de estudo dos impactos dos\u00a0<\/span><strong data-pf_style_display=\"inline\" data-pf_style_visibility=\"visible\"><span class=\"text-node\">eventos extremos<\/span><\/strong><span class=\"text-node\">\u00a0sobre a fauna e flora \u00e9 longo, primeiro pela falta de m\u00e3os em monitorar impactos cada vez mais frequentes, segundo pela an\u00e1lise a longo prazo. \u201cN\u00e3o \u00e9 s\u00f3 a quest\u00e3o da mortandade de animais e plantas. Tem efeitos que v\u00e3o demorar para aparecer, por exemplo, os ciclos biogeoqu\u00edmicos\u201d, afirma.<\/span><\/p>\n<p data-pf_style_display=\"block\" data-pf_style_visibility=\"visible\"><span class=\"text-node\">Se fogo e estiagem alteram o equil\u00edbrio socioambiental, as enchentes tamb\u00e9m mudam paisagens e ciclos naturais. Ainda se contabiliza os\u00a0<\/span><a href=\"https:\/\/www.ihu.unisinos.br\/categorias\/639075-chuvas-deixam-19-barragens-em-estado-de-atencao-no-rio-grande-do-sul\" target=\"_blank\" rel=\"noopener noreferrer\" data-pf_style_display=\"inline\" data-pf_style_visibility=\"visible\"><span class=\"text-node\">impactos das fortes chuvas<\/span><\/a><span class=\"text-node\">\u00a0do primeiro semestre no\u00a0<\/span><strong data-pf_style_display=\"inline\" data-pf_style_visibility=\"visible\"><span class=\"text-node\">Rio Grande do Sul<\/span><\/strong><span class=\"text-node\">, mas an\u00e1lises j\u00e1 mostram a migra\u00e7\u00e3o de peixes e anf\u00edbios, carregados para fora de seu habitat com a for\u00e7a da \u00e1gua.<\/span><\/p>\n<p data-pf_style_display=\"block\" data-pf_style_visibility=\"visible\"><span class=\"text-node\">As inunda\u00e7\u00f5es trazem impactos variados \u00e0\u00a0<\/span><strong data-pf_style_display=\"inline\" data-pf_style_visibility=\"visible\"><span class=\"text-node\">biodiversidade<\/span><\/strong><span class=\"text-node\">: mam\u00edferos terrestres podem at\u00e9 saber nadar, mas n\u00e3o conseguem por um longo per\u00edodo de tempo. Anf\u00edbios e r\u00e9pteis s\u00e3o melhores nadadores, mas a for\u00e7a das correntezas acaba afogando eles. J\u00e1 os insetos s\u00e3o os mais vulner\u00e1veis. Para alguns, a fauna aqu\u00e1tica do\u00a0<\/span><strong data-pf_style_display=\"inline\" data-pf_style_visibility=\"visible\"><span class=\"text-node\">Rio Grande do Sul<\/span><\/strong><span class=\"text-node\">, em geral, levar\u00e1 at\u00e9 dois anos para se recuperar.<\/span><\/p>\n<p data-pf_style_display=\"block\" data-pf_style_visibility=\"visible\"><span class=\"text-node\">J\u00e1 o solo \u00e9 outra hist\u00f3ria. Segundo\u00a0<\/span><a href=\"https:\/\/www.ihu.unisinos.br\/categorias\/591063-cientistas-rebatem-decisoes-do-governo-tomadas-sem-sustentacao-factual-ou-cientifica\" target=\"_blank\" rel=\"noopener noreferrer\" data-pf_style_display=\"inline\" data-pf_style_visibility=\"visible\"><span class=\"text-node\">Val\u00e9rio De Patta Pillar<\/span><\/a><span class=\"text-node\">, professor do\u00a0<\/span><strong data-pf_style_display=\"inline\" data-pf_style_visibility=\"visible\"><span class=\"text-node\">Departamento de Ecologia<\/span><\/strong><span class=\"text-node\">\u00a0do\u00a0<\/span><strong data-pf_style_display=\"inline\" data-pf_style_visibility=\"visible\"><span class=\"text-node\">Instituto de Bioci\u00eancias<\/span><\/strong><span class=\"text-node\">\u00a0da\u00a0<\/span><strong data-pf_style_display=\"inline\" data-pf_style_visibility=\"visible\"><span class=\"text-node\">UFRGS<\/span><\/strong><span class=\"text-node\">, o processo erosivo na regi\u00e3o foi tamanho que deve-se levar d\u00e9cadas, at\u00e9 s\u00e9culos, para se recuperar. \u201c\u00c9 de uma outra ordem de magnitude, n\u00e3o \u00e9 o tempo que leva para crescer e restaurar a vegeta\u00e7\u00e3o\u201d, afirma.<\/span><\/p>\n<p data-pf_style_display=\"block\" data-pf_style_visibility=\"visible\"><strong data-pf_style_display=\"inline\" data-pf_style_visibility=\"visible\"><span class=\"text-node\">Val\u00e9rio<\/span><\/strong><span class=\"text-node\">\u00a0aponta que a \u00e1gua adquiriu for\u00e7a e volume muito grande nas partes altas da bacia do\u00a0<\/span><strong data-pf_style_display=\"inline\" data-pf_style_visibility=\"visible\"><span class=\"text-node\">Taquari<\/span><\/strong><span class=\"text-node\">\u00a0que, sem cobertura da vegeta\u00e7\u00e3o nativa, carregou campos de commodities, em especial, de soja. An\u00e1lises posteriores mostram que o lado menos preservado do\u00a0<\/span><a href=\"https:\/\/www.ihu.unisinos.br\/categorias\/159-entrevistas\/635200-vale-do-taquari-ainda-vive-primeiros-impactos-psicologicos-das-enchentes-e-consequencias-futuras-sao-desconhecidas-entrevista-especial-com-gisele-dhein\" target=\"_blank\" rel=\"noopener noreferrer\" data-pf_style_display=\"inline\" data-pf_style_visibility=\"visible\"><span class=\"text-node\">Vale do Taquari<\/span><\/a><span class=\"text-node\">\u00a0foi o mais atingido e que a vegeta\u00e7\u00e3o nativa poderia ter reduzido o impacto da cat\u00e1strofe.<\/span><\/p>\n<p data-pf_style_display=\"block\" data-pf_style_visibility=\"visible\"><span class=\"text-node\">As\u00a0<\/span><strong data-pf_style_display=\"inline\" data-pf_style_visibility=\"visible\"><span class=\"text-node\">varia\u00e7\u00f5es clim\u00e1ticas<\/span><\/strong><span class=\"text-node\">\u00a0s\u00e3o normais e fazem parte do ciclo biol\u00f3gico das plantas e animais. Por\u00e9m, o que vemos atualmente \u00e9 a acentua\u00e7\u00e3o desses eventos, promovidos especialmente pela queima de combust\u00edveis f\u00f3sseis e desmatamento. N\u00e3o h\u00e1 espa\u00e7o para a natureza se regenerar. Os dist\u00farbios ecol\u00f3gicos que vemos acontecer nos \u00faltimos anos no\u00a0<\/span><strong data-pf_style_display=\"inline\" data-pf_style_visibility=\"visible\"><span class=\"text-node\">Pantanal<\/span><\/strong><span class=\"text-node\">,\u00a0<\/span><strong data-pf_style_display=\"inline\" data-pf_style_visibility=\"visible\"><span class=\"text-node\">Amaz\u00f4nia<\/span><\/strong><span class=\"text-node\">\u00a0e\u00a0<\/span><strong data-pf_style_display=\"inline\" data-pf_style_visibility=\"visible\"><span class=\"text-node\">Pampa<\/span><\/strong><span class=\"text-node\">\u00a0s\u00e3o reflexos de um todo, expresso na \u00faltima atualiza\u00e7\u00e3o do \u201c<\/span><strong data-pf_style_display=\"inline\" data-pf_style_visibility=\"visible\"><span class=\"text-node\">Planeta Vivo 2024: Um Sistema em Perigo<\/span><\/strong><span class=\"text-node\">\u201d, da ong\u00a0<\/span><strong data-pf_style_display=\"inline\" data-pf_style_visibility=\"visible\"><span class=\"text-node\">WWF<\/span><\/strong><span class=\"text-node\">.<\/span><\/p>\n<p data-pf_style_display=\"block\" data-pf_style_visibility=\"visible\"><span class=\"text-node\">O mundo perdeu 73% da biodiversidade em 50 anos, a\u00a0<\/span><strong data-pf_style_display=\"inline\" data-pf_style_visibility=\"visible\"><span class=\"text-node\">Am\u00e9rica Latina<\/span><\/strong><span class=\"text-node\">\u00a0e o\u00a0<\/span><strong data-pf_style_display=\"inline\" data-pf_style_visibility=\"visible\"><span class=\"text-node\">Caribe<\/span><\/strong><span class=\"text-node\">\u00a0registraram as maiores quedas m\u00e9dias nas popula\u00e7\u00f5es de animais selvagens, com uma impressionante redu\u00e7\u00e3o de 95%. N\u00e3o h\u00e1 mais tempo, a\u00e7\u00f5es de prote\u00e7\u00e3o \u00e0 fauna e flora s\u00e3o urgentes.<\/span><\/p>\n","protected":false},"excerpt":{"rendered":"<p>Especialistas correm contra o tempo para contabilizar danos \u00e0 fauna e flora;\u00a0enchentes e inc\u00eandios\u00a0est\u00e3o cada vez mais frequentes e atingem milhares de esp\u00e9cies.<\/p>\n","protected":false},"author":1,"featured_media":0,"comment_status":"closed","ping_status":"open","sticky":false,"template":"","format":"standard","meta":{"_exactmetrics_skip_tracking":false,"_exactmetrics_sitenote_active":false,"_exactmetrics_sitenote_note":"","_exactmetrics_sitenote_category":0,"jetpack_post_was_ever_published":false,"_jetpack_newsletter_access":"","_jetpack_dont_email_post_to_subs":false,"_jetpack_newsletter_tier_id":0,"_jetpack_memberships_contains_paywalled_content":false,"_jetpack_memberships_contains_paid_content":false,"footnotes":"","jetpack_publicize_message":"","jetpack_publicize_feature_enabled":true,"jetpack_social_post_already_shared":true,"jetpack_social_options":{"image_generator_settings":{"template":"highway","enabled":false},"version":2}},"categories":[1],"tags":[943,1111,1025],"class_list":["post-36087","post","type-post","status-publish","format-standard","hentry","category-notas","tag-enchentes","tag-incendios","tag-natureza"],"jetpack_publicize_connections":[],"jetpack_sharing_enabled":true,"jetpack_featured_media_url":"","jetpack_shortlink":"https:\/\/wp.me\/p7wKYW-9o3","jetpack-related-posts":[],"_links":{"self":[{"href":"http:\/\/blogdalucianaoliveira.com.br\/blog\/wp-json\/wp\/v2\/posts\/36087","targetHints":{"allow":["GET"]}}],"collection":[{"href":"http:\/\/blogdalucianaoliveira.com.br\/blog\/wp-json\/wp\/v2\/posts"}],"about":[{"href":"http:\/\/blogdalucianaoliveira.com.br\/blog\/wp-json\/wp\/v2\/types\/post"}],"author":[{"embeddable":true,"href":"http:\/\/blogdalucianaoliveira.com.br\/blog\/wp-json\/wp\/v2\/users\/1"}],"replies":[{"embeddable":true,"href":"http:\/\/blogdalucianaoliveira.com.br\/blog\/wp-json\/wp\/v2\/comments?post=36087"}],"version-history":[{"count":1,"href":"http:\/\/blogdalucianaoliveira.com.br\/blog\/wp-json\/wp\/v2\/posts\/36087\/revisions"}],"predecessor-version":[{"id":36089,"href":"http:\/\/blogdalucianaoliveira.com.br\/blog\/wp-json\/wp\/v2\/posts\/36087\/revisions\/36089"}],"wp:attachment":[{"href":"http:\/\/blogdalucianaoliveira.com.br\/blog\/wp-json\/wp\/v2\/media?parent=36087"}],"wp:term":[{"taxonomy":"category","embeddable":true,"href":"http:\/\/blogdalucianaoliveira.com.br\/blog\/wp-json\/wp\/v2\/categories?post=36087"},{"taxonomy":"post_tag","embeddable":true,"href":"http:\/\/blogdalucianaoliveira.com.br\/blog\/wp-json\/wp\/v2\/tags?post=36087"}],"curies":[{"name":"wp","href":"https:\/\/api.w.org\/{rel}","templated":true}]}}