{"id":36090,"date":"2024-10-16T09:46:06","date_gmt":"2024-10-16T13:46:06","guid":{"rendered":"https:\/\/blogdalucianaoliveira.com.br\/blog\/?p=36090"},"modified":"2024-10-16T09:46:06","modified_gmt":"2024-10-16T13:46:06","slug":"50-anos-das-relacoes-brasil-e-china-politica-externa-midia-e-ideologia","status":"publish","type":"post","link":"http:\/\/blogdalucianaoliveira.com.br\/blog\/2024\/10\/16\/50-anos-das-relacoes-brasil-e-china-politica-externa-midia-e-ideologia\/","title":{"rendered":"50 anos das Rela\u00e7\u00f5es Brasil e China: Pol\u00edtica Externa, M\u00eddia e Ideologia"},"content":{"rendered":"<p data-pf_style_display=\"block\" data-pf_style_visibility=\"visible\"><img data-recalc-dims=\"1\" loading=\"lazy\" decoding=\"async\" data-attachment-id=\"36091\" data-permalink=\"http:\/\/blogdalucianaoliveira.com.br\/blog\/2024\/10\/16\/50-anos-das-relacoes-brasil-e-china-politica-externa-midia-e-ideologia\/50-anos-relacoes-brasil-china1\/\" data-orig-file=\"https:\/\/i0.wp.com\/blogdalucianaoliveira.com.br\/blog\/wp-content\/uploads\/2024\/10\/50-anos-relacoes-brasil-china1.jpg?fit=1200%2C535\" data-orig-size=\"1200,535\" data-comments-opened=\"0\" data-image-meta=\"{&quot;aperture&quot;:&quot;0&quot;,&quot;credit&quot;:&quot;&quot;,&quot;camera&quot;:&quot;&quot;,&quot;caption&quot;:&quot;&quot;,&quot;created_timestamp&quot;:&quot;0&quot;,&quot;copyright&quot;:&quot;&quot;,&quot;focal_length&quot;:&quot;0&quot;,&quot;iso&quot;:&quot;0&quot;,&quot;shutter_speed&quot;:&quot;0&quot;,&quot;title&quot;:&quot;&quot;,&quot;orientation&quot;:&quot;1&quot;}\" data-image-title=\"50-anos-relacoes-brasil-china1\" data-image-description=\"\" data-image-caption=\"\" data-medium-file=\"https:\/\/i0.wp.com\/blogdalucianaoliveira.com.br\/blog\/wp-content\/uploads\/2024\/10\/50-anos-relacoes-brasil-china1.jpg?fit=300%2C134\" data-large-file=\"https:\/\/i0.wp.com\/blogdalucianaoliveira.com.br\/blog\/wp-content\/uploads\/2024\/10\/50-anos-relacoes-brasil-china1.jpg?fit=600%2C268\" class=\"alignnone size-full wp-image-36091\" src=\"https:\/\/i0.wp.com\/blogdalucianaoliveira.com.br\/blog\/wp-content\/uploads\/2024\/10\/50-anos-relacoes-brasil-china1.jpg?resize=600%2C268\" alt=\"\" width=\"600\" height=\"268\" srcset=\"https:\/\/i0.wp.com\/blogdalucianaoliveira.com.br\/blog\/wp-content\/uploads\/2024\/10\/50-anos-relacoes-brasil-china1.jpg?w=1200 1200w, https:\/\/i0.wp.com\/blogdalucianaoliveira.com.br\/blog\/wp-content\/uploads\/2024\/10\/50-anos-relacoes-brasil-china1.jpg?resize=300%2C134 300w, https:\/\/i0.wp.com\/blogdalucianaoliveira.com.br\/blog\/wp-content\/uploads\/2024\/10\/50-anos-relacoes-brasil-china1.jpg?resize=1024%2C457 1024w, https:\/\/i0.wp.com\/blogdalucianaoliveira.com.br\/blog\/wp-content\/uploads\/2024\/10\/50-anos-relacoes-brasil-china1.jpg?resize=768%2C342 768w, https:\/\/i0.wp.com\/blogdalucianaoliveira.com.br\/blog\/wp-content\/uploads\/2024\/10\/50-anos-relacoes-brasil-china1.jpg?resize=673%2C300 673w\" sizes=\"auto, (max-width: 600px) 100vw, 600px\" \/><\/p>\n<p class=\"has-medium-font-size\" data-pf_style_display=\"block\" data-pf_style_visibility=\"visible\">\n<p class=\"has-medium-font-size\" data-pf_style_display=\"block\" data-pf_style_visibility=\"visible\"><strong data-pf_style_display=\"inline\" data-pf_style_visibility=\"visible\"><em data-pf_style_display=\"inline\" data-pf_style_visibility=\"visible\"><span class=\"text-node\">No GGN, por Diana Dias, Gabriel Gesteira, Ismara Izepe de Souza,<\/span><span class=\"text-node\">\u00a0M\u00f4nica Almeida Pe\u00f1a e Tiago Amadei<\/span><\/em><\/strong><\/p>\n<p class=\"\" data-pf_style_display=\"block\" data-pf_style_visibility=\"visible\"><span class=\"text-node\">As rela\u00e7\u00f5es entre Brasil e China, que completam 50 anos em 2024, evolu\u00edram de um pragmatismo inicial durante o governo Geisel para uma parceria estrat\u00e9gica que abrange com\u00e9rcio, ci\u00eancia e tecnologia. Enquanto a imprensa brasileira tem historicamente refletido diferentes vis\u00f5es ideol\u00f3gicas sobre essa rela\u00e7\u00e3o, a China se consolidou como um parceiro fundamental para o Brasil, especialmente na economia e na coopera\u00e7\u00e3o multilateral. Contudo, estere\u00f3tipos negativos e desconfian\u00e7as permanecem entre setores mais conservadores.<\/span><!--more--><\/p>\n<p data-pf_style_display=\"block\" data-pf_style_visibility=\"visible\"><strong data-pf_style_display=\"inline\" data-pf_style_visibility=\"visible\"><span class=\"text-node\">Hist\u00f3rico das Rela\u00e7\u00f5es<\/span><\/strong><\/p>\n<p class=\"\" data-pf_style_display=\"block\" data-pf_style_visibility=\"visible\"><span class=\"text-node\">As Rela\u00e7\u00f5es Brasil-China, apesar de serem marcadas por\u00a0eventos do passado, como a imigra\u00e7\u00e3o chinesa ainda em tempos\u00a0<\/span><a href=\"https:\/\/www.migalhas.com.br\/depeso\/413341\/50-anos-das-relacoes-brasil-china-amizade-que-inaugura-uma-nova-era\" data-pf_style_display=\"inline\" data-pf_style_visibility=\"visible\"><span class=\"text-node\">imperiais<\/span><\/a><span class=\"text-node\">\u00a0e a pol\u00eamica\u00a0<\/span><a href=\"https:\/\/mst.org.br\/2024\/04\/02\/a-alianca-entre-nordeste-e-china-apavorava-o-imperialismo-antes-do-golpe-de-1964\/\" data-pf_style_display=\"inline\" data-pf_style_visibility=\"visible\"><span class=\"text-node\">visita<\/span><\/a><span class=\"text-node\">\u00a0do presidente Jo\u00e3o Goulart ao pa\u00eds asi\u00e1tico\u00a0 na d\u00e9cada de 1960, come\u00e7aram\u00a0<\/span><a href=\"https:\/\/www.politize.com.br\/relacoes-brasil-china\/\" data-pf_style_display=\"inline\" data-pf_style_visibility=\"visible\"><span class=\"text-node\">oficialmente<\/span><\/a><span class=\"text-node\">\u00a0em 1974. Neste ano, o governo Geisel (1974-1979) reconheceu a Rep\u00fablica Popular da China, a\u00e7\u00e3o que corroborava a sua\u00a0 pol\u00edtica externa pragm\u00e1tica.\u00a0 Em 1964, Jo\u00e3o Goulart foi\u00a0 deposto por um golpe militar\u00a0 sob a acusa\u00e7\u00e3o de ser comunista, devido \u00e0s reformas que seu governo propunha ao pa\u00eds. Geisel, o quarto a assumir o comando da ditadura militar que perdurou 21 anos,\u00a0 seguiu por uma linha diferente na pol\u00edtica externa, se comparada \u00e0 praticada pelo\u00a0 primeiro governo militar, qual seja, a de Castelo Branco, inaugurando o \u201cPragmatismo Respons\u00e1vel\u201d, que buscava autonomia nas rela\u00e7\u00f5es internacionais brasileiras atrav\u00e9s da diversifica\u00e7\u00e3o dos la\u00e7os com outras na\u00e7\u00f5es. Esse movimento era visto como essencial para o desenvolvimento nacional.<\/span><\/p>\n<p class=\"\" data-pf_style_display=\"block\" data-pf_style_visibility=\"visible\"><span class=\"text-node\">Um dos princ\u00edpios que o governo Geisel\u00a0 utilizou para abstrair as diferen\u00e7as ideol\u00f3gicas em sua condu\u00e7\u00e3o da pol\u00edtica externa foi o de \u201cn\u00e3o interfer\u00eancia em assuntos dom\u00e9sticos\u201d. Por tr\u00e1s disso, havia o descontentamento com a oposi\u00e7\u00e3o dos EUA ao programa nuclear brasileiro e um alerta no sentido da necessidade de se desvencilhar da excessiva depend\u00eancia econ\u00f4mica que o Brasil tinha do capital norte-americano. Mesmo mantendo boas rela\u00e7\u00f5es com os EUA, Geisel se aproximou da China, pois havia o entendimento que ambos os pa\u00edses poderiam buscar maior\u00a0 autonomia externa, cooperando\u00a0 para alcan\u00e7ar uma ordem internacional multipolar.\u00a0 Inicialmente o ritmo dos contatos n\u00e3o acompanhou as expectativas,\u00a0 pois na d\u00e9cada de 1980 o Brasil passava pela crise da D\u00edvida e a China ainda enfrentava o problema da pobreza. Com o retorno da democracia no Brasil e a abertura econ\u00f4mica da China, as rela\u00e7\u00f5es progrediram ainda mais, culminando em um acordo de coopera\u00e7\u00e3o na \u00e1rea de\u00a0 ci\u00eancia e tecnologia, que abriu espa\u00e7o para o Programa de Sat\u00e9lites Sino-Brasileiros de Recursos Terrestres (CBERS). Esse acordo foi assinado em 1988 quando o presidente Jos\u00e9 Sarney visitou a China e se encontrou com o l\u00edder do pa\u00eds, Deng Xiaoping<\/span><\/p>\n<p class=\"\" data-pf_style_display=\"block\" data-pf_style_visibility=\"visible\"><span class=\"text-node\">Em 1993, as rela\u00e7\u00f5es Brasil-China foram elevadas ao patamar de\u00a0<\/span><a href=\"https:\/\/www.gov.br\/agricultura\/pt-br\/assuntos\/noticias\/brasil-e-china-os-50-anos-de-parceria-que-revolucionam-o-seculo-xxi\" data-pf_style_display=\"inline\" data-pf_style_visibility=\"visible\"><span class=\"text-node\">Parceria Estrat\u00e9gica<\/span><\/a><span class=\"text-node\">, a primeira desse tipo entre pa\u00edses em desenvolvimento, que depois se tornaria Parceria Estrat\u00e9gica Global. Isso passou a significar que as rela\u00e7\u00f5es entre os dois pa\u00edses s\u00e3o importantes em v\u00e1rios setores, e implica numa coopera\u00e7\u00e3o a longo prazo. Em 1999 o primeiro sat\u00e9lite do CBERS\u00a0 foi lan\u00e7ado com sucesso e mais cinco seriam lan\u00e7ados no futuro, tudo isso demonstrando a for\u00e7a dos la\u00e7os entre os dois pa\u00edses.<\/span><\/p>\n<p data-pf_style_display=\"block\" data-pf_style_visibility=\"visible\"><strong data-pf_style_display=\"inline\" data-pf_style_visibility=\"visible\"><span class=\"text-node\">S\u00e9c XXI: De Lula I ao momento atual<\/span><\/strong><\/p>\n<p data-pf_style_display=\"block\" data-pf_style_visibility=\"visible\"><span class=\"text-node\">A partir da ascens\u00e3o de Luiz In\u00e1cio Lula da Silva \u00e0 presid\u00eancia, em 2003, as rela\u00e7\u00f5es diplom\u00e1ticas entre o Brasil e a China passaram a se destacar no cen\u00e1rio global. Ao assumir seu primeiro governo, Lula buscou expandir os la\u00e7os\u00a0<\/span><a href=\"https:\/\/relacoesexteriores.com.br\/relacao-bilateral-brasil-china\/\" data-pf_style_display=\"inline\" data-pf_style_visibility=\"visible\"><span class=\"text-node\">econ\u00f4micos e diplom\u00e1ticos<\/span><\/a><span class=\"text-node\">\u00a0do Brasil, com o objetivo de reduzir a depend\u00eancia hist\u00f3rica dos Estados Unidos e da Europa. Nesse contexto, a China se consolidou como um parceiro fundamental, especialmente nas \u00e1reas comercial e estrat\u00e9gica.<\/span><\/p>\n<p data-pf_style_display=\"block\" data-pf_style_visibility=\"visible\"><span class=\"text-node\">O com\u00e9rcio bilateral entre Brasil e China cresceu de forma significativa durante o primeiro mandato de Lula. A China rapidamente se tornou o maior destino das exporta\u00e7\u00f5es brasileiras, sobretudo de commodities como soja, min\u00e9rio de ferro e petr\u00f3leo. Essas rela\u00e7\u00f5es foram marcadas por uma intensa complementaridade econ\u00f4mica: o Brasil, com sua vasta base agr\u00edcola e de recursos naturais, atendia \u00e0 crescente demanda chinesa por mat\u00e9rias-primas, ao passo que importava da China produtos manufaturados, principalmente eletr\u00f4nicos e bens industriais.<\/span><\/p>\n<p data-pf_style_display=\"block\" data-pf_style_visibility=\"visible\"><span class=\"text-node\">Em 2004, Lula e o ent\u00e3o presidente chin\u00eas, Hu Jintao, selaram uma \u201cparceria estrat\u00e9gica\u201d entre os dois pa\u00edses, reafirmando o compromisso com a coopera\u00e7\u00e3o em \u00e1reas como ci\u00eancia e tecnologia, infraestrutura e energia. As rela\u00e7\u00f5es entre Brasil e China tamb\u00e9m se fortaleceram no campo da diplomacia multilateral, com ambos defendendo reformas nas institui\u00e7\u00f5es internacionais, para que essas melhor refletissem as novas realidades geopol\u00edticas do s\u00e9culo XXI. Esse movimento diplom\u00e1tico foi ainda refor\u00e7ado pela cria\u00e7\u00e3o dos BRICS (Brasil, R\u00fassia, \u00cdndia, China e \u00c1frica do Sul), um bloco em que Brasil e China compartilham interesses, como a coopera\u00e7\u00e3o Sul-Sul e a cria\u00e7\u00e3o de alternativas ao sistema financeiro global dominado pelo Ocidente.<\/span><\/p>\n<p data-pf_style_display=\"block\" data-pf_style_visibility=\"visible\"><span class=\"text-node\">Ao longo do segundo governo Lula (2007-2010) os investimentos chineses no Brasil continuaram a crescer substancialmente, especialmente em setores estrat\u00e9gicos como infraestrutura, energia e telecomunica\u00e7\u00f5es. A China passou a investir em grandes projetos no Brasil, como usinas de energia, ferrovias e portos, al\u00e9m de se consolidar como o principal comprador de produtos agr\u00edcolas brasileiros, particularmente a soja.<\/span><\/p>\n<p data-pf_style_display=\"block\" data-pf_style_visibility=\"visible\"><span class=\"text-node\">Durante o governo de Jair Bolsonaro (2019-2022), as rela\u00e7\u00f5es entre Brasil e China oscilaram entre tens\u00f5es pol\u00edticas e pragmatismo econ\u00f4mico. No in\u00edcio, Bolsonaro adotou uma postura cr\u00edtica em rela\u00e7\u00e3o \u00e0 China, alinhando-se a Donald Trump e acusando o pa\u00eds asi\u00e1tico de amea\u00e7ar a soberania brasileira por meio de investimentos em setores estrat\u00e9gicos. A ret\u00f3rica anti-China, exacerbada durante a pandemia de COVID-19 por membros do governo, gerou atritos diplom\u00e1ticos, como a fala do ex-ministro da Educa\u00e7\u00e3o Abraham Weintraub sobre a alimenta\u00e7\u00e3o chinesa, que, segundo ele, n\u00e3o demoraria a trazer uma \u201cnova pandemia\u201d. A declara\u00e7\u00e3o repercutiu internacionalmente e foi veementemente\u00a0<\/span><a href=\"https:\/\/www.cnnbrasil.com.br\/internacional\/embaixada-chinesa-aponta-cunho-racista-em-fala-de-weintraub-e-pede-retratacao\/\" data-pf_style_display=\"inline\" data-pf_style_visibility=\"visible\"><span class=\"text-node\">condenada<\/span><\/a><span class=\"text-node\">\u00a0pelo governo chin\u00eas que a apontou como racista.<\/span><\/p>\n<p data-pf_style_display=\"block\" data-pf_style_visibility=\"visible\"><span class=\"text-node\">Apesar das tens\u00f5es, a China permaneceu como o principal parceiro comercial do Brasil, especialmente no setor de exporta\u00e7\u00f5es de commodities como soja e carne. A depend\u00eancia brasileira da demanda chinesa, somada ao papel crucial da China no fornecimento de insumos para vacinas contra a COVID-19, for\u00e7ou um ajuste na postura de Bolsonaro. Com o tempo, o governo adotou uma abordagem mais pragm\u00e1tica, reconhecendo a import\u00e2ncia estrat\u00e9gica da rela\u00e7\u00e3o econ\u00f4mica com a China, apesar das diverg\u00eancias ideol\u00f3gicas e dos conflitos iniciais.<\/span><\/p>\n<p data-pf_style_display=\"block\" data-pf_style_visibility=\"visible\"><span class=\"text-node\">No terceiro mandato de Lula, iniciado em 2023, as rela\u00e7\u00f5es com a China permanecem uma prioridade estrat\u00e9gica para o Brasil. A rela\u00e7\u00e3o bilateral continua evoluindo, agora com novos desafios e oportunidades, como a transi\u00e7\u00e3o para uma economia mais sustent\u00e1vel e a crescente presen\u00e7a da China em setores de alta tecnologia e energia limpa no Brasil. O desenvolvimento das rela\u00e7\u00f5es Brasil-China reflete a vis\u00e3o de Lula de alinhar o Brasil com as principais pot\u00eancias emergentes, fortalecendo sua posi\u00e7\u00e3o global e promovendo a diversifica\u00e7\u00e3o de suas parcerias comerciais e diplom\u00e1ticas.<\/span><\/p>\n<p data-pf_style_display=\"block\" data-pf_style_visibility=\"visible\"><strong data-pf_style_display=\"inline\" data-pf_style_visibility=\"visible\"><span class=\"text-node\">A vis\u00e3o da imprensa no passado<\/span><\/strong><\/p>\n<p data-pf_style_display=\"block\" data-pf_style_visibility=\"visible\"><span class=\"text-node\">\u00a0\u00a0\u00a0\u00a0\u00a0\u00a0\u00a0\u00a0\u00a0 Quando observamos a consolida\u00e7\u00e3o das rela\u00e7\u00f5es entre Brasil e China no s\u00e9culo XXI, mal cogitamos as mais diversas opini\u00f5es que a imprensa\u00a0 tinha sobre esse tema no passado.\u00a0 No per\u00edodo que corresponde ao fim do Imp\u00e9rio e in\u00edcio da Rep\u00fablica, na segunda metade do s\u00e9culo XIX, de acordo com\u00a0<\/span><a href=\"https:\/\/www.bbc.com\/portuguese\/articles\/cx9nwyv58yno\" data-pf_style_display=\"inline\" data-pf_style_visibility=\"visible\"><span class=\"text-node\">artigo<\/span><\/a><span class=\"text-node\">\u00a0da BBC Brasil, houve a tentativa de trazer imigrantes chineses para substituir a m\u00e3o de obra escravizada. As elites pol\u00edticas e econ\u00f4micas, influenciadas pelas ideias do darwinismo social e outras em voga na Europa acerca das ra\u00e7as, avaliavam\u00a0 que as popula\u00e7\u00f5es negras (nacionais e africanas) se constitu\u00edam em\u00a0 trabalhadores indolentes e indisciplinados. Isso levou \u00e0 sugest\u00e3o do uso dos trabalhadores chineses como uma segunda op\u00e7\u00e3o aos\u00a0 brancos europeus (que preferiram migrar para os EUA e Argentina devido ao clima). Em 1879, foi elaborado um projeto na Assembleia da Prov\u00edncia de S\u00e3o Paulo acerca do\u00a0 emprego de chineses na lavoura de caf\u00e9 como solu\u00e7\u00e3o intermedi\u00e1ria do trabalho escravo para o livre. O projeto foi pautado tamb\u00e9m na C\u00e2mara dos Deputados, onde encontrou resist\u00eancia. Tanto apoiadores como detratores da ideia usavam argumentos racializados, de que os chineses seriam \u201ctrabalhadores disciplinados\u201d e serviriam de m\u00e3o de obra barata, ou por oposi\u00e7\u00e3o, de que eles seriam respons\u00e1veis por \u201cespalhar v\u00edcios e degradar as ra\u00e7as nacionais\u201d.<\/span><\/p>\n<p data-pf_style_display=\"block\" data-pf_style_visibility=\"visible\"><span class=\"text-node\">\u00a0\u00a0\u00a0\u00a0\u00a0\u00a0\u00a0\u00a0\u00a0 Podemos ver o reflexo dessas opini\u00f5es pol\u00edticas atrav\u00e9s de charges da \u00e9poca, como a\u00a0 estampada na capa da Revista Illustrada de 1881, cuja\u00a0 legenda afirma: \u201cPreto e amarelo. \u00c9 poss\u00edvel que haja quem entenda que a nossa lavoura s\u00f3 pode ser sustentada por essas duas ra\u00e7as t\u00e3o feias. Mau gosto!\u201d.<\/span><\/p>\n<figure class=\"wp-block-image size-full pf-caption flex-width blockImage pf-size-full\" data-pf_style_display=\"block\" data-pf_style_visibility=\"visible\"><img data-recalc-dims=\"1\" decoding=\"async\" class=\"wp-image-679226 pf-large-image caption-img flex-width pf-size-full blockImage\" src=\"https:\/\/i0.wp.com\/jornalggn.com.br\/wp-content\/uploads\/2024\/10\/opeb1.jpg?w=426&#038;ssl=1\" sizes=\"(max-width: 426px) 100vw, 426px\" srcset=\"https:\/\/jornalggn.com.br\/wp-content\/uploads\/2024\/10\/opeb1.jpg 426w, https:\/\/jornalggn.com.br\/wp-content\/uploads\/2024\/10\/opeb1-289x400.jpg 289w, https:\/\/jornalggn.com.br\/wp-content\/uploads\/2024\/10\/opeb1-141x195.jpg 141w, https:\/\/jornalggn.com.br\/wp-content\/uploads\/2024\/10\/opeb1-145x200.jpg 145w, https:\/\/jornalggn.com.br\/wp-content\/uploads\/2024\/10\/opeb1-90x125.jpg 90w, https:\/\/jornalggn.com.br\/wp-content\/uploads\/2024\/10\/opeb1-61x85.jpg 61w, https:\/\/jornalggn.com.br\/wp-content\/uploads\/2024\/10\/opeb1-150x207.jpg 150w\" alt=\"\"  data-pf_style_display=\"inline\" data-pf_style_visibility=\"visible\" data-pf_rect_width=\"426\" data-pf_rect_height=\"589\" \/><figcaption class=\"wp-element-caption\" data-pf_style_display=\"block\" data-pf_style_visibility=\"visible\"><span class=\"text-node\">Fonte: \u00c2ngelo Agostini \u2013 Biblioteca Nacional\/\u00a0<\/span><a href=\"https:\/\/docs.google.com\/document\/d\/1j33zG-1IhUtDbXvyCkiLUtLK-gy6ieQzOUkWz2my20Q\/edit\" data-pf_style_display=\"inline\" data-pf_style_visibility=\"visible\"><span class=\"text-node\">BBC<\/span><\/a><\/figcaption><\/figure>\n<p data-pf_style_display=\"block\" data-pf_style_visibility=\"visible\"><span class=\"text-node\">E outra, em resposta ao mesmo projeto, mostrando a lavoura brasileira, representada por uma mulher branca, amea\u00e7ada por outros grupos \u00e9tnicos:<\/span><\/p>\n<figure class=\"wp-block-image size-full pf-caption flex-width blockImage pf-size-full\" data-pf_style_display=\"block\" data-pf_style_visibility=\"visible\"><img data-recalc-dims=\"1\" decoding=\"async\" class=\"wp-image-679227 pf-large-image caption-img flex-width pf-size-full blockImage\" src=\"https:\/\/i0.wp.com\/jornalggn.com.br\/wp-content\/uploads\/2024\/10\/opeb2.jpg?w=600&#038;ssl=1\" sizes=\"(max-width: 655px) 100vw, 655px\" srcset=\"https:\/\/jornalggn.com.br\/wp-content\/uploads\/2024\/10\/opeb2.jpg 655w, https:\/\/jornalggn.com.br\/wp-content\/uploads\/2024\/10\/opeb2-344x195.jpg 344w, https:\/\/jornalggn.com.br\/wp-content\/uploads\/2024\/10\/opeb2-285x161.jpg 285w, https:\/\/jornalggn.com.br\/wp-content\/uploads\/2024\/10\/opeb2-221x125.jpg 221w, https:\/\/jornalggn.com.br\/wp-content\/uploads\/2024\/10\/opeb2-85x48.jpg 85w, https:\/\/jornalggn.com.br\/wp-content\/uploads\/2024\/10\/opeb2-150x85.jpg 150w\" alt=\"\"  data-pf_style_display=\"inline\" data-pf_style_visibility=\"visible\" data-pf_rect_width=\"655\" data-pf_rect_height=\"371\" \/><figcaption class=\"wp-element-caption\" data-pf_style_display=\"block\" data-pf_style_visibility=\"visible\"><span class=\"text-node\">Fonte: \u00c2ngelo Agostini \u2013 Biblioteca Nacional\/\u00a0<\/span><a href=\"https:\/\/docs.google.com\/document\/d\/1j33zG-1IhUtDbXvyCkiLUtLK-gy6ieQzOUkWz2my20Q\/edit\" data-pf_style_display=\"inline\" data-pf_style_visibility=\"visible\"><span class=\"text-node\">BBC<\/span><\/a><\/figcaption><\/figure>\n<p data-pf_style_display=\"block\" data-pf_style_visibility=\"visible\"><span class=\"text-node\">As charges acima derrubam o mito da cordialidade brasileira em rela\u00e7\u00e3o ao imigrante. Havia correntes dentro da sociedade brasileira que resistiam \u00e0 imigra\u00e7\u00e3o chinesa a partir de uma argumenta\u00e7\u00e3o repleta de estere\u00f3tipos e preconceitos. Em outros momentos da hist\u00f3ria brasileira os chineses foram retratados pela imprensa de maneira negativa, com men\u00e7\u00f5es e mensagens repletas de paran\u00f3ia e xenofobia. Quando da ren\u00fancia de J\u00e2nio Quadros, em 24 de agosto de 1961, seu vice estava em miss\u00e3o comercial \u00e0 China. Para al\u00e9m das suspeitas que pairavam sobre Jo\u00e3o Goulart, identificado com o trabalhismo varguista e com setores da esquerda, o fato de estar realizando uma viagem por pa\u00edses asi\u00e1ticos, dentre eles a China, de regime comunista, gerou uma s\u00e9rie de rea\u00e7\u00f5es da sociedade brasileira, inclusive da m\u00eddia, nacional e internacional. O jornal americano\u00a0 do\u00a0<\/span><em data-pf_style_display=\"inline\" data-pf_style_visibility=\"visible\"><span class=\"text-node\">The New York Times,\u00a0<\/span><\/em><span class=\"text-node\">conforme relatado em\u00a0<\/span><a href=\"https:\/\/mst.org.br\/2024\/04\/02\/a-alianca-entre-nordeste-e-china-apavorava-o-imperialismo-antes-do-golpe-de-1964\/\" data-pf_style_display=\"inline\" data-pf_style_visibility=\"visible\"><span class=\"text-node\">artigo<\/span><\/a><span class=\"text-node\">\u00a0publicado no portal do MST, classificou Jango, como Goulart era popularmente conhecido, como um admirador de Mao Tse Tung. Depois do golpe que retirou Goulart do poder, o mesmo jornal, em 3 de abril de 1964, noticiou em sua primeira p\u00e1gina que a deposi\u00e7\u00e3o de Jango havia sido \u201ca remo\u00e7\u00e3o de uma amea\u00e7a comunista imediata\u201d, mostrando o apoio desse ve\u00edculo de m\u00eddia ao golpe.<\/span><\/p>\n<p data-pf_style_display=\"block\" data-pf_style_visibility=\"visible\"><span class=\"text-node\">No Brasil, o\u00a0<\/span><a href=\"https:\/\/www.observatoriodaimprensa.com.br\/marcha-do-tempo\/o_golpe_passo_a_passo\/\" data-pf_style_display=\"inline\" data-pf_style_visibility=\"visible\"><span class=\"text-node\">jornal<\/span><\/a>\u00a0<em data-pf_style_display=\"inline\" data-pf_style_visibility=\"visible\"><span class=\"text-node\">O Globo<\/span><\/em><span class=\"text-node\">, no contexto da volta de Jango da China para assumir a presid\u00eancia em agosto de 1961, pediu para o povo aguardar o retorno \u00e0 normalidade republicana, afirmando que os militares tinham tudo sobre controle. Em um futuro pr\u00f3ximo eles passariam a ponderar sobre a amea\u00e7a representada por Jango. J\u00e1 o\u00a0<\/span><a href=\"https:\/\/www.observatoriodaimprensa.com.br\/marcha-do-tempo\/o_golpe_passo_a_passo\/\" data-pf_style_display=\"inline\" data-pf_style_visibility=\"visible\"><span class=\"text-node\">jornal<\/span><\/a>\u00a0<em data-pf_style_display=\"inline\" data-pf_style_visibility=\"visible\"><span class=\"text-node\">O Estado de S. Paulo<\/span><\/em><span class=\"text-node\">, mais radical, apoiava abertamente um golpe militar contra a posse de Jango, para evitar algum \u201cgolpe subversivo\u201d por parte dele. Apesar de haver alguns jornais defensores da legalidade, \u00e9 n\u00edtido que a viagem de Jango \u00e0 China causava desconforto e servia de combust\u00edvel para ve\u00edculos de m\u00eddia criticarem a sua posse.<\/span><\/p>\n<p data-pf_style_display=\"block\" data-pf_style_visibility=\"visible\"><strong data-pf_style_display=\"inline\" data-pf_style_visibility=\"visible\"><span class=\"text-node\">Como a imprensa avalia essa rela\u00e7\u00e3o, 50 anos depois?<\/span><\/strong><\/p>\n<p data-pf_style_display=\"block\" data-pf_style_visibility=\"visible\"><span class=\"text-node\">\u00a0Ap\u00f3s esse breve panorama, a seguir analisamos a forma pela qual alguns expoentes da m\u00eddia brasileira enxergam aspectos diversos das rela\u00e7\u00f5es entre Brasil e China. Mais especificamente, apresentaremos aqui os olhares da\u00a0<\/span><em data-pf_style_display=\"inline\" data-pf_style_visibility=\"visible\"><span class=\"text-node\">Revista Veja<\/span><\/em><span class=\"text-node\">, da\u00a0<\/span><em data-pf_style_display=\"inline\" data-pf_style_visibility=\"visible\"><span class=\"text-node\">Revista<\/span><\/em>\u00a0<em data-pf_style_display=\"inline\" data-pf_style_visibility=\"visible\"><span class=\"text-node\">Oeste<\/span><\/em><span class=\"text-node\">, do jornal\u00a0<\/span><em data-pf_style_display=\"inline\" data-pf_style_visibility=\"visible\"><span class=\"text-node\">Folha de S. Paulo\u00a0<\/span><\/em><span class=\"text-node\">e do site\u00a0<\/span><em data-pf_style_display=\"inline\" data-pf_style_visibility=\"visible\"><span class=\"text-node\">Brasil 247<\/span><\/em><span class=\"text-node\">, que oferecem diferentes perspectivas e vis\u00f5es sobre as rela\u00e7\u00f5es sino-brasileiras.<\/span><\/p>\n<p data-pf_style_display=\"block\" data-pf_style_visibility=\"visible\"><strong data-pf_style_display=\"inline\" data-pf_style_visibility=\"visible\"><span class=\"text-node\">Revistas\u00a0<\/span><em data-pf_style_display=\"inline\" data-pf_style_visibility=\"visible\"><span class=\"text-node\">Veja\u00a0<\/span><\/em><span class=\"text-node\">e\u00a0<\/span><em data-pf_style_display=\"inline\" data-pf_style_visibility=\"visible\"><span class=\"text-node\">Oeste<\/span><\/em><\/strong><\/p>\n<p data-pf_style_display=\"block\" data-pf_style_visibility=\"visible\"><span class=\"text-node\">Em maio de 2024, a\u00a0<\/span><em data-pf_style_display=\"inline\" data-pf_style_visibility=\"visible\"><span class=\"text-node\">Revista Veja<\/span><\/em><span class=\"text-node\">\u00a0divulgou uma mat\u00e9ria curta sobre o encontro em comemora\u00e7\u00e3o aos<\/span><a href=\"https:\/\/veja.abril.com.br\/coluna\/radar\/encontro-marca-os-50-anos-das-relacoes-diplomaticas-entre-brasil-e-china\" data-pf_style_display=\"inline\" data-pf_style_visibility=\"visible\"><span class=\"text-node\">50 anos das rela\u00e7\u00f5es diplom\u00e1ticas Brasil-China<\/span><\/a><span class=\"text-node\">\u00a0realizado em maio de 2024, em Bras\u00edlia, pelo Centro Brasileiro de Rela\u00e7\u00f5es Internacionais (CEBRI). De acordo com a not\u00edcia, participaram do evento autoridades e nomes do setor privado, especialistas dos dois pa\u00edses, al\u00e9m do vice-presidente da Rep\u00fablica, Geraldo Alckmin, do embaixador Eduardo Paes Saboia, do Itamaraty, e de Zhu Qingqiao, embaixador da China no Brasil.<\/span><\/p>\n<p data-pf_style_display=\"block\" data-pf_style_visibility=\"visible\"><span class=\"text-node\">Outra not\u00edcia, tamb\u00e9m pequena, abordou\u00a0 a ascens\u00e3o do com\u00e9rcio bilateral no ano em que se comemoram os 50 anos das rela\u00e7\u00f5es entre os Brasil e China. A\u00a0<\/span><em data-pf_style_display=\"inline\" data-pf_style_visibility=\"visible\"><span class=\"text-node\">Veja<\/span><\/em><span class=\"text-node\">\u00a0incidiu sobre dados econ\u00f4micos, afirmando que, de acordo com o<\/span><a href=\"https:\/\/veja.abril.com.br\/coluna\/radar-economico\/brasil-amplia-relacoes-comerciais-com-a-china-e-importacoes-crescem-13\/\" data-pf_style_display=\"inline\" data-pf_style_visibility=\"visible\"><span class=\"text-node\">Minist\u00e9rio do Desenvolvimento, Ind\u00fastria, Com\u00e9rcio e Servi\u00e7os (MDIC)<\/span><\/a><span class=\"text-node\">, foi registrado um aumento de 12,7% nas importa\u00e7\u00f5es brasileiras da China no primeiro trimestre de 2024 em compara\u00e7\u00e3o ao mesmo per\u00edodo do ano anterior. Houve aumento, tamb\u00e9m, nas exporta\u00e7\u00f5es brasileiras para a China, que representaram um aumento m\u00e9dio de 9,8%.<\/span><\/p>\n<p data-pf_style_display=\"block\" data-pf_style_visibility=\"visible\"><span class=\"text-node\">A\u00a0<\/span><em data-pf_style_display=\"inline\" data-pf_style_visibility=\"visible\"><span class=\"text-node\">Revista<\/span><\/em>\u00a0<em data-pf_style_display=\"inline\" data-pf_style_visibility=\"visible\"><span class=\"text-node\">Oeste<\/span><\/em><span class=\"text-node\">\u00a0dedicou pouco espa\u00e7o \u00e0s comemora\u00e7\u00f5es dos 50 anos das rela\u00e7\u00f5es sino-brasileiras, noticiando que a parceria, iniciada em 15 de agosto de 1974, faz da China, atualmente, o<\/span><a href=\"https:\/\/revistaoeste.com\/economia\/brasil-completa-50-anos-de-relacoes-diplomaticas-com-a-china-hoje-seu-principal-parceiro-comercial\/\" data-pf_style_display=\"inline\" data-pf_style_visibility=\"visible\"><span class=\"text-node\">principal parceiro comercial<\/span><\/a><span class=\"text-node\">\u00a0do Brasil. E se limitou a apresentar dados da balan\u00e7a comercial. Segundo dados da Secretaria de Com\u00e9rcio e Rela\u00e7\u00f5es Internacionais do Minist\u00e9rio de Rela\u00e7\u00f5es Exteriores, a China foi o principal importador do agroneg\u00f3cio no per\u00edodo de julho de 2023 a julho de 2024 (principais produtos: soja, milho, a\u00e7\u00facar, carnes bovina, de frango e su\u00edna, celulose e algod\u00e3o). O pa\u00eds exportou para o Brasil produtos florestais e t\u00eaxteis, com valor total em torno de US$1,18 bilh\u00e3o. Em junho de 2024, quando da\u00a0 visita \u00e0 China do ministro da Agricultura e Pecu\u00e1ria, Carlos F\u00e1varo, e do vice-presidente da Rep\u00fablica, Geraldo Alckmin, o governo brasileiro promoveu o caf\u00e9 nacional\u00a0 na maior rede de cafeterias chinesa, que resultou na venda de aproximadamente 120 mil toneladas de caf\u00e9.<\/span><\/p>\n<p data-pf_style_display=\"block\" data-pf_style_visibility=\"visible\"><span class=\"text-node\">A\u00a0<\/span><em data-pf_style_display=\"inline\" data-pf_style_visibility=\"visible\"><span class=\"text-node\">Revista Oeste<\/span><\/em><span class=\"text-node\">\u00a0 noticiou a vinda do chanceler chin\u00eas, Wang Yi, ao Brasil, em janeiro de 2024, e seu encontro com o chanceler brasileiro,<\/span><a href=\"https:\/\/revistaoeste.com\/mundo\/governo-lula-se-alinha-a-china-em-posicionamento-contra-a-independencia-de-taiwan\/\" data-pf_style_display=\"inline\" data-pf_style_visibility=\"visible\"><span class=\"text-node\">Mauro Vieira<\/span><\/a><span class=\"text-node\">, no Itamaraty. O encontro marcou mais uma edi\u00e7\u00e3o do Di\u00e1logo Estrat\u00e9gico Global Brasil\u2013China. Ap\u00f3s, os dois pa\u00edses assinaram acordo que estendeu o prazo m\u00e1ximo dos vistos entre os dois pa\u00edses de cinco para dez anos, al\u00e9m de terem conversado sobre as comemora\u00e7\u00f5es dos 50 anos de rela\u00e7\u00f5es diplom\u00e1ticas entre Brasil e China.<\/span><\/p>\n<p data-pf_style_display=\"block\" data-pf_style_visibility=\"visible\"><span class=\"text-node\">Pelo que se observa, n\u00e3o houve posicionamento editorial de nenhuma das duas revistas sobre a efem\u00e9ride. As not\u00edcias veiculadas se restringiram a mostrar dados objetivos sobre as rela\u00e7\u00f5es comerciais entre os dois pa\u00edses. N\u00e3o houve abordagem sobre os 50 anos de rela\u00e7\u00f5es diplom\u00e1ticas sob perspectivas positivas e\/ou negativas, apesar de mencionarem, e dos n\u00fameros demonstrarem, o aumento bilateral das transa\u00e7\u00f5es comerciais Brasil-China.<\/span><\/p>\n<p data-pf_style_display=\"block\" data-pf_style_visibility=\"visible\"><span class=\"text-node\">Para al\u00e9m das not\u00edcias sobre as comemora\u00e7\u00f5es relativas aos 50 anos das rela\u00e7\u00f5es diplom\u00e1ticas entre Brasil e China, as mat\u00e9rias sobre a China na\u00a0<\/span><em data-pf_style_display=\"inline\" data-pf_style_visibility=\"visible\"><span class=\"text-node\">Revista Oeste<\/span><\/em><span class=\"text-node\">\u00a0, em outros momentos, procuram transmitir uma imagem negativa do pa\u00eds, mesmo que indireta e veladamente. Exemplares disso s\u00e3o as not\u00edcias sobre o v\u00edrus da Covid-19 e a responsabilidade chinesa sobre a pandemia, veiculadas em per\u00edodos distintos.\u00a0 Trazemos aqui duas not\u00edcias que explicitam tal orienta\u00e7\u00e3o: uma not\u00edcia da\u00a0<\/span><em data-pf_style_display=\"inline\" data-pf_style_visibility=\"visible\"><span class=\"text-node\">Revista Veja<\/span><\/em><span class=\"text-node\">\u00a0 publicada em abril de 2023, e outra da\u00a0<\/span><em data-pf_style_display=\"inline\" data-pf_style_visibility=\"visible\"><span class=\"text-node\">Revista Oeste,\u00a0<\/span><\/em><span class=\"text-node\">publicada em janeiro de 2024, portanto, em per\u00edodo recente, quando a pandemia j\u00e1 havia se encerrado.<\/span><\/p>\n<p data-pf_style_display=\"block\" data-pf_style_visibility=\"visible\"><span class=\"text-node\">Com o t\u00edtulo \u201cA China produziu vacina contra Covid antes de revelar epidemia ao mundo?\u201d, a\u00a0<\/span><em data-pf_style_display=\"inline\" data-pf_style_visibility=\"visible\"><span class=\"text-node\">Revista Veja<\/span><\/em><span class=\"text-node\">, noticiou que, em 24 de fevereiro de 2020, ou seja, no in\u00edcio da pandemia do Covid-19,\u00a0 Yusen Zhou,<\/span><a href=\"https:\/\/veja.abril.com.br\/coluna\/mundialista\/a-china-produziu-vacina-contra-covid-antes-de-revelar-epidemia-ao-mundo\/\" data-pf_style_display=\"inline\" data-pf_style_visibility=\"visible\"><span class=\"text-node\">professor da Academia Militar de Ci\u00eancias M\u00e9dicas<\/span><\/a><span class=\"text-node\">, registrou a patente de uma vacina contra a Covid-19. Segundo informa\u00e7\u00f5es da revista, para que fosse registrada, qualquer vacina necessitaria de no m\u00ednimo dois a tr\u00eas meses para ser desenvolvida ou adaptada. Assim, o processo teria que ter come\u00e7ado em novembro de 2019. A epidemia s\u00f3 foi anunciada ao mundo em dezembro do mesmo ano. Tudo de acordo com relat\u00f3rio que a Subcomiss\u00e3o de Sa\u00fade do Senado americano produziu. Isso configuraria um ind\u00edcio de que o<\/span><a href=\"https:\/\/veja.abril.com.br\/coluna\/mundialista\/a-china-produziu-vacina-contra-covid-antes-de-revelar-epidemia-ao-mundo\/\" data-pf_style_display=\"inline\" data-pf_style_visibility=\"visible\"><span class=\"text-node\">governo chin\u00eas<\/span><\/a><span class=\"text-node\">\u00a0ocultou o in\u00edcio da epidemia. Ainda de acordo com a not\u00edcia, foram dois vazamentos acidentais no Instituto de Virologia de Wuhan que provocaram a morte de 6,8 milh\u00f5es de pessoas ao redor do mundo. Al\u00e9m do fato do instituto vender animais para abate em mercados que teriam sido usados no laborat\u00f3rio. As informa\u00e7\u00f5es que constaram no relat\u00f3rio d\u00e3o conta de que, em m\u00e9dia, 29 gatos civetas, hospedeiros confirmados da epidemia de Sars em 2003 e usados em pesquisas no instituto, foram vendidos nos dezessete mercados de<\/span><a href=\"https:\/\/veja.abril.com.br\/coluna\/mundialista\/a-china-produziu-vacina-contra-covid-antes-de-revelar-epidemia-ao-mundo\/\" data-pf_style_display=\"inline\" data-pf_style_visibility=\"visible\"><span class=\"text-node\">Wuhan<\/span><\/a><span class=\"text-node\">. Por\u00e9m, as evid\u00eancias de que os animais eram mesmo do laborat\u00f3rio eram indiretas.<\/span><\/p>\n<p data-pf_style_display=\"block\" data-pf_style_visibility=\"visible\"><span class=\"text-node\">A revista\u00a0<\/span><em data-pf_style_display=\"inline\" data-pf_style_visibility=\"visible\"><span class=\"text-node\">Veja<\/span><\/em><span class=\"text-node\">\u00a0trouxe o depoimento do senador republicano Roger Marshall, que participou da investiga\u00e7\u00e3o. Segundo o senador, um professor da Universidade Agr\u00edcola da China, em Pequim, foi condenado por corrup\u00e7\u00e3o decorrente da venda de animais usados em experi\u00eancias de laborat\u00f3rio. Ainda de acordo com o senador, a China teve oportunidades de desmentir os relat\u00f3rios referentes \u00e0 origem da Covid-19, por\u00e9m n\u00e3o o fez. O pa\u00eds estava respondendo ao v\u00edrus meses antes do mundo saber de sua exist\u00eancia. Sabia e n\u00e3o informou ao mundo. S\u00e3o acusa\u00e7\u00f5es graves que a revista publicou, por\u00e9m em nenhuma oportunidade procurou ouvir o que\u00a0<\/span><a href=\"https:\/\/veja.abril.com.br\/coluna\/mundialista\/a-china-produziu-vacina-contra-covid-antes-de-revelar-epidemia-ao-mundo\/\" data-pf_style_display=\"inline\" data-pf_style_visibility=\"visible\"><span class=\"text-node\">representantes chineses<\/span><\/a><span class=\"text-node\">\u00a0tinham a dizer.<\/span><\/p>\n<p data-pf_style_display=\"block\" data-pf_style_visibility=\"visible\"><span class=\"text-node\">A not\u00edcia na\u00a0<\/span><em data-pf_style_display=\"inline\" data-pf_style_visibility=\"visible\"><span class=\"text-node\">Revista Oeste<\/span><\/em><span class=\"text-node\">, com t\u00edtulo \u201cLaborat\u00f3rio chin\u00eas isolou covid-19 duas semanas antes de an\u00fancio oficial de Pequim, diz WSJ\u201d, semelhante \u00e0\u00a0<\/span><em data-pf_style_display=\"inline\" data-pf_style_visibility=\"visible\"><span class=\"text-node\">Revista<\/span><\/em>\u00a0<em data-pf_style_display=\"inline\" data-pf_style_visibility=\"visible\"><span class=\"text-node\">Veja<\/span><\/em><span class=\"text-node\">, abordou\u00a0 o isolamento e mapeamento do v\u00edrus por pesquisadores chineses em dezembro de 2019. A not\u00edcia tem como base a reportagem realizada pelo<\/span><a href=\"https:\/\/revistaoeste.com\/mundo\/laboratorio-chines-covid-19-pequim\/\" data-pf_style_display=\"inline\" data-pf_style_visibility=\"visible\"><span class=\"text-node\">The Wall Street Journal<\/span><\/a><span class=\"text-node\">, sobre investiga\u00e7\u00e3o realizada pelo Congresso dos Estados Unidos. A reportagem segue relatando\u00a0 que documentos obtidos do Departamento de Sa\u00fade e Servi\u00e7os Humanos dos EUA por um comit\u00ea da C\u00e2mara demonstram os atos de um pesquisador chin\u00eas em Pequim que carregou uma sequ\u00eancia quase completa da estrutura do v\u00edrus em um banco de dados administrado pelo governo dos EUA em<\/span><a href=\"https:\/\/revistaoeste.com\/mundo\/laboratorio-chines-covid-19-pequim\/\" data-pf_style_display=\"inline\" data-pf_style_visibility=\"visible\"><span class=\"text-node\">28 de dezembro de 2019<\/span><\/a><span class=\"text-node\">. Mas n\u00e3o mencionam\u00a0\u00a0 qual pesquisador, e em que banco de dados a sequ\u00eancia foi carregada. Sem esclarecer se a Covid-19 surgiu de um animal infectado ou de eventual fuga de laborat\u00f3rio, a reportagem finaliza afirmando\u00a0 que duas semanas a mais seriam essenciais para o mundo.<\/span><\/p>\n<p data-pf_style_display=\"block\" data-pf_style_visibility=\"visible\"><span class=\"text-node\">Outro exemplo que pode demonstrar a vis\u00e3o das duas revistas em rela\u00e7\u00e3o \u00e0 China diz respeito \u00e0 economia. A\u00a0<\/span><em data-pf_style_display=\"inline\" data-pf_style_visibility=\"visible\"><span class=\"text-node\">Revista Veja<\/span><\/em><span class=\"text-node\">\u00a0visitou o pa\u00eds antes da chegada do presidente Luiz In\u00e1cio Lula da Silva, que ocorreu em 24 de mar\u00e7o de 2023.\u00a0 Em mat\u00e9ria especial,\u00a0<\/span><em data-pf_style_display=\"inline\" data-pf_style_visibility=\"visible\"><span class=\"text-node\">Veja<\/span><\/em><span class=\"text-node\">\u00a0 registrou o otimismo do pa\u00eds em rela\u00e7\u00e3o \u00e0 recupera\u00e7\u00e3o da economia p\u00f3s-pandemia. O texto enfatiza o clima de euforia existente nas principais cidades e aborda o aumento das vendas no varejo em 3,5%, em compara\u00e7\u00e3o com os \u00edndices negativos dos tr\u00eas meses anteriores. Aborda tamb\u00e9m o aumento da produ\u00e7\u00e3o industrial de 2,4% no mesmo per\u00edodo e o aumento nos investimentos em manufatura e infraestrutura em 8% e 9%, respectivamente. Al\u00e9m de mencionar<\/span><a href=\"https:\/\/veja.abril.com.br\/mundo\/veja-visita-a-china-e-mostra-poderio-economico-do-pais-que-recebera-lula\/\" data-pf_style_display=\"inline\" data-pf_style_visibility=\"visible\"><span class=\"text-node\">meta cautelosa<\/span><\/a><span class=\"text-node\">\u00a0do governo chin\u00eas que estabeleceu 5% de crescimento do PIB para 2023. Menciona, ainda, o fato de que o presidente Lula chegaria \u00e0 China em um cen\u00e1rio de expectativas em alta e com o prop\u00f3sito de fortalecer o lugar de destaque do Brasil na reacelera\u00e7\u00e3o do seu principal parceiro comercial. A reportagem n\u00e3o critica a visita do presidente brasileiro, sendo bastante elucidativa da din\u00e2mica econ\u00f4mica chinesa.\u00a0<\/span><em data-pf_style_display=\"inline\" data-pf_style_visibility=\"visible\"><span class=\"text-node\">Veja<\/span><\/em><span class=\"text-node\">, no que se refere ao encontro pol\u00edtico, apresenta o reconhecimento da import\u00e2ncia chinesa para o Brasil e para o mundo. O fato de ter enviado seus jornalistas para a China indica a valoriza\u00e7\u00e3o do tema pela referida revista.<\/span><\/p>\n<p data-pf_style_display=\"block\" data-pf_style_visibility=\"visible\"><span class=\"text-node\">No que tange \u00e0s quest\u00f5es comerciais, a\u00a0<\/span><em data-pf_style_display=\"inline\" data-pf_style_visibility=\"visible\"><span class=\"text-node\">Revista Veja<\/span><\/em><span class=\"text-node\">, em agosto de 2023, deu visibilidade aos efeitos da\u00a0 redu\u00e7\u00e3o da taxa de juros diante de \u201ccrescentes tens\u00f5es econ\u00f4micas no gigante asi\u00e1tico\u201d. A\u00a0<\/span><em data-pf_style_display=\"inline\" data-pf_style_visibility=\"visible\"><span class=\"text-node\">Revista\u00a0<\/span><\/em><span class=\"text-node\">informou que o governo de<\/span><a href=\"https:\/\/veja.abril.com.br\/economia\/dados-vindos-da-china-hasteiam-bandeira-de-alerta-nos-mercados\/\" data-pf_style_display=\"inline\" data-pf_style_visibility=\"visible\"><span class=\"text-node\">Xi Jinping<\/span><\/a><span class=\"text-node\">\u00a0estava focado na reanima\u00e7\u00e3o do setor econ\u00f4mico sem a necessidade de recorrer a est\u00edmulos massivos. A reportagem d\u00e1 voz tanto \u00e0s autoridades chinesas, como ao porta-voz do minist\u00e9rio das Rela\u00e7\u00f5es Exteriores, Wang Wenbin, que afirma que as cr\u00edticas e temores ocidentais \u201cest\u00e3o equivocados\u201d, fazendo alus\u00e3o a Joe Biden, que alega \u201cque os crescentes problemas do pa\u00eds asi\u00e1tico constituem uma \u2018bomba-rel\u00f3gio\u2019\u201d.<\/span><\/p>\n<p data-pf_style_display=\"block\" data-pf_style_visibility=\"visible\"><span class=\"text-node\">Em um tom extremamente cr\u00edtico, em abril de 2023, a\u00a0<\/span><em data-pf_style_display=\"inline\" data-pf_style_visibility=\"visible\"><span class=\"text-node\">Revista Oeste<\/span><\/em><span class=\"text-node\">\u00a0fez um balan\u00e7o negativo sobre os resultados da visita do presidente brasileiro \u00e0 China. Na mat\u00e9ria \u201cLula p\u00f5e o Brasil em risco ao assinar 15 acordos comerciais com a China\u2019,\u00a0<\/span><em data-pf_style_display=\"inline\" data-pf_style_visibility=\"visible\"><span class=\"text-node\">Oeste<\/span><\/em><span class=\"text-node\">\u00a0consultou \u201cespecialistas\u201d, sendo um deles\u00a0\u00a0 o ex-ministro das Rela\u00e7\u00f5es Exteriores Ernesto Ara\u00fajo, que afirmou que os acordos entre Brasil e China sempre t\u00eam objetivos pol\u00edticos, nunca objetivos unicamente comerciais, avaliando que os<\/span><a href=\"https:\/\/revistaoeste.com\/mundo\/lula-brasil-em-risco-ao-assinar-15-acordos-comerciais-com-a-china\/\" data-pf_style_display=\"inline\" data-pf_style_visibility=\"visible\"><span class=\"text-node\">\u00a0acordos refor\u00e7am a ideia chinesa de consolidar sua hegemonia no mundo<\/span><\/a><span class=\"text-node\">. Ara\u00fajo tamb\u00e9m comentou poss\u00edveis danos ao agroneg\u00f3cio brasileiro. De acordo com o ex-ministro, \u201c\u00c9 errado pensar que a China \u00e9 importante para o agroneg\u00f3cio, por ser o nosso principal mercado, na verdade, \u00e9 o contr\u00e1rio. N\u00e3o \u00e9 o Brasil que est\u00e1 produzindo e a China que est\u00e1 l\u00e1, passivamente, comprando. N\u00e3o. O agroneg\u00f3cio brasileiro \u00e9 importante apenas porque est\u00e1 inserido na estrat\u00e9gia do PCC de se firmar como fonte priorit\u00e1ria de alimentos para a sua popula\u00e7\u00e3o. A China vem e \u2018manda\u2019 o agroneg\u00f3cio brasileiro produzir o que ela quer, quando quer, como quer.\u201d<\/span><\/p>\n<p data-pf_style_display=\"block\" data-pf_style_visibility=\"visible\"><span class=\"text-node\">Pode-se exemplificar a vis\u00e3o pessimista que a\u00a0<\/span><em data-pf_style_display=\"inline\" data-pf_style_visibility=\"visible\"><span class=\"text-node\">Revista<\/span><\/em>\u00a0<em data-pf_style_display=\"inline\" data-pf_style_visibility=\"visible\"><span class=\"text-node\">Oeste<\/span><\/em><span class=\"text-node\">\u00a0deseja transmitir da China pela mat\u00e9ria que aborda a possibilidade da pandemia do Covid-19 ter se tornado o in\u00edcio do decl\u00ednio da pot\u00eancia. A reportagem ressalta a falta de transpar\u00eancia interna chinesa, o controle centralizado no Partido Comunista como \u00f4nus \u00e0 manuten\u00e7\u00e3o do crescimento chin\u00eas. O recado principal que a reportagem transmite \u00e9 que a China pode estar revertendo seu crescimento e sua capacidade de atrair investimentos, podendo declinar como pot\u00eancia. Como a\u00a0<\/span><em data-pf_style_display=\"inline\" data-pf_style_visibility=\"visible\"><span class=\"text-node\">Revista Veja<\/span><\/em><span class=\"text-node\">, a\u00a0<\/span><em data-pf_style_display=\"inline\" data-pf_style_visibility=\"visible\"><span class=\"text-node\">Oeste\u00a0<\/span><\/em><span class=\"text-node\">demonstrou preocupa\u00e7\u00e3o com a taxa de juros chinesa que, em agosto de 2022, foi reduzida para 2,75% ao ano para estimular a economia. As mat\u00e9rias da\u00a0<\/span><em data-pf_style_display=\"inline\" data-pf_style_visibility=\"visible\"><span class=\"text-node\">Revista Oeste<\/span><\/em><span class=\"text-node\">\u00a0apontam para dados negativos sobre a economia chinesa, afirmando que\u00a0 os \u00edndices da ind\u00fastria e do com\u00e9rcio em julho de 2022 tinham ficado abaixo das expectativas. A\u00a0<\/span><a href=\"https:\/\/revistaoeste.com\/mundo\/china-reduz-taxa-de-juros-de-emprestimos-para-estimular-a-economia\/\" data-pf_style_display=\"inline\" data-pf_style_visibility=\"visible\"><span class=\"text-node\">produ\u00e7\u00e3o industrial chinesa<\/span><\/a><span class=\"text-node\">, segundo a mat\u00e9ria, havia subido\u00a0 quase 4% em julho, tendo resultados abaixo do esperado, segundo\u00a0 o Escrit\u00f3rio Nacional de Estat\u00edsticas. J\u00e1 o com\u00e9rcio varejista cresceu 3% em ritmo anual, contra 3,1% em junho. O desemprego urbano caiu para 5,4%, mas o desemprego entre os jovens subiu para um recorde de cerca de 20%, segundo o departamento de estat\u00edsticas.<\/span><\/p>\n<p data-pf_style_display=\"block\" data-pf_style_visibility=\"visible\"><span class=\"text-node\">Em outubro de 2023, a\u00a0<\/span><em data-pf_style_display=\"inline\" data-pf_style_visibility=\"visible\"><span class=\"text-node\">Revista Oeste<\/span><\/em><span class=\"text-node\">\u00a0direcionou o olhar do leitor para a fraca atividade industrial chinesa. Cabe observar\u00a0 que,\u00a0 apesar desses fatos, o<\/span><a href=\"https:\/\/revistaoeste.com\/economia\/atividade-fraca-da-industria-confirma-dificuldades-economicas-da-china\/\" data-pf_style_display=\"inline\" data-pf_style_visibility=\"visible\"><span class=\"text-node\">PIB do pa\u00eds cresceu 4,9%<\/span><\/a><span class=\"text-node\">\u00a0no terceiro trimestre, bem acima das expectativas.<\/span><\/p>\n<p data-pf_style_display=\"block\" data-pf_style_visibility=\"visible\"><span class=\"text-node\">\u00a0A vis\u00e3o que a revista estimula \u00e9 a de pessimismo, dando \u00eanfase em dados do com\u00e9rcio e do varejo que seriam decepcionantes, como o crescimento econ\u00f4mico estabelecido pelo governo chin\u00eas para 2023 de 5%, o menor em d\u00e9cadas.<\/span><\/p>\n<p data-pf_style_display=\"block\" data-pf_style_visibility=\"visible\"><span class=\"text-node\">Mat\u00e9ria mais recente da\u00a0<\/span><em data-pf_style_display=\"inline\" data-pf_style_visibility=\"visible\"><span class=\"text-node\">Oeste,<\/span><\/em><span class=\"text-node\">\u00a0de julho de 2024, reproduziu preocupa\u00e7\u00e3o da revista inglesa\u00a0<\/span><em data-pf_style_display=\"inline\" data-pf_style_visibility=\"visible\"><span class=\"text-node\">The Economist<\/span><\/em><span class=\"text-node\">\u00a0em rela\u00e7\u00e3o \u00e0 expans\u00e3o chinesa na Am\u00e9rica Latina. De acordo com a mat\u00e9ria, l\u00edderes da regi\u00e3o n\u00e3o levam em considera\u00e7\u00e3o os riscos crescentes de depend\u00eancia. De acordo com a reportagem, o com\u00e9rcio bilateral entre China e Am\u00e9rica Latina cresceu de US$18 bilh\u00f5es para US$450 bilh\u00f5es em 20 anos (de 2002 a 2022).<\/span><a href=\"https:\/\/revistaoeste.com\/imprensa\/the-economist-expansao-da-china-na-america-latina-preocupa\/\" data-pf_style_display=\"inline\" data-pf_style_visibility=\"visible\"><span class=\"text-node\">Isso faz da China o maior parceiro comercial de Brasil, Chile e Peru, superando os Estados Unidos, na Am\u00e9rica do Sul<\/span><\/a><span class=\"text-node\">.<\/span><\/p>\n<p data-pf_style_display=\"block\" data-pf_style_visibility=\"visible\"><strong data-pf_style_display=\"inline\" data-pf_style_visibility=\"visible\"><em data-pf_style_display=\"inline\" data-pf_style_visibility=\"visible\"><span class=\"text-node\">Folha de S. Paulo<\/span><\/em><\/strong><strong data-pf_style_display=\"inline\" data-pf_style_visibility=\"visible\"><span class=\"text-node\">\u00a0e\u00a0<\/span><em data-pf_style_display=\"inline\" data-pf_style_visibility=\"visible\"><span class=\"text-node\">Brasil 247<\/span><\/em><\/strong><\/p>\n<p data-pf_style_display=\"block\" data-pf_style_visibility=\"visible\"><span class=\"text-node\">\u00a0Apesar de n\u00e3o abordar o tema atrav\u00e9s dos editoriais, a\u00a0<\/span><em data-pf_style_display=\"inline\" data-pf_style_visibility=\"visible\"><span class=\"text-node\">Folha de S. Paulo\u00a0<\/span><\/em><span class=\"text-node\">publicou uma s\u00e9rie de mat\u00e9rias denominada \u201cBrasil-China, 50\u201d, que\u00a0 oferece uma an\u00e1lise do passado e perspectivas sobre o futuro das rela\u00e7\u00f5es entre os dois pa\u00edses, discutindo tanto a import\u00e2ncia econ\u00f4mica quanto geopol\u00edtica dessa parceria. Assim, o artigo\u00a0<\/span><a href=\"https:\/\/www1.folha.uol.com.br\/mundo\/2024\/08\/pragmatismo-recado-aos-eua-e-cafe-levaram-ditadura-brasileira-a-reatar-com-a-china.shtml\" data-pf_style_display=\"inline\" data-pf_style_visibility=\"visible\"><span class=\"text-node\">Pragmatismo, recado aos EUA e caf\u00e9 levaram ditadura brasileira a reatar com a China<\/span><\/a><span class=\"text-node\">\u00a0traz observa\u00e7\u00f5es sobre a retomada das rela\u00e7\u00f5es diplom\u00e1ticas em 1974 em plena ditadura militar, e como essa reaproxima\u00e7\u00e3o foi fruto da \u201cpol\u00edtica externa pragm\u00e1tica, respons\u00e1vel e ecum\u00eanica\u201d adotada pelo Brasil. Em\u00a0<\/span><a href=\"https:\/\/www1.folha.uol.com.br\/mundo\/2024\/08\/brasil-e-china-completam-50-anos-de-relacoes-diplomaticas-de-olho-em-visita-de-xi.shtml\" data-pf_style_display=\"inline\" data-pf_style_visibility=\"visible\"><span class=\"text-node\">Brasil e China completam 50 anos de rela\u00e7\u00f5es diplom\u00e1ticas de olho\u00a0<\/span><\/a><a href=\"https:\/\/www1.folha.uol.com.br\/mundo\/2024\/08\/brasil-e-china-completam-50-anos-de-relacoes-diplomaticas-de-olho-em-visita-de-xi.shtml\" data-pf_style_display=\"inline\" data-pf_style_visibility=\"visible\"><span class=\"text-node\">em visita<\/span><\/a><a href=\"https:\/\/www1.folha.uol.com.br\/mundo\/2024\/08\/brasil-e-china-completam-50-anos-de-relacoes-diplomaticas-de-olho-em-visita-de-xi.shtml\" data-pf_style_display=\"inline\" data-pf_style_visibility=\"visible\"><span class=\"text-node\">\u00a0de Xi<\/span><\/a><span class=\"text-node\">\u00a0o foco maior est\u00e1 nos acordos a serem assinados, durante a visita de Xi Jinping, prevista para ocorrer em novembro de 2024. O presidente Lula, que inicialmente resistiu \u00e0 ideia de aderir \u00e0 Iniciativa Cintur\u00e3o e Rota da China, come\u00e7ou a considerar a possibilidade no \u00faltimo m\u00eas. Em entrevista \u00e0 ag\u00eancia Xinhua, ele afirmou que o Brasil quer entender sua posi\u00e7\u00e3o nesse programa, sugerindo que o pa\u00eds pretende ter um papel central. Em resposta, a porta-voz chinesa Mao Ning indicou que a China est\u00e1 ansiosa pela participa\u00e7\u00e3o do Brasil. Lula deseja expandir a parceria estrat\u00e9gica al\u00e9m das commodities, focando em \u00e1reas como ci\u00eancia, tecnologia, e produ\u00e7\u00e3o de chips. Celso Amorim, assessor especial de pol\u00edtica externa de Lula, prev\u00ea uma coopera\u00e7\u00e3o tecnol\u00f3gica forte, incluindo projetos de impacto, como a produ\u00e7\u00e3o de baterias para carros el\u00e9tricos no Brasil. Embora haja certa resist\u00eancia burocr\u00e1tica \u00e0 entrada na Iniciativa, Amorim acredita que o importante \u00e9 negociar projetos que tragam benef\u00edcios concretos para o Brasil.<\/span><\/p>\n<p data-pf_style_display=\"block\" data-pf_style_visibility=\"visible\"><span class=\"text-node\">A\u00a0<\/span><em data-pf_style_display=\"inline\" data-pf_style_visibility=\"visible\"><span class=\"text-node\">Folha de S. Paulo<\/span><\/em><span class=\"text-node\">\u00a0tamb\u00e9m deu voz em dois dos seus artigos de opini\u00e3o para o ministro das Rela\u00e7\u00f5es Exteriores da Rep\u00fablica Popular da China, Wang Yi, e para o c\u00f4nsul-geral da China em S\u00e3o Paulo, Yu Peng. Em seu texto,\u00a0<\/span><a href=\"https:\/\/www1.folha.uol.com.br\/opiniao\/2024\/08\/50-anos-das-relacoes-brasil-china.shtml\" data-pf_style_display=\"inline\" data-pf_style_visibility=\"visible\"><span class=\"text-node\">50 anos das rela\u00e7\u00f5es Brasil-China<\/span><\/a><span class=\"text-node\">, o ministro festeja o cinquenten\u00e1rio de rela\u00e7\u00f5es entre os dois pa\u00edses, citando diversos exemplos e momentos em que ambos cooperaram de forma significativa para o desenvolvimento. Faz ainda men\u00e7\u00e3o ao Programa Sino-Brasileiro de Sat\u00e9lites de Recursos Terrestres (CBERS), \u00e0s linhas de transmiss\u00e3o em ultra-alta tens\u00e3o da usina hidrel\u00e9trica Belo Monte e \u00e0 coopera\u00e7\u00e3o da China com o Brasil para o desenvolvimento das vacinas durante a pandemia de Covid-19, como exemplos de \u201ccoopera\u00e7\u00e3o Sul-Sul em alta tecnologia\u201d (YI, 2024). Se referindo aos dois pa\u00edses como \u201crepresentantes das economias emergentes\u201d, Yi destaca ao longo de seu artigo o bom relacionamento e colabora\u00e7\u00e3o estrat\u00e9gica de ambas as na\u00e7\u00f5es nos \u00faltimos 50 anos. \u00c9 interessante que um dia depois essa publica\u00e7\u00e3o (16\/08\/2024), o artigo\u00a0<\/span><a href=\"https:\/\/www1.folha.uol.com.br\/colunas\/igor-patrick\/2024\/08\/dilema-entre-interesses-e-valores-ditara-os-proximos-50-anos-de-brasil-china.shtml\" data-pf_style_display=\"inline\" data-pf_style_visibility=\"visible\"><span class=\"text-node\">Dilema entre interesses e valores ditar\u00e1 os pr\u00f3ximos 50 anos de Brasil-China<\/span><\/a><span class=\"text-node\">\u00a0critica um termo usado por Wang Yi. O termo em quest\u00e3o foi traduzido do chin\u00eas pelo chanceler como \u201cmandato dos c\u00e9us\u201d e utilizado para descrever que uma pessoa de 50 anos j\u00e1 sabe o que quer da vida, mas o jornalista Igor Patrick, mestre em estudos da China, analisa que uma tradu\u00e7\u00e3o mais adequada seria \u201cdestino\u201d. E discorda da afirma\u00e7\u00e3o. Al\u00e9m disso, o artigo \u00e9 um dos \u00fanicos encontrados na\u00a0<\/span><em data-pf_style_display=\"inline\" data-pf_style_visibility=\"visible\"><span class=\"text-node\">Folha\u00a0<\/span><\/em><span class=\"text-node\">a esbo\u00e7ar um ttom negativo sobre a China. O jornalista discorre sobre o pragmatismo que marca o engajamento da China com o mundo, criticando\u00a0 a forma pela qual o pa\u00eds levou suas rela\u00e7\u00f5es internacionais: fazendo neg\u00f3cios e preservando seus interesses, deixando de lado valores como direitos humanos, democracia e liberdades individuais. Diferentemente das outras mat\u00e9rias publicadas pela\u00a0<\/span><em data-pf_style_display=\"inline\" data-pf_style_visibility=\"visible\"><span class=\"text-node\">Folha de S. Paulo,\u00a0<\/span><\/em><span class=\"text-node\">h\u00e1 tamb\u00e9m um tom mais c\u00e9tico sobre os poss\u00edveis ganhos para o Brasil nas trocas com a China.<\/span><\/p>\n<p data-pf_style_display=\"block\" data-pf_style_visibility=\"visible\"><span class=\"text-node\">Por outro lado, o\u00a0<\/span><em data-pf_style_display=\"inline\" data-pf_style_visibility=\"visible\"><span class=\"text-node\">Brasil 247<\/span><\/em><span class=\"text-node\">\u00a0comemorou os 50 anos de rela\u00e7\u00f5es diplom\u00e1ticas entre Brasil e China de forma mais veemente. \u00c9 destacada uma abordagem otimista e de celebra\u00e7\u00e3o m\u00fatua, enfatizando que a rela\u00e7\u00e3o entre Brasil e China se construiu com base na confian\u00e7a, coopera\u00e7\u00e3o e no desenvolvimento m\u00fatuo ao longo das \u00faltimas d\u00e9cadas. O portal ressalta que a parceria estrat\u00e9gica estabelecida entre os dois pa\u00edses em 1993, e a eleva\u00e7\u00e3o do status para uma Parceria Estrat\u00e9gica Global em 2012, foram marcos significativos, e que a China se consolidou como o maior parceiro comercial do Brasil desde 2009. Al\u00e9m disso, a coopera\u00e7\u00e3o se expandiu para \u00e1reas como infraestrutura, ci\u00eancia e tecnologia, e a defesa de interesses comuns no cen\u00e1rio internacional, como no BRICS e nas Na\u00e7\u00f5es Unidas.<\/span><\/p>\n<p data-pf_style_display=\"block\" data-pf_style_visibility=\"visible\"><span class=\"text-node\">A vis\u00e3o do jornal sobre as comemora\u00e7\u00f5es destaca a import\u00e2ncia estrat\u00e9gica e hist\u00f3rica dessa parceria, enfatizando os benef\u00edcios econ\u00f4micos e pol\u00edticos que surgiram ao longo desse per\u00edodo. Segundo a mat\u00e9ria\u00a0<\/span><a href=\"https:\/\/www.brasil247.com\/blog\/ha-50-anos-brasil-e-china-cultivam-uma-relacao-de-amizade-e-prosperidade-comum\" data-pf_style_display=\"inline\" data-pf_style_visibility=\"visible\"><span class=\"text-node\">H\u00e1 50 anos, Brasil e China cultivam uma rela\u00e7\u00e3o de amizade e prosperidade comum<\/span><\/a><span class=\"text-node\">, a alian\u00e7a entre os dois pa\u00edses foi marcada pela crescente coopera\u00e7\u00e3o econ\u00f4mica, especialmente nas \u00e1reas de com\u00e9rcio e investimento. O texto ressalta que essa parceria foi ben\u00e9fica para ambas as na\u00e7\u00f5es, com a China se tornando o principal parceiro comercial do Brasil, particularmente no setor de commodities, como soja e min\u00e9rio de ferro.<\/span><\/p>\n<p data-pf_style_display=\"block\" data-pf_style_visibility=\"visible\"><span class=\"text-node\">Em\u00a0<\/span><a href=\"https:\/\/www.brasil247.com\/blog\/50-anos-da-diplomacia-socialista-da-china-com-o-brasil-agora-rumo-a-um-futuro-de-desenvolvimento-economico-compartilhado\" data-pf_style_display=\"inline\" data-pf_style_visibility=\"visible\"><span class=\"text-node\">50 anos da diplomacia socialista da China com o Brasil: agora rumo a um futuro de desenvolvimento econ\u00f4mico compartilhado<\/span><\/a><span class=\"text-node\">, escrita por um membro do Observat\u00f3rio de Pol\u00edtica Externa e Inser\u00e7\u00e3o Internacional do Brasil (OPEB), da UFABC,\u00a0 Marlon de Souza, \u00e9 explorado o aspecto pol\u00edtico-econ\u00f4mico da rela\u00e7\u00e3o. A China \u00e9 retratada como uma pot\u00eancia que oferece uma alternativa ao modelo ocidental, tanto em termos de economia quanto de diplomacia. Um ponto importante abordado \u00e9 a no\u00e7\u00e3o de \u201cdesenvolvimento econ\u00f4mico compartilhado\u201d, que, segundo o artigo, \u00e9 uma proposta que visa equilibrar os interesses comerciais e industriais de ambas as na\u00e7\u00f5es. A China tem investido massivamente em setores estrat\u00e9gicos no Brasil, como infraestrutura e tecnologia, e o Brasil, por sua vez, exporta uma vasta gama de produtos, especialmente commodities. Essa interdepend\u00eancia, segundo a an\u00e1lise, reflete uma forma de coopera\u00e7\u00e3o internacional que visa a equidade, diferentemente do hist\u00f3rico de rela\u00e7\u00f5es desiguais com o Ocidente. A mat\u00e9ria do\u00a0<\/span><em data-pf_style_display=\"inline\" data-pf_style_visibility=\"visible\"><span class=\"text-node\">Brasil 247<\/span><\/em><span class=\"text-node\">\u00a0defende que essa parceria promove um modelo de desenvolvimento sustent\u00e1vel, com foco na coopera\u00e7\u00e3o multilateral e na soberania nacional, contrastando com a influ\u00eancia das pot\u00eancias ocidentais.<\/span><\/p>\n<p data-pf_style_display=\"block\" data-pf_style_visibility=\"visible\"><span class=\"text-node\">Ainda, o artigo\u00a0<\/span><a href=\"https:\/\/www.brasil247.com\/brasil\/bodas-de-ouro-ha-50-anos-brasil-e-china-desafiam-o-ocidente-no-quesito-producao\" data-pf_style_display=\"inline\" data-pf_style_visibility=\"visible\"><span class=\"text-node\">Bodas de ouro: h\u00e1 50 anos, Brasil e China desafiam o Ocidente no quesito produ\u00e7\u00e3o<\/span><\/a><span class=\"text-node\">\u00a0sublinha momentos da duradoura rela\u00e7\u00e3o Brasil-China, retomando o que foi dito por especialistas no podcast Mundioka, da Sputnik Brasil.\u00a0 Assim, a China \u00e9 apresentada como um exemplo de como o planejamento estatal pode impulsionar o desenvolvimento, sendo uma fonte de inspira\u00e7\u00e3o para o Brasil em sua busca por maior independ\u00eancia econ\u00f4mica, pontos com os quais o\u00a0<\/span><em data-pf_style_display=\"inline\" data-pf_style_visibility=\"visible\"><span class=\"text-node\">Brasil 247<\/span><\/em><span class=\"text-node\">\u00a0concorda. Dessa forma, essas mat\u00e9rias refletem a vis\u00e3o positiva do\u00a0<\/span><em data-pf_style_display=\"inline\" data-pf_style_visibility=\"visible\"><span class=\"text-node\">Brasil 247<\/span><\/em><span class=\"text-node\">\u00a0sobre a rela\u00e7\u00e3o Brasil-China, enaltecendo a parceria como um pilar para o futuro de ambos os pa\u00edses, promovendo o desenvolvimento econ\u00f4mico compartilhado e uma alternativa vi\u00e1vel \u00e0 hegemonia ocidental.<\/span><\/p>\n<p data-pf_style_display=\"block\" data-pf_style_visibility=\"visible\"><strong data-pf_style_display=\"inline\" data-pf_style_visibility=\"visible\"><span class=\"text-node\">Considera\u00e7\u00f5es finais<\/span><\/strong><\/p>\n<p data-pf_style_display=\"block\" data-pf_style_visibility=\"visible\"><span class=\"text-node\">\u00a0As rela\u00e7\u00f5es entre Brasil e China n\u00e3o escapam da aten\u00e7\u00e3o dos ve\u00edculos midi\u00e1ticos, que apresentam vis\u00f5es distintas sobre o seu significado. Os 50 anos do estabelecimento das rela\u00e7\u00f5es diplom\u00e1ticas entre os dois pa\u00edses se constituem em um marco importante, afinal, trata-se da parceria brasileira com uma pot\u00eancia mundial, que pode apresentar vantagens ao Brasil n\u00e3o s\u00f3 no aspecto comercial, mas em outras dimens\u00f5es. No Brasil, as vis\u00f5es negativas sobre a China n\u00e3o s\u00e3o recentes. Como foi abordado anteriormente, desde o s\u00e9culo passado, parte das elites utilizaram a imprensa sob seu dom\u00ednio para propagar a ideia de que o povo chin\u00eas n\u00e3o seria bem-vindo na sociedade brasileira. Ap\u00f3s a Revolu\u00e7\u00e3o Chinesa, que levou Mao Tse Tung ao poder, a \u201camea\u00e7a comunista\u201d se somou\u00a0 ao discurso sobre a indesejabilidade da ra\u00e7a.\u00a0<\/span><\/p>\n<p data-pf_style_display=\"block\" data-pf_style_visibility=\"visible\"><span class=\"text-node\">\u00a0Passadas tantas d\u00e9cadas, alguns estere\u00f3tipos sobre a presen\u00e7a chinesa no Brasil se mant\u00e9m nos discursos da extrema-direita. A essas vis\u00f5es negativas sobre a China e seu povo s\u00e3o acrescidas as preocupa\u00e7\u00f5es e cr\u00edticas acerca do fortalecimento das rela\u00e7\u00f5es diplom\u00e1ticas e econ\u00f4micas sino-brasileiras. Os\u00a0 la\u00e7os bilaterais de coopera\u00e7\u00e3o e com\u00e9rcio s\u00e3o vistos por alguns setores mais conservadores como uma tentativa de domina\u00e7\u00e3o do Brasil por parte da China. A\u00a0<\/span><em data-pf_style_display=\"inline\" data-pf_style_visibility=\"visible\"><span class=\"text-node\">Revista Oeste<\/span><\/em><span class=\"text-node\">\u00a0segue essa linha, avaliando a parceria Brasil e China como negativa para os interesses brasileiros. J\u00e1 a\u00a0<\/span><em data-pf_style_display=\"inline\" data-pf_style_visibility=\"visible\"><span class=\"text-node\">Revista Veja<\/span><\/em><span class=\"text-node\">\u00a0e o jornal\u00a0\u00a0<\/span><em data-pf_style_display=\"inline\" data-pf_style_visibility=\"visible\"><span class=\"text-node\">Folha de S. Paulo,<\/span><\/em><span class=\"text-node\">\u00a0que apresentam\u00a0 um perfil de direita moderada e liberal, reconhecem a import\u00e2ncia da China na configura\u00e7\u00e3o da pol\u00edtica externa brasileira. A\u00a0<\/span><em data-pf_style_display=\"inline\" data-pf_style_visibility=\"visible\"><span class=\"text-node\">Veja<\/span><\/em><span class=\"text-node\">, a despeito de suas constantes cr\u00edticas \u00e0 condu\u00e7\u00e3o da pol\u00edtica externa por parte dos governos petistas, por exemplo, demonstrou o reconhecimento da import\u00e2ncia da parceria sino-brasileira ao dedicar mat\u00e9rias especiais sobre a China antes mesmo da visita oficial de Lula ao gigante econ\u00f4mico. A\u00a0<\/span><em data-pf_style_display=\"inline\" data-pf_style_visibility=\"visible\"><span class=\"text-node\">Folha,\u00a0<\/span><\/em><span class=\"text-node\">por sua vez,\u00a0 abriu espa\u00e7o para setores pr\u00f3-China expressarem sua opini\u00e3o. Por fim, o\u00a0 portal\u00a0<\/span><em data-pf_style_display=\"inline\" data-pf_style_visibility=\"visible\"><span class=\"text-node\">Brasil 247,\u00a0<\/span><\/em><span class=\"text-node\">com seu alinhamento mais \u00e0 esquerda do espectro pol\u00edtico, ressaltou de forma mais ampla os valores positivos que guiam as rela\u00e7\u00f5es Brasil-China para um futuro promissor. Afinal, para a imprensa n\u00e3o hegem\u00f4nica o p\u00eandulo das rela\u00e7\u00f5es internacionais brasileiras deve se orientar para a diversifica\u00e7\u00e3o de parcerias e para a diminui\u00e7\u00e3o da influ\u00eancia estadunidense no pa\u00eds. Assim, a\u00a0<\/span><em data-pf_style_display=\"inline\" data-pf_style_visibility=\"visible\"><span class=\"text-node\">Revista Oeste<\/span><\/em><span class=\"text-node\">\u00a0foi o \u00fanico ve\u00edculo midi\u00e1tico pesquisado que apresentou cr\u00edticas exacerbadas \u00e0s rela\u00e7\u00f5es entre Brasil e China, algo esperado, dado o seu comprometimento com setores bolsonaristas, que insistem em negar a relev\u00e2ncia chinesa para o Brasil e para o mundo.<\/span><\/p>\n<div class=\"newsletter-callout\" data-pf_style_display=\"block\" data-pf_style_visibility=\"visible\">\n<div id=\"wpcf7-f529257-o1\" class=\"wpcf7 no-js\" dir=\"ltr\" lang=\"pt-BR\" data-pf_style_display=\"block\" data-pf_style_visibility=\"visible\">\n<div class=\"screen-reader-response\" data-pf_style_display=\"block\" data-pf_style_visibility=\"visible\"><\/div>\n<form class=\"wpcf7-form init\" action=\"https:\/\/www.printfriendly.com\/relacoes-exteriores\/50-anos-das-relacoes-brasil-e-china-politica-externa-e-ideologia\/#wpcf7-f529257-o1\" method=\"post\" novalidate=\"novalidate\" aria-label=\"Formul\u00e1rios de contato\" data-status=\"init\" data-pf_style_display=\"block\" data-pf_style_visibility=\"visible\">\n<div data-pf_style_display=\"block\" data-pf_style_visibility=\"visible\"><\/div>\n<\/form>\n<\/div>\n<\/div>\n","protected":false},"excerpt":{"rendered":"<p>No GGN, por Diana Dias, Gabriel Gesteira, Ismara Izepe de Souza,\u00a0M\u00f4nica Almeida Pe\u00f1a e Tiago Amadei As rela\u00e7\u00f5es entre Brasil e China, que completam 50 anos em 2024, evolu\u00edram de um pragmatismo inicial durante o governo Geisel para uma parceria estrat\u00e9gica que abrange com\u00e9rcio, ci\u00eancia e tecnologia. Enquanto a imprensa brasileira tem historicamente refletido diferentes&#8230;<a class=\"more-link\" href=\"http:\/\/blogdalucianaoliveira.com.br\/blog\/2024\/10\/16\/50-anos-das-relacoes-brasil-e-china-politica-externa-midia-e-ideologia\/\">Continue a leitura <span class=\"meta-nav\">&raquo;<\/span><\/a><\/p>\n","protected":false},"author":1,"featured_media":0,"comment_status":"closed","ping_status":"open","sticky":false,"template":"","format":"standard","meta":{"_exactmetrics_skip_tracking":false,"_exactmetrics_sitenote_active":false,"_exactmetrics_sitenote_note":"","_exactmetrics_sitenote_category":0,"jetpack_post_was_ever_published":false,"_jetpack_newsletter_access":"","_jetpack_dont_email_post_to_subs":false,"_jetpack_newsletter_tier_id":0,"_jetpack_memberships_contains_paywalled_content":false,"_jetpack_memberships_contains_paid_content":false,"footnotes":"","jetpack_publicize_message":"","jetpack_publicize_feature_enabled":true,"jetpack_social_post_already_shared":true,"jetpack_social_options":{"image_generator_settings":{"template":"highway","enabled":false},"version":2}},"categories":[1],"tags":[],"class_list":["post-36090","post","type-post","status-publish","format-standard","hentry","category-notas"],"jetpack_publicize_connections":[],"jetpack_sharing_enabled":true,"jetpack_featured_media_url":"","jetpack_shortlink":"https:\/\/wp.me\/p7wKYW-9o6","jetpack-related-posts":[],"_links":{"self":[{"href":"http:\/\/blogdalucianaoliveira.com.br\/blog\/wp-json\/wp\/v2\/posts\/36090","targetHints":{"allow":["GET"]}}],"collection":[{"href":"http:\/\/blogdalucianaoliveira.com.br\/blog\/wp-json\/wp\/v2\/posts"}],"about":[{"href":"http:\/\/blogdalucianaoliveira.com.br\/blog\/wp-json\/wp\/v2\/types\/post"}],"author":[{"embeddable":true,"href":"http:\/\/blogdalucianaoliveira.com.br\/blog\/wp-json\/wp\/v2\/users\/1"}],"replies":[{"embeddable":true,"href":"http:\/\/blogdalucianaoliveira.com.br\/blog\/wp-json\/wp\/v2\/comments?post=36090"}],"version-history":[{"count":2,"href":"http:\/\/blogdalucianaoliveira.com.br\/blog\/wp-json\/wp\/v2\/posts\/36090\/revisions"}],"predecessor-version":[{"id":36093,"href":"http:\/\/blogdalucianaoliveira.com.br\/blog\/wp-json\/wp\/v2\/posts\/36090\/revisions\/36093"}],"wp:attachment":[{"href":"http:\/\/blogdalucianaoliveira.com.br\/blog\/wp-json\/wp\/v2\/media?parent=36090"}],"wp:term":[{"taxonomy":"category","embeddable":true,"href":"http:\/\/blogdalucianaoliveira.com.br\/blog\/wp-json\/wp\/v2\/categories?post=36090"},{"taxonomy":"post_tag","embeddable":true,"href":"http:\/\/blogdalucianaoliveira.com.br\/blog\/wp-json\/wp\/v2\/tags?post=36090"}],"curies":[{"name":"wp","href":"https:\/\/api.w.org\/{rel}","templated":true}]}}