{"id":36094,"date":"2024-10-17T17:05:30","date_gmt":"2024-10-17T21:05:30","guid":{"rendered":"https:\/\/blogdalucianaoliveira.com.br\/blog\/?p=36094"},"modified":"2024-10-17T17:05:51","modified_gmt":"2024-10-17T21:05:51","slug":"quando-a-esquerda-decidiu-se-eximir-da-luta-pela-democratizacao-da-comunicacao","status":"publish","type":"post","link":"http:\/\/blogdalucianaoliveira.com.br\/blog\/2024\/10\/17\/quando-a-esquerda-decidiu-se-eximir-da-luta-pela-democratizacao-da-comunicacao\/","title":{"rendered":"Quando a esquerda decidiu se eximir da luta pela democratiza\u00e7\u00e3o da comunica\u00e7\u00e3o?"},"content":{"rendered":"<p data-pf_style_display=\"block\" data-pf_style_visibility=\"visible\"><img data-recalc-dims=\"1\" loading=\"lazy\" decoding=\"async\" data-attachment-id=\"36095\" data-permalink=\"http:\/\/blogdalucianaoliveira.com.br\/blog\/2024\/10\/17\/quando-a-esquerda-decidiu-se-eximir-da-luta-pela-democratizacao-da-comunicacao\/image_processing20241017-3295936-bqmerz\/\" data-orig-file=\"https:\/\/i0.wp.com\/blogdalucianaoliveira.com.br\/blog\/wp-content\/uploads\/2024\/10\/image_processing20241017-3295936-bqmerz.webp?fit=800%2C533\" data-orig-size=\"800,533\" data-comments-opened=\"0\" data-image-meta=\"{&quot;aperture&quot;:&quot;0&quot;,&quot;credit&quot;:&quot;&quot;,&quot;camera&quot;:&quot;&quot;,&quot;caption&quot;:&quot;&quot;,&quot;created_timestamp&quot;:&quot;0&quot;,&quot;copyright&quot;:&quot;&quot;,&quot;focal_length&quot;:&quot;0&quot;,&quot;iso&quot;:&quot;0&quot;,&quot;shutter_speed&quot;:&quot;0&quot;,&quot;title&quot;:&quot;&quot;,&quot;orientation&quot;:&quot;0&quot;}\" data-image-title=\"image_processing20241017-3295936-bqmerz\" data-image-description=\"\" data-image-caption=\"\" data-medium-file=\"https:\/\/i0.wp.com\/blogdalucianaoliveira.com.br\/blog\/wp-content\/uploads\/2024\/10\/image_processing20241017-3295936-bqmerz.webp?fit=300%2C200\" data-large-file=\"https:\/\/i0.wp.com\/blogdalucianaoliveira.com.br\/blog\/wp-content\/uploads\/2024\/10\/image_processing20241017-3295936-bqmerz.webp?fit=600%2C400\" class=\"alignnone size-full wp-image-36095\" src=\"https:\/\/i0.wp.com\/blogdalucianaoliveira.com.br\/blog\/wp-content\/uploads\/2024\/10\/image_processing20241017-3295936-bqmerz.webp?resize=600%2C400\" alt=\"\" width=\"600\" height=\"400\" srcset=\"https:\/\/i0.wp.com\/blogdalucianaoliveira.com.br\/blog\/wp-content\/uploads\/2024\/10\/image_processing20241017-3295936-bqmerz.webp?w=800 800w, https:\/\/i0.wp.com\/blogdalucianaoliveira.com.br\/blog\/wp-content\/uploads\/2024\/10\/image_processing20241017-3295936-bqmerz.webp?resize=300%2C200 300w, https:\/\/i0.wp.com\/blogdalucianaoliveira.com.br\/blog\/wp-content\/uploads\/2024\/10\/image_processing20241017-3295936-bqmerz.webp?resize=768%2C512 768w, https:\/\/i0.wp.com\/blogdalucianaoliveira.com.br\/blog\/wp-content\/uploads\/2024\/10\/image_processing20241017-3295936-bqmerz.webp?resize=450%2C300 450w\" sizes=\"auto, (max-width: 600px) 100vw, 600px\" \/><\/p>\n<h2 class=\"description\">A elite que controla a comunica\u00e7\u00e3o consegue construir agenda p\u00fablica atrav\u00e9s de telejornais, programas de r\u00e1dio e lives<\/h2>\n<div class=\"details-bar\">\n<div class=\"author-time\"><\/div>\n<\/div>\n<p class=\"\" data-pf_style_display=\"block\" data-pf_style_visibility=\"visible\"><!--more--><\/p>\n<div class=\"details-bar\">\n<div class=\"author-time\">\n<div class=\"author\">Vanessa Gonzaga<\/div>\n<div class=\"place-and-time\">\n<div class=\"place\">Brasil de Fato<\/div>\n<\/div>\n<\/div>\n<\/div>\n<p data-pf_style_display=\"block\" data-pf_style_visibility=\"visible\"><span class=\"text-node\">Hoje, 17 de outubro, \u00e9 o\u00a0<\/span><a href=\"https:\/\/www.brasildefatope.com.br\/2024\/10\/17\/a-luta-para-democratizar-a-comunicacao-na-era-da-desinformacao\" target=\"_blank\" rel=\"noopener\" data-pf_style_display=\"inline\" data-pf_style_visibility=\"visible\"><span class=\"text-node\">Dia Nacional de Luta pela Democratiza\u00e7\u00e3o da Comunica\u00e7\u00e3o<\/span><\/a><span class=\"text-node\">. Numa conjuntura de intensas mudan\u00e7as em torno das formas de se comunicar, essa data precisa voltar a fazer parte do nosso calend\u00e1rio de lutas da esquerda brasileira. Neste cen\u00e1rio, acreditamos que esse texto \u00e9 uma forma de contribuir com a atualiza\u00e7\u00e3o do debate e do que significa\u00a0<\/span><a href=\"https:\/\/www.brasildefato.com.br\/2021\/09\/10\/artigo-entenda-por-que-a-discussao-sobre-regulacao-da-midia-sempre-volta\" target=\"_blank\" rel=\"noopener\" data-pf_style_display=\"inline\" data-pf_style_visibility=\"visible\"><span class=\"text-node\">democratizar a m\u00eddia<\/span><\/a><span class=\"text-node\">\u00a0hoje e o fazemos a partir do nosso ac\u00famulo coletivo no Movimento Brasil Popular e do conjunto das organiza\u00e7\u00f5es do campo popular.\u00a0<\/span><\/p>\n<p data-pf_style_display=\"block\" data-pf_style_visibility=\"visible\"><span class=\"text-node\">Como toda pauta que polariza e ataca diretamente as elites desse pa\u00eds, h\u00e1 quem diga que a conjuntura n\u00e3o \u00e9 favor\u00e1vel a essa luta, pois corremos o risco de &#8220;desgastar o governo&#8221;. Se n\u00e3o for num governo de esquerda, em um momento de intensa utiliza\u00e7\u00e3o das\u00a0<\/span><a href=\"https:\/\/www.brasildefato.com.br\/2023\/04\/01\/redes-se-deixaram-instrumentalizar-pela-extrema-direita-e-devem-ser-reguladas-diz-moraes\" target=\"_blank\" rel=\"noopener\" data-pf_style_display=\"inline\" data-pf_style_visibility=\"visible\"><span class=\"text-node\">redes sociais pela direita<\/span><\/a><span class=\"text-node\">\u00a0para propagar o \u00f3dio, quando a imprensa burguesa utiliza do seu poder para agitar as bandeiras do sionismo e do imperialismo atrav\u00e9s de coberturas jornal\u00edsticas que questionam os limites da \u00e9tica, quando ser\u00e1 a oportunidade de debater esse tema?\u00a0<\/span><\/p>\n<p data-pf_style_display=\"block\" data-pf_style_visibility=\"visible\"><span class=\"text-node\">Se, por muito tempo, as organiza\u00e7\u00f5es de luta pela democratiza\u00e7\u00e3o dos meios de comunica\u00e7\u00e3o questionavam as concess\u00f5es de r\u00e1dio e TV e apontavam o\u00a0<\/span><a href=\"https:\/\/www.brasildefato.com.br\/2016\/10\/21\/democratizar-a-comunicacao-e-pauta-urgente\" target=\"_blank\" rel=\"noopener\" data-pf_style_display=\"inline\" data-pf_style_visibility=\"visible\"><span class=\"text-node\">monop\u00f3lio das comunica\u00e7\u00f5es no Brasil<\/span><\/a><span class=\"text-node\">, onde 11 fam\u00edlias dominam os meios de comunica\u00e7\u00e3o mais influentes, hoje, essa pauta ganha contornos maiores e mais dram\u00e1ticos. Para al\u00e9m das concess\u00f5es, precisamos tamb\u00e9m lutar pela regulamenta\u00e7\u00e3o das redes sociais no Brasil.\u00a0<\/span><\/p>\n<p data-pf_style_display=\"block\" data-pf_style_visibility=\"visible\"><span class=\"text-node\">Ao contr\u00e1rio das an\u00e1lises fatalistas que apontavam que o r\u00e1dio, a TV e at\u00e9 o jornalismo iriam morrer para dar lugar \u00e0 Internet, hoje esses meios coexistem e se retroalimentam. Em outras palavras, a elite brasileira que controla as comunica\u00e7\u00f5es consegue construir a agenda p\u00fablica atrav\u00e9s dos telejornais, dos programas de r\u00e1dio, de\u00a0<\/span><em data-pf_style_display=\"inline\" data-pf_style_visibility=\"visible\"><span class=\"text-node\">lives<\/span><\/em><span class=\"text-node\">, posts,\u00a0<\/span><em data-pf_style_display=\"inline\" data-pf_style_visibility=\"visible\"><span class=\"text-node\">podcasts<\/span><\/em><span class=\"text-node\">, v\u00eddeos,\u00a0<\/span><em data-pf_style_display=\"inline\" data-pf_style_visibility=\"visible\"><span class=\"text-node\">trending topics<\/span><\/em><span class=\"text-node\">\u00a0e o que mais estiver ao seu alcance atrav\u00e9s de redes que funcionam de forma &#8220;livre&#8221; num p\u00e9ssimo sentido, porque \u00e9 o tipo de &#8220;liberdade&#8221; que ataca direitos b\u00e1sicos.\u00a0<\/span><\/p>\n<p data-pf_style_display=\"block\" data-pf_style_visibility=\"visible\"><span class=\"text-node\">Um grande exemplo dessa &#8220;liberdade&#8221; \u00e9 o Twitter\/X, que ap\u00f3s ser comprado pelo bilion\u00e1rio\u00a0<\/span><a href=\"https:\/\/www.brasildefato.com.br\/2024\/09\/09\/estabelecer-limites-a-elon-musk-e-defender-a-democracia-mas-o-que-vem-depois\" target=\"_blank\" rel=\"noopener\" data-pf_style_display=\"inline\" data-pf_style_visibility=\"visible\"><span class=\"text-node\">Elon Musk<\/span><\/a><span class=\"text-node\">, se potencializou como uma ferramenta de \u00f3dio e de propaganda neofascista ao redor do mundo. Especificamente no Brasil, a falta de regulamenta\u00e7\u00e3o da rede e a permissividade de Musk criaram um cen\u00e1rio favor\u00e1vel para que a rede se tornasse um espa\u00e7o virtual prop\u00edcio \u00e0 cria\u00e7\u00e3o e fortalecimento de grupos neonazistas, mis\u00f3ginos e racistas, sem falar que a falta de modera\u00e7\u00e3o dos conte\u00fados facilitou o aumento de crimes virtuais, como a divulga\u00e7\u00e3o de conte\u00fados de abuso sexual de crian\u00e7as.\u00a0<\/span><\/p>\n<p data-pf_style_display=\"block\" data-pf_style_visibility=\"visible\"><span class=\"text-node\">Quando falamos em regulamenta\u00e7\u00e3o das redes, estamos falando de regras para a Internet inteira que n\u00e3o se torne o que o Twitter\/X se tornou. Ao menor sinal de avan\u00e7o de legisla\u00e7\u00e3o nesse sentido, a exemplo do PL 2630\/2020, o\u00a0<\/span><a href=\"https:\/\/www.brasildefato.com.br\/2024\/10\/12\/criado-por-lira-em-junho-para-operar-em-90-dias-gt-sobre-pl-das-fake-news-nao-saiu-do-papel-especialistas-criticam-tratamento-dado-ao-tema\" target=\"_blank\" rel=\"noopener\" data-pf_style_display=\"inline\" data-pf_style_visibility=\"visible\"><span class=\"text-node\">PL de combate \u00e0s<\/span><span class=\"text-node\">fake news<\/span><\/a><span class=\"text-node\">, a m\u00eddia hegem\u00f4nica brasileira se levanta e evoca o art. 220 da Constitui\u00e7\u00e3o Brasileira, confunde alhos e bugalhos e afirma, com outras palavras, que impor limites para as redes que compartilham not\u00edcias falsas \u00e9 uma forma de censura.\u00a0\u00a0<\/span><\/p>\n<p data-pf_style_display=\"block\" data-pf_style_visibility=\"visible\"><span class=\"text-node\">Para al\u00e9m da regulamenta\u00e7\u00e3o das redes, quando falamos em democratiza\u00e7\u00e3o das m\u00eddias, \u00e9 necess\u00e1rio tocar em uma ferida do governo, que \u00e9 o\u00a0<\/span><a href=\"https:\/\/www.brasildefato.com.br\/2022\/07\/04\/bolsonaro-dobra-gastos-com-publicidade-na-tv-em-ano-eleitoral-globo-ultrapassa-record-e-sbt\" target=\"_blank\" rel=\"noopener\" data-pf_style_display=\"inline\" data-pf_style_visibility=\"visible\"><span class=\"text-node\">financiamento de grandes empresas de comunica\u00e7\u00e3o com dinheiro p\u00fablico<\/span><\/a><span class=\"text-node\">\u00a0enquanto milhares de iniciativas comunit\u00e1rias, populares e que prestam um servi\u00e7o de utilidade p\u00fablica e exerc\u00edcio da cidadania sobrevivem com vaquinhas virtuais.\u00a0<\/span><\/p>\n<p data-pf_style_display=\"block\" data-pf_style_visibility=\"visible\"><span class=\"text-node\">Para citar apenas um exemplo, a Secretaria de Comunica\u00e7\u00e3o e dos minist\u00e9rios do governo aumentaram o repasse de R$ 89 milh\u00f5es em 2022 para R$ 142 milh\u00f5es em 2023 para a\u00a0<\/span><em data-pf_style_display=\"inline\" data-pf_style_visibility=\"visible\"><span class=\"text-node\">Rede Globo<\/span><\/em><span class=\"text-node\">. Em 2023, a\u00a0<\/span><em data-pf_style_display=\"inline\" data-pf_style_visibility=\"visible\"><span class=\"text-node\">Rede Globo<\/span><\/em><span class=\"text-node\">, sozinha, recebeu 56% da verba de publicidade governamental. Se queremos democratizar a m\u00eddia, \u00e9 fundamental pautar tamb\u00e9m a democratiza\u00e7\u00e3o do acesso a recursos para que n\u00e3o sejamos engolidos pelos tubar\u00f5es da comunica\u00e7\u00e3o.<\/span><\/p>\n<p data-pf_style_display=\"block\" data-pf_style_visibility=\"visible\"><span class=\"text-node\">Evidentemente, esse cen\u00e1rio desfavor\u00e1vel para n\u00f3s existe h\u00e1 muito tempo, porque a esquerda, de maneira coletiva, tardou em ver a comunica\u00e7\u00e3o como uma parte fundamental da luta ideol\u00f3gica e do di\u00e1logo com o povo, relegando esse debate como um acess\u00f3rio das lutas, e n\u00e3o como parte delas.\u00a0<\/span><\/p>\n<p data-pf_style_display=\"block\" data-pf_style_visibility=\"visible\"><span class=\"text-node\">Quando pontuamos que a comunica\u00e7\u00e3o hoje precisa fazer parte da estrat\u00e9gia das organiza\u00e7\u00f5es, falamos isso em dois sentidos: o primeiro \u00e9 estrutural, porque \u00e9 necess\u00e1rio munir as equipes e dar condi\u00e7\u00f5es para que os coletivos de comunica\u00e7\u00e3o atuem com a t\u00e9cnica e a qualidade necess\u00e1ria para competir com as m\u00e1quinas de desinforma\u00e7\u00e3o da direita. O segundo \u00e9 pol\u00edtico, porque a esquerda precisa coletivamente se apropriar do debate da comunica\u00e7\u00e3o de maneira mais profunda, indo para al\u00e9m do debate dos algoritmos e do engajamento e fazendo uma reflex\u00e3o profunda em torno dos desafios de comunicar, dialogar e mobilizar o povo, at\u00e9 porque comunica\u00e7\u00e3o \u00e9 pol\u00edtica.<\/span><\/p>\n<p data-pf_style_display=\"block\" data-pf_style_visibility=\"visible\"><span class=\"text-node\">Nesse cen\u00e1rio extremamente dif\u00edcil para as m\u00eddias populares, comunit\u00e1rias e alternativas, n\u00f3s seguimos fazendo o nosso trabalho e exercendo o direito humano \u00e0 comunica\u00e7\u00e3o. Muitas vezes nos desanimam com uma an\u00e1lise derrotista de que a direita hegemoniza as redes e que essa \u00e9 uma batalha imposs\u00edvel de vencer. Mas, a despeito das compara\u00e7\u00f5es desleais e do derrotismo, n\u00f3s continuamos produzindo comunica\u00e7\u00e3o de qualidade, acess\u00edvel, plural e voltada \u00e0 conscientiza\u00e7\u00e3o e a mobiliza\u00e7\u00e3o do povo, que \u00e9 por natureza comunicativo e que cria suas formas de se comunicar.\u00a0<\/span><\/p>\n<p data-pf_style_display=\"block\" data-pf_style_visibility=\"visible\"><span class=\"text-node\">Por fim, precisamos nos apropriar coletivamente deste debate, nos formar; voltar a construir lutas em torno do tema da comunica\u00e7\u00e3o; seguir pautando o fim dos monop\u00f3lios e o investimento em iniciativas de comunica\u00e7\u00e3o popular e, n\u00e3o menos importante, encarar o direito \u00e0 comunica\u00e7\u00e3o como um direito humano, b\u00e1sico, e que precisa ser garantido ao povo brasileiro se queremos acumular for\u00e7as, cora\u00e7\u00f5es e mentes para a constru\u00e7\u00e3o de um outro projeto de pa\u00eds.\u00a0<\/span><\/p>\n<p data-pf_style_display=\"block\" data-pf_style_visibility=\"visible\"><em data-pf_style_display=\"inline\" data-pf_style_visibility=\"visible\"><span class=\"text-node\">*Vanessa Gonzaga \u00e9 militante do Movimento Brasil Popular<\/span><\/em><\/p>\n<div class=\"ads-googletag article_last\" data-pf_style_display=\"block\" data-pf_style_visibility=\"visible\"><\/div>\n<p data-pf_style_display=\"block\" data-pf_style_visibility=\"visible\"><em data-pf_style_display=\"inline\" data-pf_style_visibility=\"visible\"><span class=\"text-node\">**Este \u00e9 um artigo de opini\u00e3o n\u00e3o necessariamente representa a linha editorial do Brasil de Fato.<\/span><\/em><\/p>\n<p class=\"editor\" data-pf_style_display=\"block\" data-pf_style_visibility=\"visible\"><span class=\"text-node\">Edi\u00e7\u00e3o: Thalita Pires<\/span><\/p>\n","protected":false},"excerpt":{"rendered":"<p>A elite que controla a comunica\u00e7\u00e3o consegue construir agenda p\u00fablica atrav\u00e9s de telejornais, programas de r\u00e1dio e lives<\/p>\n","protected":false},"author":1,"featured_media":0,"comment_status":"closed","ping_status":"open","sticky":false,"template":"","format":"standard","meta":{"_exactmetrics_skip_tracking":false,"_exactmetrics_sitenote_active":false,"_exactmetrics_sitenote_note":"","_exactmetrics_sitenote_category":0,"jetpack_post_was_ever_published":false,"_jetpack_newsletter_access":"","_jetpack_dont_email_post_to_subs":false,"_jetpack_newsletter_tier_id":0,"_jetpack_memberships_contains_paywalled_content":false,"_jetpack_memberships_contains_paid_content":false,"footnotes":"","jetpack_publicize_message":"","jetpack_publicize_feature_enabled":true,"jetpack_social_post_already_shared":true,"jetpack_social_options":{"image_generator_settings":{"template":"highway","enabled":false},"version":2}},"categories":[1],"tags":[1156,908,1155],"class_list":["post-36094","post","type-post","status-publish","format-standard","hentry","category-notas","tag-democratizacao","tag-esquerda","tag-midia"],"jetpack_publicize_connections":[],"jetpack_sharing_enabled":true,"jetpack_featured_media_url":"","jetpack_shortlink":"https:\/\/wp.me\/p7wKYW-9oa","jetpack-related-posts":[],"_links":{"self":[{"href":"http:\/\/blogdalucianaoliveira.com.br\/blog\/wp-json\/wp\/v2\/posts\/36094","targetHints":{"allow":["GET"]}}],"collection":[{"href":"http:\/\/blogdalucianaoliveira.com.br\/blog\/wp-json\/wp\/v2\/posts"}],"about":[{"href":"http:\/\/blogdalucianaoliveira.com.br\/blog\/wp-json\/wp\/v2\/types\/post"}],"author":[{"embeddable":true,"href":"http:\/\/blogdalucianaoliveira.com.br\/blog\/wp-json\/wp\/v2\/users\/1"}],"replies":[{"embeddable":true,"href":"http:\/\/blogdalucianaoliveira.com.br\/blog\/wp-json\/wp\/v2\/comments?post=36094"}],"version-history":[{"count":2,"href":"http:\/\/blogdalucianaoliveira.com.br\/blog\/wp-json\/wp\/v2\/posts\/36094\/revisions"}],"predecessor-version":[{"id":36097,"href":"http:\/\/blogdalucianaoliveira.com.br\/blog\/wp-json\/wp\/v2\/posts\/36094\/revisions\/36097"}],"wp:attachment":[{"href":"http:\/\/blogdalucianaoliveira.com.br\/blog\/wp-json\/wp\/v2\/media?parent=36094"}],"wp:term":[{"taxonomy":"category","embeddable":true,"href":"http:\/\/blogdalucianaoliveira.com.br\/blog\/wp-json\/wp\/v2\/categories?post=36094"},{"taxonomy":"post_tag","embeddable":true,"href":"http:\/\/blogdalucianaoliveira.com.br\/blog\/wp-json\/wp\/v2\/tags?post=36094"}],"curies":[{"name":"wp","href":"https:\/\/api.w.org\/{rel}","templated":true}]}}