{"id":36098,"date":"2024-10-17T17:10:41","date_gmt":"2024-10-17T21:10:41","guid":{"rendered":"https:\/\/blogdalucianaoliveira.com.br\/blog\/?p=36098"},"modified":"2024-10-17T17:10:41","modified_gmt":"2024-10-17T21:10:41","slug":"ameacas-a-amazonia-como-a-politica-de-extrema-direita-pode-conduzir-a-floresta-ao-ponto-de-nao-retorno","status":"publish","type":"post","link":"http:\/\/blogdalucianaoliveira.com.br\/blog\/2024\/10\/17\/ameacas-a-amazonia-como-a-politica-de-extrema-direita-pode-conduzir-a-floresta-ao-ponto-de-nao-retorno\/","title":{"rendered":"Amea\u00e7as \u00e0 Amaz\u00f4nia: como a pol\u00edtica de extrema direita pode conduzir a floresta ao ponto de n\u00e3o retorno"},"content":{"rendered":"<p data-pf_style_display=\"block\" data-pf_style_visibility=\"visible\"><img data-recalc-dims=\"1\" loading=\"lazy\" decoding=\"async\" data-attachment-id=\"36099\" data-permalink=\"http:\/\/blogdalucianaoliveira.com.br\/blog\/2024\/10\/17\/ameacas-a-amazonia-como-a-politica-de-extrema-direita-pode-conduzir-a-floresta-ao-ponto-de-nao-retorno\/image_processing20240920-340869-87jowk\/\" data-orig-file=\"https:\/\/i0.wp.com\/blogdalucianaoliveira.com.br\/blog\/wp-content\/uploads\/2024\/10\/image_processing20240920-340869-87jowk.webp?fit=500%2C249\" data-orig-size=\"500,249\" data-comments-opened=\"0\" data-image-meta=\"{&quot;aperture&quot;:&quot;0&quot;,&quot;credit&quot;:&quot;&quot;,&quot;camera&quot;:&quot;&quot;,&quot;caption&quot;:&quot;&quot;,&quot;created_timestamp&quot;:&quot;0&quot;,&quot;copyright&quot;:&quot;&quot;,&quot;focal_length&quot;:&quot;0&quot;,&quot;iso&quot;:&quot;0&quot;,&quot;shutter_speed&quot;:&quot;0&quot;,&quot;title&quot;:&quot;&quot;,&quot;orientation&quot;:&quot;0&quot;}\" data-image-title=\"image_processing20240920-340869-87jowk\" data-image-description=\"\" data-image-caption=\"\" data-medium-file=\"https:\/\/i0.wp.com\/blogdalucianaoliveira.com.br\/blog\/wp-content\/uploads\/2024\/10\/image_processing20240920-340869-87jowk.webp?fit=300%2C149\" data-large-file=\"https:\/\/i0.wp.com\/blogdalucianaoliveira.com.br\/blog\/wp-content\/uploads\/2024\/10\/image_processing20240920-340869-87jowk.webp?fit=500%2C249\" class=\"alignnone size-full wp-image-36099\" src=\"https:\/\/i0.wp.com\/blogdalucianaoliveira.com.br\/blog\/wp-content\/uploads\/2024\/10\/image_processing20240920-340869-87jowk.webp?resize=500%2C249\" alt=\"\" width=\"500\" height=\"249\" srcset=\"https:\/\/i0.wp.com\/blogdalucianaoliveira.com.br\/blog\/wp-content\/uploads\/2024\/10\/image_processing20240920-340869-87jowk.webp?w=500 500w, https:\/\/i0.wp.com\/blogdalucianaoliveira.com.br\/blog\/wp-content\/uploads\/2024\/10\/image_processing20240920-340869-87jowk.webp?resize=300%2C149 300w\" sizes=\"auto, (max-width: 500px) 100vw, 500px\" \/><\/p>\n<p data-pf_style_display=\"block\" data-pf_style_visibility=\"visible\">\n<p class=\"\" data-pf_style_display=\"block\" data-pf_style_visibility=\"visible\"><span class=\"text-node\">Estudo identificou correla\u00e7\u00e3o direta entre o apoio eleitoral a pol\u00edticos de\u00a0<\/span><strong data-pf_style_display=\"inline\" data-pf_style_visibility=\"visible\"><span class=\"text-node\">direita<\/span><\/strong><span class=\"text-node\">\u00a0e a\u00a0<\/span><strong data-pf_style_display=\"inline\" data-pf_style_visibility=\"visible\"><span class=\"text-node\">devasta\u00e7\u00e3o amaz\u00f4nica<\/span><\/strong><span class=\"text-node\">.<\/span><\/p>\n<p class=\"\" data-pf_style_display=\"block\" data-pf_style_visibility=\"visible\"><span class=\"text-node\">O artigo \u00e9 de\u00a0<\/span><strong data-pf_style_display=\"inline\" data-pf_style_visibility=\"visible\"><span class=\"text-node\">Wallisson Rodrigues<\/span><\/strong><span class=\"text-node\">,\u00a0cientista social pela Universidade de Rond\u00f4nia, especialista em Energia e Sociedade no Capitalismo Contempor\u00e2neo, e foi publicado em\u00a0<\/span><span class=\"text-node\">Brasil de Fato.<\/span><!--more--><\/p>\n<h2 class=\"\" data-pf_style_display=\"block\" data-pf_style_visibility=\"visible\"><span class=\"text-node\">Eis o artigo.<\/span><\/h2>\n<p class=\"\" data-pf_style_display=\"block\" data-pf_style_visibility=\"visible\"><span class=\"text-node\">A rela\u00e7\u00e3o entre a elei\u00e7\u00e3o de for\u00e7as pol\u00edticas de\u00a0<\/span><a href=\"https:\/\/www.ihu.unisinos.br\/642755-10-teses-sobre-a-extrema-direita-do-seculo-xxi-artigo-de-vijay-prashad\" target=\"_blank\" rel=\"noopener noreferrer\" data-pf_style_display=\"inline\" data-pf_style_visibility=\"visible\"><span class=\"text-node\">extrema direita<\/span><\/a><span class=\"text-node\">\u00a0e o\u00a0<\/span><a class=\"\" href=\"https:\/\/www.ihu.unisinos.br\/categorias\/626620-desmatamento-na-amazonia-afeta-o-clima-regional-e-global\" target=\"_blank\" rel=\"noopener noreferrer\" data-pf_style_display=\"inline\" data-pf_style_visibility=\"visible\"><span class=\"text-node\">aumento do desmatamento na Amaz\u00f4nia<\/span><\/a><span class=\"text-node\">\u00a0\u00e9 alarmante, colocando em risco a\u00a0<\/span><a href=\"https:\/\/www.ihu.unisinos.br\/categorias\/618847-aumento-de-desmatamento-na-amazonia-e-a-principal-ameaca-a-biodiversidade\" target=\"_blank\" rel=\"noopener noreferrer\" data-pf_style_display=\"inline\" data-pf_style_visibility=\"visible\"><span class=\"text-node\">biodiversidade<\/span><\/a><span class=\"text-node\">\u00a0e as popula\u00e7\u00f5es tradicionais. Nos \u00faltimos anos, a\u00a0<\/span><strong class=\"\" data-pf_style_display=\"inline\" data-pf_style_visibility=\"visible\"><span class=\"text-node\">Amaz\u00f4nia brasileira<\/span><\/strong><span class=\"text-node\">\u00a0tem enfrentado um crescimento significativo no\u00a0<\/span><strong data-pf_style_display=\"inline\" data-pf_style_visibility=\"visible\"><span class=\"text-node\">desmatamento<\/span><\/strong><span class=\"text-node\">\u00a0e em pr\u00e1ticas que amea\u00e7am o equil\u00edbrio ambiental da regi\u00e3o, colocando em xeque a sua fun\u00e7\u00e3o como reguladora clim\u00e1tica global.<\/span><\/p>\n<p data-pf_style_display=\"block\" data-pf_style_visibility=\"visible\"><span class=\"text-node\">Um estudo recente publicado na revista\u00a0<\/span><em class=\"\" data-pf_style_display=\"inline\" data-pf_style_visibility=\"visible\"><span class=\"text-node\">Campo-Territ\u00f3rio: Revista de Geografia Agr\u00e1ria<\/span><\/em><span class=\"text-node\">\u00a0identificou uma correla\u00e7\u00e3o direta entre o apoio eleitoral a pol\u00edticos de\u00a0<\/span><strong data-pf_style_display=\"inline\" data-pf_style_visibility=\"visible\"><span class=\"text-node\">extrema direita<\/span><\/strong><span class=\"text-node\">\u00a0e a\u00a0<\/span><strong data-pf_style_display=\"inline\" data-pf_style_visibility=\"visible\"><span class=\"text-node\">devasta\u00e7\u00e3o da floresta<\/span><\/strong><span class=\"text-node\">. Segundo essa an\u00e1lise, a elei\u00e7\u00e3o de candidatos alinhados com agendas contr\u00e1rias \u00e0 conserva\u00e7\u00e3o ambiental tem impacto direto na acelera\u00e7\u00e3o do\u00a0<\/span><strong data-pf_style_display=\"inline\" data-pf_style_visibility=\"visible\"><span class=\"text-node\">desmatamento<\/span><\/strong><span class=\"text-node\">.<\/span><\/p>\n<p data-pf_style_display=\"block\" data-pf_style_visibility=\"visible\"><span class=\"text-node\">Se essa tend\u00eancia continuar, os cientistas alertam que a\u00a0<\/span><strong data-pf_style_display=\"inline\" data-pf_style_visibility=\"visible\"><span class=\"text-node\">Amaz\u00f4nia<\/span><\/strong><span class=\"text-node\">\u00a0poder\u00e1 alcan\u00e7ar um\u00a0<\/span><a href=\"https:\/\/www.ihu.unisinos.br\/623410-maior-problema-climatico-na-%20amazonia-e-o-ponto-de-nao-retorno-diz-pesquisador\" target=\"_blank\" rel=\"noopener noreferrer\" data-pf_style_display=\"inline\" data-pf_style_visibility=\"visible\"><span class=\"text-node\">ponto de n\u00e3o retorno<\/span><\/a><span class=\"text-node\">, comprometendo a\u00a0<\/span><strong data-pf_style_display=\"inline\" data-pf_style_visibility=\"visible\"><span class=\"text-node\">biodiversidade<\/span><\/strong><span class=\"text-node\">\u00a0e os servi\u00e7os ecossist\u00eamicos da maior floresta tropical do mundo.<\/span><\/p>\n<p data-pf_style_display=\"block\" data-pf_style_visibility=\"visible\"><span class=\"text-node\">O estudo destaca que, nas elei\u00e7\u00f5es presidenciais de 2022, houve uma clara divis\u00e3o pol\u00edtica nas ecorregi\u00f5es do Brasil. Nas \u00e1reas do sul da\u00a0<\/span><strong data-pf_style_display=\"inline\" data-pf_style_visibility=\"visible\"><span class=\"text-node\">Amaz\u00f4nia<\/span><\/strong><span class=\"text-node\">, conhecidas como o &#8220;Arco do Desmatamento&#8221;, predominou o apoio a\u00a0<\/span><a href=\"https:\/\/www.ihu.unisinos.br\/categorias\/631735-desmonte-ambiental-de-bolsonaro-fez-amazonia-dobrar-emissoes-de-gas-carbonico-diz-estudo-publicado-na-nature\" target=\"_blank\" rel=\"noopener noreferrer\" data-pf_style_display=\"inline\" data-pf_style_visibility=\"visible\"><span class=\"text-node\">Jair Bolsonaro<\/span><\/a><span class=\"text-node\">, enquanto as regi\u00f5es mais preservadas ao norte concentraram o apoio \u00e0 centro esquerda. Essa divis\u00e3o n\u00e3o \u00e9 meramente uma quest\u00e3o de opini\u00e3o pol\u00edtica, mas est\u00e1 associada diretamente ao n\u00edvel de\u00a0<\/span><strong data-pf_style_display=\"inline\" data-pf_style_visibility=\"visible\"><span class=\"text-node\">degrada\u00e7\u00e3o ambiental<\/span><\/strong><span class=\"text-node\">\u00a0observado nessas \u00e1reas.<\/span><\/p>\n<p data-pf_style_display=\"block\" data-pf_style_visibility=\"visible\"><span class=\"text-node\">Os dados revelam uma rela\u00e7\u00e3o significativa entre a propor\u00e7\u00e3o de votos para\u00a0<\/span><strong data-pf_style_display=\"inline\" data-pf_style_visibility=\"visible\"><span class=\"text-node\">Bolsonaro<\/span><\/strong><span class=\"text-node\">\u00a0e o\u00a0<\/span><strong data-pf_style_display=\"inline\" data-pf_style_visibility=\"visible\"><span class=\"text-node\">desmatamento<\/span><\/strong><span class=\"text-node\">\u00a0acumulado na Amaz\u00f4nia Legal entre 1985 e 2001. Em munic\u00edpios dessa regi\u00e3o, quanto maior foi o percentual de votos para o ex-presidente de\u00a0<\/span><strong data-pf_style_display=\"inline\" data-pf_style_visibility=\"visible\"><span class=\"text-node\">extrema direita<\/span><\/strong><span class=\"text-node\">, maior foi a perda de floresta nos 36 anos anteriores a essa elei\u00e7\u00e3o.<\/span><\/p>\n<p data-pf_style_display=\"block\" data-pf_style_visibility=\"visible\"><span class=\"text-node\">Nos munic\u00edpios da\u00a0<\/span><strong data-pf_style_display=\"inline\" data-pf_style_visibility=\"visible\"><span class=\"text-node\">Amaz\u00f4nia Legal<\/span><\/strong><span class=\"text-node\">\u00a0onde\u00a0<\/span><strong data-pf_style_display=\"inline\" data-pf_style_visibility=\"visible\"><span class=\"text-node\">Bolsonaro<\/span><\/strong><span class=\"text-node\">\u00a0venceu, a m\u00e9dia de vegeta\u00e7\u00e3o nativa desmatada foi de 19,9%, quase tr\u00eas vezes maior que a m\u00e9dia de 6,3% nas localidades onde\u00a0<\/span><a href=\"https:\/\/www.ihu.unisinos.br\/categorias\/643549-mesmo-com-incendios-recorde-na-amazonia-lula-defende-asfaltamento-da-br-319\" target=\"_blank\" rel=\"noopener noreferrer\" data-pf_style_display=\"inline\" data-pf_style_visibility=\"visible\"><span class=\"text-node\">Luiz In\u00e1cio Lula da Silva<\/span><\/a><span class=\"text-node\">\u00a0obteve a maioria dos votos. Esse fen\u00f4meno \u00e9 evidenciado por um coeficiente de correla\u00e7\u00e3o estatisticamente relevante, refor\u00e7ando a associa\u00e7\u00e3o entre\u00a0<\/span><strong data-pf_style_display=\"inline\" data-pf_style_visibility=\"visible\"><span class=\"text-node\">desmatamento<\/span><\/strong><span class=\"text-node\">\u00a0e apoio \u00e0\u00a0<\/span><strong data-pf_style_display=\"inline\" data-pf_style_visibility=\"visible\"><span class=\"text-node\">extrema direita<\/span><\/strong><span class=\"text-node\">.<\/span><\/p>\n<p data-pf_style_display=\"block\" data-pf_style_visibility=\"visible\"><span class=\"text-node\">As pr\u00e1ticas que impulsionam a\u00a0<\/span><strong data-pf_style_display=\"inline\" data-pf_style_visibility=\"visible\"><span class=\"text-node\">devasta\u00e7\u00e3o da Amaz\u00f4nia<\/span><\/strong><span class=\"text-node\">\u00a0incluem a\u00a0<\/span><a href=\"https:\/\/www.ihu.unisinos.br\/categorias\/626626-grilagem-de-terras-na-amazonia-brasileira-1-introducao-a-serie\" target=\"_blank\" rel=\"noopener noreferrer\" data-pf_style_display=\"inline\" data-pf_style_visibility=\"visible\"><span class=\"text-node\">grilagem de terras p\u00fablicas<\/span><\/a><span class=\"text-node\">, a\u00a0<\/span><a href=\"https:\/\/www.ihu.unisinos.br\/categorias\/159-entrevistas\/590326-mineracao-ilegal-e-mais-um-ataque-aos-direitos-humanos-de-povos-amazonicos-entrevista-especial-com-julia-jacomini\" target=\"_blank\" rel=\"noopener noreferrer\" data-pf_style_display=\"inline\" data-pf_style_visibility=\"visible\"><span class=\"text-node\">minera\u00e7\u00e3o ilegal em territ\u00f3rios ind\u00edgenas<\/span><\/a><span class=\"text-node\">, a\u00a0<\/span><a href=\"https:\/\/www.ihu.unisinos.br\/categorias\/622294-extracao-de-madeira-e-queimadas-na-amazonia-fazem-degradacao-crescer-5-000\" target=\"_blank\" rel=\"noopener noreferrer\" data-pf_style_display=\"inline\" data-pf_style_visibility=\"visible\"><span class=\"text-node\">extra\u00e7\u00e3o descontrolada de madeira<\/span><\/a><span class=\"text-node\">\u00a0e o\u00a0<\/span><a href=\"https:\/\/www.ihu.unisinos.br\/categorias\/159-entrevistas\/617847-destruicao-e-agrotoxico-na-regiao-amazonica-o-retrato-de-como-a-fome-e-a-doenca-se-instalam-na-troca-da-floresta-pela-lavoura-entrevista-especial-com-guillermo-antonio-cardona-grisales\" target=\"_blank\" rel=\"noopener noreferrer\" data-pf_style_display=\"inline\" data-pf_style_visibility=\"visible\"><span class=\"text-node\">aumento do uso de agrot\u00f3xicos<\/span><\/a><span class=\"text-node\">. Essas atividades ilegais s\u00e3o agravadas por pol\u00edticas que incentivam a flexibiliza\u00e7\u00e3o das normas ambientais, resultando em conflitos agr\u00e1rios e na expuls\u00e3o de comunidades tradicionais.<\/span><\/p>\n<p data-pf_style_display=\"block\" data-pf_style_visibility=\"visible\"><span class=\"text-node\">Durante o governo\u00a0<\/span><strong data-pf_style_display=\"inline\" data-pf_style_visibility=\"visible\"><span class=\"text-node\">Bolsonaro<\/span><\/strong><span class=\"text-node\">\u00a0(2019-2022), a taxa de\u00a0<\/span><strong data-pf_style_display=\"inline\" data-pf_style_visibility=\"visible\"><span class=\"text-node\">desmatamento na Amaz\u00f4nia<\/span><\/strong><span class=\"text-node\">\u00a0superou os 10 mil km\u00b2 por ano, um patamar n\u00e3o observado desde 2008. Em compara\u00e7\u00e3o, a \u00e1rea desmatada durante o primeiro mandato de\u00a0<\/span><a href=\"https:\/\/www.ihu.unisinos.br\/noticias\/533914-dilma-nao-criou-nenhuma-nova-unidade-de-conservacao-na-amazonia\" target=\"_blank\" rel=\"noopener noreferrer\" data-pf_style_display=\"inline\" data-pf_style_visibility=\"visible\"><span class=\"text-node\">Dilma Rousseff<\/span><\/a><span class=\"text-node\">\u00a0(2011-2014) foi significativamente menor, demonstrando um aumento expressivo de 208% no ritmo de destrui\u00e7\u00e3o sob a administra\u00e7\u00e3o bolsonarista. Essa alta \u00e9 indicativo das mudan\u00e7as nas pol\u00edticas p\u00fablicas que favoreceram atividades econ\u00f4micas predat\u00f3rias em detrimento da preserva\u00e7\u00e3o ambiental.<\/span><\/p>\n<h2 data-pf_style_display=\"block\" data-pf_style_visibility=\"visible\"><span class=\"text-node\">Corrida eleitoral<\/span><\/h2>\n<p data-pf_style_display=\"block\" data-pf_style_visibility=\"visible\"><span class=\"text-node\">As\u00a0<\/span><a href=\"https:\/\/www.ihu.unisinos.br\/644790-eleicoes-municipais-dez-hipoteses-exploratorias-artigo-de-valerio-arcary\" target=\"_blank\" rel=\"noopener noreferrer\" data-pf_style_display=\"inline\" data-pf_style_visibility=\"visible\"><span class=\"text-node\">elei\u00e7\u00f5es municipais de 2024 na regi\u00e3o amaz\u00f4nica<\/span><\/a><span class=\"text-node\">\u00a0refor\u00e7am essa tend\u00eancia de avan\u00e7o das for\u00e7as de direita e centro direita. O resultado do primeiro turno em v\u00e1rias capitais revela uma preval\u00eancia de candidatos com agendas pouco comprometidas com a\u00a0<\/span><strong data-pf_style_display=\"inline\" data-pf_style_visibility=\"visible\"><span class=\"text-node\">preserva\u00e7\u00e3o ambiental<\/span><\/strong><span class=\"text-node\">, como observado em Bel\u00e9m, onde\u00a0<\/span><strong data-pf_style_display=\"inline\" data-pf_style_visibility=\"visible\"><span class=\"text-node\">Delegado Eder Mauro<\/span><\/strong><span class=\"text-node\">\u00a0(PL) vai disputar o segundo turno contra\u00a0<\/span><strong data-pf_style_display=\"inline\" data-pf_style_visibility=\"visible\"><span class=\"text-node\">Igor Normando<\/span><\/strong><span class=\"text-node\">\u00a0(MDB), e em Manaus, onde\u00a0<\/span><strong data-pf_style_display=\"inline\" data-pf_style_visibility=\"visible\"><span class=\"text-node\">Capit\u00e3o Alberto Neto<\/span><\/strong><span class=\"text-node\">\u00a0(PL) enfrentar\u00e1\u00a0<\/span><strong data-pf_style_display=\"inline\" data-pf_style_visibility=\"visible\"><span class=\"text-node\">David Almeida<\/span><\/strong><span class=\"text-node\">\u00a0(Avante).<\/span><\/p>\n<p data-pf_style_display=\"block\" data-pf_style_visibility=\"visible\"><span class=\"text-node\">Candidatos conservadores tamb\u00e9m se destacaram em outras capitais:\u00a0<\/span><strong data-pf_style_display=\"inline\" data-pf_style_visibility=\"visible\"><span class=\"text-node\">Ti\u00e3o Bocalom<\/span><\/strong><span class=\"text-node\">\u00a0(PL) foi reeleito em Rio Branco no primeiro turno,\u00a0<\/span><strong data-pf_style_display=\"inline\" data-pf_style_visibility=\"visible\"><span class=\"text-node\">Arthur Henrique<\/span><\/strong><span class=\"text-node\">\u00a0(MDB) em Boa Vista e\u00a0<\/span><strong data-pf_style_display=\"inline\" data-pf_style_visibility=\"visible\"><span class=\"text-node\">Dr. Furlan<\/span><\/strong><span class=\"text-node\">\u00a0(MDB) em Macap\u00e1, todos com plataformas pol\u00edticas que tendem a favorecer o desenvolvimento econ\u00f4mico mesmo que \u00e0s custas de maiores impactos ambientais. Em Palmas,\u00a0<\/span><strong data-pf_style_display=\"inline\" data-pf_style_visibility=\"visible\"><span class=\"text-node\">Janad Valcari<\/span><\/strong><span class=\"text-node\">\u00a0(PL) segue para o segundo turno contra\u00a0<\/span><strong data-pf_style_display=\"inline\" data-pf_style_visibility=\"visible\"><span class=\"text-node\">Eduardo Siqueira Campos<\/span><\/strong><span class=\"text-node\">\u00a0(Podemos), consolidando a ascens\u00e3o de partidos de\u00a0<\/span><strong data-pf_style_display=\"inline\" data-pf_style_visibility=\"visible\"><span class=\"text-node\">direita<\/span><\/strong><span class=\"text-node\">\u00a0na regi\u00e3o.<\/span><\/p>\n<p data-pf_style_display=\"block\" data-pf_style_visibility=\"visible\"><span class=\"text-node\">Esse cen\u00e1rio se repete em munic\u00edpios considerados priorit\u00e1rios para a\u00e7\u00f5es contra o\u00a0<\/span><strong data-pf_style_display=\"inline\" data-pf_style_visibility=\"visible\"><span class=\"text-node\">desmatamento<\/span><\/strong><span class=\"text-node\">, conforme monitoramento do Minist\u00e9rio do Meio Ambiente. Entre os 70 munic\u00edpios analisados, 69 elegeram seus prefeitos no primeiro turno, e apenas duas prefeituras foram conquistadas por partidos de esquerda:\u00a0<\/span><strong data-pf_style_display=\"inline\" data-pf_style_visibility=\"visible\"><span class=\"text-node\">Macelly Veras<\/span><\/strong><span class=\"text-node\">\u00a0(PDT), em Mau\u00e9s (AM), e\u00a0<\/span><strong data-pf_style_display=\"inline\" data-pf_style_visibility=\"visible\"><span class=\"text-node\">Mans\u00e3o<\/span><\/strong><span class=\"text-node\">\u00a0(PSB), reeleito em Bom Jesus do Araguaia (MT).<\/span><\/p>\n<p data-pf_style_display=\"block\" data-pf_style_visibility=\"visible\"><span class=\"text-node\">As outras 67 prefeituras foram divididas entre Uni\u00e3o Brasil (21), MDB (18), PL (6), Republicanos (6), PP (6), PSD (6), PRD (2), Podemos (1) e Avante (1). Essa distribui\u00e7\u00e3o evidencia a predomin\u00e2ncia de uma agenda pol\u00edtica que pode comprometer ainda mais<\/span><\/p>\n<p data-pf_style_display=\"block\" data-pf_style_visibility=\"visible\"><span class=\"text-node\">A continuidade dessas pol\u00edticas de desenvolvimento sem preocupa\u00e7\u00f5es ambientais pode levar a\u00a0<\/span><strong data-pf_style_display=\"inline\" data-pf_style_visibility=\"visible\"><span class=\"text-node\">Amaz\u00f4nia<\/span><\/strong><span class=\"text-node\">\u00a0ao ponto de n\u00e3o retorno, um estado cr\u00edtico em que mudan\u00e7as m\u00ednimas podem desencadear transforma\u00e7\u00f5es irrevers\u00edveis no ecossistema.<\/span><\/p>\n<p data-pf_style_display=\"block\" data-pf_style_visibility=\"visible\"><span class=\"text-node\">Segundo especialistas, se o\u00a0<\/span><strong data-pf_style_display=\"inline\" data-pf_style_visibility=\"visible\"><span class=\"text-node\">desmatamento<\/span><\/strong><span class=\"text-node\">\u00a0continuar avan\u00e7ando nos n\u00edveis atuais, a\u00a0<\/span><strong data-pf_style_display=\"inline\" data-pf_style_visibility=\"visible\"><span class=\"text-node\">Amaz\u00f4nia<\/span><\/strong><span class=\"text-node\">\u00a0perder\u00e1 sua capacidade de atuar como um\u00a0<\/span><a href=\"https:\/\/www.ihu.unisinos.br\/categorias\/626620-desmatamento-na-amazonia-afeta-o-clima-regional-e-global\" target=\"_blank\" rel=\"noopener noreferrer\" data-pf_style_display=\"inline\" data-pf_style_visibility=\"visible\"><span class=\"text-node\">regulador clim\u00e1tico global<\/span><\/a><span class=\"text-node\">, acelerando os efeitos das\u00a0<\/span><strong data-pf_style_display=\"inline\" data-pf_style_visibility=\"visible\"><span class=\"text-node\">mudan\u00e7as clim\u00e1ticas<\/span><\/strong><span class=\"text-node\">\u00a0e impactando negativamente a produ\u00e7\u00e3o agr\u00edcola, a disponibilidade de \u00e1gua e o equil\u00edbrio dos sistemas naturais.<\/span><\/p>\n<p data-pf_style_display=\"block\" data-pf_style_visibility=\"visible\"><span class=\"text-node\">A situa\u00e7\u00e3o atual na\u00a0<\/span><strong data-pf_style_display=\"inline\" data-pf_style_visibility=\"visible\"><span class=\"text-node\">Amaz\u00f4nia<\/span><\/strong><span class=\"text-node\">\u00a0destaca a necessidade urgente de se repensar a escolha de lideran\u00e7as pol\u00edticas que sejam comprometidas com a\u00a0<\/span><strong data-pf_style_display=\"inline\" data-pf_style_visibility=\"visible\"><span class=\"text-node\">preserva\u00e7\u00e3o ambiental<\/span><\/strong><span class=\"text-node\">\u00a0e os direitos das popula\u00e7\u00f5es tradicionais. \u00c9 crucial que pol\u00edticas p\u00fablicas sejam estabelecidas para garantir a sustentabilidade a longo prazo da floresta, protegendo sua\u00a0<\/span><strong data-pf_style_display=\"inline\" data-pf_style_visibility=\"visible\"><span class=\"text-node\">biodiversidade<\/span><\/strong><span class=\"text-node\">\u00a0e as comunidades que dela dependem.<\/span><\/p>\n<p data-pf_style_display=\"block\" data-pf_style_visibility=\"visible\"><span class=\"text-node\">O\u00a0<\/span><a href=\"https:\/\/ihu.unisinos.br\/categorias\/644756-massacre-do-rio-abacaxis-impunidade-e-omissao-do-governo-federal-artigo-de-gabriel-vilardi\" target=\"_blank\" rel=\"noopener noreferrer\" data-pf_style_display=\"inline\" data-pf_style_visibility=\"visible\"><span class=\"text-node\">avan\u00e7o da extrema direita na regi\u00e3o<\/span><\/a><span class=\"text-node\">\u00a0mostra que a luta pela conserva\u00e7\u00e3o da\u00a0<\/span><strong data-pf_style_display=\"inline\" data-pf_style_visibility=\"visible\"><span class=\"text-node\">Amaz\u00f4nia<\/span><\/strong><span class=\"text-node\">\u00a0ser\u00e1 um desafio ainda maior, exigindo uma mobiliza\u00e7\u00e3o ampla da sociedade civil, de organiza\u00e7\u00f5es n\u00e3o governamentais, e uma press\u00e3o cont\u00ednua sobre os governos locais e internacionais para frear a devasta\u00e7\u00e3o.<\/span><\/p>\n<p data-pf_style_display=\"block\" data-pf_style_visibility=\"visible\"><span class=\"text-node\">As elei\u00e7\u00f5es de 2024 revelaram uma prefer\u00eancia por l\u00edderes que favorecem pol\u00edticas de desenvolvimento com menor restri\u00e7\u00e3o ambiental, tornando imperativo o fortalecimento de uma oposi\u00e7\u00e3o que defenda a floresta e as futuras gera\u00e7\u00f5es.<\/span><\/p>\n","protected":false},"excerpt":{"rendered":"<p>Estudo identificou correla\u00e7\u00e3o direta entre o apoio eleitoral a pol\u00edticos de\u00a0direita\u00a0e a\u00a0devasta\u00e7\u00e3o amaz\u00f4nica. O artigo \u00e9 de\u00a0Wallisson Rodrigues,\u00a0cientista social pela Universidade de Rond\u00f4nia, especialista em Energia e Sociedade no Capitalismo Contempor\u00e2neo, e foi publicado em\u00a0Brasil de Fato.<\/p>\n","protected":false},"author":1,"featured_media":0,"comment_status":"closed","ping_status":"open","sticky":false,"template":"","format":"standard","meta":{"_exactmetrics_skip_tracking":false,"_exactmetrics_sitenote_active":false,"_exactmetrics_sitenote_note":"","_exactmetrics_sitenote_category":0,"jetpack_post_was_ever_published":false,"_jetpack_newsletter_access":"","_jetpack_dont_email_post_to_subs":false,"_jetpack_newsletter_tier_id":0,"_jetpack_memberships_contains_paywalled_content":false,"_jetpack_memberships_contains_paid_content":false,"footnotes":"","jetpack_publicize_message":"","jetpack_publicize_feature_enabled":true,"jetpack_social_post_already_shared":true,"jetpack_social_options":{"image_generator_settings":{"template":"highway","enabled":false},"version":2}},"categories":[1],"tags":[252,1157,1147],"class_list":["post-36098","post","type-post","status-publish","format-standard","hentry","category-notas","tag-amazonia","tag-devastacao","tag-direita"],"jetpack_publicize_connections":[],"jetpack_sharing_enabled":true,"jetpack_featured_media_url":"","jetpack_shortlink":"https:\/\/wp.me\/p7wKYW-9oe","jetpack-related-posts":[],"_links":{"self":[{"href":"http:\/\/blogdalucianaoliveira.com.br\/blog\/wp-json\/wp\/v2\/posts\/36098","targetHints":{"allow":["GET"]}}],"collection":[{"href":"http:\/\/blogdalucianaoliveira.com.br\/blog\/wp-json\/wp\/v2\/posts"}],"about":[{"href":"http:\/\/blogdalucianaoliveira.com.br\/blog\/wp-json\/wp\/v2\/types\/post"}],"author":[{"embeddable":true,"href":"http:\/\/blogdalucianaoliveira.com.br\/blog\/wp-json\/wp\/v2\/users\/1"}],"replies":[{"embeddable":true,"href":"http:\/\/blogdalucianaoliveira.com.br\/blog\/wp-json\/wp\/v2\/comments?post=36098"}],"version-history":[{"count":1,"href":"http:\/\/blogdalucianaoliveira.com.br\/blog\/wp-json\/wp\/v2\/posts\/36098\/revisions"}],"predecessor-version":[{"id":36100,"href":"http:\/\/blogdalucianaoliveira.com.br\/blog\/wp-json\/wp\/v2\/posts\/36098\/revisions\/36100"}],"wp:attachment":[{"href":"http:\/\/blogdalucianaoliveira.com.br\/blog\/wp-json\/wp\/v2\/media?parent=36098"}],"wp:term":[{"taxonomy":"category","embeddable":true,"href":"http:\/\/blogdalucianaoliveira.com.br\/blog\/wp-json\/wp\/v2\/categories?post=36098"},{"taxonomy":"post_tag","embeddable":true,"href":"http:\/\/blogdalucianaoliveira.com.br\/blog\/wp-json\/wp\/v2\/tags?post=36098"}],"curies":[{"name":"wp","href":"https:\/\/api.w.org\/{rel}","templated":true}]}}