{"id":3610,"date":"2016-09-01T11:42:25","date_gmt":"2016-09-01T15:42:25","guid":{"rendered":"http:\/\/blogdalucianaoliveira.com.br\/blog\/?p=3610"},"modified":"2016-09-01T11:42:25","modified_gmt":"2016-09-01T15:42:25","slug":"depois-nao-diga-que-um-dos-jornais-mais-influentes-do-mundo-nao-avisou","status":"publish","type":"post","link":"http:\/\/blogdalucianaoliveira.com.br\/blog\/2016\/09\/01\/depois-nao-diga-que-um-dos-jornais-mais-influentes-do-mundo-nao-avisou\/","title":{"rendered":"Depois n\u00e3o diga que um dos jornais mais influentes do mundo n\u00e3o avisou"},"content":{"rendered":"<p><img data-recalc-dims=\"1\" loading=\"lazy\" decoding=\"async\" data-attachment-id=\"3611\" data-permalink=\"http:\/\/blogdalucianaoliveira.com.br\/blog\/2016\/09\/01\/depois-nao-diga-que-um-dos-jornais-mais-influentes-do-mundo-nao-avisou\/image-794\/\" data-orig-file=\"https:\/\/i0.wp.com\/blogdalucianaoliveira.com.br\/blog\/wp-content\/uploads\/2016\/09\/image-2.jpeg?fit=744%2C720\" data-orig-size=\"744,720\" data-comments-opened=\"0\" data-image-meta=\"{&quot;aperture&quot;:&quot;0&quot;,&quot;credit&quot;:&quot;&quot;,&quot;camera&quot;:&quot;&quot;,&quot;caption&quot;:&quot;&quot;,&quot;created_timestamp&quot;:&quot;0&quot;,&quot;copyright&quot;:&quot;&quot;,&quot;focal_length&quot;:&quot;0&quot;,&quot;iso&quot;:&quot;0&quot;,&quot;shutter_speed&quot;:&quot;0&quot;,&quot;title&quot;:&quot;&quot;,&quot;orientation&quot;:&quot;0&quot;}\" data-image-title=\"image\" data-image-description=\"\" data-image-caption=\"\" data-medium-file=\"https:\/\/i0.wp.com\/blogdalucianaoliveira.com.br\/blog\/wp-content\/uploads\/2016\/09\/image-2.jpeg?fit=300%2C290\" data-large-file=\"https:\/\/i0.wp.com\/blogdalucianaoliveira.com.br\/blog\/wp-content\/uploads\/2016\/09\/image-2.jpeg?fit=600%2C581\" src=\"https:\/\/i0.wp.com\/blogdalucianaoliveira.com.br\/blog\/wp-content\/uploads\/2016\/09\/image-2.jpeg?resize=600%2C581\" alt=\"image\" width=\"600\" height=\"581\" class=\"alignnone size-full wp-image-3611\" srcset=\"https:\/\/i0.wp.com\/blogdalucianaoliveira.com.br\/blog\/wp-content\/uploads\/2016\/09\/image-2.jpeg?w=744 744w, https:\/\/i0.wp.com\/blogdalucianaoliveira.com.br\/blog\/wp-content\/uploads\/2016\/09\/image-2.jpeg?resize=300%2C290 300w, https:\/\/i0.wp.com\/blogdalucianaoliveira.com.br\/blog\/wp-content\/uploads\/2016\/09\/image-2.jpeg?resize=310%2C300 310w\" sizes=\"auto, (max-width: 600px) 100vw, 600px\" \/><\/p>\n<p>New York Times: Presidente brasileira deposta<!--more--><\/p>\n<p>O Brasil teve quatro presidentes eleitos desde que a democracia foi restaurada, em 1985. Dois deles cumpriram seus mandatos. Na quarta-feira (31), Dilma Rousseff foi a segunda a ser deposta enquanto no cargo, em meio a um turbilh\u00e3o pol\u00edtico e den\u00fancias de malfeitos.<\/p>\n<p>Os senadores votaram por larga maioria no impeachment de Rousseff pelo uso de fundos de bancos estatais para sustentar o or\u00e7amento do governo antes de sua reelei\u00e7\u00e3o em 2014, o que eles consideraram um crime; alguns de seus antecessores usaram truques or\u00e7ament\u00e1rios semelhantes. A sa\u00edda de Rousseff marca o fim de um regime transformador de 13 anos do Partido dos Trabalhadores, de esquerda, que usou as receitas do Estado geradas por um apogeu das mat\u00e9rias-primas para tirar milh\u00f5es de pessoas da pobreza, mas perdeu o apoio quando a economia entrou em recess\u00e3o nos \u00faltimos anos.<\/p>\n<p>Rousseff denunciou o processo como um golpe de advers\u00e1rios pol\u00edticos que a consideravam uma amea\u00e7a porque n\u00e3o impediu um inqu\u00e9rito sobre corrup\u00e7\u00e3o que envolvia dezenas de membros da classe governante do pa\u00eds. Rousseff comparou o caso contra ela com o per\u00edodo do regime militar, quando foi uma das centenas de pessoas detidas e torturadas.<\/p>\n<p>&#8220;Hoje o Senado tomou uma decis\u00e3o que entrar\u00e1 para a hist\u00f3ria como uma grande injusti\u00e7a&#8221;, disse ela em um discurso desafiador, depois que os legisladores votaram por 61 a 20 por seu impeachment. &#8220;Sessenta e um senadores reverteram a vontade expressa por 54,5 milh\u00f5es de votos.&#8221;<\/p>\n<p>Rousseff prometeu combater o que ela descreveu como a tentativa de uma coaliz\u00e3o de pol\u00edticos homens de direita, eles mesmos manchados por den\u00fancias de corrup\u00e7\u00e3o, para sequestrar o processo pol\u00edtico. &#8220;O projeto nacional progressista, inclusivo e democr\u00e1tico que represento est\u00e1 sendo interrompido por uma poderosa for\u00e7a conservadora e reacion\u00e1ria&#8221;, disse ela.<\/p>\n<p>Ser\u00e1 uma vergonha se a hist\u00f3ria provar que ela tem raz\u00e3o. Mas o legado de Rousseff, e os fatos que levaram a sua queda, s\u00e3o mais complexos do que ela admite. Rousseff tornou-se profundamente impopular quando a recess\u00e3o se instalou e ela n\u00e3o conseguiu criar a coaliz\u00e3o necess\u00e1ria para governar com efic\u00e1cia. Quando investigadores da corrup\u00e7\u00e3o se concentraram em seu antecessor na Presid\u00eancia, Luiz In\u00e1cio Lula da Silva, ela abusou de sua autoridade ao lhe dar um cargo de ministro, para proteg\u00ea-lo de um processo.<\/p>\n","protected":false},"excerpt":{"rendered":"<p>New York Times: Presidente brasileira deposta<\/p>\n","protected":false},"author":1,"featured_media":0,"comment_status":"closed","ping_status":"open","sticky":false,"template":"","format":"standard","meta":{"_exactmetrics_skip_tracking":false,"_exactmetrics_sitenote_active":false,"_exactmetrics_sitenote_note":"","_exactmetrics_sitenote_category":0,"jetpack_post_was_ever_published":false,"_jetpack_newsletter_access":"","_jetpack_dont_email_post_to_subs":false,"_jetpack_newsletter_tier_id":0,"_jetpack_memberships_contains_paywalled_content":false,"_jetpack_memberships_contains_paid_content":false,"footnotes":"","jetpack_publicize_message":"","jetpack_publicize_feature_enabled":true,"jetpack_social_post_already_shared":true,"jetpack_social_options":{"image_generator_settings":{"template":"highway","enabled":false},"version":2}},"categories":[1],"tags":[],"class_list":["post-3610","post","type-post","status-publish","format-standard","hentry","category-notas"],"jetpack_publicize_connections":[],"jetpack_sharing_enabled":true,"jetpack_featured_media_url":"","jetpack_shortlink":"https:\/\/wp.me\/p7wKYW-We","jetpack-related-posts":[],"_links":{"self":[{"href":"http:\/\/blogdalucianaoliveira.com.br\/blog\/wp-json\/wp\/v2\/posts\/3610","targetHints":{"allow":["GET"]}}],"collection":[{"href":"http:\/\/blogdalucianaoliveira.com.br\/blog\/wp-json\/wp\/v2\/posts"}],"about":[{"href":"http:\/\/blogdalucianaoliveira.com.br\/blog\/wp-json\/wp\/v2\/types\/post"}],"author":[{"embeddable":true,"href":"http:\/\/blogdalucianaoliveira.com.br\/blog\/wp-json\/wp\/v2\/users\/1"}],"replies":[{"embeddable":true,"href":"http:\/\/blogdalucianaoliveira.com.br\/blog\/wp-json\/wp\/v2\/comments?post=3610"}],"version-history":[{"count":1,"href":"http:\/\/blogdalucianaoliveira.com.br\/blog\/wp-json\/wp\/v2\/posts\/3610\/revisions"}],"predecessor-version":[{"id":3612,"href":"http:\/\/blogdalucianaoliveira.com.br\/blog\/wp-json\/wp\/v2\/posts\/3610\/revisions\/3612"}],"wp:attachment":[{"href":"http:\/\/blogdalucianaoliveira.com.br\/blog\/wp-json\/wp\/v2\/media?parent=3610"}],"wp:term":[{"taxonomy":"category","embeddable":true,"href":"http:\/\/blogdalucianaoliveira.com.br\/blog\/wp-json\/wp\/v2\/categories?post=3610"},{"taxonomy":"post_tag","embeddable":true,"href":"http:\/\/blogdalucianaoliveira.com.br\/blog\/wp-json\/wp\/v2\/tags?post=3610"}],"curies":[{"name":"wp","href":"https:\/\/api.w.org\/{rel}","templated":true}]}}