{"id":36101,"date":"2024-10-18T20:16:04","date_gmt":"2024-10-19T00:16:04","guid":{"rendered":"http:\/\/blogdalucianaoliveira.com.br\/blog\/?p=36101"},"modified":"2024-10-18T20:16:04","modified_gmt":"2024-10-19T00:16:04","slug":"entenda-por-que-o-rio-madeira-continua-batendo-minimas-historicas-mesmo-com-chuvas-em-rondonia","status":"publish","type":"post","link":"http:\/\/blogdalucianaoliveira.com.br\/blog\/2024\/10\/18\/entenda-por-que-o-rio-madeira-continua-batendo-minimas-historicas-mesmo-com-chuvas-em-rondonia\/","title":{"rendered":"Entenda por que o rio Madeira continua batendo m\u00ednimas hist\u00f3ricas mesmo com chuvas em Rond\u00f4nia"},"content":{"rendered":"<p><img data-recalc-dims=\"1\" loading=\"lazy\" decoding=\"async\" data-attachment-id=\"36102\" data-permalink=\"http:\/\/blogdalucianaoliveira.com.br\/blog\/2024\/10\/18\/entenda-por-que-o-rio-madeira-continua-batendo-minimas-historicas-mesmo-com-chuvas-em-rondonia\/img_1590\/\" data-orig-file=\"https:\/\/i0.wp.com\/blogdalucianaoliveira.com.br\/blog\/wp-content\/uploads\/2024\/10\/IMG_1590.jpeg?fit=1006%2C635\" data-orig-size=\"1006,635\" data-comments-opened=\"0\" data-image-meta=\"{&quot;aperture&quot;:&quot;0&quot;,&quot;credit&quot;:&quot;&quot;,&quot;camera&quot;:&quot;&quot;,&quot;caption&quot;:&quot;&quot;,&quot;created_timestamp&quot;:&quot;0&quot;,&quot;copyright&quot;:&quot;&quot;,&quot;focal_length&quot;:&quot;0&quot;,&quot;iso&quot;:&quot;0&quot;,&quot;shutter_speed&quot;:&quot;0&quot;,&quot;title&quot;:&quot;&quot;,&quot;orientation&quot;:&quot;1&quot;}\" data-image-title=\"IMG_1590\" data-image-description=\"\" data-image-caption=\"\" data-medium-file=\"https:\/\/i0.wp.com\/blogdalucianaoliveira.com.br\/blog\/wp-content\/uploads\/2024\/10\/IMG_1590.jpeg?fit=300%2C189\" data-large-file=\"https:\/\/i0.wp.com\/blogdalucianaoliveira.com.br\/blog\/wp-content\/uploads\/2024\/10\/IMG_1590.jpeg?fit=600%2C379\" class=\"alignnone size-full wp-image-36102\" src=\"https:\/\/i0.wp.com\/blogdalucianaoliveira.com.br\/blog\/wp-content\/uploads\/2024\/10\/IMG_1590.jpeg?resize=600%2C379\" alt=\"\" width=\"600\" height=\"379\" srcset=\"https:\/\/i0.wp.com\/blogdalucianaoliveira.com.br\/blog\/wp-content\/uploads\/2024\/10\/IMG_1590.jpeg?w=1006 1006w, https:\/\/i0.wp.com\/blogdalucianaoliveira.com.br\/blog\/wp-content\/uploads\/2024\/10\/IMG_1590.jpeg?resize=300%2C189 300w, https:\/\/i0.wp.com\/blogdalucianaoliveira.com.br\/blog\/wp-content\/uploads\/2024\/10\/IMG_1590.jpeg?resize=768%2C485 768w, https:\/\/i0.wp.com\/blogdalucianaoliveira.com.br\/blog\/wp-content\/uploads\/2024\/10\/IMG_1590.jpeg?resize=475%2C300 475w\" sizes=\"auto, (max-width: 600px) 100vw, 600px\" \/><\/p>\n<div class=\"row content-head mc-column non-featured \">\n<div class=\"medium-centered subtitle\">\n<h2 class=\"content-head__subtitle\">Temporais provocam ventanias e alagam ruas nas cidades do estado; apesar disso, o Madeira continua seco, j\u00e1 que a maior parte da vaz\u00e3o rio vem do Peru e da Bol\u00edvia.<\/h2>\n<\/div>\n<\/div>\n<p><!--more--><\/p>\n<div class=\"content__signa-share mc-column\">\n<div class=\"content__signature\">\n<div class=\"content-publication-data\">\n<div class=\"content-publication-data__text\">\n<p class=\"content-publication-data__from\" title=\"g1 RO \">Por g1 RO<\/p>\n<div id=\"chunk-7jf4o\">\n<div class=\"mc-column content-text active-extra-styles \" data-block-type=\"unstyled\" data-block-weight=\"48\" data-block-id=\"3\">\n<p class=\" content-text__container \" data-track-category=\"Link no Texto\" data-track-links=\"\">Chuvas intensas e temporais causam estragos em Rond\u00f4nia h\u00e1 semanas. Apesar disso, o rio Madeira continua batendo <a class=\"\" href=\"https:\/\/g1.globo.com\/ro\/rondonia\/noticia\/2024\/10\/12\/video-rio-madeira-bate-nova-minima-historica-e-pescadores-criam-caminhos-na-lama-para-navegar.ghtml\">n\u00edveis m\u00ednimos hist\u00f3ricos como na \u00faltima sexta-feira (11), de 19 cent\u00edmetros<\/a>. O cen\u00e1rio \u00e9 explicado pela geografia: <span class=\"highlight highlighted\">a maior parte da vaz\u00e3o do Madeira vem do Peru e da Bol\u00edvia. <\/span><\/p>\n<\/div>\n<\/div>\n<div class=\"wall protected-content\">\n<div id=\"chunk-bmi8g\">\n<div class=\"mc-column content-text active-extra-styles \" data-block-type=\"unstyled\" data-block-weight=\"38\" data-block-id=\"4\">\n<p class=\" content-text__container \" data-track-category=\"Link no Texto\" data-track-links=\"\"><a class=\"\" href=\"https:\/\/g1.globo.com\/ro\/rondonia\/noticia\/2024\/09\/30\/chove-pelo-4o-dia-consecutivo-em-porto-velho-epoca-de-chuva-comecou.ghtml\">As chuvas come\u00e7aram a cair no estado em setembro, ap\u00f3s meses de estiagem.<\/a>Em poucas semanas houve um acumulado de 75 mm de precipita\u00e7\u00e3o somente em <a class=\"\" href=\"https:\/\/g1.globo.com\/ro\/rondonia\/cidade\/porto-velho\/\">Porto Velho<\/a>, de acordo com o Instituto Nacional de Meteorologia (Inmet).<\/p>\n<\/div>\n<\/div>\n<div id=\"chunk-2uplq\">\n<div class=\"mc-column content-text active-extra-styles \" data-block-type=\"unstyled\" data-block-weight=\"31\" data-block-id=\"5\">\n<p class=\" content-text__container \" data-track-category=\"Link no Texto\" data-track-links=\"\">Essa quantidade \u00e9 o primeiro volume consider\u00e1vel em pelo menos quatro meses. Em junho e julho n\u00e3o ocorreram chuvas na capital de Rond\u00f4nia. J\u00e1 em agosto choveu apenas 16 mm.<\/p>\n<\/div>\n<\/div>\n<div id=\"chunk-3n44b\">\n<div class=\"mc-column content-text active-extra-styles \" data-block-type=\"unstyled\" data-block-weight=\"32\" data-block-id=\"6\">\n<p class=\" content-text__container \" data-track-category=\"Link no Texto\" data-track-links=\"\">O engenheiro hidrol\u00f3gico do Servi\u00e7o Geol\u00f3gico do Brasil (SGB), Guilherme Cardoso, explicou ao <strong>g1 <\/strong>que somente a chuva nos rios Madre de Dios e Beni influenciam significativamente no n\u00edvel do rio Madeira.<\/p>\n<\/div>\n<\/div>\n<div id=\"chunk-9b3b1\">\n<div class=\"mc-column content-text active-extra-styles\" data-block-type=\"raw\" data-block-weight=\"54\" data-block-id=\"7\">\n<p class=\"content-text__container\">\n<blockquote class=\"content-blockquote theme-border-color-primary-before\"><p>&#8220;O Madeira depende quase que exclusivamente das chuvas que caem na Bol\u00edvia e no Peru, onde est\u00e3o os rios Beni e Madre de Dios. Eles s\u00e3o os verdadeiros fornecedores de \u00e1gua para o rio, e quando n\u00e3o chove nas cabeceiras andinas, o Madeira aqui em Rond\u00f4nia n\u00e3o sente os efeitos das chuvas locais&#8221;, respondeu.<\/p><\/blockquote>\n<p>&nbsp;<\/p>\n<\/div>\n<\/div>\n<div id=\"chunk-28u0o\">\n<div class=\"mc-column\" data-block-type=\"ads\" data-block-id=\"8\">\n<div id=\"content-ads-banner_materia2\" class=\"content-ads content-ads--regular content-ads--smart-size\">\n<div id=\"banner_materia2\" class=\"tag-manager-publicidade-container mc-has-ad-lazyload tag-manager-publicidade-banner_materia2 tag-manager-publicidade-container--carregado tag-manager-publicidade-container--visivel\" data-id=\"banner_materia2\" data-google-query-id=\"CIGa1OSTmYkDFflU3QIdV5ETig\">\n<div id=\"chunk-570kh\">\n<div class=\"mc-column content-text active-extra-styles \" data-block-type=\"unstyled\" data-block-weight=\"60\" data-block-id=\"9\">\n<p class=\" content-text__container \" data-track-category=\"Link no Texto\" data-track-links=\"\"><span class=\"highlight highlighted\">O especialista explicou que cerca de 70% da vaz\u00e3o do rio Madeira v\u00eam das regi\u00f5es de cabeceira na Bol\u00edvia e no Peru.<\/span> Isso faz com que o rio funcione como uma &#8220;art\u00e9ria&#8221; conectada diretamente ao &#8220;cora\u00e7\u00e3o&#8221; das montanhas desses pa\u00edses. Quando n\u00e3o chove l\u00e1, o &#8220;corpo&#8221; do rio aqui enfraquece, independentemente do volume de chuva que cai sobre Rond\u00f4nia.<\/p>\n<\/div>\n<\/div>\n<div id=\"chunk-b58mf\">\n<div class=\"mc-column content-text active-extra-styles \" data-block-type=\"unstyled\" data-block-weight=\"57\" data-block-id=\"10\">\n<p class=\" content-text__container \" data-track-category=\"Link no Texto\" data-track-links=\"\">Enquanto o rio permanece baixo, as chuvas caem sobre cidades de Rond\u00f4nia. <a class=\"\" href=\"https:\/\/g1.globo.com\/ro\/rondonia\/noticia\/2024\/09\/24\/videos-temporal-deixa-casas-e-estabelecimentos-destruidos-no-interior-de-rondonia.ghtml\">Ventos arrancam telhados e arrastam carros, como ocorreu em Governador Jorge Teixeira, onde um temporal na \u00faltima semana causou estragos. <\/a>A depend\u00eancia clim\u00e1tica das regi\u00f5es andinas \u00e9 o que mant\u00e9m o Madeira em seu estado de crise, como destaca o engenheiro hidr\u00f3logo Guilherme Cardoso:<\/p>\n<div id=\"chunk-ame8n\">\n<div class=\"mc-column content-text active-extra-styles\" data-block-type=\"raw\" data-block-weight=\"51\" data-block-id=\"11\">\n<blockquote class=\"content-blockquote theme-border-color-primary-before\"><p>\u201cN\u00e3o h\u00e1 previs\u00e3o de melhora no curto prazo. O n\u00edvel do rio s\u00f3 vai se recuperar quando as chuvas voltarem a cair nas cabeceiras. Segundo o Servi\u00e7o Nacional de Meteorologia e Hidrologia [da Bol\u00edvia] tanto da Bol\u00edvia e do Peru indicaram chuvas abaixo da m\u00e9dia para essa pr\u00f3xima quinzena de outubro&#8221;.<\/p><\/blockquote>\n<\/div>\n<\/div>\n<div id=\"chunk-4kajf\">\n<div class=\"mc-column content-text active-extra-styles\" data-block-type=\"raw\" data-block-weight=\"3\" data-block-id=\"12\">\n<div class=\"content-intertitle\">\n<h2>A vida paralisada<\/h2>\n<\/div>\n<\/div>\n<\/div>\n<div id=\"chunk-4th97\">\n<div class=\"mc-column content-text active-extra-styles \" data-block-type=\"unstyled\" data-block-weight=\"25\" data-block-id=\"13\">\n<p class=\" content-text__container \" data-track-category=\"Link no Texto\" data-track-links=\"\">Pela primeira vez na hist\u00f3ria, o Porto de Cargas de Porto Velho, vital para o escoamento de produtos como soja e biocombust\u00edveis, foi paralisado.<\/p>\n<\/div>\n<\/div>\n<div id=\"chunk-dbn72\">\n<div class=\"mc-column content-text active-extra-styles \" data-block-type=\"unstyled\" data-block-weight=\"33\" data-block-id=\"14\">\n<p class=\" content-text__container \" data-track-category=\"Link no Texto\" data-track-links=\"\">As opera\u00e7\u00f5es foram suspensas no dia 23 de setembro, \u00e0 medida que o rio se tornou inaveg\u00e1vel para grandes embarca\u00e7\u00f5es. O porto continua parado, afirmou a assessoria que faz a ger\u00eancia do porto.<\/p>\n<\/div>\n<\/div>\n<div id=\"chunk-drkie\">\n<div class=\"mc-column\" data-block-type=\"ads\" data-block-id=\"15\">\n<div class=\"content-ads content-ads--regular content-ads--smart-size\">\n<div id=\"banner_materia__f30970a7-a8d0-4147-9d93-252af681be58\" class=\"tag-manager-publicidade-container mc-has-ad-lazyload tag-manager-publicidade-banner_materia__f30970a7-a8d0-4147-9d93-252af681be58 tag-manager-publicidade-container--carregado tag-manager-publicidade-container--visivel\" data-id=\"banner_materia__f30970a7-a8d0-4147-9d93-252af681be58\" data-google-query-id=\"CMHQ1PmTmYkDFd9c3QIdZ7MLHA\">\n<div id=\"chunk-cdgat\">\n<div class=\"mc-column content-text active-extra-styles\" data-block-type=\"raw\" data-block-weight=\"32\" data-block-id=\"16\">\n<blockquote class=\"content-blockquote theme-border-color-primary-before\"><p>&#8220;Os armadores e operadores portu\u00e1rios continuam aguardando o n\u00edvel do rio apresentar melhores condi\u00e7\u00f5es pra navega\u00e7\u00e3o. Por enquanto seguem com as atividades de movimenta\u00e7\u00e3o de cargas interrompidas&#8221;, informou a administra\u00e7\u00e3o do local.<\/p><\/blockquote>\n<p>&nbsp;<\/p>\n<\/div>\n<\/div>\n<div id=\"chunk-5mqej\">\n<div class=\"row medium-uncollapsed content-media content-photo\" data-block-type=\"backstage-photo\" data-block-id=\"17\">\n<div class=\" mc-column  content-media__container\">\n<div class=\"content-media-container glb-skeleton-box\">\n<figure class=\"content-media-figure\"><img data-recalc-dims=\"1\" decoding=\"async\" class=\"i-amphtml-fill-content i-amphtml-replaced-content\" src=\"https:\/\/i0.wp.com\/s2-g1.glbimg.com\/Xd4hFnMGn8rvYRS1XxbkUHIZi9I%3D\/0x0%3A1301x681\/984x0\/smart\/filters%3Astrip_icc%28%29\/i.s3.glbimg.com\/v1\/AUTH_59edd422c0c84a879bd37670ae4f538a\/internal_photos\/bs\/2024\/0\/a\/qwykiDQ4i9Sfc5ALmxxQ\/captura-de-tela-2024-08-23-162624.jpg?w=600&#038;ssl=1\" sizes=\"(max-width: 390px) 350px, 100vw\" srcset=\"https:\/\/s2-g1.glbimg.com\/n6Qh-kNIIn9fnP8HbDexbSP4Wto=\/0x0:1301x681\/1000x0\/smart\/filters:strip_icc()\/i.s3.glbimg.com\/v1\/AUTH_59edd422c0c84a879bd37670ae4f538a\/internal_photos\/bs\/2024\/0\/a\/qwykiDQ4i9Sfc5ALmxxQ\/captura-de-tela-2024-08-23-162624.jpg 1000w, https:\/\/s2-g1.glbimg.com\/Xd4hFnMGn8rvYRS1XxbkUHIZi9I=\/0x0:1301x681\/984x0\/smart\/filters:strip_icc()\/i.s3.glbimg.com\/v1\/AUTH_59edd422c0c84a879bd37670ae4f538a\/internal_photos\/bs\/2024\/0\/a\/qwykiDQ4i9Sfc5ALmxxQ\/captura-de-tela-2024-08-23-162624.jpg 984w, https:\/\/s2-g1.glbimg.com\/uLOth2QLdKIjkPl3D1yQLwO1l0I=\/0x0:1301x681\/640x0\/smart\/filters:strip_icc()\/i.s3.glbimg.com\/v1\/AUTH_59edd422c0c84a879bd37670ae4f538a\/internal_photos\/bs\/2024\/0\/a\/qwykiDQ4i9Sfc5ALmxxQ\/captura-de-tela-2024-08-23-162624.jpg 640w, https:\/\/s2-g1.glbimg.com\/PmolJhJyl36Sz2gabANYHPauVZg=\/0x0:1301x681\/600x0\/smart\/filters:strip_icc()\/i.s3.glbimg.com\/v1\/AUTH_59edd422c0c84a879bd37670ae4f538a\/internal_photos\/bs\/2024\/0\/a\/qwykiDQ4i9Sfc5ALmxxQ\/captura-de-tela-2024-08-23-162624.jpg 600w\" alt=\"Seca rio Madeira 2024 \u2014 Foto: Rede Amaz\u00f4nica\" \/><\/figure>\n<\/div>\n<p class=\"content-media__description  \">Seca rio Madeira 2024 \u2014 Foto: Rede Amaz\u00f4nica<\/p>\n<\/div>\n<\/div>\n<\/div>\n<div id=\"chunk-97lef\">\n<div class=\"mc-column content-text active-extra-styles \" data-block-type=\"unstyled\" data-block-weight=\"43\" data-block-id=\"18\">\n<p class=\" content-text__container \" data-track-category=\"Link no Texto\" data-track-links=\"\">Al\u00e9m disso, os moradores das comunidades ribeirinhas viram os po\u00e7os amaz\u00f4nicos secos, assim como o rio. Sem acesso \u00e0 \u00e1gua, eles dependem de carregamentos enviados pela Defesa Civil Municipal e as secretarias de assist\u00eancia social de Porto Velho e do estado de Rond\u00f4nia.<\/p>\n<\/div>\n<\/div>\n<div id=\"chunk-2j49c\">\n<div class=\"mc-column content-text active-extra-styles \" data-block-type=\"unstyled\" data-block-weight=\"21\" data-block-id=\"19\">\n<p class=\" content-text__container \" data-track-category=\"Link no Texto\" data-track-links=\"\">Ribeirinhos agora caminham por antes era poss\u00edvel andar de barco. A imensid\u00e3o de \u00e1gua se transformou em um deserto de areia.<\/p>\n<\/div>\n<\/div>\n<div id=\"chunk-8s5k2\">\n<div class=\"mc-column content-text active-extra-styles \" data-block-type=\"unstyled\" data-block-weight=\"33\" data-block-id=\"20\">\n<p class=\" content-text__container \" data-track-category=\"Link no Texto\" data-track-links=\"\">A seca tem for\u00e7ando os moradores do distrito de Calama, em Porto Velho, a desenvolverem novas estrat\u00e9gias de navega\u00e7\u00e3o. Pescadores, como Moises Correia, usam as h\u00e9lices de embarca\u00e7\u00e3o para criar &#8220;caminhos&#8221; na lama.<\/p>\n<\/div>\n<\/div>\n<div id=\"chunk-59h4p\">\n<div class=\"mc-column content-text active-extra-styles \" data-block-type=\"unstyled\" data-block-weight=\"48\" data-block-id=\"22\">\n<p class=\" content-text__container \" data-track-category=\"Link no Texto\" data-track-links=\"\">Moises, que vive h\u00e1 15 anos em Calama, conta que os pescadores precisaram se organizar para manter uma rota de acesso ao porto. Com o rio cada vez mais seco, eles come\u00e7aram a usar as h\u00e9lices de suas voadeiras para cortar a lama, criando um canal.<em><\/p>\n<p><\/em><\/p>\n<div id=\"chunk-3rikp\">\n<div class=\"mc-column content-text active-extra-styles\" data-block-type=\"raw\" data-block-weight=\"5\" data-block-id=\"25\">\n<div class=\"content-intertitle\">\n<h2>Monitoramento do n\u00edvel das \u00e1guas<\/h2>\n<\/div>\n<p>&nbsp;<\/p>\n<\/div>\n<\/div>\n<div id=\"chunk-6lqs0\">\n<div class=\"mc-column content-text active-extra-styles \" data-block-type=\"unstyled\" data-block-weight=\"38\" data-block-id=\"26\">\n<p class=\" content-text__container \" data-track-category=\"Link no Texto\" data-track-links=\"\">Atualmente, o rio Madeira \u00e9 monitorado por tr\u00eas esta\u00e7\u00f5es da Rede Hidrometeorol\u00f3gica Nacional (RHN), operadas pelo Servi\u00e7o Geol\u00f3gico do Brasil (SGB), na Resid\u00eancia de Porto Velho (REPO). Elas s\u00e3o equipadas com sistemas automatizados, r\u00e9guas linim\u00e9tricas e pluvi\u00f4metros.<\/p>\n<\/div>\n<\/div>\n<div id=\"chunk-eng70\">\n<div class=\"mc-column\" data-block-type=\"ads\" data-block-id=\"27\">\n<div class=\"content-ads content-ads--regular content-ads--smart-size\"><\/div>\n<\/div>\n<\/div>\n<div id=\"chunk-4ed16\">\n<div class=\"mc-column content-text active-extra-styles \" data-block-type=\"unstyled\" data-block-weight=\"21\" data-block-id=\"28\">\n<p class=\" content-text__container \" data-track-category=\"Link no Texto\" data-track-links=\"\">O monitoramento integra o Sistema de Alerta Hidrol\u00f3gico do Madeira (SAH Madeira), dispon\u00edvel na plataforma Sace, no site do SGB.<\/p>\n<\/div>\n<\/div>\n<div id=\"chunk-54d4v\">\n<div class=\"mc-column content-text active-extra-styles \" data-block-type=\"unstyled\" data-block-weight=\"40\" data-block-id=\"29\">\n<p class=\" content-text__container \" data-track-category=\"Link no Texto\" data-track-links=\"\">\ud83d\udd0e Os dados sobre o n\u00edvel e a vaz\u00e3o s\u00e3o coletados a cada 15 minutos e o comportamento do rio \u00e9 analisado com base em previs\u00f5es de chuva, gerando boletins com progn\u00f3sticos da bacia e previs\u00f5es dos n\u00edveis do rio.<\/p>\n<\/div>\n<\/div>\n<div id=\"chunk-r076\">\n<div class=\"row medium-uncollapsed content-media content-photo\" data-block-type=\"backstage-photo\" data-block-id=\"30\">\n<div class=\" mc-column  content-media__container\">\n<div class=\"content-media-container glb-skeleton-box\">\n<figure class=\"content-media-figure\"><img data-recalc-dims=\"1\" decoding=\"async\" class=\"i-amphtml-fill-content i-amphtml-replaced-content\" src=\"https:\/\/i0.wp.com\/s2-g1.glbimg.com\/o1KK9l4cDoq9W0iVVFC7FKmIjR8%3D\/0x0%3A1359x761\/984x0\/smart\/filters%3Astrip_icc%28%29\/i.s3.glbimg.com\/v1\/AUTH_59edd422c0c84a879bd37670ae4f538a\/internal_photos\/bs\/2024\/J\/W\/V0iUAHTc2JAbp1t4ADVA\/captura-de-tela-2024-09-25-173734.jpg?w=600&#038;ssl=1\" sizes=\"(max-width: 390px) 350px, 100vw\" srcset=\"https:\/\/s2-g1.glbimg.com\/KZPzC0lbnokRntPlk-M1vHL-6bI=\/0x0:1359x761\/1000x0\/smart\/filters:strip_icc()\/i.s3.glbimg.com\/v1\/AUTH_59edd422c0c84a879bd37670ae4f538a\/internal_photos\/bs\/2024\/J\/W\/V0iUAHTc2JAbp1t4ADVA\/captura-de-tela-2024-09-25-173734.jpg 1000w, https:\/\/s2-g1.glbimg.com\/o1KK9l4cDoq9W0iVVFC7FKmIjR8=\/0x0:1359x761\/984x0\/smart\/filters:strip_icc()\/i.s3.glbimg.com\/v1\/AUTH_59edd422c0c84a879bd37670ae4f538a\/internal_photos\/bs\/2024\/J\/W\/V0iUAHTc2JAbp1t4ADVA\/captura-de-tela-2024-09-25-173734.jpg 984w, https:\/\/s2-g1.glbimg.com\/ICJhNQEU4tX-PsPSxVZPzHOHj8k=\/0x0:1359x761\/640x0\/smart\/filters:strip_icc()\/i.s3.glbimg.com\/v1\/AUTH_59edd422c0c84a879bd37670ae4f538a\/internal_photos\/bs\/2024\/J\/W\/V0iUAHTc2JAbp1t4ADVA\/captura-de-tela-2024-09-25-173734.jpg 640w, https:\/\/s2-g1.glbimg.com\/cS2PgcyaYR0XHsCYPMOgl1e5wrw=\/0x0:1359x761\/600x0\/smart\/filters:strip_icc()\/i.s3.glbimg.com\/v1\/AUTH_59edd422c0c84a879bd37670ae4f538a\/internal_photos\/bs\/2024\/J\/W\/V0iUAHTc2JAbp1t4ADVA\/captura-de-tela-2024-09-25-173734.jpg 600w\" alt=\"Rio Madeira verde \u2014 Foto: Gladson Souza\/Rede Amaz\u00f4nica\" \/><\/figure>\n<\/div>\n<p class=\"content-media__description  \">Rio Madeira verde \u2014 Foto: Gladson Souza\/Rede Amaz\u00f4nica<\/p>\n<\/div>\n<\/div>\n<\/div>\n<div id=\"chunk-53tcr\">\n<div class=\"mc-column content-text active-extra-styles \" data-block-type=\"unstyled\" data-block-weight=\"52\" data-block-id=\"31\">\n<p class=\" content-text__container \" data-track-category=\"Link no Texto\" data-track-links=\"\">O Sistema Sace, usado pelo SGB para monitorar os principais rios no Brasil fez altera\u00e7\u00f5es nas suas legendas dentro do sistema. Em outubro foi implementada uma fun\u00e7\u00e3o que permite a representa\u00e7\u00e3o da situa\u00e7\u00e3o de estiagem nas esta\u00e7\u00f5es da bacia pela primeira vez. Antes, o sistema indicava apenas a situa\u00e7\u00e3o de cheia.<\/p>\n<\/div>\n<\/div>\n<div id=\"chunk-3kmi\">\n<div class=\"mc-column\" data-block-type=\"ads\" data-block-id=\"32\">\n<div class=\"content-ads content-ads--regular content-ads--smart-size\"><\/div>\n<\/div>\n<\/div>\n<div id=\"chunk-744f\">\n<div class=\"mc-column content-text active-extra-styles\" data-block-type=\"raw\" data-block-weight=\"50\" data-block-id=\"33\">\n<p class=\"content-text__container\">\n<blockquote class=\"content-blockquote theme-border-color-primary-before\"><p>&#8220;Essa altera\u00e7\u00e3o ajuda a entender em que fase de seca o rio se encontra. O monitoramento cont\u00ednuo \u00e9 fundamental para que as autoridades e a popula\u00e7\u00e3o possam acompanhar a gravidade da situa\u00e7\u00e3o e planejar medidas preventivas ou de mitiga\u00e7\u00e3o, caso o n\u00edvel do rio continue a cair&#8221;, explica Guilherme Jord\u00e3o.<\/p><\/blockquote>\n<p>&nbsp;<\/p>\n<\/div>\n<\/div>\n<div id=\"chunk-2gea1\">\n<div class=\"mc-column content-text active-extra-styles \" data-block-type=\"unstyled\" data-block-weight=\"35\" data-block-id=\"34\">\n<p class=\" content-text__container \" data-track-category=\"Link no Texto\" data-track-links=\"\">Segundo o engenheiro hidr\u00f3logo, ao contr\u00e1rio das cotas de inunda\u00e7\u00e3o, que seguem crit\u00e9rios bem definidos pela Coordenadoria Municipal de Prote\u00e7\u00e3o e Defesa Civil (Compdec), as cotas de estiagem n\u00e3o t\u00eam um crit\u00e9rio t\u00e3o espec\u00edfico.<\/p>\n<\/div>\n<\/div>\n<div id=\"chunk-f51dg\">\n<div class=\"mc-column content-text active-extra-styles\" data-block-type=\"raw\" data-block-weight=\"44\" data-block-id=\"35\">\n<p class=\"content-text__container\">\n<blockquote class=\"content-blockquote theme-border-color-primary-before\"><p>&#8220;Para criar essa representa\u00e7\u00e3o no sistema, a equipe do SGB se baseou na cota m\u00ednima hist\u00f3rica, atingida durante a \u00faltima seca severa, e na cota de perman\u00eancia de 10%, que indica o n\u00edvel abaixo do qual o rio permanece em condi\u00e7\u00f5es de seca extrema.&#8221;<\/p><\/blockquote>\n<p>&nbsp;<\/p>\n<\/div>\n<\/div>\n<div id=\"chunk-dh2k7\">\n<div class=\"mc-column content-text active-extra-styles \" data-block-type=\"unstyled\" data-block-weight=\"42\" data-block-id=\"36\">\n<p class=\" content-text__container \" data-track-category=\"Link no Texto\" data-track-links=\"\">A modifica\u00e7\u00e3o no sistema foi feita em outubro, desde ent\u00e3o, o acompanhamento das condi\u00e7\u00f5es do rio Madeira se tornou mais detalhado, facilitando a gera\u00e7\u00e3o de relat\u00f3rios e boletins que mostram com mais precis\u00e3o o comportamento do rio durante os per\u00edodos de estiagem.<\/p>\n<\/div>\n<\/div>\n<\/div>\n<\/div>\n<\/div>\n<\/div>\n<\/div>\n<\/div>\n<\/div>\n<\/div>\n<\/div>\n<\/div>\n<\/div>\n<\/div>\n<\/div>\n<\/div>\n<\/div>\n<\/div>\n<\/div>\n","protected":false},"excerpt":{"rendered":"<p>Temporais provocam ventanias e alagam ruas nas cidades do estado; apesar disso, o Madeira continua seco, j\u00e1 que a maior parte da vaz\u00e3o rio vem do Peru e da Bol\u00edvia.<\/p>\n","protected":false},"author":1,"featured_media":0,"comment_status":"closed","ping_status":"open","sticky":false,"template":"","format":"standard","meta":{"_exactmetrics_skip_tracking":false,"_exactmetrics_sitenote_active":false,"_exactmetrics_sitenote_note":"","_exactmetrics_sitenote_category":0,"jetpack_post_was_ever_published":false,"_jetpack_newsletter_access":"","_jetpack_dont_email_post_to_subs":false,"_jetpack_newsletter_tier_id":0,"_jetpack_memberships_contains_paywalled_content":false,"_jetpack_memberships_contains_paid_content":false,"footnotes":"","jetpack_publicize_message":"","jetpack_publicize_feature_enabled":true,"jetpack_social_post_already_shared":true,"jetpack_social_options":{"image_generator_settings":{"template":"highway","enabled":false},"version":2}},"categories":[1],"tags":[938,818,864],"class_list":["post-36101","post","type-post","status-publish","format-standard","hentry","category-notas","tag-chuva","tag-rio-madeira","tag-seca"],"jetpack_publicize_connections":[],"jetpack_sharing_enabled":true,"jetpack_featured_media_url":"","jetpack_shortlink":"https:\/\/wp.me\/p7wKYW-9oh","jetpack-related-posts":[],"_links":{"self":[{"href":"http:\/\/blogdalucianaoliveira.com.br\/blog\/wp-json\/wp\/v2\/posts\/36101","targetHints":{"allow":["GET"]}}],"collection":[{"href":"http:\/\/blogdalucianaoliveira.com.br\/blog\/wp-json\/wp\/v2\/posts"}],"about":[{"href":"http:\/\/blogdalucianaoliveira.com.br\/blog\/wp-json\/wp\/v2\/types\/post"}],"author":[{"embeddable":true,"href":"http:\/\/blogdalucianaoliveira.com.br\/blog\/wp-json\/wp\/v2\/users\/1"}],"replies":[{"embeddable":true,"href":"http:\/\/blogdalucianaoliveira.com.br\/blog\/wp-json\/wp\/v2\/comments?post=36101"}],"version-history":[{"count":1,"href":"http:\/\/blogdalucianaoliveira.com.br\/blog\/wp-json\/wp\/v2\/posts\/36101\/revisions"}],"predecessor-version":[{"id":36103,"href":"http:\/\/blogdalucianaoliveira.com.br\/blog\/wp-json\/wp\/v2\/posts\/36101\/revisions\/36103"}],"wp:attachment":[{"href":"http:\/\/blogdalucianaoliveira.com.br\/blog\/wp-json\/wp\/v2\/media?parent=36101"}],"wp:term":[{"taxonomy":"category","embeddable":true,"href":"http:\/\/blogdalucianaoliveira.com.br\/blog\/wp-json\/wp\/v2\/categories?post=36101"},{"taxonomy":"post_tag","embeddable":true,"href":"http:\/\/blogdalucianaoliveira.com.br\/blog\/wp-json\/wp\/v2\/tags?post=36101"}],"curies":[{"name":"wp","href":"https:\/\/api.w.org\/{rel}","templated":true}]}}