{"id":36104,"date":"2024-10-21T12:12:14","date_gmt":"2024-10-21T16:12:14","guid":{"rendered":"https:\/\/blogdalucianaoliveira.com.br\/blog\/?p=36104"},"modified":"2024-10-21T12:12:14","modified_gmt":"2024-10-21T16:12:14","slug":"crise-hidrica-monitoramento-dos-rios-busca-diminuir-ameacas-a-fauna-aquatica-da-amazonia","status":"publish","type":"post","link":"http:\/\/blogdalucianaoliveira.com.br\/blog\/2024\/10\/21\/crise-hidrica-monitoramento-dos-rios-busca-diminuir-ameacas-a-fauna-aquatica-da-amazonia\/","title":{"rendered":"Crise h\u00eddrica: monitoramento dos rios busca diminuir amea\u00e7as \u00e0 fauna aqu\u00e1tica da Amaz\u00f4nia"},"content":{"rendered":"<p><img data-recalc-dims=\"1\" loading=\"lazy\" decoding=\"async\" data-attachment-id=\"36105\" data-permalink=\"http:\/\/blogdalucianaoliveira.com.br\/blog\/2024\/10\/21\/crise-hidrica-monitoramento-dos-rios-busca-diminuir-ameacas-a-fauna-aquatica-da-amazonia\/image_processing20241021-3295936-qahhu8\/\" data-orig-file=\"https:\/\/i0.wp.com\/blogdalucianaoliveira.com.br\/blog\/wp-content\/uploads\/2024\/10\/image_processing20241021-3295936-qahhu8.webp?fit=800%2C533\" data-orig-size=\"800,533\" data-comments-opened=\"0\" data-image-meta=\"{&quot;aperture&quot;:&quot;0&quot;,&quot;credit&quot;:&quot;&quot;,&quot;camera&quot;:&quot;&quot;,&quot;caption&quot;:&quot;&quot;,&quot;created_timestamp&quot;:&quot;0&quot;,&quot;copyright&quot;:&quot;&quot;,&quot;focal_length&quot;:&quot;0&quot;,&quot;iso&quot;:&quot;0&quot;,&quot;shutter_speed&quot;:&quot;0&quot;,&quot;title&quot;:&quot;&quot;,&quot;orientation&quot;:&quot;0&quot;}\" data-image-title=\"image_processing20241021-3295936-qahhu8\" data-image-description=\"\" data-image-caption=\"\" data-medium-file=\"https:\/\/i0.wp.com\/blogdalucianaoliveira.com.br\/blog\/wp-content\/uploads\/2024\/10\/image_processing20241021-3295936-qahhu8.webp?fit=300%2C200\" data-large-file=\"https:\/\/i0.wp.com\/blogdalucianaoliveira.com.br\/blog\/wp-content\/uploads\/2024\/10\/image_processing20241021-3295936-qahhu8.webp?fit=600%2C400\" class=\"alignnone size-full wp-image-36105\" src=\"https:\/\/i0.wp.com\/blogdalucianaoliveira.com.br\/blog\/wp-content\/uploads\/2024\/10\/image_processing20241021-3295936-qahhu8.webp?resize=600%2C400\" alt=\"\" width=\"600\" height=\"400\" srcset=\"https:\/\/i0.wp.com\/blogdalucianaoliveira.com.br\/blog\/wp-content\/uploads\/2024\/10\/image_processing20241021-3295936-qahhu8.webp?w=800 800w, https:\/\/i0.wp.com\/blogdalucianaoliveira.com.br\/blog\/wp-content\/uploads\/2024\/10\/image_processing20241021-3295936-qahhu8.webp?resize=300%2C200 300w, https:\/\/i0.wp.com\/blogdalucianaoliveira.com.br\/blog\/wp-content\/uploads\/2024\/10\/image_processing20241021-3295936-qahhu8.webp?resize=768%2C512 768w, https:\/\/i0.wp.com\/blogdalucianaoliveira.com.br\/blog\/wp-content\/uploads\/2024\/10\/image_processing20241021-3295936-qahhu8.webp?resize=450%2C300 450w\" sizes=\"auto, (max-width: 600px) 100vw, 600px\" \/><\/p>\n<h2 class=\"description\">Ap\u00f3s a morte de 154 botos em 2023, ICMBio intensifica fiscaliza\u00e7\u00e3o em 2024 para evitar novos \u00f3bitos<\/h2>\n<p><!--more--><\/p>\n<div class=\"details-bar\">\n<div class=\"author-time\">\n<div class=\"author\">Mayala Fernandes<\/div>\n<div class=\"place-and-time\">\n<div class=\"place\">Brasil de Fato | Tef\u00e9 (AM)<\/div>\n<div>\n<p>\u00a0A crise h\u00eddrica na Amaz\u00f4nia, que j\u00e1\u00a0<a href=\"https:\/\/www.brasildefato.com.br\/2023\/10\/16\/seca-em-manaus-faz-reaparecer-gravuras-rupestres-milenares\" target=\"_blank\" rel=\"noopener\">alarmava em 2023<\/a>, atingiu um<a href=\"https:\/\/www.brasildefato.com.br\/2024\/08\/27\/os-isolados-da-seca-na-amazonia-o-drama-de-quem-nao-tem-agua-para-beber\" target=\"_blank\" rel=\"noopener\">\u00a0ponto ainda mais cr\u00edtico em 2024<\/a>, com chuvas abaixo da m\u00e9dia e a declara\u00e7\u00e3o de escassez h\u00eddrica pela Ag\u00eancia Nacional de \u00c1guas (ANA) em diversas bacias da regi\u00e3o. Em resposta, o Instituto Chico Mendes de Conserva\u00e7\u00e3o da Biodiversidade (ICMBio) iniciou em setembro uma nova opera\u00e7\u00e3o de monitoramento no M\u00e9dio Solim\u00f5es, focada na temperatura da \u00e1gua e no comportamento dos botos, al\u00e9m de intensificar a\u00e7\u00f5es de fiscaliza\u00e7\u00e3o contra a ca\u00e7a e pesca ilegais, que aumentam com a<a href=\"https:\/\/www.brasildefato.com.br\/2024\/07\/08\/rios-da-amazonia-estao-secando-antes-do-esperado-e-um-mau-sinal\" target=\"_blank\" rel=\"noopener\">\u00a0baixa dos rios.<\/a><\/p>\n<div class=\"ads-googletag article_1\">\n<div id=\"div-gpt-ad-1713271774671-0\" data-google-query-id=\"CLOTqLLgn4kDFVdNuAQdzrchYw\">\n<p>Em 2023, a\u00a0<a href=\"https:\/\/www.brasildefato.com.br\/2023\/10\/23\/seca-na-amazonia-acao-humana-devastacao-fenomenos-naturais-e-crise-climatica\" target=\"_blank\" rel=\"noopener\">seca severa<\/a>\u00a0resultou na morte de 154 botos-vermelhos e tucuxis no Lago Tef\u00e9, no Amazonas. Neste ano, desde 16 de setembro de 2024, o ICMBio instaurou um Sistema de Comando de Incidentes (SCI) em Tef\u00e9, visando monitorar as condi\u00e7\u00f5es da \u00e1gua e o comportamento dos animais duas vezes ao dia. O objetivo \u00e9 evitar a repeti\u00e7\u00e3o dos \u00f3bitos registrados no ano anterior.<\/p>\n<div class=\"ads-googletag article_2\"><\/div>\n<p><img loading=\"lazy\" decoding=\"async\" src=\"https:\/\/lh7-rt.googleusercontent.com\/docsz\/AD_4nXcC95VIO_kNBq4vLoweHaChfnAUccTq_2V2NNBKjF3-AIsSd64pxCxHwfwhxOZ8wkG2z_NPPrj_AHsr6XeeMU3dC6opIqu-MrKv6i1dH4UYWL-OHckEYwJ3ft2thWp-daORCpXs7e1OUQtHe_Vxyv3M2sBIVyDEVcYDrRLQ_OS-AFC3R5Q3gg?key=D6vQiUIuhYQ-B5b7Tn31Ow\" width=\"602\" height=\"451\" \/><br \/>\nOs rios da bacia amaz\u00f4nia registram uma seca hist\u00f3rica em 2024. Foto: Bruno Santos<\/p>\n<p>Segundo Claudia Sacramento, analista ambiental e coordenadora de emerg\u00eancias clim\u00e1ticas e epizootias do ICMBio, apesar da seca mais intensa em 2024, os \u00f3bitos de botos n\u00e3o foram causados por estresse t\u00e9rmico, como em 2023. &#8220;As cinco mortes identificadas este ano em Tef\u00e9 foram resultado de intera\u00e7\u00f5es com pescadores e ca\u00e7adores, e n\u00e3o pela seca diretamente&#8221;, afirma Sacramento. Entre as v\u00edtimas, est\u00e3o um filhote de tucuxi, um peixe-boi adulto e dois botos-vermelhos.<\/p>\n<p>As temperaturas da \u00e1gua t\u00eam se mantido est\u00e1veis, mas o monitoramento j\u00e1 registrou picos de 39,4\u00baC. No ano passado, temperaturas nessa faixa j\u00e1 causavam a morte de animais por estresse t\u00e9rmico. Paralelamente, a\u00a0<a href=\"https:\/\/www.brasildefato.com.br\/2024\/09\/27\/seca-de-rios-favorece-caca-e-pesca-ilegais-na-amazonia\" target=\"_blank\" rel=\"noopener\">ca\u00e7a e a pesca ilegais<\/a>\u00a0continuam sendo uma amea\u00e7a cr\u00edtica a esp\u00e9cies aqu\u00e1ticas como o peixe-boi e o pirarucu, altamente valorizados pelas popula\u00e7\u00f5es locais. Em resposta, o ICMBio intensificou as opera\u00e7\u00f5es de fiscaliza\u00e7\u00e3o para combater essas pr\u00e1ticas, focando especialmente nas \u00e1reas onde a baixa dos rios torna os animais mais vulner\u00e1veis.<\/p>\n<p>O Servi\u00e7o Geol\u00f3gico Brasileiro (SGB) relata que, em setembro de 2024, o rio Solim\u00f5es atingiu o n\u00edvel mais baixo desde o in\u00edcio das medi\u00e7\u00f5es em 1971. A previs\u00e3o \u00e9 de que a seca se intensifique at\u00e9 meados de outubro, com a ANA (Ag\u00eancia Nacional de \u00c1guas) declarando situa\u00e7\u00e3o de escassez em v\u00e1rias bacias hidrogr\u00e1ficas, incluindo os rios Purus, Acre e Tapaj\u00f3s.<\/p>\n<div class=\"ads-googletag article_middle\"><\/div>\n<p class=\"ckeditor-subtitle\">Comunidades ribeirinhas isoladas<\/p>\n<p class=\"ckeditor-subtitle\"><strong><img loading=\"lazy\" decoding=\"async\" src=\"https:\/\/lh7-rt.googleusercontent.com\/docsz\/AD_4nXeGAUbPPHdJBjrTBCQnVgxzaap0OVgpupM3g0Bl9iSyt82O19zQeJDLJIeC2dFqHKClptUMUY_MxS-bA3NpUsJfUkTNqYs1L398tJpBzP39Mi1qtazuQs4hpEFoZIQ5EXfZB1azZlobUUC_ekJFI2V81XBntJSayyaFDn5VO-eca5o4ALYk0a0?key=D6vQiUIuhYQ-B5b7Tn31Ow\" width=\"489\" height=\"653\" \/><\/strong><br \/>\nMais de 10 mil cestas b\u00e1sicas ser\u00e3o distribu\u00eddas para comunidades isoladas pela seca na regi\u00e3o do m\u00e9dio Solim\u00f5es. Foto: Lynik Porto<\/p>\n<p>As comunidades ribeirinhas tamb\u00e9m sofrem com os impactos da seca.<a href=\"https:\/\/www.brasildefato.com.br\/2024\/08\/27\/os-isolados-da-seca-na-amazonia-o-drama-de-quem-nao-tem-agua-para-beber\" target=\"_blank\" rel=\"noopener\">\u00a0A dificuldade de acesso<\/a>\u00a0\u00e0s cidades devido \u00e0 baixa navegabilidade dos rios elevou os pre\u00e7os de produtos e servi\u00e7os. Raimundo de Azevedo, morador da comunidade Boa Vista do Rio Tef\u00e9, relata as dificuldades enfrentadas: &#8220;Eu saio da comunidade de canoa de manh\u00e3 e chego em Tef\u00e9 s\u00f3 no dia seguinte, tudo isso para comprar comida&#8221;, diz.<\/p>\n<p>O ICMBio e o Minist\u00e9rio do Desenvolvimento e Assist\u00eancia Social, Fam\u00edlia e Combate \u00e0 Fome (MDS) iniciaram a distribui\u00e7\u00e3o de cestas b\u00e1sicas para as popula\u00e7\u00f5es das comunidades que moram nas Unidades de Conserva\u00e7\u00e3o do M\u00e9dio Solim\u00f5es. A opera\u00e7\u00e3o busca garantir a seguran\u00e7a alimentar de 36 mil fam\u00edlias que vivem nas Unidades de Conserva\u00e7\u00e3o da Amaz\u00f4nia, com 150 mil cestas de alimentos planejadas para entrega.<\/p>\n<p>Com rios em n\u00edveis historicamente baixos, o transporte de alimentos e \u00e1gua tem sido feito exclusivamente por via a\u00e9rea, com o apoio da Petrobras.\u00a0\u00a0A empresa, que j\u00e1 havia colaborado durante a Emerg\u00eancia Botos Coari em 2023, se disp\u00f4s a auxiliar novamente. A Petrobras tamb\u00e9m auxilia com o monitoramento \u00e0 fauna aqu\u00e1tica da regi\u00e3o por meio de drones.<\/p>\n<p>\u201cDesde o in\u00edcio a Petrobras entendeu que era preciso fazer parte da solu\u00e7\u00e3o, sendo coerente com nossos valores de prote\u00e7\u00e3o dos direitos humanos. Estamos sempre atentos \u00e0s possibilidades de colaborar com a sociedade brasileira\u201d, diz a Gerente Geral de Licenciamento e Meio Ambiente da empresa, Daniele Lomba.<\/p>\n<p><img loading=\"lazy\" decoding=\"async\" src=\"https:\/\/lh7-rt.googleusercontent.com\/docsz\/AD_4nXcKIT4FT_Y-gAUtTSFChNm8uHugkb9ekcXgvjcFgVkOmbpFBgrpYwHn_xFrCqczXdwaDupv_UZpFhXSqpJg1QHHSpCeJeSTAKJsymF2dWpy8Epi77cMunOFuNOPciOPH6ZsXBN0PVn8jDFhFksO1SXe2CqCWOMYBbiYylM1Czvm8HL9S88Rgg?key=D6vQiUIuhYQ-B5b7Tn31Ow\" width=\"602\" height=\"401\" \/><br \/>\nA Petrobras ofereceu suporte a\u00e9reo para a distribui\u00e7\u00e3o de cestas nas comunidades mais isoladas. Foto: Fernanda Graciliano<\/p>\n<p>Inicialmente, em julho, apenas duas Unidades de Conserva\u00e7\u00e3o precisariam de suporte a\u00e9reo para a entrega das cestas. No entanto, com a intensifica\u00e7\u00e3o da seca e o atraso na libera\u00e7\u00e3o do recurso por parte da Casa Civil, agora s\u00e3o 22 unidades que necessitam deste apoio.<\/p>\n<p>Na regi\u00e3o do M\u00e9dio Solim\u00f5es, 2.615 fam\u00edlias ser\u00e3o beneficiadas com 10.460 cestas de alimentos e kits de tratamento emergencial de \u00e1gua, fornecidos pelo Instituto de Desenvolvimento Sustent\u00e1vel Mamirau\u00e1.<\/p>\n<p class=\"editor\">Edi\u00e7\u00e3o: Nathallia Fonseca<\/p>\n<\/div>\n<\/div>\n<\/div>\n<\/div>\n<\/div>\n<\/div>\n","protected":false},"excerpt":{"rendered":"<p>Ap\u00f3s a morte de 154 botos em 2023, ICMBio intensifica fiscaliza\u00e7\u00e3o em 2024 para evitar novos \u00f3bitos<\/p>\n","protected":false},"author":1,"featured_media":0,"comment_status":"closed","ping_status":"open","sticky":false,"template":"","format":"standard","meta":{"_exactmetrics_skip_tracking":false,"_exactmetrics_sitenote_active":false,"_exactmetrics_sitenote_note":"","_exactmetrics_sitenote_category":0,"jetpack_post_was_ever_published":false,"_jetpack_newsletter_access":"","_jetpack_dont_email_post_to_subs":false,"_jetpack_newsletter_tier_id":0,"_jetpack_memberships_contains_paywalled_content":false,"_jetpack_memberships_contains_paid_content":false,"footnotes":"","jetpack_publicize_message":"","jetpack_publicize_feature_enabled":true,"jetpack_social_post_already_shared":true,"jetpack_social_options":{"image_generator_settings":{"template":"highway","enabled":false},"version":2}},"categories":[1],"tags":[989,110,1161,914],"class_list":["post-36104","post","type-post","status-publish","format-standard","hentry","category-notas","tag-botos","tag-crise","tag-hidrica","tag-rios"],"jetpack_publicize_connections":[],"jetpack_sharing_enabled":true,"jetpack_featured_media_url":"","jetpack_shortlink":"https:\/\/wp.me\/p7wKYW-9ok","jetpack-related-posts":[],"_links":{"self":[{"href":"http:\/\/blogdalucianaoliveira.com.br\/blog\/wp-json\/wp\/v2\/posts\/36104","targetHints":{"allow":["GET"]}}],"collection":[{"href":"http:\/\/blogdalucianaoliveira.com.br\/blog\/wp-json\/wp\/v2\/posts"}],"about":[{"href":"http:\/\/blogdalucianaoliveira.com.br\/blog\/wp-json\/wp\/v2\/types\/post"}],"author":[{"embeddable":true,"href":"http:\/\/blogdalucianaoliveira.com.br\/blog\/wp-json\/wp\/v2\/users\/1"}],"replies":[{"embeddable":true,"href":"http:\/\/blogdalucianaoliveira.com.br\/blog\/wp-json\/wp\/v2\/comments?post=36104"}],"version-history":[{"count":1,"href":"http:\/\/blogdalucianaoliveira.com.br\/blog\/wp-json\/wp\/v2\/posts\/36104\/revisions"}],"predecessor-version":[{"id":36106,"href":"http:\/\/blogdalucianaoliveira.com.br\/blog\/wp-json\/wp\/v2\/posts\/36104\/revisions\/36106"}],"wp:attachment":[{"href":"http:\/\/blogdalucianaoliveira.com.br\/blog\/wp-json\/wp\/v2\/media?parent=36104"}],"wp:term":[{"taxonomy":"category","embeddable":true,"href":"http:\/\/blogdalucianaoliveira.com.br\/blog\/wp-json\/wp\/v2\/categories?post=36104"},{"taxonomy":"post_tag","embeddable":true,"href":"http:\/\/blogdalucianaoliveira.com.br\/blog\/wp-json\/wp\/v2\/tags?post=36104"}],"curies":[{"name":"wp","href":"https:\/\/api.w.org\/{rel}","templated":true}]}}