{"id":36108,"date":"2024-10-21T12:11:03","date_gmt":"2024-10-21T16:11:03","guid":{"rendered":"https:\/\/blogdalucianaoliveira.com.br\/blog\/?p=36108"},"modified":"2024-10-21T12:11:03","modified_gmt":"2024-10-21T16:11:03","slug":"mujica-arranca-lagrimas-em-discurso-quando-esses-bracos-se-forem-havera-milhares-video","status":"publish","type":"post","link":"http:\/\/blogdalucianaoliveira.com.br\/blog\/2024\/10\/21\/mujica-arranca-lagrimas-em-discurso-quando-esses-bracos-se-forem-havera-milhares-video\/","title":{"rendered":"Mujica arranca l\u00e1grimas em discurso: &#8220;quando esses bra\u00e7os se forem, haver\u00e1 milhares&#8221;; V\u00cdDEO"},"content":{"rendered":"<p><img data-recalc-dims=\"1\" loading=\"lazy\" decoding=\"async\" data-attachment-id=\"36109\" data-permalink=\"http:\/\/blogdalucianaoliveira.com.br\/blog\/2024\/10\/21\/mujica-arranca-lagrimas-em-discurso-quando-esses-bracos-se-forem-havera-milhares-video\/f960x540-138485_212560_6259\/\" data-orig-file=\"https:\/\/i0.wp.com\/blogdalucianaoliveira.com.br\/blog\/wp-content\/uploads\/2024\/10\/f960x540-138485_212560_6259.webp?fit=960%2C540\" data-orig-size=\"960,540\" data-comments-opened=\"0\" data-image-meta=\"{&quot;aperture&quot;:&quot;0&quot;,&quot;credit&quot;:&quot;&quot;,&quot;camera&quot;:&quot;&quot;,&quot;caption&quot;:&quot;&quot;,&quot;created_timestamp&quot;:&quot;0&quot;,&quot;copyright&quot;:&quot;&quot;,&quot;focal_length&quot;:&quot;0&quot;,&quot;iso&quot;:&quot;0&quot;,&quot;shutter_speed&quot;:&quot;0&quot;,&quot;title&quot;:&quot;&quot;,&quot;orientation&quot;:&quot;0&quot;}\" data-image-title=\"f960x540-138485_212560_6259\" data-image-description=\"\" data-image-caption=\"\" data-medium-file=\"https:\/\/i0.wp.com\/blogdalucianaoliveira.com.br\/blog\/wp-content\/uploads\/2024\/10\/f960x540-138485_212560_6259.webp?fit=300%2C169\" data-large-file=\"https:\/\/i0.wp.com\/blogdalucianaoliveira.com.br\/blog\/wp-content\/uploads\/2024\/10\/f960x540-138485_212560_6259.webp?fit=600%2C338\" class=\"alignnone size-full wp-image-36109\" src=\"https:\/\/i0.wp.com\/blogdalucianaoliveira.com.br\/blog\/wp-content\/uploads\/2024\/10\/f960x540-138485_212560_6259.webp?resize=600%2C338\" alt=\"\" width=\"600\" height=\"338\" srcset=\"https:\/\/i0.wp.com\/blogdalucianaoliveira.com.br\/blog\/wp-content\/uploads\/2024\/10\/f960x540-138485_212560_6259.webp?w=960 960w, https:\/\/i0.wp.com\/blogdalucianaoliveira.com.br\/blog\/wp-content\/uploads\/2024\/10\/f960x540-138485_212560_6259.webp?resize=300%2C169 300w, https:\/\/i0.wp.com\/blogdalucianaoliveira.com.br\/blog\/wp-content\/uploads\/2024\/10\/f960x540-138485_212560_6259.webp?resize=768%2C432 768w, https:\/\/i0.wp.com\/blogdalucianaoliveira.com.br\/blog\/wp-content\/uploads\/2024\/10\/f960x540-138485_212560_6259.webp?resize=533%2C300 533w\" sizes=\"auto, (max-width: 600px) 100vw, 600px\" \/><\/p>\n<p>Revista F\u00f3rum &#8211; Aos 89 anos e lutando contra um c\u00e2ncer, Pepe Mujica deixou um recado, em tom de despedida. &#8220;N\u00e3o \u00e9 po\u00e9tico o que eu digo. Algu\u00e9m tem que dizer: n\u00e3o ao \u00f3dio! N\u00e3o \u00e0 confronta\u00e7\u00e3o! \u00c9 preciso trabalhar pela esperan\u00e7a&#8221;<!--more--><\/p>\n<p>Lutando contra um c\u00e2ncer de es\u00f4fago aos 89 anos, o ex-presidente uruguaio Jos\u00e9 Pepe Mujica arrancou l\u00e1grimas em um discurso hist\u00f3rico, em tom de despedida, no encerramento da campanha do candidato progressista Yamand\u00fa Orsi nas elei\u00e7\u00f5es presidenciais, que acontecem no pr\u00f3ximo domingo (27).<\/p>\n<p>Ao lado de Orsi e da esposa, Luc\u00eda Topolansky Saavedra, de 80 anos, Mujica pediu, diante de uma plateia em catarse por sua presen\u00e7a, &#8220;um minuto do cora\u00e7\u00e3o e n\u00e3o da garganta&#8221; para falar de seus anseios para o Uruguai na primeira elei\u00e7\u00e3o, nos \u00faltimos 40 anos, em que n\u00e3o participa ativamente de uma campanha.<\/p>\n<p>&#8220;E eu fa\u00e7o isto porque estou lutando contra a morte, porque estou no final da partida, absolutamente convencido e consciente&#8221;, iniciou o ex-presidente uruguaio.<\/p>\n<p>&#8220;Mas, eu tinha que vir hoje aqui pelo que simbolizam voc\u00eas&#8221;, emendou, com v\u00e1rias pessoas chorando ao ouvi-lo.<\/p>\n<p>&#8220;Sou um velho que est\u00e1 muito perto de empreender a retirada de onde n\u00e3o se volta. Mas, eu sou feliz porque, quando meus bra\u00e7os se forem, haver\u00e1 milhares de bra\u00e7os me substituindo a luta&#8221;, afirmou.<\/p>\n<p>Em seguida, ele mandou um recado a todos os l\u00edderes progressistas do mundo, incluindo Lula, que completa 79 anos no dia da elei\u00e7\u00e3o do Uruguai &#8211; quando tamb\u00e9m acontece o segundo turno do pleito municipal no Brasil.<\/p>\n<p>&#8220;Toda minha vida eu disse que os melhores dirigentes s\u00e3o os que deixam uma turma que os supera com sobra. E hoje est\u00e3o voc\u00eas, est\u00e1 Yamandu, h\u00e1 milhares. E outros bra\u00e7os jovens porque a luta continua por um mundo melhor&#8221;, disse, referindo-se ao candidato progressista.<\/p>\n<p>Mujica ainda agradeceu \u00e0 esposa e \u00e0 m\u00e9dica e mirou os mais jovens &#8220;que v\u00e3o viver uma mudan\u00e7a no mundo que a humanidade ainda n\u00e3o conheceu&#8221;.<\/p>\n<p>&#8220;A intelig\u00eancia vai ser t\u00e3o importante quanto o capital&#8221;, afirmou. &#8220;Se n\u00e3o formos capazes, como pais, de educar e formar, as gera\u00e7\u00f5es que v\u00eam v\u00e3o pertencer ao mundo dos irrelevantes, dos que n\u00e3o servem nem para que os explorem&#8221;, emendou.<\/p>\n<p>Segundo Mujica, esse \u00e9 o maior desafio e \u00e9 por isso que hajam governos que abram o cora\u00e7\u00e3o e a cabe\u00e7a das pessoas.<\/p>\n<p>&#8220;N\u00e3o \u00e9 po\u00e9tico o que eu digo. Algu\u00e9m tem que dizer: n\u00e3o ao \u00f3dio! N\u00e3o \u00e0 confronta\u00e7\u00e3o! \u00c9 preciso trabalhar pela esperan\u00e7a&#8221;, ensinou Mujica, antes de despedir-se.<\/p>\n<p>&#8220;At\u00e9 sempre&#8230; lhes dou meu cora\u00e7\u00e3o. E obrigado. Tenho que agradecer \u00e0 vida porque quando esses bra\u00e7os se forem haver\u00e1 milhares de bra\u00e7os&#8221;.<\/p>\n<p><strong>Assista<\/strong><\/p>\n<div class=\"widget-youtube\">\n<div class=\"widget widget-youtube\"><img data-recalc-dims=\"1\" decoding=\"async\" class=\"i-amphtml-fill-content amp-hidden\" src=\"https:\/\/i0.wp.com\/i.ytimg.com\/vi\/AWcr8ZhhyEY\/sddefault.jpg?w=600&#038;ssl=1\" alt=\"Loading video\" \/><iframe class=\"i-amphtml-fill-content\" title=\"YouTube video\" src=\"https:\/\/www.youtube.com\/embed\/AWcr8ZhhyEY?enablejsapi=1&amp;amp=1&amp;playsinline=1\" frameborder=\"0\" allowfullscreen=\"allowfullscreen\" data-mce-fragment=\"1\"><\/iframe><\/div>\n<\/div>\n<p>&nbsp;<\/p>\n","protected":false},"excerpt":{"rendered":"<p>Revista F\u00f3rum &#8211; Aos 89 anos e lutando contra um c\u00e2ncer, Pepe Mujica deixou um recado, em tom de despedida. &#8220;N\u00e3o \u00e9 po\u00e9tico o que eu digo. Algu\u00e9m tem que dizer: n\u00e3o ao \u00f3dio! N\u00e3o \u00e0 confronta\u00e7\u00e3o! \u00c9 preciso trabalhar pela esperan\u00e7a&#8221;<\/p>\n","protected":false},"author":1,"featured_media":0,"comment_status":"closed","ping_status":"open","sticky":false,"template":"","format":"standard","meta":{"_exactmetrics_skip_tracking":false,"_exactmetrics_sitenote_active":false,"_exactmetrics_sitenote_note":"","_exactmetrics_sitenote_category":0,"jetpack_post_was_ever_published":false,"_jetpack_newsletter_access":"","_jetpack_dont_email_post_to_subs":false,"_jetpack_newsletter_tier_id":0,"_jetpack_memberships_contains_paywalled_content":false,"_jetpack_memberships_contains_paid_content":false,"footnotes":"","jetpack_publicize_message":"","jetpack_publicize_feature_enabled":true,"jetpack_social_post_already_shared":true,"jetpack_social_options":{"image_generator_settings":{"template":"highway","enabled":false},"version":2}},"categories":[1],"tags":[405,1158,1160],"class_list":["post-36108","post","type-post","status-publish","format-standard","hentry","category-notas","tag-discurso","tag-mujica","tag-uruguai"],"jetpack_publicize_connections":[],"jetpack_sharing_enabled":true,"jetpack_featured_media_url":"","jetpack_shortlink":"https:\/\/wp.me\/p7wKYW-9oo","jetpack-related-posts":[],"_links":{"self":[{"href":"http:\/\/blogdalucianaoliveira.com.br\/blog\/wp-json\/wp\/v2\/posts\/36108","targetHints":{"allow":["GET"]}}],"collection":[{"href":"http:\/\/blogdalucianaoliveira.com.br\/blog\/wp-json\/wp\/v2\/posts"}],"about":[{"href":"http:\/\/blogdalucianaoliveira.com.br\/blog\/wp-json\/wp\/v2\/types\/post"}],"author":[{"embeddable":true,"href":"http:\/\/blogdalucianaoliveira.com.br\/blog\/wp-json\/wp\/v2\/users\/1"}],"replies":[{"embeddable":true,"href":"http:\/\/blogdalucianaoliveira.com.br\/blog\/wp-json\/wp\/v2\/comments?post=36108"}],"version-history":[{"count":1,"href":"http:\/\/blogdalucianaoliveira.com.br\/blog\/wp-json\/wp\/v2\/posts\/36108\/revisions"}],"predecessor-version":[{"id":36110,"href":"http:\/\/blogdalucianaoliveira.com.br\/blog\/wp-json\/wp\/v2\/posts\/36108\/revisions\/36110"}],"wp:attachment":[{"href":"http:\/\/blogdalucianaoliveira.com.br\/blog\/wp-json\/wp\/v2\/media?parent=36108"}],"wp:term":[{"taxonomy":"category","embeddable":true,"href":"http:\/\/blogdalucianaoliveira.com.br\/blog\/wp-json\/wp\/v2\/categories?post=36108"},{"taxonomy":"post_tag","embeddable":true,"href":"http:\/\/blogdalucianaoliveira.com.br\/blog\/wp-json\/wp\/v2\/tags?post=36108"}],"curies":[{"name":"wp","href":"https:\/\/api.w.org\/{rel}","templated":true}]}}